{"id":943,"date":"2020-01-16T09:27:22","date_gmt":"2020-01-16T08:27:22","guid":{"rendered":"https:\/\/acligphoto.fr\/?p=943"},"modified":"2020-01-16T09:29:01","modified_gmt":"2020-01-16T08:29:01","slug":"11eme-salon-de-loiseau-et-de-la-nature","status":"publish","type":"post","link":"https:\/\/acligphoto.fr\/?p=943","title":{"rendered":"11\u00e8me Salon de l&rsquo;oiseau et de la nature"},"content":{"rendered":"\n<p>Le groupe local L.P.O. (Ligue pour la Protection des Oiseaux) de Saint-Amarin (Haut-Rhin), organise pour la 11\u00e8me ann\u00e9e cons\u00e9cutive, son<a rel=\"noreferrer noopener\" aria-label=\" Salon de l\u2019Oiseau et de la Nature (s\u2019ouvre dans un nouvel onglet)\" href=\"https:\/\/alsace.lpo.fr\/index.php\/11e-expo-concours-photo-de-saint-amarin\" target=\"_blank\"> <strong>Salon de l\u2019Oiseau et de la Nature<\/strong><\/a> avec son exposition et concours photos. L\u2019\u00e9dition 2019 a vu la participation de 30 photographes exposants amateurs, 500 adultes ont vot\u00e9 pour \u00e9lire leur photo pr\u00e9f\u00e9r\u00e9e et 25 enfants pour le prix \u00ab sp\u00e9cial enfants \u00bb.<\/p>\n\n\n\n<p>Ce salon, n\u00e9 en 2011, ne cesse de prendre de l\u2019ampleur puisqu\u2019en 2019 ce sont pr\u00e8s de 900 visiteurs qui s\u2019y sont press\u00e9s ! Dans un contexte de r\u00e9chauffement climatique qui ne cesse de s\u2019acc\u00e9l\u00e9rer avec un impact dramatique sur les populations mondiales mais aussi sur la faune et la flore, ce type d\u2019\u00e9v\u00e8nement devient primordial. Il permet en effet de faire circuler l\u2019information aupr\u00e8s d\u2019un public diversifi\u00e9 et notamment les enfants, qui peuvent \u00eatre d\u00e8s aujourd\u2019hui les acteurs principaux de la pr\u00e9servation de notre Plan\u00e8te. Le support choisi du concours photo pour les amateurs, permet \u00e0 chaque participant de valoriser son travail amateur tr\u00e8s souvent de grande qualit\u00e9.<\/p>\n\n\n\n<p>A chaque \u00e9dition, un ou des invit\u00e9s d\u2019honneur sont convi\u00e9s. Pour la 11\u00e8me Edition, il s\u2019agira de Teddy et Didier BRACARD.<br>\nDidier et Teddy Bracard sont originaires de Meurthe et Moselle, plus pr\u00e9cis\u00e9ment, natif de Saint Nicolas de Port. Le lien familial p\u00e8re\/fils les unit. Ils d\u00e9marrent la photographie de nature ensemble en 2007, Teddy est alors \u00e2g\u00e9 de 12 ans. Amoureux de la vie sauvage, ils saisissent leurs images en milieu naturel et essentiellement en Lorraine. Cette r\u00e9gion leur offre une biodiversit\u00e9 extraordinaire. Ils varient beaucoup les biotopes et les esp\u00e8ces, ils parcourent le bocage lorrain \u00e0 la recherche du renard pour passer en for\u00eat saisir le cerf ou encore se balader en aff\u00fbt flottant pour y croiser les oiseaux d\u2019eau, bref, ils n\u2019ont pas un sujet de pr\u00e9dilection en particulier, tout ce qui touche la nature les int\u00e9resse.<br>\nTr\u00e8s friand des ambiances matinales, ils adorent \u00eatre sur le terrain quand le jour pointe son nez et immortaliser les lumi\u00e8res furtives de ces instants et pour cela, la Lorraine offre de tr\u00e8s nombreuses possibilit\u00e9s. Ils profiteront de cette exposition pour pr\u00e9senter un patchwork d\u2019images de cette biodiversit\u00e9 r\u00e9gionale et \u00e9galement des ambiances d\u2019un animal mythique et discret qu\u2019est le cerf\u2026<\/p>\n\n\n\n<p>Durant le salon, 2 conf\u00e9rences sont \u00e9galement propos\u00e9es au public. En janvier 2020, il s\u2019agira de :<br> <strong>1 &#8211; For\u00eats diversifi\u00e9es et Grand T\u00e9tras dans les Vosges<\/strong><br> Date : samedi 25 janvier 2020 15h00<br> Conf\u00e9rencier(s) : Fran\u00e7oise PREISS du Groupe T\u00e9tras Vosges<br> Cr\u00e9dit photo : GTV, M. Munier. Le massif vosgien abrite de vieilles for\u00eats, enracin\u00e9es sur des montagnes tout aussi anciennes, dont il ne reste que des ballons arrondis par le temps. Empreint de s\u00e9r\u00e9nit\u00e9 et de calme, ce d\u00e9cor forestier abrite des esp\u00e8ces qui ont un besoin imp\u00e9rieux de discr\u00e9tion, car ils sont tr\u00e8s sensibles \u00e0 la d\u00e9gradation de leur milieu et \u00e0 la pression de nos activit\u00e9s humaines. Le Grand T\u00e9tras est l&rsquo;ambassadeur de ces FORETS. Cette conf\u00e9rence sera l&rsquo;occasion de connaitre un peu mieux cette esp\u00e8ce, de r\u00e9aliser tout ce qu&rsquo;il incarne pour la for\u00eat et quelles sont les actions men\u00e9es pour que les sapins des Vosges entendent encore son chant. On pourra aussi se poser la question de quelle FORET souhaitons-nous pour demain.<br><strong> 2 &#8211; Lorraine par nature<\/strong><br> Date : dimanche 26 janvier 15h00 2020<br> Conf\u00e9rencier(s) : Teddy et Didier BRACARD<br> Cr\u00e9dit photo : T. Bracard<br> La lorraine est une r\u00e9gion fabuleuse avec une biodiversit\u00e9 tr\u00e8s riche, on peut y rencontrer des biotopes tr\u00e8s vari\u00e9s. On passe par les paysages magiques des Vosges et sa faune de moyenne montagne, aux c\u00f4tes de Meuse et ses vergers tr\u00e8s peupl\u00e9s en oiseaux de passages ou s\u00e9dentaires. Puis les \u00e9tangs de Moselle que les oiseaux migrateurs fr\u00e9quentent en halte ou en hivernage. Une r\u00e9gion excellente pour les observations naturalistes qui r\u00e9jouiront les photographes animaliers. L&rsquo;\u00e9quipe se propose par le biais du diapo-conf\u00e9rence \u00ab Lorraine par nature \u00bb de partager avec vous ses rencontres, ses \u00e9motions \u2026<\/p>\n","protected":false},"excerpt":{"rendered":"<p>Le groupe local L.P.O. (Ligue pour la Protection des Oiseaux) de Saint-Amarin (Haut-Rhin), organise pour la 11\u00e8me ann\u00e9e cons\u00e9cutive, son Salon de l\u2019Oiseau et de la Nature avec son exposition et concours photos. L\u2019\u00e9dition 2019 a vu la participation de 30 photographes exposants amateurs, 500 adultes ont vot\u00e9 pour \u00e9lire leur photo pr\u00e9f\u00e9r\u00e9e et 25&#8230; <\/p>\n<div class=\"link-more\"><a href=\"https:\/\/acligphoto.fr\/?p=943\">Lire plus<\/a><\/div>\n","protected":false},"author":1,"featured_media":944,"comment_status":"closed","ping_status":"open","sticky":false,"template":"","format":"standard","meta":{"_bbp_topic_count":0,"_bbp_reply_count":0,"_bbp_total_topic_count":0,"_bbp_total_reply_count":0,"_bbp_voice_count":0,"_bbp_anonymous_reply_count":0,"_bbp_topic_count_hidden":0,"_bbp_reply_count_hidden":0,"_bbp_forum_subforum_count":0,"footnotes":""},"categories":[2],"tags":[],"class_list":["post-943","post","type-post","status-publish","format-standard","has-post-thumbnail","hentry","category-exposition"],"_links":{"self":[{"href":"https:\/\/acligphoto.fr\/index.php?rest_route=\/wp\/v2\/posts\/943","targetHints":{"allow":["GET"]}}],"collection":[{"href":"https:\/\/acligphoto.fr\/index.php?rest_route=\/wp\/v2\/posts"}],"about":[{"href":"https:\/\/acligphoto.fr\/index.php?rest_route=\/wp\/v2\/types\/post"}],"author":[{"embeddable":true,"href":"https:\/\/acligphoto.fr\/index.php?rest_route=\/wp\/v2\/users\/1"}],"replies":[{"embeddable":true,"href":"https:\/\/acligphoto.fr\/index.php?rest_route=%2Fwp%2Fv2%2Fcomments&post=943"}],"version-history":[{"count":2,"href":"https:\/\/acligphoto.fr\/index.php?rest_route=\/wp\/v2\/posts\/943\/revisions"}],"predecessor-version":[{"id":946,"href":"https:\/\/acligphoto.fr\/index.php?rest_route=\/wp\/v2\/posts\/943\/revisions\/946"}],"wp:featuredmedia":[{"embeddable":true,"href":"https:\/\/acligphoto.fr\/index.php?rest_route=\/wp\/v2\/media\/944"}],"wp:attachment":[{"href":"https:\/\/acligphoto.fr\/index.php?rest_route=%2Fwp%2Fv2%2Fmedia&parent=943"}],"wp:term":[{"taxonomy":"category","embeddable":true,"href":"https:\/\/acligphoto.fr\/index.php?rest_route=%2Fwp%2Fv2%2Fcategories&post=943"},{"taxonomy":"post_tag","embeddable":true,"href":"https:\/\/acligphoto.fr\/index.php?rest_route=%2Fwp%2Fv2%2Ftags&post=943"}],"curies":[{"name":"wp","href":"https:\/\/api.w.org\/{rel}","templated":true}]}}