{"id":9216,"date":"2022-12-21T14:58:54","date_gmt":"2022-12-21T13:58:54","guid":{"rendered":"https:\/\/acligphoto.fr\/?p=9216"},"modified":"2022-12-21T14:58:55","modified_gmt":"2022-12-21T13:58:55","slug":"raconte-ta-photo-n-xliii","status":"publish","type":"post","link":"https:\/\/acligphoto.fr\/?p=9216","title":{"rendered":"Raconte ta photo n\u00b0 XLIII"},"content":{"rendered":"\n<p class=\"has-x-large-font-size\">Flou<\/p>\n\n\n<style type=\"text\/css\">\n#foogallery-gallery-9241 .fg-image { width: 150px; }\n#foogallery-gallery-9241 { --fg-gutter: 10px; }<\/style>\n\t\t\t<div class=\"foogallery foogallery-container foogallery-default foogallery-lightbox-foobox fg-center fg-default fg-ready fg-light fg-border-thin fg-shadow-outline fg-loading-default fg-loaded-fade-in fg-caption-hover fg-hover-fade fg-hover-zoom\" id=\"foogallery-gallery-9241\" data-foogallery=\"{&quot;item&quot;:{&quot;showCaptionTitle&quot;:true,&quot;showCaptionDescription&quot;:true},&quot;lazy&quot;:true}\" style=\"--fg-title-line-clamp: 0; --fg-description-line-clamp: 0;\" >\n\t<div class=\"fg-item fg-type-image fg-idle\"><figure class=\"fg-item-inner\"><a href=\"https:\/\/acligphoto.fr\/wp-content\/uploads\/2022\/12\/21_Flou_Guy.jpg\" data-caption-title=\"Photo de Guy \nTitre : &quot;On sera les premiers&quot;\" data-caption-desc=\"Photo prise \u00e0 l\u2019INSA de LYON, qui organise une course cycliste en boucle de 24h00 sans s\u2019arr\u00eater, le premier \u00e9tant celui qui a parcouru le plus de km. Avant la course il y a un d\u00e9fil\u00e9 humoristique d\u2019engins \u00e0 p\u00e9dales dont cette photo. Appareil Canon EOS 5d Mark III, Objectif  Canon 24 \u2013 70 mm  f 2.8\" data-attachment-id=\"9240\" data-type=\"image\" class=\"fg-thumb\"><span class=\"fg-image-wrap\"><img decoding=\"async\" title=\"Photo de Guy \nTitre : &quot;On sera les premiers&quot;\" width=\"150\" height=\"150\" class=\"skip-lazy fg-image\" data-src-fg=\"https:\/\/acligphoto.fr\/wp-content\/uploads\/cache\/2022\/12\/21_Flou_Guy\/2232363671.jpg\" src=\"data:image\/svg+xml,%3Csvg%20xmlns%3D%22http%3A%2F%2Fwww.w3.org%2F2000%2Fsvg%22%20width%3D%22150%22%20height%3D%22150%22%20viewBox%3D%220%200%20150%20150%22%3E%3C%2Fsvg%3E\" loading=\"eager\"><\/span><span class=\"fg-image-overlay\"><\/span><\/a><figcaption class=\"fg-caption\"><div class=\"fg-caption-inner\"><div class=\"fg-caption-title\">Photo de Guy \nTitre : \u00ab\u00a0On sera les premiers\u00a0\u00bb<\/div><div class=\"fg-caption-desc\">Photo prise \u00e0 l\u2019INSA de LYON, qui organise une course cycliste en boucle de 24h00 sans s\u2019arr\u00eater, le premier \u00e9tant celui qui a parcouru le plus de km. Avant la course il y a un d\u00e9fil\u00e9 humoristique d\u2019engins \u00e0 p\u00e9dales dont cette photo. Appareil Canon EOS 5d Mark III, Objectif  Canon 24 \u2013 70 mm  f 2.8<\/div><\/div><\/figcaption><\/figure><div class=\"fg-loader\"><\/div><\/div><div class=\"fg-item fg-type-image fg-idle\"><figure class=\"fg-item-inner\"><a href=\"https:\/\/acligphoto.fr\/wp-content\/uploads\/2022\/12\/20_flou_Gerard.jpg\" data-caption-title=\"Photo de G\u00e9rard\" data-caption-desc=\"Photo prise lors de mes vacances dans les Baux de Provence en 2014 aux carri\u00e8res de lumi\u00e8res. \nLe spectacle &quot;Klimt et Vienne, un si\u00e8cle d\u2019or et de couleurs&quot; est compos\u00e9 de milliers d\u2019images d\u2019\u0153uvres d\u2019art num\u00e9ris\u00e9es, projet\u00e9es sur toutes les surfaces de ces anciennes carri\u00e8res (jusqu\u2019\u00e0 14 m\u00e8tres de haut) et mises en mouvement au rythme de la musique.\" data-attachment-id=\"9239\" data-type=\"image\" class=\"fg-thumb\"><span class=\"fg-image-wrap\"><img decoding=\"async\" title=\"Photo de G\u00e9rard\" width=\"150\" height=\"150\" class=\"skip-lazy fg-image\" data-src-fg=\"https:\/\/acligphoto.fr\/wp-content\/uploads\/cache\/2022\/12\/20_flou_Gerard\/2216085270.jpg\" src=\"data:image\/svg+xml,%3Csvg%20xmlns%3D%22http%3A%2F%2Fwww.w3.org%2F2000%2Fsvg%22%20width%3D%22150%22%20height%3D%22150%22%20viewBox%3D%220%200%20150%20150%22%3E%3C%2Fsvg%3E\" loading=\"eager\"><\/span><span class=\"fg-image-overlay\"><\/span><\/a><figcaption class=\"fg-caption\"><div class=\"fg-caption-inner\"><div class=\"fg-caption-title\">Photo de G\u00e9rard<\/div><div class=\"fg-caption-desc\">Photo prise lors de mes vacances dans les Baux de Provence en 2014 aux carri\u00e8res de lumi\u00e8res. \nLe spectacle \u00ab\u00a0Klimt et Vienne, un si\u00e8cle d\u2019or et de couleurs\u00a0\u00bb est compos\u00e9 de milliers d\u2019images d\u2019\u0153uvres d\u2019art num\u00e9ris\u00e9es, projet\u00e9es sur toutes les surfaces de ces anciennes carri\u00e8res (jusqu\u2019\u00e0 14 m\u00e8tres de haut) et mises en mouvement au rythme de la musique.<\/div><\/div><\/figcaption><\/figure><div class=\"fg-loader\"><\/div><\/div><div class=\"fg-item fg-type-image fg-idle\"><figure class=\"fg-item-inner\"><a href=\"https:\/\/acligphoto.fr\/wp-content\/uploads\/2022\/12\/19_Flou_Alan.jpg\" data-caption-title=\"Photo d&#039;Alan\nTitre : \u00ab L&#039;\u00eele, flou naturel \u00bb\" data-caption-desc=\"Oui il existe tellement de flous dans nos existences et dans la photographie, que j&#039;ai pr\u00e9f\u00e9r\u00e9 un flou naturel du fait de la r\u00e9verb\u00e9ration dans l&#039;eau.\" data-attachment-id=\"9238\" data-type=\"image\" class=\"fg-thumb\"><span class=\"fg-image-wrap\"><img decoding=\"async\" title=\"Photo d&#039;Alan\nTitre : \u00ab L&#039;\u00eele, flou naturel \u00bb\" width=\"150\" height=\"150\" class=\"skip-lazy fg-image\" data-src-fg=\"https:\/\/acligphoto.fr\/wp-content\/uploads\/cache\/2022\/12\/19_Flou_Alan\/2397695719.jpg\" src=\"data:image\/svg+xml,%3Csvg%20xmlns%3D%22http%3A%2F%2Fwww.w3.org%2F2000%2Fsvg%22%20width%3D%22150%22%20height%3D%22150%22%20viewBox%3D%220%200%20150%20150%22%3E%3C%2Fsvg%3E\" loading=\"eager\"><\/span><span class=\"fg-image-overlay\"><\/span><\/a><figcaption class=\"fg-caption\"><div class=\"fg-caption-inner\"><div class=\"fg-caption-title\">Photo d&rsquo;Alan\nTitre : \u00ab L&rsquo;\u00eele, flou naturel \u00bb<\/div><div class=\"fg-caption-desc\">Oui il existe tellement de flous dans nos existences et dans la photographie, que j&rsquo;ai pr\u00e9f\u00e9r\u00e9 un flou naturel du fait de la r\u00e9verb\u00e9ration dans l&rsquo;eau.<\/div><\/div><\/figcaption><\/figure><div class=\"fg-loader\"><\/div><\/div><div class=\"fg-item fg-type-image fg-idle\"><figure class=\"fg-item-inner\"><a href=\"https:\/\/acligphoto.fr\/wp-content\/uploads\/2022\/12\/18_Flou_Jean_Louis.jpg\" data-caption-title=\"Photo de Jean-Louis\" data-caption-desc=\"Titre : &quot;TGV ou Tram grande vitesse.&quot;\" data-attachment-id=\"9237\" data-type=\"image\" class=\"fg-thumb\"><span class=\"fg-image-wrap\"><img decoding=\"async\" title=\"Photo de Jean-Louis\" width=\"150\" height=\"150\" class=\"skip-lazy fg-image\" data-src-fg=\"https:\/\/acligphoto.fr\/wp-content\/uploads\/cache\/2022\/12\/18_Flou_Jean_Louis\/508343274.jpg\" src=\"data:image\/svg+xml,%3Csvg%20xmlns%3D%22http%3A%2F%2Fwww.w3.org%2F2000%2Fsvg%22%20width%3D%22150%22%20height%3D%22150%22%20viewBox%3D%220%200%20150%20150%22%3E%3C%2Fsvg%3E\" loading=\"eager\"><\/span><span class=\"fg-image-overlay\"><\/span><\/a><figcaption class=\"fg-caption\"><div class=\"fg-caption-inner\"><div class=\"fg-caption-title\">Photo de Jean-Louis<\/div><div class=\"fg-caption-desc\">Titre : \u00ab\u00a0TGV ou Tram grande vitesse.\u00a0\u00bb<\/div><\/div><\/figcaption><\/figure><div class=\"fg-loader\"><\/div><\/div><div class=\"fg-item fg-type-image fg-idle\"><figure class=\"fg-item-inner\"><a href=\"https:\/\/acligphoto.fr\/wp-content\/uploads\/2022\/12\/17_Flou_Francois.jpeg\" data-caption-title=\"Photo de Fran\u00e7ois\" data-caption-desc=\"Photo prise lors d\u2019une balade entre le col du Kreuzweg et le Champ du feu il y a quelques semaines. Il \u00e9tait bien s\u00fbr compl\u00e8tement impossible d\u2019avoir les 2 plans nets sauf au prix d\u2019une superposition de 2 prises de vue et encore. Ce qui m\u2019a plu c\u2019est que la photo rend compte de l\u2019analogie et en quelque sorte de la continuit\u00e9 de ramification entre les nervures de la feuille vues en transparence et les ramures des arbres nets en arri\u00e8re-plan mais \u00e0 une autre \u00e9chelle. Autrement dit de la dimension fractale du d\u00e9veloppement v\u00e9g\u00e9tal !\" data-attachment-id=\"9236\" data-type=\"image\" class=\"fg-thumb\"><span class=\"fg-image-wrap\"><img decoding=\"async\" title=\"Photo de Fran\u00e7ois\" width=\"150\" height=\"150\" class=\"skip-lazy fg-image\" data-src-fg=\"https:\/\/acligphoto.fr\/wp-content\/uploads\/cache\/2022\/12\/17_Flou_Francois\/1159398177.jpeg\" src=\"data:image\/svg+xml,%3Csvg%20xmlns%3D%22http%3A%2F%2Fwww.w3.org%2F2000%2Fsvg%22%20width%3D%22150%22%20height%3D%22150%22%20viewBox%3D%220%200%20150%20150%22%3E%3C%2Fsvg%3E\" loading=\"eager\"><\/span><span class=\"fg-image-overlay\"><\/span><\/a><figcaption class=\"fg-caption\"><div class=\"fg-caption-inner\"><div class=\"fg-caption-title\">Photo de Fran\u00e7ois<\/div><div class=\"fg-caption-desc\">Photo prise lors d\u2019une balade entre le col du Kreuzweg et le Champ du feu il y a quelques semaines. Il \u00e9tait bien s\u00fbr compl\u00e8tement impossible d\u2019avoir les 2 plans nets sauf au prix d\u2019une superposition de 2 prises de vue et encore. Ce qui m\u2019a plu c\u2019est que la photo rend compte de l\u2019analogie et en quelque sorte de la continuit\u00e9 de ramification entre les nervures de la feuille vues en transparence et les ramures des arbres nets en arri\u00e8re-plan mais \u00e0 une autre \u00e9chelle. Autrement dit de la dimension fractale du d\u00e9veloppement v\u00e9g\u00e9tal !<\/div><\/div><\/figcaption><\/figure><div class=\"fg-loader\"><\/div><\/div><div class=\"fg-item fg-type-image fg-idle\"><figure class=\"fg-item-inner\"><a href=\"https:\/\/acligphoto.fr\/wp-content\/uploads\/2022\/12\/16_Flou_Marc.jpg\" data-caption-title=\"Photo de Marc\" data-caption-desc=\"Le th\u00e8me &quot;flou&quot; m&#039;a donn\u00e9 l&#039;id\u00e9e de retravailler une photo pour en extraire ses qualit\u00e9s picturales, \u00e0 savoir son c\u00f4t\u00e9 graphique et sa r\u00e9partition des couleurs. On obtient ainsi un tableau entre cubisme et abstraction.\" data-attachment-id=\"9234\" data-type=\"image\" class=\"fg-thumb\"><span class=\"fg-image-wrap\"><img decoding=\"async\" title=\"Photo de Marc\" width=\"150\" height=\"150\" class=\"skip-lazy fg-image\" data-src-fg=\"https:\/\/acligphoto.fr\/wp-content\/uploads\/cache\/2022\/12\/16_Flou_Marc\/346544843.jpg\" src=\"data:image\/svg+xml,%3Csvg%20xmlns%3D%22http%3A%2F%2Fwww.w3.org%2F2000%2Fsvg%22%20width%3D%22150%22%20height%3D%22150%22%20viewBox%3D%220%200%20150%20150%22%3E%3C%2Fsvg%3E\" loading=\"eager\"><\/span><span class=\"fg-image-overlay\"><\/span><\/a><figcaption class=\"fg-caption\"><div class=\"fg-caption-inner\"><div class=\"fg-caption-title\">Photo de Marc<\/div><div class=\"fg-caption-desc\">Le th\u00e8me \u00ab\u00a0flou\u00a0\u00bb m&rsquo;a donn\u00e9 l&rsquo;id\u00e9e de retravailler une photo pour en extraire ses qualit\u00e9s picturales, \u00e0 savoir son c\u00f4t\u00e9 graphique et sa r\u00e9partition des couleurs. On obtient ainsi un tableau entre cubisme et abstraction.<\/div><\/div><\/figcaption><\/figure><div class=\"fg-loader\"><\/div><\/div><div class=\"fg-item fg-type-image fg-idle\"><figure class=\"fg-item-inner\"><a href=\"https:\/\/acligphoto.fr\/wp-content\/uploads\/2022\/12\/15_Flou_Gilbert.jpg\" data-caption-title=\"Photo de Gilbert\nTitre : \u2018\u2019flou sur le quai\u2019\u2019\" data-caption-desc=\"On peut se demander s\u2019il ne vaudrait pas mieux voir \u2018\u2019flou\u2019\u2019 sur le quai en cette p\u00e9riode de No\u00ebl pour faire abstraction des foules et du sur-tourisme de d\u00e9cembre !!!\" data-attachment-id=\"9233\" data-type=\"image\" class=\"fg-thumb\"><span class=\"fg-image-wrap\"><img decoding=\"async\" title=\"Photo de Gilbert\nTitre : \u2018\u2019flou sur le quai\u2019\u2019\" width=\"150\" height=\"150\" class=\"skip-lazy fg-image\" data-src-fg=\"https:\/\/acligphoto.fr\/wp-content\/uploads\/cache\/2022\/12\/15_Flou_Gilbert\/4287405244.jpg\" src=\"data:image\/svg+xml,%3Csvg%20xmlns%3D%22http%3A%2F%2Fwww.w3.org%2F2000%2Fsvg%22%20width%3D%22150%22%20height%3D%22150%22%20viewBox%3D%220%200%20150%20150%22%3E%3C%2Fsvg%3E\" loading=\"eager\"><\/span><span class=\"fg-image-overlay\"><\/span><\/a><figcaption class=\"fg-caption\"><div class=\"fg-caption-inner\"><div class=\"fg-caption-title\">Photo de Gilbert\nTitre : \u2018\u2019flou sur le quai\u2019\u2019<\/div><div class=\"fg-caption-desc\">On peut se demander s\u2019il ne vaudrait pas mieux voir \u2018\u2019flou\u2019\u2019 sur le quai en cette p\u00e9riode de No\u00ebl pour faire abstraction des foules et du sur-tourisme de d\u00e9cembre !!!<\/div><\/div><\/figcaption><\/figure><div class=\"fg-loader\"><\/div><\/div><div class=\"fg-item fg-type-image fg-idle\"><figure class=\"fg-item-inner\"><a href=\"https:\/\/acligphoto.fr\/wp-content\/uploads\/2022\/12\/14_Flou_Armand.jpg\" data-caption-title=\"Photo d&#039;Armand\" data-caption-desc=\"Un flou de la grande roue \u00e0 Lahr au coucher du soleil pendant la f\u00eate de la chrysanth\u00e8me.\" data-attachment-id=\"9232\" data-type=\"image\" class=\"fg-thumb\"><span class=\"fg-image-wrap\"><img decoding=\"async\" title=\"Photo d&#039;Armand\" width=\"150\" height=\"150\" class=\"skip-lazy fg-image\" data-src-fg=\"https:\/\/acligphoto.fr\/wp-content\/uploads\/cache\/2022\/12\/14_Flou_Armand\/866603006.jpg\" src=\"data:image\/svg+xml,%3Csvg%20xmlns%3D%22http%3A%2F%2Fwww.w3.org%2F2000%2Fsvg%22%20width%3D%22150%22%20height%3D%22150%22%20viewBox%3D%220%200%20150%20150%22%3E%3C%2Fsvg%3E\" loading=\"eager\"><\/span><span class=\"fg-image-overlay\"><\/span><\/a><figcaption class=\"fg-caption\"><div class=\"fg-caption-inner\"><div class=\"fg-caption-title\">Photo d&rsquo;Armand<\/div><div class=\"fg-caption-desc\">Un flou de la grande roue \u00e0 Lahr au coucher du soleil pendant la f\u00eate de la chrysanth\u00e8me.<\/div><\/div><\/figcaption><\/figure><div class=\"fg-loader\"><\/div><\/div><div class=\"fg-item fg-type-image fg-idle\"><figure class=\"fg-item-inner\"><a href=\"https:\/\/acligphoto.fr\/wp-content\/uploads\/2022\/12\/13_Flou_Sandrine.jpg\" data-caption-title=\"Photo de Sandrine\nTitre : &quot;les chiens du m\u00e9tro&quot;\" data-caption-desc=\"Cette photo a \u00e9t\u00e9 prise dans le m\u00e9tro de Moscou o\u00f9 de nombreux chiens errants viennent se r\u00e9fugier, au chaud. Ces chiens marrons peuvent parfois poser probl\u00e8me lorsqu&#039;ils se d\u00e9placent en bande dans la ville mais le m\u00e9tro semble \u00eatre un terrain neutre o\u00f9 les chiens se reposent et profitent de la chaleur. Le flot des voyageurs passent sans un seul regard pour ces animaux \u00e0 l&#039;exception de l&#039;enfant, contact fugitif entre le chien, immobile et l&#039;enfant entra\u00een\u00e9 aussit\u00f4t qu&#039;il s&#039;arr\u00eate pour regarder l&#039;animal.\" data-attachment-id=\"9231\" data-type=\"image\" class=\"fg-thumb\"><span class=\"fg-image-wrap\"><img decoding=\"async\" title=\"Photo de Sandrine\nTitre : &quot;les chiens du m\u00e9tro&quot;\" width=\"150\" height=\"150\" class=\"skip-lazy fg-image\" data-src-fg=\"https:\/\/acligphoto.fr\/wp-content\/uploads\/cache\/2022\/12\/13_Flou_Sandrine\/314952098.jpg\" src=\"data:image\/svg+xml,%3Csvg%20xmlns%3D%22http%3A%2F%2Fwww.w3.org%2F2000%2Fsvg%22%20width%3D%22150%22%20height%3D%22150%22%20viewBox%3D%220%200%20150%20150%22%3E%3C%2Fsvg%3E\" loading=\"eager\"><\/span><span class=\"fg-image-overlay\"><\/span><\/a><figcaption class=\"fg-caption\"><div class=\"fg-caption-inner\"><div class=\"fg-caption-title\">Photo de Sandrine\nTitre : \u00ab\u00a0les chiens du m\u00e9tro\u00a0\u00bb<\/div><div class=\"fg-caption-desc\">Cette photo a \u00e9t\u00e9 prise dans le m\u00e9tro de Moscou o\u00f9 de nombreux chiens errants viennent se r\u00e9fugier, au chaud. Ces chiens marrons peuvent parfois poser probl\u00e8me lorsqu&rsquo;ils se d\u00e9placent en bande dans la ville mais le m\u00e9tro semble \u00eatre un terrain neutre o\u00f9 les chiens se reposent et profitent de la chaleur. Le flot des voyageurs passent sans un seul regard pour ces animaux \u00e0 l&rsquo;exception de l&rsquo;enfant, contact fugitif entre le chien, immobile et l&rsquo;enfant entra\u00een\u00e9 aussit\u00f4t qu&rsquo;il s&rsquo;arr\u00eate pour regarder l&rsquo;animal.<\/div><\/div><\/figcaption><\/figure><div class=\"fg-loader\"><\/div><\/div><div class=\"fg-item fg-type-image fg-idle\"><figure class=\"fg-item-inner\"><a href=\"https:\/\/acligphoto.fr\/wp-content\/uploads\/2022\/12\/12_Flou-Klaudia.jpg\" data-caption-title=\"Photo de Klaudia\" data-caption-desc=\"Ma photo est compl\u00e8tement floue, peut-\u00eatre de trop. Est-ce que vous devinez o\u00f9 c\u2019est ?\" data-attachment-id=\"9230\" data-type=\"image\" class=\"fg-thumb\"><span class=\"fg-image-wrap\"><img decoding=\"async\" title=\"Photo de Klaudia\" width=\"150\" height=\"150\" class=\"skip-lazy fg-image\" data-src-fg=\"https:\/\/acligphoto.fr\/wp-content\/uploads\/cache\/2022\/12\/12_Flou-Klaudia\/3249848478.jpg\" src=\"data:image\/svg+xml,%3Csvg%20xmlns%3D%22http%3A%2F%2Fwww.w3.org%2F2000%2Fsvg%22%20width%3D%22150%22%20height%3D%22150%22%20viewBox%3D%220%200%20150%20150%22%3E%3C%2Fsvg%3E\" loading=\"eager\"><\/span><span class=\"fg-image-overlay\"><\/span><\/a><figcaption class=\"fg-caption\"><div class=\"fg-caption-inner\"><div class=\"fg-caption-title\">Photo de Klaudia<\/div><div class=\"fg-caption-desc\">Ma photo est compl\u00e8tement floue, peut-\u00eatre de trop. Est-ce que vous devinez o\u00f9 c\u2019est ?<\/div><\/div><\/figcaption><\/figure><div class=\"fg-loader\"><\/div><\/div><div class=\"fg-item fg-type-image fg-idle\"><figure class=\"fg-item-inner\"><a href=\"https:\/\/acligphoto.fr\/wp-content\/uploads\/2022\/12\/11a_Flou_Beatrice.jpg\" data-caption-title=\"Photo de B\u00e9atrice\" data-caption-desc=\"Photo zooming prise \u00e0 la bambouseraie d\u2019Anduze en septembre\" data-attachment-id=\"9229\" data-type=\"image\" class=\"fg-thumb\"><span class=\"fg-image-wrap\"><img decoding=\"async\" title=\"Photo de B\u00e9atrice\" width=\"150\" height=\"150\" class=\"skip-lazy fg-image\" data-src-fg=\"https:\/\/acligphoto.fr\/wp-content\/uploads\/cache\/2022\/12\/11a_Flou_Beatrice\/3420389619.jpg\" src=\"data:image\/svg+xml,%3Csvg%20xmlns%3D%22http%3A%2F%2Fwww.w3.org%2F2000%2Fsvg%22%20width%3D%22150%22%20height%3D%22150%22%20viewBox%3D%220%200%20150%20150%22%3E%3C%2Fsvg%3E\" loading=\"eager\"><\/span><span class=\"fg-image-overlay\"><\/span><\/a><figcaption class=\"fg-caption\"><div class=\"fg-caption-inner\"><div class=\"fg-caption-title\">Photo de B\u00e9atrice<\/div><div class=\"fg-caption-desc\">Photo zooming prise \u00e0 la bambouseraie d\u2019Anduze en septembre<\/div><\/div><\/figcaption><\/figure><div class=\"fg-loader\"><\/div><\/div><div class=\"fg-item fg-type-image fg-idle\"><figure class=\"fg-item-inner\"><a href=\"https:\/\/acligphoto.fr\/wp-content\/uploads\/2022\/12\/11_Flou_Beatrice.jpg\" data-caption-title=\"Photo de B\u00e9atrice\" data-caption-desc=\"Photo prise le 12\/12\/2022 le long de l\u2019Ill avec mon iPhone\" data-attachment-id=\"9228\" data-type=\"image\" class=\"fg-thumb\"><span class=\"fg-image-wrap\"><img decoding=\"async\" title=\"Photo de B\u00e9atrice\" width=\"150\" height=\"150\" class=\"skip-lazy fg-image\" data-src-fg=\"https:\/\/acligphoto.fr\/wp-content\/uploads\/cache\/2022\/12\/11_Flou_Beatrice\/4031912591.jpg\" src=\"data:image\/svg+xml,%3Csvg%20xmlns%3D%22http%3A%2F%2Fwww.w3.org%2F2000%2Fsvg%22%20width%3D%22150%22%20height%3D%22150%22%20viewBox%3D%220%200%20150%20150%22%3E%3C%2Fsvg%3E\" loading=\"eager\"><\/span><span class=\"fg-image-overlay\"><\/span><\/a><figcaption class=\"fg-caption\"><div class=\"fg-caption-inner\"><div class=\"fg-caption-title\">Photo de B\u00e9atrice<\/div><div class=\"fg-caption-desc\">Photo prise le 12\/12\/2022 le long de l\u2019Ill avec mon iPhone<\/div><\/div><\/figcaption><\/figure><div class=\"fg-loader\"><\/div><\/div><div class=\"fg-item fg-type-image fg-idle\"><figure class=\"fg-item-inner\"><a href=\"https:\/\/acligphoto.fr\/wp-content\/uploads\/2022\/12\/10_Flou-Didier.jpg\" data-caption-title=\"Photo de Didier\nTitre : \u00ab plus vite que son ombre \u00bb\" data-caption-desc=\"Photo prise en suivant le sujet en mouvement avec un temps d&#039;exposition long d&#039;une demi seconde qui donne l&#039;impression que le sujet sort de son corps pour aller plus vite que soi, d&#039;o\u00f9 le terme &quot;se d\u00e9passer&quot;\" data-attachment-id=\"9227\" data-type=\"image\" class=\"fg-thumb\"><span class=\"fg-image-wrap\"><img decoding=\"async\" title=\"Photo de Didier\nTitre : \u00ab plus vite que son ombre \u00bb\" width=\"150\" height=\"150\" class=\"skip-lazy fg-image\" data-src-fg=\"https:\/\/acligphoto.fr\/wp-content\/uploads\/cache\/2022\/12\/10_Flou-Didier\/1468890571.jpg\" src=\"data:image\/svg+xml,%3Csvg%20xmlns%3D%22http%3A%2F%2Fwww.w3.org%2F2000%2Fsvg%22%20width%3D%22150%22%20height%3D%22150%22%20viewBox%3D%220%200%20150%20150%22%3E%3C%2Fsvg%3E\" loading=\"eager\"><\/span><span class=\"fg-image-overlay\"><\/span><\/a><figcaption class=\"fg-caption\"><div class=\"fg-caption-inner\"><div class=\"fg-caption-title\">Photo de Didier\nTitre : \u00ab plus vite que son ombre \u00bb<\/div><div class=\"fg-caption-desc\">Photo prise en suivant le sujet en mouvement avec un temps d&rsquo;exposition long d&rsquo;une demi seconde qui donne l&rsquo;impression que le sujet sort de son corps pour aller plus vite que soi, d&rsquo;o\u00f9 le terme \u00ab\u00a0se d\u00e9passer\u00a0\u00bb<\/div><\/div><\/figcaption><\/figure><div class=\"fg-loader\"><\/div><\/div><div class=\"fg-item fg-type-image fg-idle\"><figure class=\"fg-item-inner\"><a href=\"https:\/\/acligphoto.fr\/wp-content\/uploads\/2022\/12\/09_Flou_Florence.jpg\" data-caption-title=\"Photo de Florence\nTitre : \u00ab Carnaval \u00bb\" data-caption-desc=\"Photo prise en 2012 au Carnaval de Florianopolis au Br\u00e9sil depuis les gradins du Sambodrome. La Samba \u00e9tant une danse assez rapide, le flou a \u00e9t\u00e9 in\u00e9vitable !\" data-attachment-id=\"9226\" data-type=\"image\" class=\"fg-thumb\"><span class=\"fg-image-wrap\"><img decoding=\"async\" title=\"Photo de Florence\nTitre : \u00ab Carnaval \u00bb\" width=\"150\" height=\"150\" class=\"skip-lazy fg-image\" data-src-fg=\"https:\/\/acligphoto.fr\/wp-content\/uploads\/cache\/2022\/12\/09_Flou_Florence\/1021575357.jpg\" src=\"data:image\/svg+xml,%3Csvg%20xmlns%3D%22http%3A%2F%2Fwww.w3.org%2F2000%2Fsvg%22%20width%3D%22150%22%20height%3D%22150%22%20viewBox%3D%220%200%20150%20150%22%3E%3C%2Fsvg%3E\" loading=\"eager\"><\/span><span class=\"fg-image-overlay\"><\/span><\/a><figcaption class=\"fg-caption\"><div class=\"fg-caption-inner\"><div class=\"fg-caption-title\">Photo de Florence\nTitre : \u00ab Carnaval \u00bb<\/div><div class=\"fg-caption-desc\">Photo prise en 2012 au Carnaval de Florianopolis au Br\u00e9sil depuis les gradins du Sambodrome. La Samba \u00e9tant une danse assez rapide, le flou a \u00e9t\u00e9 in\u00e9vitable !<\/div><\/div><\/figcaption><\/figure><div class=\"fg-loader\"><\/div><\/div><div class=\"fg-item fg-type-image fg-idle\"><figure class=\"fg-item-inner\"><a href=\"https:\/\/acligphoto.fr\/wp-content\/uploads\/2022\/12\/08_Flou-Lisa.jpg\" data-caption-title=\"Photo de Lisa\" data-caption-desc=\"C&#039;est promis, je n&#039;ai pas bu !  C&#039;est juste une sortie photo avec un certain nombre d&#039;entre nous et des essais sur le Zooming.\nUn lieu qu&#039;affectionne particuli\u00e8rement Louis.\" data-attachment-id=\"9225\" data-type=\"image\" class=\"fg-thumb\"><span class=\"fg-image-wrap\"><img decoding=\"async\" title=\"Photo de Lisa\" width=\"150\" height=\"150\" class=\"skip-lazy fg-image\" data-src-fg=\"https:\/\/acligphoto.fr\/wp-content\/uploads\/cache\/2022\/12\/08_Flou-Lisa\/3121936960.jpg\" src=\"data:image\/svg+xml,%3Csvg%20xmlns%3D%22http%3A%2F%2Fwww.w3.org%2F2000%2Fsvg%22%20width%3D%22150%22%20height%3D%22150%22%20viewBox%3D%220%200%20150%20150%22%3E%3C%2Fsvg%3E\" loading=\"eager\"><\/span><span class=\"fg-image-overlay\"><\/span><\/a><figcaption class=\"fg-caption\"><div class=\"fg-caption-inner\"><div class=\"fg-caption-title\">Photo de Lisa<\/div><div class=\"fg-caption-desc\">C&rsquo;est promis, je n&rsquo;ai pas bu !  C&rsquo;est juste une sortie photo avec un certain nombre d&rsquo;entre nous et des essais sur le Zooming.\nUn lieu qu&rsquo;affectionne particuli\u00e8rement Louis.<\/div><\/div><\/figcaption><\/figure><div class=\"fg-loader\"><\/div><\/div><div class=\"fg-item fg-type-image fg-idle\"><figure class=\"fg-item-inner\"><a href=\"https:\/\/acligphoto.fr\/wp-content\/uploads\/2022\/12\/07_Flou_Nicolas.jpg\" data-caption-title=\"Photo de Nicolas\" data-caption-desc=\"Photo repr\u00e9sentant Illkirch flou le soir depuis mon balcon.\" data-attachment-id=\"9224\" data-type=\"image\" class=\"fg-thumb\"><span class=\"fg-image-wrap\"><img decoding=\"async\" title=\"Photo de Nicolas\" width=\"150\" height=\"150\" class=\"skip-lazy fg-image\" data-src-fg=\"https:\/\/acligphoto.fr\/wp-content\/uploads\/cache\/2022\/12\/07_Flou_Nicolas\/2042423543.jpg\" src=\"data:image\/svg+xml,%3Csvg%20xmlns%3D%22http%3A%2F%2Fwww.w3.org%2F2000%2Fsvg%22%20width%3D%22150%22%20height%3D%22150%22%20viewBox%3D%220%200%20150%20150%22%3E%3C%2Fsvg%3E\" loading=\"eager\"><\/span><span class=\"fg-image-overlay\"><\/span><\/a><figcaption class=\"fg-caption\"><div class=\"fg-caption-inner\"><div class=\"fg-caption-title\">Photo de Nicolas<\/div><div class=\"fg-caption-desc\">Photo repr\u00e9sentant Illkirch flou le soir depuis mon balcon.<\/div><\/div><\/figcaption><\/figure><div class=\"fg-loader\"><\/div><\/div><div class=\"fg-item fg-type-image fg-idle\"><figure class=\"fg-item-inner\"><a href=\"https:\/\/acligphoto.fr\/wp-content\/uploads\/2022\/12\/06_Flou_Christian.jpg\" data-caption-title=\"Photo de Christian\nTitre :  &quot;je de main&quot;\" data-caption-desc=\"Ce jeu de mot, bien au singulier, est intentionnel. Il s&#039;agit d&#039;une photo de la main gauche prise en autoportrait avec l&#039;appareil tenu par la main droite. La mise au point a \u00e9t\u00e9 faite sur le reflet g\u00e9n\u00e9r\u00e9 par un carton m\u00e9tallis\u00e9, d\u00e9form\u00e9 et perl\u00e9. D&#039;o\u00f9 cet effet pour une fois non d\u00fb \u00e0 une obturation lente. Sans traitement logiciel.\" data-attachment-id=\"9223\" data-type=\"image\" class=\"fg-thumb\"><span class=\"fg-image-wrap\"><img decoding=\"async\" title=\"Photo de Christian\nTitre :  &quot;je de main&quot;\" width=\"150\" height=\"150\" class=\"skip-lazy fg-image\" data-src-fg=\"https:\/\/acligphoto.fr\/wp-content\/uploads\/cache\/2022\/12\/06_Flou_Christian\/1983964653.jpg\" src=\"data:image\/svg+xml,%3Csvg%20xmlns%3D%22http%3A%2F%2Fwww.w3.org%2F2000%2Fsvg%22%20width%3D%22150%22%20height%3D%22150%22%20viewBox%3D%220%200%20150%20150%22%3E%3C%2Fsvg%3E\" loading=\"eager\"><\/span><span class=\"fg-image-overlay\"><\/span><\/a><figcaption class=\"fg-caption\"><div class=\"fg-caption-inner\"><div class=\"fg-caption-title\">Photo de Christian\nTitre :  \u00ab\u00a0je de main\u00a0\u00bb<\/div><div class=\"fg-caption-desc\">Ce jeu de mot, bien au singulier, est intentionnel. Il s&rsquo;agit d&rsquo;une photo de la main gauche prise en autoportrait avec l&rsquo;appareil tenu par la main droite. La mise au point a \u00e9t\u00e9 faite sur le reflet g\u00e9n\u00e9r\u00e9 par un carton m\u00e9tallis\u00e9, d\u00e9form\u00e9 et perl\u00e9. D&rsquo;o\u00f9 cet effet pour une fois non d\u00fb \u00e0 une obturation lente. Sans traitement logiciel.<\/div><\/div><\/figcaption><\/figure><div class=\"fg-loader\"><\/div><\/div><div class=\"fg-item fg-type-image fg-idle\"><figure class=\"fg-item-inner\"><a href=\"https:\/\/acligphoto.fr\/wp-content\/uploads\/2022\/12\/05_Flou_Louis.jpeg\" data-caption-title=\"Photo de Louis\nTitre : \u00ab Les 3 personnages \u00bb\" data-caption-desc=\"Photo r\u00e9alis\u00e9e sur le parvis de la D\u00e9fense. Pose de 2 s \u00e0 200 iso\" data-attachment-id=\"9222\" data-type=\"image\" class=\"fg-thumb\"><span class=\"fg-image-wrap\"><img decoding=\"async\" title=\"Photo de Louis\nTitre : \u00ab Les 3 personnages \u00bb\" width=\"150\" height=\"150\" class=\"skip-lazy fg-image\" data-src-fg=\"https:\/\/acligphoto.fr\/wp-content\/uploads\/cache\/2022\/12\/05_Flou_Louis\/1524059048.jpeg\" src=\"data:image\/svg+xml,%3Csvg%20xmlns%3D%22http%3A%2F%2Fwww.w3.org%2F2000%2Fsvg%22%20width%3D%22150%22%20height%3D%22150%22%20viewBox%3D%220%200%20150%20150%22%3E%3C%2Fsvg%3E\" loading=\"eager\"><\/span><span class=\"fg-image-overlay\"><\/span><\/a><figcaption class=\"fg-caption\"><div class=\"fg-caption-inner\"><div class=\"fg-caption-title\">Photo de Louis\nTitre : \u00ab Les 3 personnages \u00bb<\/div><div class=\"fg-caption-desc\">Photo r\u00e9alis\u00e9e sur le parvis de la D\u00e9fense. Pose de 2 s \u00e0 200 iso<\/div><\/div><\/figcaption><\/figure><div class=\"fg-loader\"><\/div><\/div><div class=\"fg-item fg-type-image fg-idle\"><figure class=\"fg-item-inner\"><a href=\"https:\/\/acligphoto.fr\/wp-content\/uploads\/2022\/12\/04_Flou_Albert.jpg\" data-caption-title=\"Photo d&#039;Albert\" data-caption-desc=\"Photo d\u2019un tram dans la rue de la m\u00e9sange \u00e0 Strasbourg durant les f\u00eates de No\u00ebl\" data-attachment-id=\"9221\" data-type=\"image\" class=\"fg-thumb\"><span class=\"fg-image-wrap\"><img decoding=\"async\" title=\"Photo d&#039;Albert\" width=\"150\" height=\"150\" class=\"skip-lazy fg-image\" data-src-fg=\"https:\/\/acligphoto.fr\/wp-content\/uploads\/cache\/2022\/12\/04_Flou_Albert\/1220205368.jpg\" src=\"data:image\/svg+xml,%3Csvg%20xmlns%3D%22http%3A%2F%2Fwww.w3.org%2F2000%2Fsvg%22%20width%3D%22150%22%20height%3D%22150%22%20viewBox%3D%220%200%20150%20150%22%3E%3C%2Fsvg%3E\" loading=\"eager\"><\/span><span class=\"fg-image-overlay\"><\/span><\/a><figcaption class=\"fg-caption\"><div class=\"fg-caption-inner\"><div class=\"fg-caption-title\">Photo d&rsquo;Albert<\/div><div class=\"fg-caption-desc\">Photo d\u2019un tram dans la rue de la m\u00e9sange \u00e0 Strasbourg durant les f\u00eates de No\u00ebl<\/div><\/div><\/figcaption><\/figure><div class=\"fg-loader\"><\/div><\/div><div class=\"fg-item fg-type-image fg-idle\"><figure class=\"fg-item-inner\"><a href=\"https:\/\/acligphoto.fr\/wp-content\/uploads\/2022\/12\/03_Flou_Robert.jpg\" data-caption-title=\"Photo de Robert\" data-caption-desc=\"Photo prise dans la for\u00eat  au 1\/8 de seconde avec un mouvement du bas vers le haut lors de notre sortie club dans le secteur de Saint Nabor.\" data-attachment-id=\"9220\" data-type=\"image\" class=\"fg-thumb\"><span class=\"fg-image-wrap\"><img decoding=\"async\" title=\"Photo de Robert\" width=\"150\" height=\"150\" class=\"skip-lazy fg-image\" data-src-fg=\"https:\/\/acligphoto.fr\/wp-content\/uploads\/cache\/2022\/12\/03_Flou_Robert\/3105485789.jpg\" src=\"data:image\/svg+xml,%3Csvg%20xmlns%3D%22http%3A%2F%2Fwww.w3.org%2F2000%2Fsvg%22%20width%3D%22150%22%20height%3D%22150%22%20viewBox%3D%220%200%20150%20150%22%3E%3C%2Fsvg%3E\" loading=\"eager\"><\/span><span class=\"fg-image-overlay\"><\/span><\/a><figcaption class=\"fg-caption\"><div class=\"fg-caption-inner\"><div class=\"fg-caption-title\">Photo de Robert<\/div><div class=\"fg-caption-desc\">Photo prise dans la for\u00eat  au 1\/8 de seconde avec un mouvement du bas vers le haut lors de notre sortie club dans le secteur de Saint Nabor.<\/div><\/div><\/figcaption><\/figure><div class=\"fg-loader\"><\/div><\/div><div class=\"fg-item fg-type-image fg-idle\"><figure class=\"fg-item-inner\"><a href=\"https:\/\/acligphoto.fr\/wp-content\/uploads\/2022\/12\/02_Flou_Remi.jpg\" data-caption-title=\"Photo de R\u00e9mi\nTitre : &quot;Clic Clac Kodak&quot;\" data-caption-desc=\"Le Kodak Brownie six-16 (ann\u00e9e 1930), qui m&#039;a \u00e9t\u00e9 donn\u00e9 par ma grand-m\u00e8re photographie la g\u00e9n\u00e9ration suivante, le Kodak Brownie Starlet (ann\u00e9e 1957) que mon p\u00e8re a eu pour sa communion.\" data-attachment-id=\"9219\" data-type=\"image\" class=\"fg-thumb\"><span class=\"fg-image-wrap\"><img decoding=\"async\" title=\"Photo de R\u00e9mi\nTitre : &quot;Clic Clac Kodak&quot;\" width=\"150\" height=\"150\" class=\"skip-lazy fg-image\" data-src-fg=\"https:\/\/acligphoto.fr\/wp-content\/uploads\/cache\/2022\/12\/02_Flou_Remi\/401069855.jpg\" src=\"data:image\/svg+xml,%3Csvg%20xmlns%3D%22http%3A%2F%2Fwww.w3.org%2F2000%2Fsvg%22%20width%3D%22150%22%20height%3D%22150%22%20viewBox%3D%220%200%20150%20150%22%3E%3C%2Fsvg%3E\" loading=\"eager\"><\/span><span class=\"fg-image-overlay\"><\/span><\/a><figcaption class=\"fg-caption\"><div class=\"fg-caption-inner\"><div class=\"fg-caption-title\">Photo de R\u00e9mi\nTitre : \u00ab\u00a0Clic Clac Kodak\u00a0\u00bb<\/div><div class=\"fg-caption-desc\">Le Kodak Brownie six-16 (ann\u00e9e 1930), qui m&rsquo;a \u00e9t\u00e9 donn\u00e9 par ma grand-m\u00e8re photographie la g\u00e9n\u00e9ration suivante, le Kodak Brownie Starlet (ann\u00e9e 1957) que mon p\u00e8re a eu pour sa communion.<\/div><\/div><\/figcaption><\/figure><div class=\"fg-loader\"><\/div><\/div><div class=\"fg-item fg-type-image fg-idle\"><figure class=\"fg-item-inner\"><a href=\"https:\/\/acligphoto.fr\/wp-content\/uploads\/2022\/12\/01_Flou_Francis.jpg\" data-caption-title=\"Photo de Francis\" data-caption-desc=\"Photo prise lors du Carnaval de Dunkerque, la foule \u00e9tait assez agit\u00e9e, ce qui explique le r\u00e9sultat.\" data-attachment-id=\"9218\" data-type=\"image\" class=\"fg-thumb\"><span class=\"fg-image-wrap\"><img decoding=\"async\" title=\"Photo de Francis\" width=\"150\" height=\"150\" class=\"skip-lazy fg-image\" data-src-fg=\"https:\/\/acligphoto.fr\/wp-content\/uploads\/cache\/2022\/12\/01_Flou_Francis\/3969625691.jpg\" src=\"data:image\/svg+xml,%3Csvg%20xmlns%3D%22http%3A%2F%2Fwww.w3.org%2F2000%2Fsvg%22%20width%3D%22150%22%20height%3D%22150%22%20viewBox%3D%220%200%20150%20150%22%3E%3C%2Fsvg%3E\" loading=\"eager\"><\/span><span class=\"fg-image-overlay\"><\/span><\/a><figcaption class=\"fg-caption\"><div class=\"fg-caption-inner\"><div class=\"fg-caption-title\">Photo de Francis<\/div><div class=\"fg-caption-desc\">Photo prise lors du Carnaval de Dunkerque, la foule \u00e9tait assez agit\u00e9e, ce qui explique le r\u00e9sultat.<\/div><\/div><\/figcaption><\/figure><div class=\"fg-loader\"><\/div><\/div><\/div>\n","protected":false},"excerpt":{"rendered":"<p>Flou<\/p>\n","protected":false},"author":27,"featured_media":9227,"comment_status":"closed","ping_status":"open","sticky":true,"template":"","format":"standard","meta":{"_bbp_topic_count":0,"_bbp_reply_count":0,"_bbp_total_topic_count":0,"_bbp_total_reply_count":0,"_bbp_voice_count":0,"_bbp_anonymous_reply_count":0,"_bbp_topic_count_hidden":0,"_bbp_reply_count_hidden":0,"_bbp_forum_subforum_count":0,"footnotes":""},"categories":[7],"tags":[],"class_list":["post-9216","post","type-post","status-publish","format-standard","has-post-thumbnail","hentry","category-vie-de-latelier"],"_links":{"self":[{"href":"https:\/\/acligphoto.fr\/index.php?rest_route=\/wp\/v2\/posts\/9216","targetHints":{"allow":["GET"]}}],"collection":[{"href":"https:\/\/acligphoto.fr\/index.php?rest_route=\/wp\/v2\/posts"}],"about":[{"href":"https:\/\/acligphoto.fr\/index.php?rest_route=\/wp\/v2\/types\/post"}],"author":[{"embeddable":true,"href":"https:\/\/acligphoto.fr\/index.php?rest_route=\/wp\/v2\/users\/27"}],"replies":[{"embeddable":true,"href":"https:\/\/acligphoto.fr\/index.php?rest_route=%2Fwp%2Fv2%2Fcomments&post=9216"}],"version-history":[{"count":2,"href":"https:\/\/acligphoto.fr\/index.php?rest_route=\/wp\/v2\/posts\/9216\/revisions"}],"predecessor-version":[{"id":9242,"href":"https:\/\/acligphoto.fr\/index.php?rest_route=\/wp\/v2\/posts\/9216\/revisions\/9242"}],"wp:featuredmedia":[{"embeddable":true,"href":"https:\/\/acligphoto.fr\/index.php?rest_route=\/wp\/v2\/media\/9227"}],"wp:attachment":[{"href":"https:\/\/acligphoto.fr\/index.php?rest_route=%2Fwp%2Fv2%2Fmedia&parent=9216"}],"wp:term":[{"taxonomy":"category","embeddable":true,"href":"https:\/\/acligphoto.fr\/index.php?rest_route=%2Fwp%2Fv2%2Fcategories&post=9216"},{"taxonomy":"post_tag","embeddable":true,"href":"https:\/\/acligphoto.fr\/index.php?rest_route=%2Fwp%2Fv2%2Ftags&post=9216"}],"curies":[{"name":"wp","href":"https:\/\/api.w.org\/{rel}","templated":true}]}}