{"id":9032,"date":"2022-12-05T09:56:04","date_gmt":"2022-12-05T08:56:04","guid":{"rendered":"https:\/\/acligphoto.fr\/?p=9032"},"modified":"2022-12-05T09:56:05","modified_gmt":"2022-12-05T08:56:05","slug":"raconte-ta-photo-n-xlii","status":"publish","type":"post","link":"https:\/\/acligphoto.fr\/?p=9032","title":{"rendered":"Raconte ta photo n\u00b0 XLII"},"content":{"rendered":"\n<p class=\"has-large-font-size\">Escalier<\/p>\n\n\n<style type=\"text\/css\">\n#foogallery-gallery-9051 .fg-image { width: 150px; }\n#foogallery-gallery-9051 { --fg-gutter: 10px; }<\/style>\n\t\t\t<div class=\"foogallery foogallery-container foogallery-default foogallery-lightbox-foobox fg-center fg-default fg-ready fg-light fg-border-thin fg-shadow-outline fg-loading-default fg-loaded-fade-in fg-caption-hover fg-hover-fade fg-hover-zoom\" id=\"foogallery-gallery-9051\" data-foogallery=\"{&quot;item&quot;:{&quot;showCaptionTitle&quot;:true,&quot;showCaptionDescription&quot;:true},&quot;lazy&quot;:true}\" style=\"--fg-title-line-clamp: 0; --fg-description-line-clamp: 0;\" >\n\t<div class=\"fg-item fg-type-image fg-idle\"><figure class=\"fg-item-inner\"><a href=\"https:\/\/acligphoto.fr\/wp-content\/uploads\/2022\/12\/16_Escalier_Michel.jpg\" data-caption-title=\"Photo de Michel\" data-caption-desc=\"Demi-escalier Corse...\u00e0 la sieste pour la deuxi\u00e8me moiti\u00e9...\" data-attachment-id=\"9050\" data-type=\"image\" class=\"fg-thumb\"><span class=\"fg-image-wrap\"><img decoding=\"async\" title=\"Photo de Michel\" width=\"150\" height=\"150\" class=\"skip-lazy fg-image\" data-src-fg=\"https:\/\/acligphoto.fr\/wp-content\/uploads\/cache\/2022\/12\/16_Escalier_Michel\/704221028.jpg\" src=\"data:image\/svg+xml,%3Csvg%20xmlns%3D%22http%3A%2F%2Fwww.w3.org%2F2000%2Fsvg%22%20width%3D%22150%22%20height%3D%22150%22%20viewBox%3D%220%200%20150%20150%22%3E%3C%2Fsvg%3E\" loading=\"eager\"><\/span><span class=\"fg-image-overlay\"><\/span><\/a><figcaption class=\"fg-caption\"><div class=\"fg-caption-inner\"><div class=\"fg-caption-title\">Photo de Michel<\/div><div class=\"fg-caption-desc\">Demi-escalier Corse&#8230;\u00e0 la sieste pour la deuxi\u00e8me moiti\u00e9&#8230;<\/div><\/div><\/figcaption><\/figure><div class=\"fg-loader\"><\/div><\/div><div class=\"fg-item fg-type-image fg-idle\"><figure class=\"fg-item-inner\"><a href=\"https:\/\/acligphoto.fr\/wp-content\/uploads\/2022\/12\/15_Escalier_Didier.jpg\" data-caption-title=\"Photo de Didier : Titre : \u00ab Escalier du ch\u00e2teau de Wangenbourg \u00bb\" data-caption-desc=\"Photo de l&#039;escalier du ch\u00e2teau de Wangenbourg prise en contre-plong\u00e9e avec l&#039;\u00e9clairage naturel qui met parfaitement en valeur cet escalier en colima\u00e7on.\" data-attachment-id=\"9049\" data-type=\"image\" class=\"fg-thumb\"><span class=\"fg-image-wrap\"><img decoding=\"async\" title=\"Photo de Didier : Titre : \u00ab Escalier du ch\u00e2teau de Wangenbourg \u00bb\" width=\"150\" height=\"150\" class=\"skip-lazy fg-image\" data-src-fg=\"https:\/\/acligphoto.fr\/wp-content\/uploads\/cache\/2022\/12\/15_Escalier_Didier\/35203670.jpg\" src=\"data:image\/svg+xml,%3Csvg%20xmlns%3D%22http%3A%2F%2Fwww.w3.org%2F2000%2Fsvg%22%20width%3D%22150%22%20height%3D%22150%22%20viewBox%3D%220%200%20150%20150%22%3E%3C%2Fsvg%3E\" loading=\"eager\"><\/span><span class=\"fg-image-overlay\"><\/span><\/a><figcaption class=\"fg-caption\"><div class=\"fg-caption-inner\"><div class=\"fg-caption-title\">Photo de Didier : Titre : \u00ab Escalier du ch\u00e2teau de Wangenbourg \u00bb<\/div><div class=\"fg-caption-desc\">Photo de l&rsquo;escalier du ch\u00e2teau de Wangenbourg prise en contre-plong\u00e9e avec l&rsquo;\u00e9clairage naturel qui met parfaitement en valeur cet escalier en colima\u00e7on.<\/div><\/div><\/figcaption><\/figure><div class=\"fg-loader\"><\/div><\/div><div class=\"fg-item fg-type-image fg-idle\"><figure class=\"fg-item-inner\"><a href=\"https:\/\/acligphoto.fr\/wp-content\/uploads\/2022\/12\/14_Escalier_Klaudia.jpg\" data-caption-title=\"Photo de Klaudia\" data-caption-desc=\"Le mus\u00e9e Tomi Ungerer n\u2019offre pas juste des expositions int\u00e9ressantes mais \u00e0 \u00e9galement 2 beaux escaliers.\" data-attachment-id=\"9048\" data-type=\"image\" class=\"fg-thumb\"><span class=\"fg-image-wrap\"><img decoding=\"async\" title=\"Photo de Klaudia\" width=\"150\" height=\"150\" class=\"skip-lazy fg-image\" data-src-fg=\"https:\/\/acligphoto.fr\/wp-content\/uploads\/cache\/2022\/12\/14_Escalier_Klaudia\/1212494758.jpg\" src=\"data:image\/svg+xml,%3Csvg%20xmlns%3D%22http%3A%2F%2Fwww.w3.org%2F2000%2Fsvg%22%20width%3D%22150%22%20height%3D%22150%22%20viewBox%3D%220%200%20150%20150%22%3E%3C%2Fsvg%3E\" loading=\"eager\"><\/span><span class=\"fg-image-overlay\"><\/span><\/a><figcaption class=\"fg-caption\"><div class=\"fg-caption-inner\"><div class=\"fg-caption-title\">Photo de Klaudia<\/div><div class=\"fg-caption-desc\">Le mus\u00e9e Tomi Ungerer n\u2019offre pas juste des expositions int\u00e9ressantes mais \u00e0 \u00e9galement 2 beaux escaliers.<\/div><\/div><\/figcaption><\/figure><div class=\"fg-loader\"><\/div><\/div><div class=\"fg-item fg-type-image fg-idle\"><figure class=\"fg-item-inner\"><a href=\"https:\/\/acligphoto.fr\/wp-content\/uploads\/2022\/12\/13_Escalier_Louis.jpeg\" data-caption-title=\"Photo de Louis\" data-caption-desc=\"Il \u00e9tait une fois un escalier. Photo d\u2019une ancienne b\u00e2tisse \u00e0 Fuerteventura.\" data-attachment-id=\"9047\" data-type=\"image\" class=\"fg-thumb\"><span class=\"fg-image-wrap\"><img decoding=\"async\" title=\"Photo de Louis\" width=\"150\" height=\"150\" class=\"skip-lazy fg-image\" data-src-fg=\"https:\/\/acligphoto.fr\/wp-content\/uploads\/cache\/2022\/12\/13_Escalier_Louis\/1854037573.jpeg\" src=\"data:image\/svg+xml,%3Csvg%20xmlns%3D%22http%3A%2F%2Fwww.w3.org%2F2000%2Fsvg%22%20width%3D%22150%22%20height%3D%22150%22%20viewBox%3D%220%200%20150%20150%22%3E%3C%2Fsvg%3E\" loading=\"eager\"><\/span><span class=\"fg-image-overlay\"><\/span><\/a><figcaption class=\"fg-caption\"><div class=\"fg-caption-inner\"><div class=\"fg-caption-title\">Photo de Louis<\/div><div class=\"fg-caption-desc\">Il \u00e9tait une fois un escalier. Photo d\u2019une ancienne b\u00e2tisse \u00e0 Fuerteventura.<\/div><\/div><\/figcaption><\/figure><div class=\"fg-loader\"><\/div><\/div><div class=\"fg-item fg-type-image fg-idle\"><figure class=\"fg-item-inner\"><a href=\"https:\/\/acligphoto.fr\/wp-content\/uploads\/2022\/12\/12a_Escalier_Christian.jpg\" data-caption-title=\"Photo de Christian : Titre : &quot;Onze si\u00e8cles d&#039;\u00e9cart&quot;\" data-caption-desc=\"L&#039;escalier monumental du b\u00e2timent \u00abLuma&quot; \u00e0 Arles sur le site du Parc des Ateliers, ancienne gare de triage.\nC&#039;est l&#039;architecte Frank Gehry qui a construit cette tour destin\u00e9e \u00e0 l&#039;art moderne et inaugur\u00e9e en 2021.\" data-attachment-id=\"9046\" data-type=\"image\" class=\"fg-thumb\"><span class=\"fg-image-wrap\"><img decoding=\"async\" title=\"Photo de Christian : Titre : &quot;Onze si\u00e8cles d&#039;\u00e9cart&quot;\" width=\"150\" height=\"150\" class=\"skip-lazy fg-image\" data-src-fg=\"https:\/\/acligphoto.fr\/wp-content\/uploads\/cache\/2022\/12\/12a_Escalier_Christian\/426323903.jpg\" src=\"data:image\/svg+xml,%3Csvg%20xmlns%3D%22http%3A%2F%2Fwww.w3.org%2F2000%2Fsvg%22%20width%3D%22150%22%20height%3D%22150%22%20viewBox%3D%220%200%20150%20150%22%3E%3C%2Fsvg%3E\" loading=\"eager\"><\/span><span class=\"fg-image-overlay\"><\/span><\/a><figcaption class=\"fg-caption\"><div class=\"fg-caption-inner\"><div class=\"fg-caption-title\">Photo de Christian : Titre : \u00ab\u00a0Onze si\u00e8cles d&rsquo;\u00e9cart\u00a0\u00bb<\/div><div class=\"fg-caption-desc\">L&rsquo;escalier monumental du b\u00e2timent \u00abLuma\u00a0\u00bb \u00e0 Arles sur le site du Parc des Ateliers, ancienne gare de triage.\nC&rsquo;est l&rsquo;architecte Frank Gehry qui a construit cette tour destin\u00e9e \u00e0 l&rsquo;art moderne et inaugur\u00e9e en 2021.<\/div><\/div><\/figcaption><\/figure><div class=\"fg-loader\"><\/div><\/div><div class=\"fg-item fg-type-image fg-idle\"><figure class=\"fg-item-inner\"><a href=\"https:\/\/acligphoto.fr\/wp-content\/uploads\/2022\/12\/12_Escalier_Christian.jpg\" data-caption-title=\"Photo de Christian : Titre : &quot;Onze si\u00e8cles d&#039;\u00e9cart&quot;\" data-caption-desc=\"L&#039;escalier repr\u00e9sente l&#039;acc\u00e8s, en descendant, \u00e0 une \u00e9glise troglodyte en Cappadoce datant du Xe si\u00e8cle.\" data-attachment-id=\"9045\" data-type=\"image\" class=\"fg-thumb\"><span class=\"fg-image-wrap\"><img decoding=\"async\" title=\"Photo de Christian : Titre : &quot;Onze si\u00e8cles d&#039;\u00e9cart&quot;\" width=\"150\" height=\"150\" class=\"skip-lazy fg-image\" data-src-fg=\"https:\/\/acligphoto.fr\/wp-content\/uploads\/cache\/2022\/12\/12_Escalier_Christian\/2185507656.jpg\" src=\"data:image\/svg+xml,%3Csvg%20xmlns%3D%22http%3A%2F%2Fwww.w3.org%2F2000%2Fsvg%22%20width%3D%22150%22%20height%3D%22150%22%20viewBox%3D%220%200%20150%20150%22%3E%3C%2Fsvg%3E\" loading=\"eager\"><\/span><span class=\"fg-image-overlay\"><\/span><\/a><figcaption class=\"fg-caption\"><div class=\"fg-caption-inner\"><div class=\"fg-caption-title\">Photo de Christian : Titre : \u00ab\u00a0Onze si\u00e8cles d&rsquo;\u00e9cart\u00a0\u00bb<\/div><div class=\"fg-caption-desc\">L&rsquo;escalier repr\u00e9sente l&rsquo;acc\u00e8s, en descendant, \u00e0 une \u00e9glise troglodyte en Cappadoce datant du Xe si\u00e8cle.<\/div><\/div><\/figcaption><\/figure><div class=\"fg-loader\"><\/div><\/div><div class=\"fg-item fg-type-image fg-idle\"><figure class=\"fg-item-inner\"><a href=\"https:\/\/acligphoto.fr\/wp-content\/uploads\/2022\/12\/11_Escalier_Francis.jpg\" data-caption-title=\"Photo de Francis\" data-caption-desc=\"La photo repr\u00e9sente l&#039;escalier qui permet d&#039;acc\u00e9der au rocher du lion au Sri-Lanka\" data-attachment-id=\"9044\" data-type=\"image\" class=\"fg-thumb\"><span class=\"fg-image-wrap\"><img decoding=\"async\" title=\"Photo de Francis\" width=\"150\" height=\"150\" class=\"skip-lazy fg-image\" data-src-fg=\"https:\/\/acligphoto.fr\/wp-content\/uploads\/cache\/2022\/12\/11_Escalier_Francis\/3284721950.jpg\" src=\"data:image\/svg+xml,%3Csvg%20xmlns%3D%22http%3A%2F%2Fwww.w3.org%2F2000%2Fsvg%22%20width%3D%22150%22%20height%3D%22150%22%20viewBox%3D%220%200%20150%20150%22%3E%3C%2Fsvg%3E\" loading=\"eager\"><\/span><span class=\"fg-image-overlay\"><\/span><\/a><figcaption class=\"fg-caption\"><div class=\"fg-caption-inner\"><div class=\"fg-caption-title\">Photo de Francis<\/div><div class=\"fg-caption-desc\">La photo repr\u00e9sente l&rsquo;escalier qui permet d&rsquo;acc\u00e9der au rocher du lion au Sri-Lanka<\/div><\/div><\/figcaption><\/figure><div class=\"fg-loader\"><\/div><\/div><div class=\"fg-item fg-type-image fg-idle\"><figure class=\"fg-item-inner\"><a href=\"https:\/\/acligphoto.fr\/wp-content\/uploads\/2022\/12\/10_Escalier_Armand.jpg\" data-caption-title=\"Photo d&#039;Armand\" data-caption-desc=\"Prendre une assurance avant de prendre les escaliers. Versailles, jardins de la reine\" data-attachment-id=\"9043\" data-type=\"image\" class=\"fg-thumb\"><span class=\"fg-image-wrap\"><img decoding=\"async\" title=\"Photo d&#039;Armand\" width=\"150\" height=\"150\" class=\"skip-lazy fg-image\" data-src-fg=\"https:\/\/acligphoto.fr\/wp-content\/uploads\/cache\/2022\/12\/10_Escalier_Armand\/470756263.jpg\" src=\"data:image\/svg+xml,%3Csvg%20xmlns%3D%22http%3A%2F%2Fwww.w3.org%2F2000%2Fsvg%22%20width%3D%22150%22%20height%3D%22150%22%20viewBox%3D%220%200%20150%20150%22%3E%3C%2Fsvg%3E\" loading=\"eager\"><\/span><span class=\"fg-image-overlay\"><\/span><\/a><figcaption class=\"fg-caption\"><div class=\"fg-caption-inner\"><div class=\"fg-caption-title\">Photo d&rsquo;Armand<\/div><div class=\"fg-caption-desc\">Prendre une assurance avant de prendre les escaliers. Versailles, jardins de la reine<\/div><\/div><\/figcaption><\/figure><div class=\"fg-loader\"><\/div><\/div><div class=\"fg-item fg-type-image fg-idle\"><figure class=\"fg-item-inner\"><a href=\"https:\/\/acligphoto.fr\/wp-content\/uploads\/2022\/12\/09_Escalier_Armand.jpg\" data-caption-title=\"Photo d&#039;Armand\" data-caption-desc=\"Quand les escaliers coulent comme le temps qui passe. Ch\u00e2teau du Fleckenstein\" data-attachment-id=\"9042\" data-type=\"image\" class=\"fg-thumb\"><span class=\"fg-image-wrap\"><img decoding=\"async\" title=\"Photo d&#039;Armand\" width=\"150\" height=\"150\" class=\"skip-lazy fg-image\" data-src-fg=\"https:\/\/acligphoto.fr\/wp-content\/uploads\/cache\/2022\/12\/09_Escalier_Armand\/785918142.jpg\" src=\"data:image\/svg+xml,%3Csvg%20xmlns%3D%22http%3A%2F%2Fwww.w3.org%2F2000%2Fsvg%22%20width%3D%22150%22%20height%3D%22150%22%20viewBox%3D%220%200%20150%20150%22%3E%3C%2Fsvg%3E\" loading=\"eager\"><\/span><span class=\"fg-image-overlay\"><\/span><\/a><figcaption class=\"fg-caption\"><div class=\"fg-caption-inner\"><div class=\"fg-caption-title\">Photo d&rsquo;Armand<\/div><div class=\"fg-caption-desc\">Quand les escaliers coulent comme le temps qui passe. Ch\u00e2teau du Fleckenstein<\/div><\/div><\/figcaption><\/figure><div class=\"fg-loader\"><\/div><\/div><div class=\"fg-item fg-type-image fg-idle\"><figure class=\"fg-item-inner\"><a href=\"https:\/\/acligphoto.fr\/wp-content\/uploads\/2022\/12\/08_Escalier_Albert.jpg\" data-caption-title=\"Photo d&#039;Albert\" data-caption-desc=\"J\u2019ai emprunt\u00e9 cet escalier qui m\u00e8ne au ciel sur les pentes du Puy de Sancy mais dans le sens descendant, je ne suis pas press\u00e9 !\" data-attachment-id=\"9041\" data-type=\"image\" class=\"fg-thumb\"><span class=\"fg-image-wrap\"><img decoding=\"async\" title=\"Photo d&#039;Albert\" width=\"150\" height=\"150\" class=\"skip-lazy fg-image\" data-src-fg=\"https:\/\/acligphoto.fr\/wp-content\/uploads\/cache\/2022\/12\/08_Escalier_Albert\/1902444122.jpg\" src=\"data:image\/svg+xml,%3Csvg%20xmlns%3D%22http%3A%2F%2Fwww.w3.org%2F2000%2Fsvg%22%20width%3D%22150%22%20height%3D%22150%22%20viewBox%3D%220%200%20150%20150%22%3E%3C%2Fsvg%3E\" loading=\"eager\"><\/span><span class=\"fg-image-overlay\"><\/span><\/a><figcaption class=\"fg-caption\"><div class=\"fg-caption-inner\"><div class=\"fg-caption-title\">Photo d&rsquo;Albert<\/div><div class=\"fg-caption-desc\">J\u2019ai emprunt\u00e9 cet escalier qui m\u00e8ne au ciel sur les pentes du Puy de Sancy mais dans le sens descendant, je ne suis pas press\u00e9 !<\/div><\/div><\/figcaption><\/figure><div class=\"fg-loader\"><\/div><\/div><div class=\"fg-item fg-type-image fg-idle\"><figure class=\"fg-item-inner\"><a href=\"https:\/\/acligphoto.fr\/wp-content\/uploads\/2022\/12\/07_Escalier_Alan.jpg\" data-caption-title=\"Photo d&#039;Alan : Titre : &quot;Escalier \u00e0 Syros  &quot;\" data-caption-desc=\"Ma photo a \u00e9t\u00e9 prise dans les Cyclades \u00e0 Syros, qui est l&#039;une des plus petites de l&#039;archipel, situ\u00e9 au sud-est d&#039;Ath\u00e8nes dans la mer Eg\u00e9e.\" data-attachment-id=\"9040\" data-type=\"image\" class=\"fg-thumb\"><span class=\"fg-image-wrap\"><img decoding=\"async\" title=\"Photo d&#039;Alan : Titre : &quot;Escalier \u00e0 Syros  &quot;\" width=\"150\" height=\"150\" class=\"skip-lazy fg-image\" data-src-fg=\"https:\/\/acligphoto.fr\/wp-content\/uploads\/cache\/2022\/12\/07_Escalier_Alan\/2388322926.jpg\" src=\"data:image\/svg+xml,%3Csvg%20xmlns%3D%22http%3A%2F%2Fwww.w3.org%2F2000%2Fsvg%22%20width%3D%22150%22%20height%3D%22150%22%20viewBox%3D%220%200%20150%20150%22%3E%3C%2Fsvg%3E\" loading=\"eager\"><\/span><span class=\"fg-image-overlay\"><\/span><\/a><figcaption class=\"fg-caption\"><div class=\"fg-caption-inner\"><div class=\"fg-caption-title\">Photo d&rsquo;Alan : Titre : \u00ab\u00a0Escalier \u00e0 Syros  \u00ab\u00a0<\/div><div class=\"fg-caption-desc\">Ma photo a \u00e9t\u00e9 prise dans les Cyclades \u00e0 Syros, qui est l&rsquo;une des plus petites de l&rsquo;archipel, situ\u00e9 au sud-est d&rsquo;Ath\u00e8nes dans la mer Eg\u00e9e.<\/div><\/div><\/figcaption><\/figure><div class=\"fg-loader\"><\/div><\/div><div class=\"fg-item fg-type-image fg-idle\"><figure class=\"fg-item-inner\"><a href=\"https:\/\/acligphoto.fr\/wp-content\/uploads\/2022\/12\/06_Escalier_Gilbert.jpeg\" data-caption-title=\"Photo de Gilbert : Titre : \u00ab L\u2019escalier du phare de la Coubre&#039;&#039;\" data-caption-desc=\"Le Phare de La Coubre surveille l\u2019Estuaire de la Gironde depuis 1905 et indique \u00e9galement la pr\u00e9sence de bancs de sable dangereux, qui ont caus\u00e9 le naufrage de plusieurs navires. C\u2019est le phare le plus haut des c\u00f4tes Charentaises et l\u2019un des plus puissants de France.\nConstruit en 1904 et mis en service le 1er octobre 1905, il est le 3\u00e8me des grands Phares de La Coubre.\" data-attachment-id=\"9039\" data-type=\"image\" class=\"fg-thumb\"><span class=\"fg-image-wrap\"><img decoding=\"async\" title=\"Photo de Gilbert : Titre : \u00ab L\u2019escalier du phare de la Coubre&#039;&#039;\" width=\"150\" height=\"150\" class=\"skip-lazy fg-image\" data-src-fg=\"https:\/\/acligphoto.fr\/wp-content\/uploads\/cache\/2022\/12\/06_Escalier_Gilbert\/4105794301.jpeg\" src=\"data:image\/svg+xml,%3Csvg%20xmlns%3D%22http%3A%2F%2Fwww.w3.org%2F2000%2Fsvg%22%20width%3D%22150%22%20height%3D%22150%22%20viewBox%3D%220%200%20150%20150%22%3E%3C%2Fsvg%3E\" loading=\"eager\"><\/span><span class=\"fg-image-overlay\"><\/span><\/a><figcaption class=\"fg-caption\"><div class=\"fg-caption-inner\"><div class=\"fg-caption-title\">Photo de Gilbert : Titre : \u00ab L\u2019escalier du phare de la Coubre\u00a0\u00bb<\/div><div class=\"fg-caption-desc\">Le Phare de La Coubre surveille l\u2019Estuaire de la Gironde depuis 1905 et indique \u00e9galement la pr\u00e9sence de bancs de sable dangereux, qui ont caus\u00e9 le naufrage de plusieurs navires. C\u2019est le phare le plus haut des c\u00f4tes Charentaises et l\u2019un des plus puissants de France.\nConstruit en 1904 et mis en service le 1er octobre 1905, il est le 3\u00e8me des grands Phares de La Coubre.<\/div><\/div><\/figcaption><\/figure><div class=\"fg-loader\"><\/div><\/div><div class=\"fg-item fg-type-image fg-idle\"><figure class=\"fg-item-inner\"><a href=\"https:\/\/acligphoto.fr\/wp-content\/uploads\/2022\/12\/05_Escalier_Gerard.jpg\" data-caption-title=\"Photo de G\u00e9rard\" data-caption-desc=\"Souvenir de vacances \u00e0 Rhodes en Gr\u00e8ce avec cet escalier menant \u00e0 la ville haute sur l&#039;\u00eele de Symi.\" data-attachment-id=\"9038\" data-type=\"image\" class=\"fg-thumb\"><span class=\"fg-image-wrap\"><img decoding=\"async\" title=\"Photo de G\u00e9rard\" width=\"150\" height=\"150\" class=\"skip-lazy fg-image\" data-src-fg=\"https:\/\/acligphoto.fr\/wp-content\/uploads\/cache\/2022\/12\/05_Escalier_Gerard\/3365473394.jpg\" src=\"data:image\/svg+xml,%3Csvg%20xmlns%3D%22http%3A%2F%2Fwww.w3.org%2F2000%2Fsvg%22%20width%3D%22150%22%20height%3D%22150%22%20viewBox%3D%220%200%20150%20150%22%3E%3C%2Fsvg%3E\" loading=\"eager\"><\/span><span class=\"fg-image-overlay\"><\/span><\/a><figcaption class=\"fg-caption\"><div class=\"fg-caption-inner\"><div class=\"fg-caption-title\">Photo de G\u00e9rard<\/div><div class=\"fg-caption-desc\">Souvenir de vacances \u00e0 Rhodes en Gr\u00e8ce avec cet escalier menant \u00e0 la ville haute sur l&rsquo;\u00eele de Symi.<\/div><\/div><\/figcaption><\/figure><div class=\"fg-loader\"><\/div><\/div><div class=\"fg-item fg-type-image fg-idle\"><figure class=\"fg-item-inner\"><a href=\"https:\/\/acligphoto.fr\/wp-content\/uploads\/2022\/12\/04_Escalier_Jean_Louis.jpg\" data-caption-title=\"Photo de Jean-Louis\" data-caption-desc=\"Parti \u00e0 la recherche d&#039;un tag, j&#039;ai d\u00e9couvert le plaisir des photos urbaines en noir et blanc et les jeux de lignes de fuite\" data-attachment-id=\"9037\" data-type=\"image\" class=\"fg-thumb\"><span class=\"fg-image-wrap\"><img decoding=\"async\" title=\"Photo de Jean-Louis\" width=\"150\" height=\"150\" class=\"skip-lazy fg-image\" data-src-fg=\"https:\/\/acligphoto.fr\/wp-content\/uploads\/cache\/2022\/12\/04_Escalier_Jean_Louis\/1209993713.jpg\" src=\"data:image\/svg+xml,%3Csvg%20xmlns%3D%22http%3A%2F%2Fwww.w3.org%2F2000%2Fsvg%22%20width%3D%22150%22%20height%3D%22150%22%20viewBox%3D%220%200%20150%20150%22%3E%3C%2Fsvg%3E\" loading=\"eager\"><\/span><span class=\"fg-image-overlay\"><\/span><\/a><figcaption class=\"fg-caption\"><div class=\"fg-caption-inner\"><div class=\"fg-caption-title\">Photo de Jean-Louis<\/div><div class=\"fg-caption-desc\">Parti \u00e0 la recherche d&rsquo;un tag, j&rsquo;ai d\u00e9couvert le plaisir des photos urbaines en noir et blanc et les jeux de lignes de fuite<\/div><\/div><\/figcaption><\/figure><div class=\"fg-loader\"><\/div><\/div><div class=\"fg-item fg-type-image fg-idle\"><figure class=\"fg-item-inner\"><a href=\"https:\/\/acligphoto.fr\/wp-content\/uploads\/2022\/12\/03_Escalier_Florence.jpg\" data-caption-title=\"Photo de Florence : Titre \u00ab Cath\u00e9drale de G\u00e9rone \u00bb\" data-caption-desc=\"Photo prise \u00e0 G\u00e9rone en Espagne cet \u00e9t\u00e9. L\u2019Escalier de style baroque de 86 marches de la cath\u00e9drale Sainte Marie de G\u00e9rone. \nDans la s\u00e9rie \u00e0 succ\u00e8s Game of Thrones, les r\u00e9alisateurs ont tourn\u00e9 plusieurs sc\u00e8nes ici et vont s\u2019en servir pour trois des villes cit\u00e9es : Braavos, Oldtown, et Kings Landing. Depuis, les touristes affluent et se prennent en photo sur les marches.\" data-attachment-id=\"9036\" data-type=\"image\" class=\"fg-thumb\"><span class=\"fg-image-wrap\"><img decoding=\"async\" title=\"Photo de Florence : Titre \u00ab Cath\u00e9drale de G\u00e9rone \u00bb\" width=\"150\" height=\"150\" class=\"skip-lazy fg-image\" data-src-fg=\"https:\/\/acligphoto.fr\/wp-content\/uploads\/cache\/2022\/12\/03_Escalier_Florence\/3117272352.jpg\" src=\"data:image\/svg+xml,%3Csvg%20xmlns%3D%22http%3A%2F%2Fwww.w3.org%2F2000%2Fsvg%22%20width%3D%22150%22%20height%3D%22150%22%20viewBox%3D%220%200%20150%20150%22%3E%3C%2Fsvg%3E\" loading=\"eager\"><\/span><span class=\"fg-image-overlay\"><\/span><\/a><figcaption class=\"fg-caption\"><div class=\"fg-caption-inner\"><div class=\"fg-caption-title\">Photo de Florence : Titre \u00ab Cath\u00e9drale de G\u00e9rone \u00bb<\/div><div class=\"fg-caption-desc\">Photo prise \u00e0 G\u00e9rone en Espagne cet \u00e9t\u00e9. L\u2019Escalier de style baroque de 86 marches de la cath\u00e9drale Sainte Marie de G\u00e9rone. \nDans la s\u00e9rie \u00e0 succ\u00e8s Game of Thrones, les r\u00e9alisateurs ont tourn\u00e9 plusieurs sc\u00e8nes ici et vont s\u2019en servir pour trois des villes cit\u00e9es : Braavos, Oldtown, et Kings Landing. Depuis, les touristes affluent et se prennent en photo sur les marches.<\/div><\/div><\/figcaption><\/figure><div class=\"fg-loader\"><\/div><\/div><div class=\"fg-item fg-type-image fg-idle\"><figure class=\"fg-item-inner\"><a href=\"https:\/\/acligphoto.fr\/wp-content\/uploads\/2022\/12\/02_Escalier_Jose.jpg\" data-caption-title=\"Photo de Jos\u00e9\" data-caption-desc=\"Petite composition d&#039;escaliers de Valparaiso, la ville aux 7 collines et aux 1000 escaliers. Photos prises lors de mon s\u00e9jour au Chili avec mon reflex et en automatique.\" data-attachment-id=\"9035\" data-type=\"image\" class=\"fg-thumb\"><span class=\"fg-image-wrap\"><img decoding=\"async\" title=\"Photo de Jos\u00e9\" width=\"150\" height=\"150\" class=\"skip-lazy fg-image\" data-src-fg=\"https:\/\/acligphoto.fr\/wp-content\/uploads\/cache\/2022\/12\/02_Escalier_Jose\/1394450639.jpg\" src=\"data:image\/svg+xml,%3Csvg%20xmlns%3D%22http%3A%2F%2Fwww.w3.org%2F2000%2Fsvg%22%20width%3D%22150%22%20height%3D%22150%22%20viewBox%3D%220%200%20150%20150%22%3E%3C%2Fsvg%3E\" loading=\"eager\"><\/span><span class=\"fg-image-overlay\"><\/span><\/a><figcaption class=\"fg-caption\"><div class=\"fg-caption-inner\"><div class=\"fg-caption-title\">Photo de Jos\u00e9<\/div><div class=\"fg-caption-desc\">Petite composition d&rsquo;escaliers de Valparaiso, la ville aux 7 collines et aux 1000 escaliers. Photos prises lors de mon s\u00e9jour au Chili avec mon reflex et en automatique.<\/div><\/div><\/figcaption><\/figure><div class=\"fg-loader\"><\/div><\/div><div class=\"fg-item fg-type-image fg-idle\"><figure class=\"fg-item-inner\"><a href=\"https:\/\/acligphoto.fr\/wp-content\/uploads\/2022\/12\/01_Escalier_Lisa.jpg\" data-caption-title=\"Photo de Lisa : Titre \u00ab Vite on rentre \u00bb\" data-caption-desc=\"Une photo qui a \u00e9t\u00e9 prise lors d&#039;une sortie \u00e0 l&#039;espace Malraux en 2019 avec un flou volontaire pour les personnages.\" data-attachment-id=\"9034\" data-type=\"image\" class=\"fg-thumb\"><span class=\"fg-image-wrap\"><img decoding=\"async\" title=\"Photo de Lisa : Titre \u00ab Vite on rentre \u00bb\" width=\"150\" height=\"150\" class=\"skip-lazy fg-image\" data-src-fg=\"https:\/\/acligphoto.fr\/wp-content\/uploads\/cache\/2022\/12\/01_Escalier_Lisa\/1369377068.jpg\" src=\"data:image\/svg+xml,%3Csvg%20xmlns%3D%22http%3A%2F%2Fwww.w3.org%2F2000%2Fsvg%22%20width%3D%22150%22%20height%3D%22150%22%20viewBox%3D%220%200%20150%20150%22%3E%3C%2Fsvg%3E\" loading=\"eager\"><\/span><span class=\"fg-image-overlay\"><\/span><\/a><figcaption class=\"fg-caption\"><div class=\"fg-caption-inner\"><div class=\"fg-caption-title\">Photo de Lisa : Titre \u00ab Vite on rentre \u00bb<\/div><div class=\"fg-caption-desc\">Une photo qui a \u00e9t\u00e9 prise lors d&rsquo;une sortie \u00e0 l&rsquo;espace Malraux en 2019 avec un flou volontaire pour les personnages.<\/div><\/div><\/figcaption><\/figure><div class=\"fg-loader\"><\/div><\/div><\/div>\n","protected":false},"excerpt":{"rendered":"<p>Escalier<\/p>\n","protected":false},"author":27,"featured_media":9048,"comment_status":"closed","ping_status":"open","sticky":true,"template":"","format":"standard","meta":{"_bbp_topic_count":0,"_bbp_reply_count":0,"_bbp_total_topic_count":0,"_bbp_total_reply_count":0,"_bbp_voice_count":0,"_bbp_anonymous_reply_count":0,"_bbp_topic_count_hidden":0,"_bbp_reply_count_hidden":0,"_bbp_forum_subforum_count":0,"footnotes":""},"categories":[7],"tags":[],"class_list":["post-9032","post","type-post","status-publish","format-standard","has-post-thumbnail","hentry","category-vie-de-latelier"],"_links":{"self":[{"href":"https:\/\/acligphoto.fr\/index.php?rest_route=\/wp\/v2\/posts\/9032","targetHints":{"allow":["GET"]}}],"collection":[{"href":"https:\/\/acligphoto.fr\/index.php?rest_route=\/wp\/v2\/posts"}],"about":[{"href":"https:\/\/acligphoto.fr\/index.php?rest_route=\/wp\/v2\/types\/post"}],"author":[{"embeddable":true,"href":"https:\/\/acligphoto.fr\/index.php?rest_route=\/wp\/v2\/users\/27"}],"replies":[{"embeddable":true,"href":"https:\/\/acligphoto.fr\/index.php?rest_route=%2Fwp%2Fv2%2Fcomments&post=9032"}],"version-history":[{"count":2,"href":"https:\/\/acligphoto.fr\/index.php?rest_route=\/wp\/v2\/posts\/9032\/revisions"}],"predecessor-version":[{"id":9052,"href":"https:\/\/acligphoto.fr\/index.php?rest_route=\/wp\/v2\/posts\/9032\/revisions\/9052"}],"wp:featuredmedia":[{"embeddable":true,"href":"https:\/\/acligphoto.fr\/index.php?rest_route=\/wp\/v2\/media\/9048"}],"wp:attachment":[{"href":"https:\/\/acligphoto.fr\/index.php?rest_route=%2Fwp%2Fv2%2Fmedia&parent=9032"}],"wp:term":[{"taxonomy":"category","embeddable":true,"href":"https:\/\/acligphoto.fr\/index.php?rest_route=%2Fwp%2Fv2%2Fcategories&post=9032"},{"taxonomy":"post_tag","embeddable":true,"href":"https:\/\/acligphoto.fr\/index.php?rest_route=%2Fwp%2Fv2%2Ftags&post=9032"}],"curies":[{"name":"wp","href":"https:\/\/api.w.org\/{rel}","templated":true}]}}