{"id":876,"date":"2020-01-11T19:44:56","date_gmt":"2020-01-11T18:44:56","guid":{"rendered":"https:\/\/acligphoto.fr\/?p=876"},"modified":"2020-01-30T08:57:11","modified_gmt":"2020-01-30T07:57:11","slug":"raconte-ta-photo-acte-ii-le-feu","status":"publish","type":"post","link":"https:\/\/acligphoto.fr\/?p=876","title":{"rendered":"Raconte ta photo ! Acte II, le feu"},"content":{"rendered":"\n<p>Raconte ta photo est une  activit\u00e9 r\u00e9currente destin\u00e9e \u00e0 recentrer le propos  sur la technique et l&rsquo;esth\u00e9tique photographique car nous avions fini par transformer les analyses d&rsquo;images en concours d&rsquo;\u00e9loquence. <\/p>\n\n\n\n<p>S\u00e9ance du vendredi 10 janvier 2020, th\u00e8me impos\u00e9 : le feu<\/p>\n\n\n\n<style type=\"text\/css\">\n#foogallery-gallery-875 .fg-image { width: 150px; }\n#foogallery-gallery-875 { --fg-gutter: 10px; }<\/style>\n\t\t\t<div class=\"foogallery foogallery-container foogallery-default foogallery-lightbox-foobox fg-center fg-default fg-ready fg-light fg-border-thin fg-shadow-outline fg-loading-default fg-loaded-fade-in fg-caption-hover fg-hover-fade fg-hover-zoom\" id=\"foogallery-gallery-875\" data-foogallery=\"{&quot;item&quot;:{&quot;showCaptionTitle&quot;:true,&quot;showCaptionDescription&quot;:true},&quot;lazy&quot;:true}\" style=\"--fg-title-line-clamp: 0; --fg-description-line-clamp: 0;\" >\n\t<div class=\"fg-item fg-type-image fg-idle\"><figure class=\"fg-item-inner\"><a href=\"https:\/\/acligphoto.fr\/wp-content\/uploads\/2020\/01\/20_Feux-tricolores_Franc\u0327ois-S.jpg\" data-caption-title=\"Feux tricolores par Fran\u00e7ois Spring\" data-caption-desc=\"1\/8s f\/11.0 ISO3200 90mm (35mm eq:135mm) avec boitier Fuji XPro2 Pose lente sur pied, 3 prises de vue, une pour chaque couleur de feu. Superposition dans Photoshop\nChoix de cette prise de vue : Je n&#039;ai pas de chemin\u00e9e, il est interdit de faire du feu dans le lotissement et l&#039;Australie c&#039;est beaucoup trop loin. Je n&#039;aurai pas pu faire cette photo si nous \u00e9tions anglophone puisqu&#039;en anglais on dit &quot;traffic Lights&quot; et non pas &quot;Fires. J&#039;ai eu aussi l&#039;id\u00e9e de mettre &quot;le feu aux joues&quot; d&#039;une jolie femme mais \u00e7a avait d\u00e9j\u00e0 \u00e9t\u00e9 fait  et sans nul doute en bien mieux par Bettina Rheims\" data-attachment-id=\"873\" data-type=\"image\" class=\"fg-thumb\"><span class=\"fg-image-wrap\"><img decoding=\"async\" title=\"Feux tricolores par Fran\u00e7ois Spring\" width=\"150\" height=\"150\" class=\"skip-lazy fg-image\" data-src-fg=\"https:\/\/acligphoto.fr\/wp-content\/uploads\/cache\/2020\/01\/20_Feux-tricolores_Franc\u0327ois-S\/1747395458.jpg\" src=\"data:image\/svg+xml,%3Csvg%20xmlns%3D%22http%3A%2F%2Fwww.w3.org%2F2000%2Fsvg%22%20width%3D%22150%22%20height%3D%22150%22%20viewBox%3D%220%200%20150%20150%22%3E%3C%2Fsvg%3E\" loading=\"eager\"><\/span><span class=\"fg-image-overlay\"><\/span><\/a><figcaption class=\"fg-caption\"><div class=\"fg-caption-inner\"><div class=\"fg-caption-title\">Feux tricolores par Fran\u00e7ois Spring<\/div><div class=\"fg-caption-desc\">1\/8s f\/11.0 ISO3200 90mm (35mm eq:135mm) avec boitier Fuji XPro2 Pose lente sur pied, 3 prises de vue, une pour chaque couleur de feu. Superposition dans Photoshop\nChoix de cette prise de vue : Je n'ai pas de chemin\u00e9e, il est interdit de faire du feu dans le lotissement et l'Australie c'est beaucoup trop loin. Je n'aurai pas pu faire cette photo si nous \u00e9tions anglophone puisqu'en anglais on dit \"traffic Lights\" et non pas \"Fires. J'ai eu aussi l'id\u00e9e de mettre \"le feu aux joues\" d'une jolie femme mais \u00e7a avait d\u00e9j\u00e0 \u00e9t\u00e9 fait  et sans nul doute en bien mieux par Bettina Rheims<\/div><\/div><\/figcaption><\/figure><div class=\"fg-loader\"><\/div><\/div><div class=\"fg-item fg-type-image fg-idle\"><figure class=\"fg-item-inner\"><a href=\"https:\/\/acligphoto.fr\/wp-content\/uploads\/2020\/01\/19_Vision-denfer-climatique_Alain-T.jpg\" data-caption-title=\"Vision d&#039;enfer climatique par Alain Th\u00e9bault\" data-caption-desc=\"1\/10s f\/4.0 ISO200 55mm (35mm eq:83mm) avec Fuji XT10 \npour l&#039;mage de la braise ardente. Superposition de deux images, en arri\u00e8re plan, feu tourbillonnant pour aspect d&#039;apocalypse. Motivation : Vue personnelle du cauchemar australien.\" data-attachment-id=\"872\" data-type=\"image\" class=\"fg-thumb\"><span class=\"fg-image-wrap\"><img decoding=\"async\" title=\"Vision d&#039;enfer climatique par Alain Th\u00e9bault\" width=\"150\" height=\"150\" class=\"skip-lazy fg-image\" data-src-fg=\"https:\/\/acligphoto.fr\/wp-content\/uploads\/cache\/2020\/01\/19_Vision-denfer-climatique_Alain-T\/3435075805.jpg\" src=\"data:image\/svg+xml,%3Csvg%20xmlns%3D%22http%3A%2F%2Fwww.w3.org%2F2000%2Fsvg%22%20width%3D%22150%22%20height%3D%22150%22%20viewBox%3D%220%200%20150%20150%22%3E%3C%2Fsvg%3E\" loading=\"eager\"><\/span><span class=\"fg-image-overlay\"><\/span><\/a><figcaption class=\"fg-caption\"><div class=\"fg-caption-inner\"><div class=\"fg-caption-title\">Vision d'enfer climatique par Alain Th\u00e9bault<\/div><div class=\"fg-caption-desc\">1\/10s f\/4.0 ISO200 55mm (35mm eq:83mm) avec Fuji XT10 \npour l'mage de la braise ardente. Superposition de deux images, en arri\u00e8re plan, feu tourbillonnant pour aspect d'apocalypse. Motivation : Vue personnelle du cauchemar australien.<\/div><\/div><\/figcaption><\/figure><div class=\"fg-loader\"><\/div><\/div><div class=\"fg-item fg-type-image fg-idle\"><figure class=\"fg-item-inner\"><a href=\"https:\/\/acligphoto.fr\/wp-content\/uploads\/2020\/01\/18_Balade-en-fore\u0302t-Meusienne_Robert-K.jpg\" data-caption-title=\"Balade en fore\u0302t Meusienne par Robert Klauth\" data-caption-desc=\"1\/80s f\/25.0 ISO1000 82mm (35mm eq:82mm) avec bo\u00eetier NIKON D750 zoom Nikkor 28\/300mm priorit\u00e9 vitesse.\nSinon tout est dit sur le panneau !\" data-attachment-id=\"871\" data-type=\"image\" class=\"fg-thumb\"><span class=\"fg-image-wrap\"><img decoding=\"async\" title=\"Balade en fore\u0302t Meusienne par Robert Klauth\" width=\"150\" height=\"150\" class=\"skip-lazy fg-image\" data-src-fg=\"https:\/\/acligphoto.fr\/wp-content\/uploads\/cache\/2020\/01\/18_Balade-en-fore\u0302t-Meusienne_Robert-K\/2787730476.jpg\" src=\"data:image\/svg+xml,%3Csvg%20xmlns%3D%22http%3A%2F%2Fwww.w3.org%2F2000%2Fsvg%22%20width%3D%22150%22%20height%3D%22150%22%20viewBox%3D%220%200%20150%20150%22%3E%3C%2Fsvg%3E\" loading=\"eager\"><\/span><span class=\"fg-image-overlay\"><\/span><\/a><figcaption class=\"fg-caption\"><div class=\"fg-caption-inner\"><div class=\"fg-caption-title\">Balade en fore\u0302t Meusienne par Robert Klauth<\/div><div class=\"fg-caption-desc\">1\/80s f\/25.0 ISO1000 82mm (35mm eq:82mm) avec bo\u00eetier NIKON D750 zoom Nikkor 28\/300mm priorit\u00e9 vitesse.\nSinon tout est dit sur le panneau !<\/div><\/div><\/figcaption><\/figure><div class=\"fg-loader\"><\/div><\/div><div class=\"fg-item fg-type-image fg-idle\"><figure class=\"fg-item-inner\"><a href=\"https:\/\/acligphoto.fr\/wp-content\/uploads\/2020\/01\/17_Tri-bougies_Louis-D.jpg\" data-caption-title=\"Tri-bougies par Louis Doerr\" data-caption-desc=\"0.8s f\/5.6 ISO200 14mm (35mm eq:28mm) avec Olympus E-M1MarkII \nDispositif : Bougie allum\u00e9e pos\u00e9e sur un miroir et ajouts par surimpression, fond noir papier.\" data-attachment-id=\"870\" data-type=\"image\" class=\"fg-thumb\"><span class=\"fg-image-wrap\"><img decoding=\"async\" title=\"Tri-bougies par Louis Doerr\" width=\"150\" height=\"150\" class=\"skip-lazy fg-image\" data-src-fg=\"https:\/\/acligphoto.fr\/wp-content\/uploads\/cache\/2020\/01\/17_Tri-bougies_Louis-D\/2271976426.jpg\" src=\"data:image\/svg+xml,%3Csvg%20xmlns%3D%22http%3A%2F%2Fwww.w3.org%2F2000%2Fsvg%22%20width%3D%22150%22%20height%3D%22150%22%20viewBox%3D%220%200%20150%20150%22%3E%3C%2Fsvg%3E\" loading=\"eager\"><\/span><span class=\"fg-image-overlay\"><\/span><\/a><figcaption class=\"fg-caption\"><div class=\"fg-caption-inner\"><div class=\"fg-caption-title\">Tri-bougies par Louis Doerr<\/div><div class=\"fg-caption-desc\">0.8s f\/5.6 ISO200 14mm (35mm eq:28mm) avec Olympus E-M1MarkII \nDispositif : Bougie allum\u00e9e pos\u00e9e sur un miroir et ajouts par surimpression, fond noir papier.<\/div><\/div><\/figcaption><\/figure><div class=\"fg-loader\"><\/div><\/div><div class=\"fg-item fg-type-image fg-idle\"><figure class=\"fg-item-inner\"><a href=\"https:\/\/acligphoto.fr\/wp-content\/uploads\/2020\/01\/15_FEU_Jose\u0301-R.jpg\" data-caption-title=\"Les flammes par Jos\u00e9 Reymann\" data-caption-desc=\"Il s&#039;agit de ma photo la mieux r\u00e9ussie de toute une s\u00e9rie sur le th\u00e8me : 1\/400s f\/5.0 ISO200 44mm  avec Canon EOS 700D zoom 17-85mm \u00e0 main lev\u00e9e. priorit\u00e9 vitesse et diaphragme, iso auto.\" data-attachment-id=\"868\" data-type=\"image\" class=\"fg-thumb\"><span class=\"fg-image-wrap\"><img decoding=\"async\" title=\"Les flammes par Jos\u00e9 Reymann\" width=\"150\" height=\"150\" class=\"skip-lazy fg-image\" data-src-fg=\"https:\/\/acligphoto.fr\/wp-content\/uploads\/cache\/2020\/01\/15_FEU_Jose\u0301-R\/1370901932.jpg\" src=\"data:image\/svg+xml,%3Csvg%20xmlns%3D%22http%3A%2F%2Fwww.w3.org%2F2000%2Fsvg%22%20width%3D%22150%22%20height%3D%22150%22%20viewBox%3D%220%200%20150%20150%22%3E%3C%2Fsvg%3E\" loading=\"eager\"><\/span><span class=\"fg-image-overlay\"><\/span><\/a><figcaption class=\"fg-caption\"><div class=\"fg-caption-inner\"><div class=\"fg-caption-title\">Les flammes par Jos\u00e9 Reymann<\/div><div class=\"fg-caption-desc\">Il s'agit de ma photo la mieux r\u00e9ussie de toute une s\u00e9rie sur le th\u00e8me : 1\/400s f\/5.0 ISO200 44mm  avec Canon EOS 700D zoom 17-85mm \u00e0 main lev\u00e9e. priorit\u00e9 vitesse et diaphragme, iso auto.<\/div><\/div><\/figcaption><\/figure><div class=\"fg-loader\"><\/div><\/div><div class=\"fg-item fg-type-image fg-idle\"><figure class=\"fg-item-inner\"><a href=\"https:\/\/acligphoto.fr\/wp-content\/uploads\/2020\/01\/14_Danger-Orange_Guy-F.jpg\" data-caption-title=\"Feu Orange : Danger ! par Guy Feltz\" data-caption-desc=\"1\/900s f\/1.9 ISO40 3.7mm (35mm eq:28mm) photophone Samsung SM-A510F. Le sujet m&#039;est &quot;tomb\u00e9&quot; dans l&#039;\u0153il en passant vite fait en ville pour un dernier achat avant mon d\u00e9part pour le Tchad !\" data-attachment-id=\"867\" data-type=\"image\" class=\"fg-thumb\"><span class=\"fg-image-wrap\"><img decoding=\"async\" title=\"Feu Orange : Danger ! par Guy Feltz\" width=\"150\" height=\"150\" class=\"skip-lazy fg-image\" data-src-fg=\"https:\/\/acligphoto.fr\/wp-content\/uploads\/cache\/2020\/01\/14_Danger-Orange_Guy-F\/174503257.jpg\" src=\"data:image\/svg+xml,%3Csvg%20xmlns%3D%22http%3A%2F%2Fwww.w3.org%2F2000%2Fsvg%22%20width%3D%22150%22%20height%3D%22150%22%20viewBox%3D%220%200%20150%20150%22%3E%3C%2Fsvg%3E\" loading=\"eager\"><\/span><span class=\"fg-image-overlay\"><\/span><\/a><figcaption class=\"fg-caption\"><div class=\"fg-caption-inner\"><div class=\"fg-caption-title\">Feu Orange : Danger ! par Guy Feltz<\/div><div class=\"fg-caption-desc\">1\/900s f\/1.9 ISO40 3.7mm (35mm eq:28mm) photophone Samsung SM-A510F. Le sujet m'est \"tomb\u00e9\" dans l'\u0153il en passant vite fait en ville pour un dernier achat avant mon d\u00e9part pour le Tchad !<\/div><\/div><\/figcaption><\/figure><div class=\"fg-loader\"><\/div><\/div><div class=\"fg-item fg-type-image fg-idle\"><figure class=\"fg-item-inner\"><a href=\"https:\/\/acligphoto.fr\/wp-content\/uploads\/2020\/01\/13_Menton_Gilbert-W.jpg\" data-caption-title=\"F\u00eate du citron \u00e0 Menton par Gilbert Woerth\" data-caption-desc=\"1\/50s f\/5.6 ISO160 26mm Nikon D610 \u00e0 main lev\u00e9e en mode manuel\" data-attachment-id=\"866\" data-type=\"image\" class=\"fg-thumb\"><span class=\"fg-image-wrap\"><img decoding=\"async\" title=\"F\u00eate du citron \u00e0 Menton par Gilbert Woerth\" width=\"150\" height=\"150\" class=\"skip-lazy fg-image\" data-src-fg=\"https:\/\/acligphoto.fr\/wp-content\/uploads\/cache\/2020\/01\/13_Menton_Gilbert-W\/3861979847.jpg\" src=\"data:image\/svg+xml,%3Csvg%20xmlns%3D%22http%3A%2F%2Fwww.w3.org%2F2000%2Fsvg%22%20width%3D%22150%22%20height%3D%22150%22%20viewBox%3D%220%200%20150%20150%22%3E%3C%2Fsvg%3E\" loading=\"eager\"><\/span><span class=\"fg-image-overlay\"><\/span><\/a><figcaption class=\"fg-caption\"><div class=\"fg-caption-inner\"><div class=\"fg-caption-title\">F\u00eate du citron \u00e0 Menton par Gilbert Woerth<\/div><div class=\"fg-caption-desc\">1\/50s f\/5.6 ISO160 26mm Nikon D610 \u00e0 main lev\u00e9e en mode manuel<\/div><\/div><\/figcaption><\/figure><div class=\"fg-loader\"><\/div><\/div><div class=\"fg-item fg-type-image fg-idle\"><figure class=\"fg-item-inner\"><a href=\"https:\/\/acligphoto.fr\/wp-content\/uploads\/2020\/01\/03_Blac-feu_Be\u0301atrice-L.jpeg\" data-caption-title=\"sans titre B\u00e9atrice Lacour\" data-caption-desc=\"1\/80s f\/6.3 ISO500 macro 60mm Olympus E-M10MarkII. Dans une pi\u00e8ce noire avec un miroir pour obtenir une seconde image (virtuelle) de la flamme. Il faisait trop froid pour sortir... c&#039;est un feu d&#039;int\u00e9rieur.\" data-attachment-id=\"856\" data-type=\"image\" class=\"fg-thumb\"><span class=\"fg-image-wrap\"><img decoding=\"async\" title=\"sans titre B\u00e9atrice Lacour\" width=\"150\" height=\"150\" class=\"skip-lazy fg-image\" data-src-fg=\"https:\/\/acligphoto.fr\/wp-content\/uploads\/cache\/2020\/01\/03_Blac-feu_Be\u0301atrice-L\/2862115383.jpeg\" src=\"data:image\/svg+xml,%3Csvg%20xmlns%3D%22http%3A%2F%2Fwww.w3.org%2F2000%2Fsvg%22%20width%3D%22150%22%20height%3D%22150%22%20viewBox%3D%220%200%20150%20150%22%3E%3C%2Fsvg%3E\" loading=\"eager\"><\/span><span class=\"fg-image-overlay\"><\/span><\/a><figcaption class=\"fg-caption\"><div class=\"fg-caption-inner\"><div class=\"fg-caption-title\">sans titre B\u00e9atrice Lacour<\/div><div class=\"fg-caption-desc\">1\/80s f\/6.3 ISO500 macro 60mm Olympus E-M10MarkII. Dans une pi\u00e8ce noire avec un miroir pour obtenir une seconde image (virtuelle) de la flamme. Il faisait trop froid pour sortir... c'est un feu d'int\u00e9rieur.<\/div><\/div><\/figcaption><\/figure><div class=\"fg-loader\"><\/div><\/div><div class=\"fg-item fg-type-image fg-idle\"><figure class=\"fg-item-inner\"><a href=\"https:\/\/acligphoto.fr\/wp-content\/uploads\/2020\/01\/04_Feu-dartifice-strombolien_Christian-H.jpg\" data-caption-title=\"Feu d&#039;artifice strombolien par Christian Heimburger\" data-caption-desc=\"microNikkor 55mm f\/2,8 pose B \u00e0 f\/8 param\u00e8tres conseill\u00e9s par le regrett\u00e9 Maurice Krafft pour la Kodachrome 64 cadrage au jug\u00e9 dans la nuit.\" data-attachment-id=\"857\" data-type=\"image\" class=\"fg-thumb\"><span class=\"fg-image-wrap\"><img decoding=\"async\" title=\"Feu d&#039;artifice strombolien par Christian Heimburger\" width=\"150\" height=\"150\" class=\"skip-lazy fg-image\" data-src-fg=\"https:\/\/acligphoto.fr\/wp-content\/uploads\/cache\/2020\/01\/04_Feu-dartifice-strombolien_Christian-H\/1785067525.jpg\" src=\"data:image\/svg+xml,%3Csvg%20xmlns%3D%22http%3A%2F%2Fwww.w3.org%2F2000%2Fsvg%22%20width%3D%22150%22%20height%3D%22150%22%20viewBox%3D%220%200%20150%20150%22%3E%3C%2Fsvg%3E\" loading=\"eager\"><\/span><span class=\"fg-image-overlay\"><\/span><\/a><figcaption class=\"fg-caption\"><div class=\"fg-caption-inner\"><div class=\"fg-caption-title\">Feu d'artifice strombolien par Christian Heimburger<\/div><div class=\"fg-caption-desc\">microNikkor 55mm f\/2,8 pose B \u00e0 f\/8 param\u00e8tres conseill\u00e9s par le regrett\u00e9 Maurice Krafft pour la Kodachrome 64 cadrage au jug\u00e9 dans la nuit.<\/div><\/div><\/figcaption><\/figure><div class=\"fg-loader\"><\/div><\/div><div class=\"fg-item fg-type-image fg-idle\"><figure class=\"fg-item-inner\"><a href=\"https:\/\/acligphoto.fr\/wp-content\/uploads\/2020\/01\/05_Chimera_Christian-S.jpg\" data-caption-title=\"Chimera par Christian Sauter\" data-caption-desc=\"1\/2500s f\/5.6 ISO1600 31mm (35mm eq:62mm) avec Olympus E-M1MarkII\nIl s&#039;agit de gaz naturel en combustion permanente qui s&#039;\u00e9chappe \u00e0 flanc de rochers sur la c\u00f4te lycienne en Turquie (le mont Chim\u00e8re). Le ph\u00e9nom\u00e8ne est attest\u00e9 depuis 2500 ans au moins. La photo a \u00e9t\u00e9 prise de nuit \u00e0 environ 1m de distance \u00e0 une vitesse \u00e9lev\u00e9e pour figer le mouvement des flammes. La difficult\u00e9 r\u00e9side dans la dynamique extr\u00eame entre le noir de la nuit et la lumi\u00e8re donn\u00e9e par la flamme. Quand l&#039;esth\u00e9tique et l&#039;Histoire se rejoignent, c&#039;est une motivation suppl\u00e9mentaire pour d\u00e9clencher.\" data-attachment-id=\"858\" data-type=\"image\" class=\"fg-thumb\"><span class=\"fg-image-wrap\"><img decoding=\"async\" title=\"Chimera par Christian Sauter\" width=\"150\" height=\"150\" class=\"skip-lazy fg-image\" data-src-fg=\"https:\/\/acligphoto.fr\/wp-content\/uploads\/cache\/2020\/01\/05_Chimera_Christian-S\/4242939908.jpg\" src=\"data:image\/svg+xml,%3Csvg%20xmlns%3D%22http%3A%2F%2Fwww.w3.org%2F2000%2Fsvg%22%20width%3D%22150%22%20height%3D%22150%22%20viewBox%3D%220%200%20150%20150%22%3E%3C%2Fsvg%3E\" loading=\"eager\"><\/span><span class=\"fg-image-overlay\"><\/span><\/a><figcaption class=\"fg-caption\"><div class=\"fg-caption-inner\"><div class=\"fg-caption-title\">Chimera par Christian Sauter<\/div><div class=\"fg-caption-desc\">1\/2500s f\/5.6 ISO1600 31mm (35mm eq:62mm) avec Olympus E-M1MarkII\nIl s'agit de gaz naturel en combustion permanente qui s'\u00e9chappe \u00e0 flanc de rochers sur la c\u00f4te lycienne en Turquie (le mont Chim\u00e8re). Le ph\u00e9nom\u00e8ne est attest\u00e9 depuis 2500 ans au moins. La photo a \u00e9t\u00e9 prise de nuit \u00e0 environ 1m de distance \u00e0 une vitesse \u00e9lev\u00e9e pour figer le mouvement des flammes. La difficult\u00e9 r\u00e9side dans la dynamique extr\u00eame entre le noir de la nuit et la lumi\u00e8re donn\u00e9e par la flamme. Quand l'esth\u00e9tique et l'Histoire se rejoignent, c'est une motivation suppl\u00e9mentaire pour d\u00e9clencher.<\/div><\/div><\/figcaption><\/figure><div class=\"fg-loader\"><\/div><\/div><div class=\"fg-item fg-type-image fg-idle\"><figure class=\"fg-item-inner\"><a href=\"https:\/\/acligphoto.fr\/wp-content\/uploads\/2020\/01\/06_La-danse-du-feu_Christophe-M.jpg\" data-caption-title=\"La danse du feu par Christophe Mougenot\" data-caption-desc=\"1\/400s f\/10.0 ISO3200 26.4mm (35mm eq:72mm) avec le Pansonic Lumix LX15\nEn N&amp;amp;B pour mettre l&#039;accent sur les formes sauvages prises par les gaz enflamm\u00e9s.\" data-attachment-id=\"859\" data-type=\"image\" class=\"fg-thumb\"><span class=\"fg-image-wrap\"><img decoding=\"async\" title=\"La danse du feu par Christophe Mougenot\" width=\"150\" height=\"150\" class=\"skip-lazy fg-image\" data-src-fg=\"https:\/\/acligphoto.fr\/wp-content\/uploads\/cache\/2020\/01\/06_La-danse-du-feu_Christophe-M\/668413329.jpg\" src=\"data:image\/svg+xml,%3Csvg%20xmlns%3D%22http%3A%2F%2Fwww.w3.org%2F2000%2Fsvg%22%20width%3D%22150%22%20height%3D%22150%22%20viewBox%3D%220%200%20150%20150%22%3E%3C%2Fsvg%3E\" loading=\"eager\"><\/span><span class=\"fg-image-overlay\"><\/span><\/a><figcaption class=\"fg-caption\"><div class=\"fg-caption-inner\"><div class=\"fg-caption-title\">La danse du feu par Christophe Mougenot<\/div><div class=\"fg-caption-desc\">1\/400s f\/10.0 ISO3200 26.4mm (35mm eq:72mm) avec le Pansonic Lumix LX15\nEn N&amp;B pour mettre l'accent sur les formes sauvages prises par les gaz enflamm\u00e9s.<\/div><\/div><\/figcaption><\/figure><div class=\"fg-loader\"><\/div><\/div><div class=\"fg-item fg-type-image fg-idle\"><figure class=\"fg-item-inner\"><a href=\"https:\/\/acligphoto.fr\/wp-content\/uploads\/2020\/01\/07_Ma-flamme_Danie\u0300le-B.jpg\" data-caption-title=\"Ma flamme par Dani\u00e8le B\u00e9jean\" data-caption-desc=\"1\/100s f\/5.0 ISO200 22mm avec Olympus E-M5MarkII.\nPhoto prise dans la chemin\u00e9e dans une relative obscurit\u00e9 avec priorit\u00e9 au diaphragme.\" data-attachment-id=\"860\" data-type=\"image\" class=\"fg-thumb\"><span class=\"fg-image-wrap\"><img decoding=\"async\" title=\"Ma flamme par Dani\u00e8le B\u00e9jean\" width=\"150\" height=\"150\" class=\"skip-lazy fg-image\" data-src-fg=\"https:\/\/acligphoto.fr\/wp-content\/uploads\/cache\/2020\/01\/07_Ma-flamme_Danie\u0300le-B\/2066172652.jpg\" src=\"data:image\/svg+xml,%3Csvg%20xmlns%3D%22http%3A%2F%2Fwww.w3.org%2F2000%2Fsvg%22%20width%3D%22150%22%20height%3D%22150%22%20viewBox%3D%220%200%20150%20150%22%3E%3C%2Fsvg%3E\" loading=\"eager\"><\/span><span class=\"fg-image-overlay\"><\/span><\/a><figcaption class=\"fg-caption\"><div class=\"fg-caption-inner\"><div class=\"fg-caption-title\">Ma flamme par Dani\u00e8le B\u00e9jean<\/div><div class=\"fg-caption-desc\">1\/100s f\/5.0 ISO200 22mm avec Olympus E-M5MarkII.\nPhoto prise dans la chemin\u00e9e dans une relative obscurit\u00e9 avec priorit\u00e9 au diaphragme.<\/div><\/div><\/figcaption><\/figure><div class=\"fg-loader\"><\/div><\/div><div class=\"fg-item fg-type-image fg-idle\"><figure class=\"fg-item-inner\"><a href=\"https:\/\/acligphoto.fr\/wp-content\/uploads\/2020\/01\/08_braise_Didier-R.jpg\" data-caption-title=\"Braises par Didier Roehri\" data-caption-desc=\"1s f\/3.6 ISO1600 24.3mm (35mm eq:36mm) Fuji XT1 \nphoto des restes d&#039;un brasier en for\u00eat prise \u00e0 main lev\u00e9e.\" data-attachment-id=\"861\" data-type=\"image\" class=\"fg-thumb\"><span class=\"fg-image-wrap\"><img decoding=\"async\" title=\"Braises par Didier Roehri\" width=\"150\" height=\"150\" class=\"skip-lazy fg-image\" data-src-fg=\"https:\/\/acligphoto.fr\/wp-content\/uploads\/cache\/2020\/01\/08_braise_Didier-R\/2473160727.jpg\" src=\"data:image\/svg+xml,%3Csvg%20xmlns%3D%22http%3A%2F%2Fwww.w3.org%2F2000%2Fsvg%22%20width%3D%22150%22%20height%3D%22150%22%20viewBox%3D%220%200%20150%20150%22%3E%3C%2Fsvg%3E\" loading=\"eager\"><\/span><span class=\"fg-image-overlay\"><\/span><\/a><figcaption class=\"fg-caption\"><div class=\"fg-caption-inner\"><div class=\"fg-caption-title\">Braises par Didier Roehri<\/div><div class=\"fg-caption-desc\">1s f\/3.6 ISO1600 24.3mm (35mm eq:36mm) Fuji XT1 \nphoto des restes d'un brasier en for\u00eat prise \u00e0 main lev\u00e9e.<\/div><\/div><\/figcaption><\/figure><div class=\"fg-loader\"><\/div><\/div><div class=\"fg-item fg-type-image fg-idle\"><figure class=\"fg-item-inner\"><a href=\"https:\/\/acligphoto.fr\/wp-content\/uploads\/2020\/01\/09_Jeu-dallumettes_Florence-R.jpg\" data-caption-title=\"Jeu avec les allumettes\" data-caption-desc=\"Objectif Nikon 24-120mm \u00e0 92mm F\/7,1 1\/500s, iso 200 sur tr\u00e9pied dans l&#039;obscurit\u00e9 sur fond noir. \nDispositif : allumettes piqu\u00e9es dans une mousse plac\u00e9es c\u00f4te \u00e0 c\u00f4te, une petite main pour allumer la premi\u00e8re allumette ...En rafale, priorit\u00e9 vitesse pour \u00eatre s\u00fbre d&#039;avoir un bel effet.\" data-attachment-id=\"862\" data-type=\"image\" class=\"fg-thumb\"><span class=\"fg-image-wrap\"><img decoding=\"async\" title=\"Jeu avec les allumettes\" width=\"150\" height=\"150\" class=\"skip-lazy fg-image\" data-src-fg=\"https:\/\/acligphoto.fr\/wp-content\/uploads\/cache\/2020\/01\/09_Jeu-dallumettes_Florence-R\/4265519473.jpg\" src=\"data:image\/svg+xml,%3Csvg%20xmlns%3D%22http%3A%2F%2Fwww.w3.org%2F2000%2Fsvg%22%20width%3D%22150%22%20height%3D%22150%22%20viewBox%3D%220%200%20150%20150%22%3E%3C%2Fsvg%3E\" loading=\"eager\"><\/span><span class=\"fg-image-overlay\"><\/span><\/a><figcaption class=\"fg-caption\"><div class=\"fg-caption-inner\"><div class=\"fg-caption-title\">Jeu avec les allumettes<\/div><div class=\"fg-caption-desc\">Objectif Nikon 24-120mm \u00e0 92mm F\/7,1 1\/500s, iso 200 sur tr\u00e9pied dans l'obscurit\u00e9 sur fond noir. \nDispositif : allumettes piqu\u00e9es dans une mousse plac\u00e9es c\u00f4te \u00e0 c\u00f4te, une petite main pour allumer la premi\u00e8re allumette ...En rafale, priorit\u00e9 vitesse pour \u00eatre s\u00fbre d'avoir un bel effet.<\/div><\/div><\/figcaption><\/figure><div class=\"fg-loader\"><\/div><\/div><div class=\"fg-item fg-type-image fg-idle\"><figure class=\"fg-item-inner\"><a href=\"https:\/\/acligphoto.fr\/wp-content\/uploads\/2020\/01\/10_Francis-M-.jpg\" data-caption-title=\"Anniversaire par Francis Motsch\" data-caption-desc=\"1\/250s f\/3.5 ISO140 24mm (35mm eq:24mm)  avec Nikon D800\nPhoto prise au B\u00e9nin \u00e0 l&#039;occasion d&#039;une c\u00e9r\u00e9monie Vaudoue organis\u00e9e pour mon anniversaire. J&#039;ai d\u00fb allumer le feu moi-m\u00eame pour chasser les mauvais esprits et avoir la Force et la Chance. Le flash int\u00e9gr\u00e9 a \u00e9t\u00e9 actionn\u00e9 pour att\u00e9nuer le contraste entre les personnages et la lumi\u00e8re donn\u00e9e par le brasier.\" data-attachment-id=\"863\" data-type=\"image\" class=\"fg-thumb\"><span class=\"fg-image-wrap\"><img decoding=\"async\" title=\"Anniversaire par Francis Motsch\" width=\"150\" height=\"150\" class=\"skip-lazy fg-image\" data-src-fg=\"https:\/\/acligphoto.fr\/wp-content\/uploads\/cache\/2020\/01\/10_Francis-M-\/953462737.jpg\" src=\"data:image\/svg+xml,%3Csvg%20xmlns%3D%22http%3A%2F%2Fwww.w3.org%2F2000%2Fsvg%22%20width%3D%22150%22%20height%3D%22150%22%20viewBox%3D%220%200%20150%20150%22%3E%3C%2Fsvg%3E\" loading=\"eager\"><\/span><span class=\"fg-image-overlay\"><\/span><\/a><figcaption class=\"fg-caption\"><div class=\"fg-caption-inner\"><div class=\"fg-caption-title\">Anniversaire par Francis Motsch<\/div><div class=\"fg-caption-desc\">1\/250s f\/3.5 ISO140 24mm (35mm eq:24mm)  avec Nikon D800\nPhoto prise au B\u00e9nin \u00e0 l'occasion d'une c\u00e9r\u00e9monie Vaudoue organis\u00e9e pour mon anniversaire. J'ai d\u00fb allumer le feu moi-m\u00eame pour chasser les mauvais esprits et avoir la Force et la Chance. Le flash int\u00e9gr\u00e9 a \u00e9t\u00e9 actionn\u00e9 pour att\u00e9nuer le contraste entre les personnages et la lumi\u00e8re donn\u00e9e par le brasier.<\/div><\/div><\/figcaption><\/figure><div class=\"fg-loader\"><\/div><\/div><div class=\"fg-item fg-type-image fg-idle\"><figure class=\"fg-item-inner\"><a href=\"https:\/\/acligphoto.fr\/wp-content\/uploads\/2020\/01\/11_Le-feu-du-nouvel-an_Ge\u0301rard-G.jpg\" data-caption-title=\"Le Feu du nouvel an par G\u00e9rard Geyer\" data-caption-desc=\"1\/125s f\/2.8 ISO400 8.8mm avec le Sony DSC RX100MarkIV\nPhoto prise de nuit dans mon jardin sans flash pour une bonne restitution de l&#039;ambiance.\" data-attachment-id=\"864\" data-type=\"image\" class=\"fg-thumb\"><span class=\"fg-image-wrap\"><img decoding=\"async\" title=\"Le Feu du nouvel an par G\u00e9rard Geyer\" width=\"150\" height=\"150\" class=\"skip-lazy fg-image\" data-src-fg=\"https:\/\/acligphoto.fr\/wp-content\/uploads\/cache\/2020\/01\/11_Le-feu-du-nouvel-an_Ge\u0301rard-G\/650201948.jpg\" src=\"data:image\/svg+xml,%3Csvg%20xmlns%3D%22http%3A%2F%2Fwww.w3.org%2F2000%2Fsvg%22%20width%3D%22150%22%20height%3D%22150%22%20viewBox%3D%220%200%20150%20150%22%3E%3C%2Fsvg%3E\" loading=\"eager\"><\/span><span class=\"fg-image-overlay\"><\/span><\/a><figcaption class=\"fg-caption\"><div class=\"fg-caption-inner\"><div class=\"fg-caption-title\">Le Feu du nouvel an par G\u00e9rard Geyer<\/div><div class=\"fg-caption-desc\">1\/125s f\/2.8 ISO400 8.8mm avec le Sony DSC RX100MarkIV\nPhoto prise de nuit dans mon jardin sans flash pour une bonne restitution de l'ambiance.<\/div><\/div><\/figcaption><\/figure><div class=\"fg-loader\"><\/div><\/div><div class=\"fg-item fg-type-image fg-idle\"><figure class=\"fg-item-inner\"><a href=\"https:\/\/acligphoto.fr\/wp-content\/uploads\/2020\/01\/02_Armand-T.jpg\" data-caption-title=\"Le four \u00e0 fouaces par Armand Troestler\" data-caption-desc=\"1\/20s f\/2.8 ISO1600 14.5mm (35mm eq:40mm) SONY DSC-RX100M3\nLa fouace ou fou\u00e9e sp\u00e9cialit\u00e9 angevine est un petit pain cuit au four \u00e0 bois et que l&#039;on fourre avec toutes sortes d&#039;aliments. Une sorte de &quot;Chich&quot; kebab local. Restaurant troglodyte &quot;Cath\u00e9drales de la Saulaie&quot; de Dou\u00e9-la-Fontaine, am\u00e9nag\u00e9 dans une ancienne carri\u00e8re de falun.\" data-attachment-id=\"855\" data-type=\"image\" class=\"fg-thumb\"><span class=\"fg-image-wrap\"><img decoding=\"async\" title=\"Le four \u00e0 fouaces par Armand Troestler\" width=\"150\" height=\"150\" class=\"skip-lazy fg-image\" data-src-fg=\"https:\/\/acligphoto.fr\/wp-content\/uploads\/cache\/2020\/01\/02_Armand-T\/840302123.jpg\" src=\"data:image\/svg+xml,%3Csvg%20xmlns%3D%22http%3A%2F%2Fwww.w3.org%2F2000%2Fsvg%22%20width%3D%22150%22%20height%3D%22150%22%20viewBox%3D%220%200%20150%20150%22%3E%3C%2Fsvg%3E\" loading=\"eager\"><\/span><span class=\"fg-image-overlay\"><\/span><\/a><figcaption class=\"fg-caption\"><div class=\"fg-caption-inner\"><div class=\"fg-caption-title\">Le four \u00e0 fouaces par Armand Troestler<\/div><div class=\"fg-caption-desc\">1\/20s f\/2.8 ISO1600 14.5mm (35mm eq:40mm) SONY DSC-RX100M3\nLa fouace ou fou\u00e9e sp\u00e9cialit\u00e9 angevine est un petit pain cuit au four \u00e0 bois et que l'on fourre avec toutes sortes d'aliments. Une sorte de \"Chich\" kebab local. Restaurant troglodyte \"Cath\u00e9drales de la Saulaie\" de Dou\u00e9-la-Fontaine, am\u00e9nag\u00e9 dans une ancienne carri\u00e8re de falun.<\/div><\/div><\/figcaption><\/figure><div class=\"fg-loader\"><\/div><\/div><div class=\"fg-item fg-type-image fg-idle\"><figure class=\"fg-item-inner\"><a href=\"https:\/\/acligphoto.fr\/wp-content\/uploads\/2020\/01\/01_Etincelles-_Albert-P.jpg\" data-caption-title=\"Etincelles par Albert Perrin\" data-caption-desc=\"1.6s f\/6.3 ISO200 7.4mm (35mm eq:38mm) Panasonic DMC-FZ50\nPhoto prise \u00e0 main lev\u00e9e mais avec appui sur une poubelle ! Nuit tomb\u00e9e pas de flash.\nDes rafales de vent attisaient le feu en projetant des \u00e9tincelles et je voulais capter leur parcours. C&#039;\u00e9tait risqu\u00e9 sans pied mais je l&#039;ai prise et le r\u00e9sultat vous l&#039;avez sous les yeux. Pas parfait mais \u00e7a me plait bien.\" data-attachment-id=\"854\" data-type=\"image\" class=\"fg-thumb\"><span class=\"fg-image-wrap\"><img decoding=\"async\" title=\"Etincelles par Albert Perrin\" width=\"150\" height=\"150\" class=\"skip-lazy fg-image\" data-src-fg=\"https:\/\/acligphoto.fr\/wp-content\/uploads\/cache\/2020\/01\/01_Etincelles-_Albert-P\/1549720038.jpg\" src=\"data:image\/svg+xml,%3Csvg%20xmlns%3D%22http%3A%2F%2Fwww.w3.org%2F2000%2Fsvg%22%20width%3D%22150%22%20height%3D%22150%22%20viewBox%3D%220%200%20150%20150%22%3E%3C%2Fsvg%3E\" loading=\"eager\"><\/span><span class=\"fg-image-overlay\"><\/span><\/a><figcaption class=\"fg-caption\"><div class=\"fg-caption-inner\"><div class=\"fg-caption-title\">Etincelles par Albert Perrin<\/div><div class=\"fg-caption-desc\">1.6s f\/6.3 ISO200 7.4mm (35mm eq:38mm) Panasonic DMC-FZ50\nPhoto prise \u00e0 main lev\u00e9e mais avec appui sur une poubelle ! Nuit tomb\u00e9e pas de flash.\nDes rafales de vent attisaient le feu en projetant des \u00e9tincelles et je voulais capter leur parcours. C'\u00e9tait risqu\u00e9 sans pied mais je l'ai prise et le r\u00e9sultat vous l'avez sous les yeux. Pas parfait mais \u00e7a me plait bien.<\/div><\/div><\/figcaption><\/figure><div class=\"fg-loader\"><\/div><\/div><div class=\"fg-item fg-type-image fg-idle\"><figure class=\"fg-item-inner\"><a href=\"https:\/\/acligphoto.fr\/wp-content\/uploads\/2020\/01\/P1060010_DxO.jpg\" data-caption-title=\"Un ange passe...\" data-caption-desc=\"1\/8s f\/6.3 ISO800 35mm(\u00e9quiv 70mm)  avec Olympus E-M1MarkII sur tr\u00e9pied. RAW trait\u00e9 par DXO corrections pour le fond dans le logiciel Photo d&#039;Apple.\" data-attachment-id=\"882\" data-type=\"image\" class=\"fg-thumb\"><span class=\"fg-image-wrap\"><img decoding=\"async\" title=\"Un ange passe...\" width=\"150\" height=\"150\" class=\"skip-lazy fg-image\" data-src-fg=\"https:\/\/acligphoto.fr\/wp-content\/uploads\/cache\/2020\/01\/P1060010_DxO\/994061262.jpg\" src=\"data:image\/svg+xml,%3Csvg%20xmlns%3D%22http%3A%2F%2Fwww.w3.org%2F2000%2Fsvg%22%20width%3D%22150%22%20height%3D%22150%22%20viewBox%3D%220%200%20150%20150%22%3E%3C%2Fsvg%3E\" loading=\"eager\"><\/span><span class=\"fg-image-overlay\"><\/span><\/a><figcaption class=\"fg-caption\"><div class=\"fg-caption-inner\"><div class=\"fg-caption-title\">Un ange passe...<\/div><div class=\"fg-caption-desc\">1\/8s f\/6.3 ISO800 35mm(\u00e9quiv 70mm)  avec Olympus E-M1MarkII sur tr\u00e9pied. RAW trait\u00e9 par DXO corrections pour le fond dans le logiciel Photo d'Apple.<\/div><\/div><\/figcaption><\/figure><div class=\"fg-loader\"><\/div><\/div><div class=\"fg-item fg-type-image fg-idle\"><figure class=\"fg-item-inner\"><a href=\"https:\/\/acligphoto.fr\/wp-content\/uploads\/2020\/01\/DSC9146-1.jpg\" data-caption-title=\"A l&#039;endroit comme a\u0300 l&#039;envers par Lisa Molaro\" data-caption-desc=\"Dans une pi\u00e8ce sombre avec appoint de la lumi\u00e8re indirecte d&#039;un spot. objectif zoom 28-300 F\/6,3 1\/320s iso 640. C&#039;est une image issue d&#039;une s\u00e9rie en cours (photos dans une boule )\" data-attachment-id=\"910\" data-type=\"image\" class=\"fg-thumb\"><span class=\"fg-image-wrap\"><img decoding=\"async\" title=\"A l&#039;endroit comme a\u0300 l&#039;envers par Lisa Molaro\" width=\"150\" height=\"150\" class=\"skip-lazy fg-image\" data-src-fg=\"https:\/\/acligphoto.fr\/wp-content\/uploads\/cache\/2020\/01\/DSC9146-1\/1302479417.jpg\" src=\"data:image\/svg+xml,%3Csvg%20xmlns%3D%22http%3A%2F%2Fwww.w3.org%2F2000%2Fsvg%22%20width%3D%22150%22%20height%3D%22150%22%20viewBox%3D%220%200%20150%20150%22%3E%3C%2Fsvg%3E\" loading=\"eager\"><\/span><span class=\"fg-image-overlay\"><\/span><\/a><figcaption class=\"fg-caption\"><div class=\"fg-caption-inner\"><div class=\"fg-caption-title\">A l'endroit comme a\u0300 l'envers par Lisa Molaro<\/div><div class=\"fg-caption-desc\">Dans une pi\u00e8ce sombre avec appoint de la lumi\u00e8re indirecte d'un spot. objectif zoom 28-300 F\/6,3 1\/320s iso 640. C'est une image issue d'une s\u00e9rie en cours (photos dans une boule )<\/div><\/div><\/figcaption><\/figure><div class=\"fg-loader\"><\/div><\/div><\/div>\n\n","protected":false},"excerpt":{"rendered":"<p>Raconte ta photo est une activit\u00e9 r\u00e9currente destin\u00e9e \u00e0 recentrer le propos sur la technique et l&rsquo;esth\u00e9tique photographique car nous avions fini par transformer les analyses d&rsquo;images en concours d&rsquo;\u00e9loquence. S\u00e9ance du vendredi 10 janvier 2020, th\u00e8me impos\u00e9 : le feu<\/p>\n","protected":false},"author":1,"featured_media":864,"comment_status":"closed","ping_status":"open","sticky":false,"template":"","format":"standard","meta":{"_bbp_topic_count":0,"_bbp_reply_count":0,"_bbp_total_topic_count":0,"_bbp_total_reply_count":0,"_bbp_voice_count":0,"_bbp_anonymous_reply_count":0,"_bbp_topic_count_hidden":0,"_bbp_reply_count_hidden":0,"_bbp_forum_subforum_count":0,"footnotes":""},"categories":[7],"tags":[],"class_list":["post-876","post","type-post","status-publish","format-standard","has-post-thumbnail","hentry","category-vie-de-latelier"],"_links":{"self":[{"href":"https:\/\/acligphoto.fr\/index.php?rest_route=\/wp\/v2\/posts\/876","targetHints":{"allow":["GET"]}}],"collection":[{"href":"https:\/\/acligphoto.fr\/index.php?rest_route=\/wp\/v2\/posts"}],"about":[{"href":"https:\/\/acligphoto.fr\/index.php?rest_route=\/wp\/v2\/types\/post"}],"author":[{"embeddable":true,"href":"https:\/\/acligphoto.fr\/index.php?rest_route=\/wp\/v2\/users\/1"}],"replies":[{"embeddable":true,"href":"https:\/\/acligphoto.fr\/index.php?rest_route=%2Fwp%2Fv2%2Fcomments&post=876"}],"version-history":[{"count":3,"href":"https:\/\/acligphoto.fr\/index.php?rest_route=\/wp\/v2\/posts\/876\/revisions"}],"predecessor-version":[{"id":879,"href":"https:\/\/acligphoto.fr\/index.php?rest_route=\/wp\/v2\/posts\/876\/revisions\/879"}],"wp:featuredmedia":[{"embeddable":true,"href":"https:\/\/acligphoto.fr\/index.php?rest_route=\/wp\/v2\/media\/864"}],"wp:attachment":[{"href":"https:\/\/acligphoto.fr\/index.php?rest_route=%2Fwp%2Fv2%2Fmedia&parent=876"}],"wp:term":[{"taxonomy":"category","embeddable":true,"href":"https:\/\/acligphoto.fr\/index.php?rest_route=%2Fwp%2Fv2%2Fcategories&post=876"},{"taxonomy":"post_tag","embeddable":true,"href":"https:\/\/acligphoto.fr\/index.php?rest_route=%2Fwp%2Fv2%2Ftags&post=876"}],"curies":[{"name":"wp","href":"https:\/\/api.w.org\/{rel}","templated":true}]}}