{"id":8040,"date":"2022-07-01T08:41:48","date_gmt":"2022-07-01T06:41:48","guid":{"rendered":"https:\/\/acligphoto.fr\/?p=8040"},"modified":"2022-07-01T08:41:50","modified_gmt":"2022-07-01T06:41:50","slug":"raconte-ta-photo-episode-xxxvii","status":"publish","type":"post","link":"https:\/\/acligphoto.fr\/?p=8040","title":{"rendered":"Raconte ta photo, \u00e9pisode XXXVII"},"content":{"rendered":"\n<p class=\"has-large-font-size\">Sujet libre<\/p>\n\n\n<style type=\"text\/css\">\n#foogallery-gallery-8057 .fg-image { width: 150px; }\n#foogallery-gallery-8057 { --fg-gutter: 10px; }<\/style>\n\t\t\t<div class=\"foogallery foogallery-container foogallery-default foogallery-lightbox-foobox fg-center fg-default fg-ready fg-light fg-border-thin fg-shadow-outline fg-loading-default fg-loaded-fade-in fg-caption-hover fg-hover-fade fg-hover-zoom\" id=\"foogallery-gallery-8057\" data-foogallery=\"{&quot;item&quot;:{&quot;showCaptionTitle&quot;:true,&quot;showCaptionDescription&quot;:true},&quot;lazy&quot;:true}\" style=\"--fg-title-line-clamp: 0; --fg-description-line-clamp: 0;\" >\n\t<div class=\"fg-item fg-type-image fg-idle\"><figure class=\"fg-item-inner\"><a href=\"https:\/\/acligphoto.fr\/wp-content\/uploads\/2022\/07\/11_The\u0300melibre_Didier.jpg\" data-caption-title=\"\u00ab Une graniterie \u00bb Photo de Didier\" data-attachment-id=\"8056\" data-type=\"image\" class=\"fg-thumb\"><span class=\"fg-image-wrap\"><img decoding=\"async\" title=\"\u00ab Une graniterie \u00bb Photo de Didier\" width=\"150\" height=\"150\" class=\"skip-lazy fg-image\" data-src-fg=\"https:\/\/acligphoto.fr\/wp-content\/uploads\/cache\/2022\/07\/11_The\u0300melibre_Didier\/3382235889.jpg\" src=\"data:image\/svg+xml,%3Csvg%20xmlns%3D%22http%3A%2F%2Fwww.w3.org%2F2000%2Fsvg%22%20width%3D%22150%22%20height%3D%22150%22%20viewBox%3D%220%200%20150%20150%22%3E%3C%2Fsvg%3E\" loading=\"eager\"><\/span><span class=\"fg-image-overlay\"><\/span><\/a><figcaption class=\"fg-caption\"><div class=\"fg-caption-inner\"><div class=\"fg-caption-title\">\u00ab Une graniterie \u00bb Photo de Didier<\/div><\/div><\/figcaption><\/figure><div class=\"fg-loader\"><\/div><\/div><div class=\"fg-item fg-type-image fg-idle\"><figure class=\"fg-item-inner\"><a href=\"https:\/\/acligphoto.fr\/wp-content\/uploads\/2022\/07\/10_The\u0300melibre_Michel.jpg\" data-caption-title=\"Photo de Michel\" data-caption-desc=\"Pour lutter contre la morosit\u00e9 ambiante, &quot;les \u00e9pouvantails s\u00e8ment la pagaille \u00e0 Collioure&quot; th\u00e8me de cette exposition diss\u00e9min\u00e9e dans la ville. Je n&#039;ai pas pu en choisir un, je vous en offre donc 4.\" data-attachment-id=\"8055\" data-type=\"image\" class=\"fg-thumb\"><span class=\"fg-image-wrap\"><img decoding=\"async\" title=\"Photo de Michel\" width=\"150\" height=\"150\" class=\"skip-lazy fg-image\" data-src-fg=\"https:\/\/acligphoto.fr\/wp-content\/uploads\/cache\/2022\/07\/10_The\u0300melibre_Michel\/727499247.jpg\" src=\"data:image\/svg+xml,%3Csvg%20xmlns%3D%22http%3A%2F%2Fwww.w3.org%2F2000%2Fsvg%22%20width%3D%22150%22%20height%3D%22150%22%20viewBox%3D%220%200%20150%20150%22%3E%3C%2Fsvg%3E\" loading=\"eager\"><\/span><span class=\"fg-image-overlay\"><\/span><\/a><figcaption class=\"fg-caption\"><div class=\"fg-caption-inner\"><div class=\"fg-caption-title\">Photo de Michel<\/div><div class=\"fg-caption-desc\">Pour lutter contre la morosit\u00e9 ambiante, \u00ab\u00a0les \u00e9pouvantails s\u00e8ment la pagaille \u00e0 Collioure\u00a0\u00bb th\u00e8me de cette exposition diss\u00e9min\u00e9e dans la ville. Je n&rsquo;ai pas pu en choisir un, je vous en offre donc 4.<\/div><\/div><\/figcaption><\/figure><div class=\"fg-loader\"><\/div><\/div><div class=\"fg-item fg-type-image fg-idle\"><figure class=\"fg-item-inner\"><a href=\"https:\/\/acligphoto.fr\/wp-content\/uploads\/2022\/07\/09_The\u0300melibre_Klaudia.jpeg\" data-caption-title=\"Photo de Klaudia\" data-caption-desc=\"La Vieille Bourse de Lille et le Beffroi de la Chambre de Commerce et un OVNI....\" data-attachment-id=\"8054\" data-type=\"image\" class=\"fg-thumb\"><span class=\"fg-image-wrap\"><img decoding=\"async\" title=\"Photo de Klaudia\" width=\"150\" height=\"150\" class=\"skip-lazy fg-image\" data-src-fg=\"https:\/\/acligphoto.fr\/wp-content\/uploads\/cache\/2022\/07\/09_The\u0300melibre_Klaudia\/951686302.jpeg\" src=\"data:image\/svg+xml,%3Csvg%20xmlns%3D%22http%3A%2F%2Fwww.w3.org%2F2000%2Fsvg%22%20width%3D%22150%22%20height%3D%22150%22%20viewBox%3D%220%200%20150%20150%22%3E%3C%2Fsvg%3E\" loading=\"eager\"><\/span><span class=\"fg-image-overlay\"><\/span><\/a><figcaption class=\"fg-caption\"><div class=\"fg-caption-inner\"><div class=\"fg-caption-title\">Photo de Klaudia<\/div><div class=\"fg-caption-desc\">La Vieille Bourse de Lille et le Beffroi de la Chambre de Commerce et un OVNI&#8230;.<\/div><\/div><\/figcaption><\/figure><div class=\"fg-loader\"><\/div><\/div><div class=\"fg-item fg-type-image fg-idle\"><figure class=\"fg-item-inner\"><a href=\"https:\/\/acligphoto.fr\/wp-content\/uploads\/2022\/07\/08_The\u0300melibre_Lisa.jpg\" data-caption-title=\"\u00ab Partage \u00bb Photo de Lisa\" data-caption-desc=\"Photo prise dans la for\u00eat du Neudorf .......\nLors de notre sortie photo, nous avons \u00e9t\u00e9 tr\u00e8s g\u00e2t\u00e9s ce jour-l\u00e0, beaucoup de gu\u00eapiers et tr\u00e8s peu de photographes. Un temps magnifique, il n&#039;y avait qu&#039;\u00e0 d\u00e9clencher.\nJ&#039;ai eu la chance de faire quelques beaux clich\u00e9s dont voici un exemplaire.\" data-attachment-id=\"8053\" data-type=\"image\" class=\"fg-thumb\"><span class=\"fg-image-wrap\"><img decoding=\"async\" title=\"\u00ab Partage \u00bb Photo de Lisa\" width=\"150\" height=\"150\" class=\"skip-lazy fg-image\" data-src-fg=\"https:\/\/acligphoto.fr\/wp-content\/uploads\/cache\/2022\/07\/08_The\u0300melibre_Lisa\/287424715.jpg\" src=\"data:image\/svg+xml,%3Csvg%20xmlns%3D%22http%3A%2F%2Fwww.w3.org%2F2000%2Fsvg%22%20width%3D%22150%22%20height%3D%22150%22%20viewBox%3D%220%200%20150%20150%22%3E%3C%2Fsvg%3E\" loading=\"eager\"><\/span><span class=\"fg-image-overlay\"><\/span><\/a><figcaption class=\"fg-caption\"><div class=\"fg-caption-inner\"><div class=\"fg-caption-title\">\u00ab Partage \u00bb Photo de Lisa<\/div><div class=\"fg-caption-desc\">Photo prise dans la for\u00eat du Neudorf &#8230;&#8230;.\nLors de notre sortie photo, nous avons \u00e9t\u00e9 tr\u00e8s g\u00e2t\u00e9s ce jour-l\u00e0, beaucoup de gu\u00eapiers et tr\u00e8s peu de photographes. Un temps magnifique, il n&rsquo;y avait qu&rsquo;\u00e0 d\u00e9clencher.\nJ&rsquo;ai eu la chance de faire quelques beaux clich\u00e9s dont voici un exemplaire.<\/div><\/div><\/figcaption><\/figure><div class=\"fg-loader\"><\/div><\/div><div class=\"fg-item fg-type-image fg-idle\"><figure class=\"fg-item-inner\"><a href=\"https:\/\/acligphoto.fr\/wp-content\/uploads\/2022\/07\/07_The\u0300melibre_Florence.jpg\" data-caption-title=\"Photo de Florence\" data-caption-desc=\"Nouvel immeuble en construction dans nouveau quartier de Lingolsheim.\" data-attachment-id=\"8052\" data-type=\"image\" class=\"fg-thumb\"><span class=\"fg-image-wrap\"><img decoding=\"async\" title=\"Photo de Florence\" width=\"150\" height=\"150\" class=\"skip-lazy fg-image\" data-src-fg=\"https:\/\/acligphoto.fr\/wp-content\/uploads\/cache\/2022\/07\/07_The\u0300melibre_Florence\/1768893600.jpg\" src=\"data:image\/svg+xml,%3Csvg%20xmlns%3D%22http%3A%2F%2Fwww.w3.org%2F2000%2Fsvg%22%20width%3D%22150%22%20height%3D%22150%22%20viewBox%3D%220%200%20150%20150%22%3E%3C%2Fsvg%3E\" loading=\"eager\"><\/span><span class=\"fg-image-overlay\"><\/span><\/a><figcaption class=\"fg-caption\"><div class=\"fg-caption-inner\"><div class=\"fg-caption-title\">Photo de Florence<\/div><div class=\"fg-caption-desc\">Nouvel immeuble en construction dans nouveau quartier de Lingolsheim.<\/div><\/div><\/figcaption><\/figure><div class=\"fg-loader\"><\/div><\/div><div class=\"fg-item fg-type-image fg-idle\"><figure class=\"fg-item-inner\"><a href=\"https:\/\/acligphoto.fr\/wp-content\/uploads\/2022\/07\/06a_The\u0300melibre_Robert.jpg\" data-caption-title=\"Photo de Robert\" data-attachment-id=\"8051\" data-type=\"image\" class=\"fg-thumb\"><span class=\"fg-image-wrap\"><img decoding=\"async\" title=\"Photo de Robert\" width=\"150\" height=\"150\" class=\"skip-lazy fg-image\" data-src-fg=\"https:\/\/acligphoto.fr\/wp-content\/uploads\/cache\/2022\/07\/06a_The\u0300melibre_Robert\/4054271674.jpg\" src=\"data:image\/svg+xml,%3Csvg%20xmlns%3D%22http%3A%2F%2Fwww.w3.org%2F2000%2Fsvg%22%20width%3D%22150%22%20height%3D%22150%22%20viewBox%3D%220%200%20150%20150%22%3E%3C%2Fsvg%3E\" loading=\"eager\"><\/span><span class=\"fg-image-overlay\"><\/span><\/a><figcaption class=\"fg-caption\"><div class=\"fg-caption-inner\"><div class=\"fg-caption-title\">Photo de Robert<\/div><\/div><\/figcaption><\/figure><div class=\"fg-loader\"><\/div><\/div><div class=\"fg-item fg-type-image fg-idle\"><figure class=\"fg-item-inner\"><a href=\"https:\/\/acligphoto.fr\/wp-content\/uploads\/2022\/07\/06_The\u0300melibre_Robert.jpg\" data-caption-title=\"Photo de Robert\" data-caption-desc=\"Voici 2 photos de ma s\u00e9rie &quot;INCENDIE&quot; que j&#039;ai eu la chance de prendre en fin d&#039;apr\u00e8s-midi du mois juillet 2021 en rentrant chez moi, lors d&#039;un super incendie en plein centre du village d\u2019Inchtratzheim.\" data-attachment-id=\"8050\" data-type=\"image\" class=\"fg-thumb\"><span class=\"fg-image-wrap\"><img decoding=\"async\" title=\"Photo de Robert\" width=\"150\" height=\"150\" class=\"skip-lazy fg-image\" data-src-fg=\"https:\/\/acligphoto.fr\/wp-content\/uploads\/cache\/2022\/07\/06_The\u0300melibre_Robert\/3827719244.jpg\" src=\"data:image\/svg+xml,%3Csvg%20xmlns%3D%22http%3A%2F%2Fwww.w3.org%2F2000%2Fsvg%22%20width%3D%22150%22%20height%3D%22150%22%20viewBox%3D%220%200%20150%20150%22%3E%3C%2Fsvg%3E\" loading=\"eager\"><\/span><span class=\"fg-image-overlay\"><\/span><\/a><figcaption class=\"fg-caption\"><div class=\"fg-caption-inner\"><div class=\"fg-caption-title\">Photo de Robert<\/div><div class=\"fg-caption-desc\">Voici 2 photos de ma s\u00e9rie \u00ab\u00a0INCENDIE\u00a0\u00bb que j&rsquo;ai eu la chance de prendre en fin d&rsquo;apr\u00e8s-midi du mois juillet 2021 en rentrant chez moi, lors d&rsquo;un super incendie en plein centre du village d\u2019Inchtratzheim.<\/div><\/div><\/figcaption><\/figure><div class=\"fg-loader\"><\/div><\/div><div class=\"fg-item fg-type-image fg-idle\"><figure class=\"fg-item-inner\"><a href=\"https:\/\/acligphoto.fr\/wp-content\/uploads\/2022\/07\/05_The\u0300melibre_Daniel.jpg\" data-caption-title=\"\u00abPunaise ensanglant\u00e9e\u00bb Photo de Daniel\" data-caption-desc=\"Malgr\u00e9 le nom pas trop sympa de la punaise ensanglant\u00e9e, j\u2019ai choisi cette photo pour sa couleur dominante verte, apaisante et signe d\u2019espoir.\" data-attachment-id=\"8049\" data-type=\"image\" class=\"fg-thumb\"><span class=\"fg-image-wrap\"><img decoding=\"async\" title=\"\u00abPunaise ensanglant\u00e9e\u00bb Photo de Daniel\" width=\"150\" height=\"150\" class=\"skip-lazy fg-image\" data-src-fg=\"https:\/\/acligphoto.fr\/wp-content\/uploads\/cache\/2022\/07\/05_The\u0300melibre_Daniel\/2616094820.jpg\" src=\"data:image\/svg+xml,%3Csvg%20xmlns%3D%22http%3A%2F%2Fwww.w3.org%2F2000%2Fsvg%22%20width%3D%22150%22%20height%3D%22150%22%20viewBox%3D%220%200%20150%20150%22%3E%3C%2Fsvg%3E\" loading=\"eager\"><\/span><span class=\"fg-image-overlay\"><\/span><\/a><figcaption class=\"fg-caption\"><div class=\"fg-caption-inner\"><div class=\"fg-caption-title\">\u00abPunaise ensanglant\u00e9e\u00bb Photo de Daniel<\/div><div class=\"fg-caption-desc\">Malgr\u00e9 le nom pas trop sympa de la punaise ensanglant\u00e9e, j\u2019ai choisi cette photo pour sa couleur dominante verte, apaisante et signe d\u2019espoir.<\/div><\/div><\/figcaption><\/figure><div class=\"fg-loader\"><\/div><\/div><div class=\"fg-item fg-type-image fg-idle\"><figure class=\"fg-item-inner\"><a href=\"https:\/\/acligphoto.fr\/wp-content\/uploads\/2022\/07\/04a_The\u0300melibre_Jose\u0301.jpeg\" data-caption-title=\"Photo de Jos\u00e9\" data-attachment-id=\"8048\" data-type=\"image\" class=\"fg-thumb\"><span class=\"fg-image-wrap\"><img decoding=\"async\" title=\"Photo de Jos\u00e9\" width=\"150\" height=\"150\" class=\"skip-lazy fg-image\" data-src-fg=\"https:\/\/acligphoto.fr\/wp-content\/uploads\/cache\/2022\/07\/04a_The\u0300melibre_Jose\u0301\/277370604.jpeg\" src=\"data:image\/svg+xml,%3Csvg%20xmlns%3D%22http%3A%2F%2Fwww.w3.org%2F2000%2Fsvg%22%20width%3D%22150%22%20height%3D%22150%22%20viewBox%3D%220%200%20150%20150%22%3E%3C%2Fsvg%3E\" loading=\"eager\"><\/span><span class=\"fg-image-overlay\"><\/span><\/a><figcaption class=\"fg-caption\"><div class=\"fg-caption-inner\"><div class=\"fg-caption-title\">Photo de Jos\u00e9<\/div><\/div><\/figcaption><\/figure><div class=\"fg-loader\"><\/div><\/div><div class=\"fg-item fg-type-image fg-idle\"><figure class=\"fg-item-inner\"><a href=\"https:\/\/acligphoto.fr\/wp-content\/uploads\/2022\/07\/04_The\u0300melibre_Jose\u0301.jpeg\" data-caption-title=\"Photo de Jos\u00e9\" data-caption-desc=\"Je profite de mon escapade portugaise pour vous faire parvenir cette photo prise \u00e0 la vol\u00e9e sans r\u00e9glages ni retouches. Me voil\u00e0 LIBRE de choisir par quel c\u00f4t\u00e9 du plat je vais commencer la d\u00e9gustation de ces succulentes p\u00e2tisseries portugaises. Grand dilemme !\" data-attachment-id=\"8047\" data-type=\"image\" class=\"fg-thumb\"><span class=\"fg-image-wrap\"><img decoding=\"async\" title=\"Photo de Jos\u00e9\" width=\"150\" height=\"150\" class=\"skip-lazy fg-image\" data-src-fg=\"https:\/\/acligphoto.fr\/wp-content\/uploads\/cache\/2022\/07\/04_The\u0300melibre_Jose\u0301\/227658673.jpeg\" src=\"data:image\/svg+xml,%3Csvg%20xmlns%3D%22http%3A%2F%2Fwww.w3.org%2F2000%2Fsvg%22%20width%3D%22150%22%20height%3D%22150%22%20viewBox%3D%220%200%20150%20150%22%3E%3C%2Fsvg%3E\" loading=\"eager\"><\/span><span class=\"fg-image-overlay\"><\/span><\/a><figcaption class=\"fg-caption\"><div class=\"fg-caption-inner\"><div class=\"fg-caption-title\">Photo de Jos\u00e9<\/div><div class=\"fg-caption-desc\">Je profite de mon escapade portugaise pour vous faire parvenir cette photo prise \u00e0 la vol\u00e9e sans r\u00e9glages ni retouches. Me voil\u00e0 LIBRE de choisir par quel c\u00f4t\u00e9 du plat je vais commencer la d\u00e9gustation de ces succulentes p\u00e2tisseries portugaises. Grand dilemme !<\/div><\/div><\/figcaption><\/figure><div class=\"fg-loader\"><\/div><\/div><div class=\"fg-item fg-type-image fg-idle\"><figure class=\"fg-item-inner\"><a href=\"https:\/\/acligphoto.fr\/wp-content\/uploads\/2022\/07\/03_The\u0300melibre_Thomas.jpg\" data-caption-title=\"Photo de Thomas\" data-caption-desc=\"Je reviens d&#039;un s\u00e9jour dans les grands lacs italiens. Voici la villa del Balbianello, au lac de C\u00f4me, o\u00f9 ont \u00e9t\u00e9 tourn\u00e9s 3 films : en 1995 : Romance sur le lac de John Irvin avec Uma Thurman, en 2002 : Star Wars, \u00e9pisode II : L\u2019Attaque des clones de George Lucas avec Hayden\nChristensen et Natalie Portman et en 2006 : Casino royale de Martin Campbell (James Bond) avec Daniel Craig et Eva Green\n04 Photo de Jos\u00e9\" data-attachment-id=\"8046\" data-type=\"image\" class=\"fg-thumb\"><span class=\"fg-image-wrap\"><img decoding=\"async\" title=\"Photo de Thomas\" width=\"150\" height=\"150\" class=\"skip-lazy fg-image\" data-src-fg=\"https:\/\/acligphoto.fr\/wp-content\/uploads\/cache\/2022\/07\/03_The\u0300melibre_Thomas\/3599941537.jpg\" src=\"data:image\/svg+xml,%3Csvg%20xmlns%3D%22http%3A%2F%2Fwww.w3.org%2F2000%2Fsvg%22%20width%3D%22150%22%20height%3D%22150%22%20viewBox%3D%220%200%20150%20150%22%3E%3C%2Fsvg%3E\" loading=\"eager\"><\/span><span class=\"fg-image-overlay\"><\/span><\/a><figcaption class=\"fg-caption\"><div class=\"fg-caption-inner\"><div class=\"fg-caption-title\">Photo de Thomas<\/div><div class=\"fg-caption-desc\">Je reviens d&rsquo;un s\u00e9jour dans les grands lacs italiens. Voici la villa del Balbianello, au lac de C\u00f4me, o\u00f9 ont \u00e9t\u00e9 tourn\u00e9s 3 films : en 1995 : Romance sur le lac de John Irvin avec Uma Thurman, en 2002 : Star Wars, \u00e9pisode II : L\u2019Attaque des clones de George Lucas avec Hayden\nChristensen et Natalie Portman et en 2006 : Casino royale de Martin Campbell (James Bond) avec Daniel Craig et Eva Green\n04 Photo de Jos\u00e9<\/div><\/div><\/figcaption><\/figure><div class=\"fg-loader\"><\/div><\/div><div class=\"fg-item fg-type-image fg-idle\"><figure class=\"fg-item-inner\"><a href=\"https:\/\/acligphoto.fr\/wp-content\/uploads\/2022\/07\/02_The\u0300melibre_Ge\u0301rard.jpg\" data-caption-title=\"Photo de G\u00e9rard\" data-caption-desc=\"Photo de printemps au parc de l&#039;Orangerie.\" data-attachment-id=\"8045\" data-type=\"image\" class=\"fg-thumb\"><span class=\"fg-image-wrap\"><img decoding=\"async\" title=\"Photo de G\u00e9rard\" width=\"150\" height=\"150\" class=\"skip-lazy fg-image\" data-src-fg=\"https:\/\/acligphoto.fr\/wp-content\/uploads\/cache\/2022\/07\/02_The\u0300melibre_Ge\u0301rard\/372292602.jpg\" src=\"data:image\/svg+xml,%3Csvg%20xmlns%3D%22http%3A%2F%2Fwww.w3.org%2F2000%2Fsvg%22%20width%3D%22150%22%20height%3D%22150%22%20viewBox%3D%220%200%20150%20150%22%3E%3C%2Fsvg%3E\" loading=\"eager\"><\/span><span class=\"fg-image-overlay\"><\/span><\/a><figcaption class=\"fg-caption\"><div class=\"fg-caption-inner\"><div class=\"fg-caption-title\">Photo de G\u00e9rard<\/div><div class=\"fg-caption-desc\">Photo de printemps au parc de l&rsquo;Orangerie.<\/div><\/div><\/figcaption><\/figure><div class=\"fg-loader\"><\/div><\/div><div class=\"fg-item fg-type-image fg-idle\"><figure class=\"fg-item-inner\"><a href=\"https:\/\/acligphoto.fr\/wp-content\/uploads\/2022\/07\/01b_The\u0300melibre_Alan.jpg\" data-caption-title=\"\u00ab La chapelle palatine \u00bb Photo d&#039;Alan\" data-attachment-id=\"8044\" data-type=\"image\" class=\"fg-thumb\"><span class=\"fg-image-wrap\"><img decoding=\"async\" title=\"\u00ab La chapelle palatine \u00bb Photo d&#039;Alan\" width=\"150\" height=\"150\" class=\"skip-lazy fg-image\" data-src-fg=\"https:\/\/acligphoto.fr\/wp-content\/uploads\/cache\/2022\/07\/01b_The\u0300melibre_Alan\/534114068.jpg\" src=\"data:image\/svg+xml,%3Csvg%20xmlns%3D%22http%3A%2F%2Fwww.w3.org%2F2000%2Fsvg%22%20width%3D%22150%22%20height%3D%22150%22%20viewBox%3D%220%200%20150%20150%22%3E%3C%2Fsvg%3E\" loading=\"eager\"><\/span><span class=\"fg-image-overlay\"><\/span><\/a><figcaption class=\"fg-caption\"><div class=\"fg-caption-inner\"><div class=\"fg-caption-title\">\u00ab La chapelle palatine \u00bb Photo d&rsquo;Alan<\/div><\/div><\/figcaption><\/figure><div class=\"fg-loader\"><\/div><\/div><div class=\"fg-item fg-type-image fg-idle\"><figure class=\"fg-item-inner\"><a href=\"https:\/\/acligphoto.fr\/wp-content\/uploads\/2022\/07\/01a_The\u0300melibre_Alan.jpg\" data-caption-title=\"\u00ab La chapelle palatine \u00bb Photo d&#039;Alan\" data-attachment-id=\"8043\" data-type=\"image\" class=\"fg-thumb\"><span class=\"fg-image-wrap\"><img decoding=\"async\" title=\"\u00ab La chapelle palatine \u00bb Photo d&#039;Alan\" width=\"150\" height=\"150\" class=\"skip-lazy fg-image\" data-src-fg=\"https:\/\/acligphoto.fr\/wp-content\/uploads\/cache\/2022\/07\/01a_The\u0300melibre_Alan\/4198578467.jpg\" src=\"data:image\/svg+xml,%3Csvg%20xmlns%3D%22http%3A%2F%2Fwww.w3.org%2F2000%2Fsvg%22%20width%3D%22150%22%20height%3D%22150%22%20viewBox%3D%220%200%20150%20150%22%3E%3C%2Fsvg%3E\" loading=\"eager\"><\/span><span class=\"fg-image-overlay\"><\/span><\/a><figcaption class=\"fg-caption\"><div class=\"fg-caption-inner\"><div class=\"fg-caption-title\">\u00ab La chapelle palatine \u00bb Photo d&rsquo;Alan<\/div><\/div><\/figcaption><\/figure><div class=\"fg-loader\"><\/div><\/div><div class=\"fg-item fg-type-image fg-idle\"><figure class=\"fg-item-inner\"><a href=\"https:\/\/acligphoto.fr\/wp-content\/uploads\/2022\/07\/01_The\u0300melibre_Alan.jpg\" data-caption-title=\"\u00ab La chapelle palatine \u00bb Photo d&#039;Alan\" data-caption-desc=\"Un avant-go\u00fbt des cartes postales.......Trois cartes pour le prix d&#039;une avec l&#039;\u00e9conomie des timbres !\nLa chapelle palatine de Palerme est une chapelle catholique \u00e9difi\u00e9e \u00e0 l&#039;int\u00e9rieur du palais des Normands, dans la ville sicilienne de Palerme. Elle est d\u00e9di\u00e9e aux saints Pierre et Paul.\nConstruite au XII\u00e8me si\u00e8cle sur ordre et pour l&#039;usage du premier roi normand de Sicile, Roger II, elle est embl\u00e9matique du style arabo-normand qui combine des \u00e9l\u00e9ments d&#039;architectures romane, byzantine et arabe ; elle se signale particuli\u00e8rement par la splendeur de ses mosa\u00efques sur fond dor\u00e9.\" data-attachment-id=\"8042\" data-type=\"image\" class=\"fg-thumb\"><span class=\"fg-image-wrap\"><img decoding=\"async\" title=\"\u00ab La chapelle palatine \u00bb Photo d&#039;Alan\" width=\"150\" height=\"150\" class=\"skip-lazy fg-image\" data-src-fg=\"https:\/\/acligphoto.fr\/wp-content\/uploads\/cache\/2022\/07\/01_The\u0300melibre_Alan\/2262389576.jpg\" src=\"data:image\/svg+xml,%3Csvg%20xmlns%3D%22http%3A%2F%2Fwww.w3.org%2F2000%2Fsvg%22%20width%3D%22150%22%20height%3D%22150%22%20viewBox%3D%220%200%20150%20150%22%3E%3C%2Fsvg%3E\" loading=\"eager\"><\/span><span class=\"fg-image-overlay\"><\/span><\/a><figcaption class=\"fg-caption\"><div class=\"fg-caption-inner\"><div class=\"fg-caption-title\">\u00ab La chapelle palatine \u00bb Photo d&rsquo;Alan<\/div><div class=\"fg-caption-desc\">Un avant-go\u00fbt des cartes postales&#8230;&#8230;.Trois cartes pour le prix d&rsquo;une avec l&rsquo;\u00e9conomie des timbres !\nLa chapelle palatine de Palerme est une chapelle catholique \u00e9difi\u00e9e \u00e0 l&rsquo;int\u00e9rieur du palais des Normands, dans la ville sicilienne de Palerme. Elle est d\u00e9di\u00e9e aux saints Pierre et Paul.\nConstruite au XII\u00e8me si\u00e8cle sur ordre et pour l&rsquo;usage du premier roi normand de Sicile, Roger II, elle est embl\u00e9matique du style arabo-normand qui combine des \u00e9l\u00e9ments d&rsquo;architectures romane, byzantine et arabe ; elle se signale particuli\u00e8rement par la splendeur de ses mosa\u00efques sur fond dor\u00e9.<\/div><\/div><\/figcaption><\/figure><div class=\"fg-loader\"><\/div><\/div><\/div>\n","protected":false},"excerpt":{"rendered":"<p>Sujet libre<\/p>\n","protected":false},"author":27,"featured_media":8053,"comment_status":"closed","ping_status":"open","sticky":true,"template":"","format":"standard","meta":{"_bbp_topic_count":0,"_bbp_reply_count":0,"_bbp_total_topic_count":0,"_bbp_total_reply_count":0,"_bbp_voice_count":0,"_bbp_anonymous_reply_count":0,"_bbp_topic_count_hidden":0,"_bbp_reply_count_hidden":0,"_bbp_forum_subforum_count":0,"footnotes":""},"categories":[7],"tags":[],"class_list":["post-8040","post","type-post","status-publish","format-standard","has-post-thumbnail","hentry","category-vie-de-latelier"],"_links":{"self":[{"href":"https:\/\/acligphoto.fr\/index.php?rest_route=\/wp\/v2\/posts\/8040","targetHints":{"allow":["GET"]}}],"collection":[{"href":"https:\/\/acligphoto.fr\/index.php?rest_route=\/wp\/v2\/posts"}],"about":[{"href":"https:\/\/acligphoto.fr\/index.php?rest_route=\/wp\/v2\/types\/post"}],"author":[{"embeddable":true,"href":"https:\/\/acligphoto.fr\/index.php?rest_route=\/wp\/v2\/users\/27"}],"replies":[{"embeddable":true,"href":"https:\/\/acligphoto.fr\/index.php?rest_route=%2Fwp%2Fv2%2Fcomments&post=8040"}],"version-history":[{"count":2,"href":"https:\/\/acligphoto.fr\/index.php?rest_route=\/wp\/v2\/posts\/8040\/revisions"}],"predecessor-version":[{"id":8058,"href":"https:\/\/acligphoto.fr\/index.php?rest_route=\/wp\/v2\/posts\/8040\/revisions\/8058"}],"wp:featuredmedia":[{"embeddable":true,"href":"https:\/\/acligphoto.fr\/index.php?rest_route=\/wp\/v2\/media\/8053"}],"wp:attachment":[{"href":"https:\/\/acligphoto.fr\/index.php?rest_route=%2Fwp%2Fv2%2Fmedia&parent=8040"}],"wp:term":[{"taxonomy":"category","embeddable":true,"href":"https:\/\/acligphoto.fr\/index.php?rest_route=%2Fwp%2Fv2%2Fcategories&post=8040"},{"taxonomy":"post_tag","embeddable":true,"href":"https:\/\/acligphoto.fr\/index.php?rest_route=%2Fwp%2Fv2%2Ftags&post=8040"}],"curies":[{"name":"wp","href":"https:\/\/api.w.org\/{rel}","templated":true}]}}