{"id":7786,"date":"2022-05-31T19:40:24","date_gmt":"2022-05-31T17:40:24","guid":{"rendered":"https:\/\/acligphoto.fr\/?p=7786"},"modified":"2022-05-31T19:40:26","modified_gmt":"2022-05-31T17:40:26","slug":"raconte-ta-photo-episode-xxxvi","status":"publish","type":"post","link":"https:\/\/acligphoto.fr\/?p=7786","title":{"rendered":"Raconte ta photo, \u00e9pisode XXXVI"},"content":{"rendered":"\n<p class=\"has-large-font-size\">Distorsion<\/p>\n\n\n<style type=\"text\/css\">\n#foogallery-gallery-7796 .fg-image { width: 150px; }\n#foogallery-gallery-7796 { --fg-gutter: 10px; }<\/style>\n\t\t\t<div class=\"foogallery foogallery-container foogallery-default foogallery-lightbox-foobox fg-center fg-default fg-ready fg-light fg-border-thin fg-shadow-outline fg-loading-default fg-loaded-fade-in fg-caption-hover fg-hover-fade fg-hover-zoom\" id=\"foogallery-gallery-7796\" data-foogallery=\"{&quot;item&quot;:{&quot;showCaptionTitle&quot;:true,&quot;showCaptionDescription&quot;:true},&quot;lazy&quot;:true}\" style=\"--fg-title-line-clamp: 0; --fg-description-line-clamp: 0;\" >\n\t<div class=\"fg-item fg-type-image fg-idle\"><figure class=\"fg-item-inner\"><a href=\"https:\/\/acligphoto.fr\/wp-content\/uploads\/2022\/05\/08_Distorsion_Michel.jpg\" data-caption-title=\"Photo de Michel\" data-caption-desc=\"Photo prise en 2010 lors d&#039;un p\u00e9riple \u00e0 v\u00e9lo entre Passau et Vienne le long du Danube. Ce clich\u00e9 est pris \u00e0 Linz lors d&#039;une soir\u00e9e d&#039;arts de la rue. \u00c0 l&#039;\u00e9poque je prenais mes photos avec un N....n D300 en jpeg...je ne connaissais pas le Raw...\" data-attachment-id=\"7795\" data-type=\"image\" class=\"fg-thumb\"><span class=\"fg-image-wrap\"><img decoding=\"async\" title=\"Photo de Michel\" width=\"150\" height=\"150\" class=\"skip-lazy fg-image\" data-src-fg=\"https:\/\/acligphoto.fr\/wp-content\/uploads\/cache\/2022\/05\/08_Distorsion_Michel\/3225218799.jpg\" src=\"data:image\/svg+xml,%3Csvg%20xmlns%3D%22http%3A%2F%2Fwww.w3.org%2F2000%2Fsvg%22%20width%3D%22150%22%20height%3D%22150%22%20viewBox%3D%220%200%20150%20150%22%3E%3C%2Fsvg%3E\" loading=\"eager\"><\/span><span class=\"fg-image-overlay\"><\/span><\/a><figcaption class=\"fg-caption\"><div class=\"fg-caption-inner\"><div class=\"fg-caption-title\">Photo de Michel<\/div><div class=\"fg-caption-desc\">Photo prise en 2010 lors d&rsquo;un p\u00e9riple \u00e0 v\u00e9lo entre Passau et Vienne le long du Danube. Ce clich\u00e9 est pris \u00e0 Linz lors d&rsquo;une soir\u00e9e d&rsquo;arts de la rue. \u00c0 l&rsquo;\u00e9poque je prenais mes photos avec un N&#8230;.n D300 en jpeg&#8230;je ne connaissais pas le Raw&#8230;<\/div><\/div><\/figcaption><\/figure><div class=\"fg-loader\"><\/div><\/div><div class=\"fg-item fg-type-image fg-idle\"><figure class=\"fg-item-inner\"><a href=\"https:\/\/acligphoto.fr\/wp-content\/uploads\/2022\/05\/07_Distorsion_Didier.jpg\" data-caption-title=\"Photo de Didier\" data-caption-desc=\"Quelques distorsions gr\u00e2ce \u00e0 un tuto &quot;pixels en folies&quot;.\" data-attachment-id=\"7794\" data-type=\"image\" class=\"fg-thumb\"><span class=\"fg-image-wrap\"><img decoding=\"async\" title=\"Photo de Didier\" width=\"150\" height=\"150\" class=\"skip-lazy fg-image\" data-src-fg=\"https:\/\/acligphoto.fr\/wp-content\/uploads\/cache\/2022\/05\/07_Distorsion_Didier\/3141186854.jpg\" src=\"data:image\/svg+xml,%3Csvg%20xmlns%3D%22http%3A%2F%2Fwww.w3.org%2F2000%2Fsvg%22%20width%3D%22150%22%20height%3D%22150%22%20viewBox%3D%220%200%20150%20150%22%3E%3C%2Fsvg%3E\" loading=\"eager\"><\/span><span class=\"fg-image-overlay\"><\/span><\/a><figcaption class=\"fg-caption\"><div class=\"fg-caption-inner\"><div class=\"fg-caption-title\">Photo de Didier<\/div><div class=\"fg-caption-desc\">Quelques distorsions gr\u00e2ce \u00e0 un tuto \u00ab\u00a0pixels en folies\u00a0\u00bb.<\/div><\/div><\/figcaption><\/figure><div class=\"fg-loader\"><\/div><\/div><div class=\"fg-item fg-type-image fg-idle\"><figure class=\"fg-item-inner\"><a href=\"https:\/\/acligphoto.fr\/wp-content\/uploads\/2022\/05\/06_Distorsion_Albert.jpg\" data-caption-title=\"Photo d&#039;Albert\" data-caption-desc=\"Reflets distordus dans une fa\u00e7ade miroir d\u2019un nouvel immeuble du parc d\u2019innovation \u00e0 Illkirch\" data-attachment-id=\"7793\" data-type=\"image\" class=\"fg-thumb\"><span class=\"fg-image-wrap\"><img decoding=\"async\" title=\"Photo d&#039;Albert\" width=\"150\" height=\"150\" class=\"skip-lazy fg-image\" data-src-fg=\"https:\/\/acligphoto.fr\/wp-content\/uploads\/cache\/2022\/05\/06_Distorsion_Albert\/1365858270.jpg\" src=\"data:image\/svg+xml,%3Csvg%20xmlns%3D%22http%3A%2F%2Fwww.w3.org%2F2000%2Fsvg%22%20width%3D%22150%22%20height%3D%22150%22%20viewBox%3D%220%200%20150%20150%22%3E%3C%2Fsvg%3E\" loading=\"eager\"><\/span><span class=\"fg-image-overlay\"><\/span><\/a><figcaption class=\"fg-caption\"><div class=\"fg-caption-inner\"><div class=\"fg-caption-title\">Photo d&rsquo;Albert<\/div><div class=\"fg-caption-desc\">Reflets distordus dans une fa\u00e7ade miroir d\u2019un nouvel immeuble du parc d\u2019innovation \u00e0 Illkirch<\/div><\/div><\/figcaption><\/figure><div class=\"fg-loader\"><\/div><\/div><div class=\"fg-item fg-type-image fg-idle\"><figure class=\"fg-item-inner\"><a href=\"https:\/\/acligphoto.fr\/wp-content\/uploads\/2022\/05\/05_Distorsion_Louis.jpg\" data-caption-title=\"&quot;La Peupleraie&quot; Photo de Louis\" data-caption-desc=\"Un endroit que j\u2019affectionne particuli\u00e8rement. Balayage verticale, plusieurs tentatives sont \u00e0 faire pour obtenir ce r\u00e9sultat.\" data-attachment-id=\"7792\" data-type=\"image\" class=\"fg-thumb\"><span class=\"fg-image-wrap\"><img decoding=\"async\" title=\"&quot;La Peupleraie&quot; Photo de Louis\" width=\"150\" height=\"150\" class=\"skip-lazy fg-image\" data-src-fg=\"https:\/\/acligphoto.fr\/wp-content\/uploads\/cache\/2022\/05\/05_Distorsion_Louis\/3374867258.jpg\" src=\"data:image\/svg+xml,%3Csvg%20xmlns%3D%22http%3A%2F%2Fwww.w3.org%2F2000%2Fsvg%22%20width%3D%22150%22%20height%3D%22150%22%20viewBox%3D%220%200%20150%20150%22%3E%3C%2Fsvg%3E\" loading=\"eager\"><\/span><span class=\"fg-image-overlay\"><\/span><\/a><figcaption class=\"fg-caption\"><div class=\"fg-caption-inner\"><div class=\"fg-caption-title\">\u00ab\u00a0La Peupleraie\u00a0\u00bb Photo de Louis<\/div><div class=\"fg-caption-desc\">Un endroit que j\u2019affectionne particuli\u00e8rement. Balayage verticale, plusieurs tentatives sont \u00e0 faire pour obtenir ce r\u00e9sultat.<\/div><\/div><\/figcaption><\/figure><div class=\"fg-loader\"><\/div><\/div><div class=\"fg-item fg-type-image fg-idle\"><figure class=\"fg-item-inner\"><a href=\"https:\/\/acligphoto.fr\/wp-content\/uploads\/2022\/05\/04_Distorsion_Robert.jpg\" data-caption-title=\"Photo de Robert\" data-caption-desc=\"Photo faite en 2016 dans un miroir d\u00e9formant lors de la porte ouverte du site de la Coop\" data-attachment-id=\"7791\" data-type=\"image\" class=\"fg-thumb\"><span class=\"fg-image-wrap\"><img decoding=\"async\" title=\"Photo de Robert\" width=\"150\" height=\"150\" class=\"skip-lazy fg-image\" data-src-fg=\"https:\/\/acligphoto.fr\/wp-content\/uploads\/cache\/2022\/05\/04_Distorsion_Robert\/1550038570.jpg\" src=\"data:image\/svg+xml,%3Csvg%20xmlns%3D%22http%3A%2F%2Fwww.w3.org%2F2000%2Fsvg%22%20width%3D%22150%22%20height%3D%22150%22%20viewBox%3D%220%200%20150%20150%22%3E%3C%2Fsvg%3E\" loading=\"eager\"><\/span><span class=\"fg-image-overlay\"><\/span><\/a><figcaption class=\"fg-caption\"><div class=\"fg-caption-inner\"><div class=\"fg-caption-title\">Photo de Robert<\/div><div class=\"fg-caption-desc\">Photo faite en 2016 dans un miroir d\u00e9formant lors de la porte ouverte du site de la Coop<\/div><\/div><\/figcaption><\/figure><div class=\"fg-loader\"><\/div><\/div><div class=\"fg-item fg-type-image fg-idle\"><figure class=\"fg-item-inner\"><a href=\"https:\/\/acligphoto.fr\/wp-content\/uploads\/2022\/05\/03_Distorsion_Florence.jpg\" data-caption-title=\"Photo de Florence\" data-caption-desc=\"B\u00e2timent Seegmuller \u00e0 Rivetoile. Distorsion r\u00e9alis\u00e9e avec Photoshop, rajout d\u2019un filtre distorsion et contraction, curseur l\u00e9g\u00e8rement pouss\u00e9.\" data-attachment-id=\"7790\" data-type=\"image\" class=\"fg-thumb\"><span class=\"fg-image-wrap\"><img decoding=\"async\" title=\"Photo de Florence\" width=\"150\" height=\"150\" class=\"skip-lazy fg-image\" data-src-fg=\"https:\/\/acligphoto.fr\/wp-content\/uploads\/cache\/2022\/05\/03_Distorsion_Florence\/1837132602.jpg\" src=\"data:image\/svg+xml,%3Csvg%20xmlns%3D%22http%3A%2F%2Fwww.w3.org%2F2000%2Fsvg%22%20width%3D%22150%22%20height%3D%22150%22%20viewBox%3D%220%200%20150%20150%22%3E%3C%2Fsvg%3E\" loading=\"eager\"><\/span><span class=\"fg-image-overlay\"><\/span><\/a><figcaption class=\"fg-caption\"><div class=\"fg-caption-inner\"><div class=\"fg-caption-title\">Photo de Florence<\/div><div class=\"fg-caption-desc\">B\u00e2timent Seegmuller \u00e0 Rivetoile. Distorsion r\u00e9alis\u00e9e avec Photoshop, rajout d\u2019un filtre distorsion et contraction, curseur l\u00e9g\u00e8rement pouss\u00e9.<\/div><\/div><\/figcaption><\/figure><div class=\"fg-loader\"><\/div><\/div><div class=\"fg-item fg-type-image fg-idle\"><figure class=\"fg-item-inner\"><a href=\"https:\/\/acligphoto.fr\/wp-content\/uploads\/2022\/05\/02_Distorsion_Klaudia.jpg\" data-caption-title=\"Photo de Klaudia\" data-caption-desc=\"J\u2019ai d\u00e9couvert l\u2019\u00e9glise protestante Saint-Pierre-le-Jeune que par hasard il y a 5 ans. Au contraire des autres \u00e9glises protestantes elle peut \u00eatre visit\u00e9e toute l\u2019ann\u00e9e. Je suis fascin\u00e9e par ces diff\u00e9rents styles et son histoire. Le clo\u00eetre est un havre de paix au milieu de la ville.\" data-attachment-id=\"7789\" data-type=\"image\" class=\"fg-thumb\"><span class=\"fg-image-wrap\"><img decoding=\"async\" title=\"Photo de Klaudia\" width=\"150\" height=\"150\" class=\"skip-lazy fg-image\" data-src-fg=\"https:\/\/acligphoto.fr\/wp-content\/uploads\/cache\/2022\/05\/02_Distorsion_Klaudia\/2448265078.jpg\" src=\"data:image\/svg+xml,%3Csvg%20xmlns%3D%22http%3A%2F%2Fwww.w3.org%2F2000%2Fsvg%22%20width%3D%22150%22%20height%3D%22150%22%20viewBox%3D%220%200%20150%20150%22%3E%3C%2Fsvg%3E\" loading=\"eager\"><\/span><span class=\"fg-image-overlay\"><\/span><\/a><figcaption class=\"fg-caption\"><div class=\"fg-caption-inner\"><div class=\"fg-caption-title\">Photo de Klaudia<\/div><div class=\"fg-caption-desc\">J\u2019ai d\u00e9couvert l\u2019\u00e9glise protestante Saint-Pierre-le-Jeune que par hasard il y a 5 ans. Au contraire des autres \u00e9glises protestantes elle peut \u00eatre visit\u00e9e toute l\u2019ann\u00e9e. Je suis fascin\u00e9e par ces diff\u00e9rents styles et son histoire. Le clo\u00eetre est un havre de paix au milieu de la ville.<\/div><\/div><\/figcaption><\/figure><div class=\"fg-loader\"><\/div><\/div><div class=\"fg-item fg-type-image fg-idle\"><figure class=\"fg-item-inner\"><a href=\"https:\/\/acligphoto.fr\/wp-content\/uploads\/2022\/05\/01_Distorsion_Christian.jpg\" data-caption-title=\"&quot;Reflet sur le quai&quot; Photo de Christian\" data-caption-desc=\"L&#039;effet miroir est ind\u00e9niablement ce qui vient \u00e0 l&#039;esprit pour sugg\u00e9rer la distorsion. S\u00fbr que je ne suis pas le seul. Une vitesse rapide doit \u00eatre utilis\u00e9e pour ne pas rajouter du flou. (ici du 1\/320 )\" data-attachment-id=\"7788\" data-type=\"image\" class=\"fg-thumb\"><span class=\"fg-image-wrap\"><img decoding=\"async\" title=\"&quot;Reflet sur le quai&quot; Photo de Christian\" width=\"150\" height=\"150\" class=\"skip-lazy fg-image\" data-src-fg=\"https:\/\/acligphoto.fr\/wp-content\/uploads\/cache\/2022\/05\/01_Distorsion_Christian\/4095273958.jpg\" src=\"data:image\/svg+xml,%3Csvg%20xmlns%3D%22http%3A%2F%2Fwww.w3.org%2F2000%2Fsvg%22%20width%3D%22150%22%20height%3D%22150%22%20viewBox%3D%220%200%20150%20150%22%3E%3C%2Fsvg%3E\" loading=\"eager\"><\/span><span class=\"fg-image-overlay\"><\/span><\/a><figcaption class=\"fg-caption\"><div class=\"fg-caption-inner\"><div class=\"fg-caption-title\">\u00ab\u00a0Reflet sur le quai\u00a0\u00bb Photo de Christian<\/div><div class=\"fg-caption-desc\">L&rsquo;effet miroir est ind\u00e9niablement ce qui vient \u00e0 l&rsquo;esprit pour sugg\u00e9rer la distorsion. S\u00fbr que je ne suis pas le seul. Une vitesse rapide doit \u00eatre utilis\u00e9e pour ne pas rajouter du flou. (ici du 1\/320 )<\/div><\/div><\/figcaption><\/figure><div class=\"fg-loader\"><\/div><\/div><\/div>\n","protected":false},"excerpt":{"rendered":"<p>Distorsion<\/p>\n","protected":false},"author":27,"featured_media":7794,"comment_status":"closed","ping_status":"open","sticky":true,"template":"","format":"standard","meta":{"_bbp_topic_count":0,"_bbp_reply_count":0,"_bbp_total_topic_count":0,"_bbp_total_reply_count":0,"_bbp_voice_count":0,"_bbp_anonymous_reply_count":0,"_bbp_topic_count_hidden":0,"_bbp_reply_count_hidden":0,"_bbp_forum_subforum_count":0,"footnotes":""},"categories":[7],"tags":[],"class_list":["post-7786","post","type-post","status-publish","format-standard","has-post-thumbnail","hentry","category-vie-de-latelier"],"_links":{"self":[{"href":"https:\/\/acligphoto.fr\/index.php?rest_route=\/wp\/v2\/posts\/7786","targetHints":{"allow":["GET"]}}],"collection":[{"href":"https:\/\/acligphoto.fr\/index.php?rest_route=\/wp\/v2\/posts"}],"about":[{"href":"https:\/\/acligphoto.fr\/index.php?rest_route=\/wp\/v2\/types\/post"}],"author":[{"embeddable":true,"href":"https:\/\/acligphoto.fr\/index.php?rest_route=\/wp\/v2\/users\/27"}],"replies":[{"embeddable":true,"href":"https:\/\/acligphoto.fr\/index.php?rest_route=%2Fwp%2Fv2%2Fcomments&post=7786"}],"version-history":[{"count":2,"href":"https:\/\/acligphoto.fr\/index.php?rest_route=\/wp\/v2\/posts\/7786\/revisions"}],"predecessor-version":[{"id":7797,"href":"https:\/\/acligphoto.fr\/index.php?rest_route=\/wp\/v2\/posts\/7786\/revisions\/7797"}],"wp:featuredmedia":[{"embeddable":true,"href":"https:\/\/acligphoto.fr\/index.php?rest_route=\/wp\/v2\/media\/7794"}],"wp:attachment":[{"href":"https:\/\/acligphoto.fr\/index.php?rest_route=%2Fwp%2Fv2%2Fmedia&parent=7786"}],"wp:term":[{"taxonomy":"category","embeddable":true,"href":"https:\/\/acligphoto.fr\/index.php?rest_route=%2Fwp%2Fv2%2Fcategories&post=7786"},{"taxonomy":"post_tag","embeddable":true,"href":"https:\/\/acligphoto.fr\/index.php?rest_route=%2Fwp%2Fv2%2Ftags&post=7786"}],"curies":[{"name":"wp","href":"https:\/\/api.w.org\/{rel}","templated":true}]}}