{"id":7709,"date":"2022-05-16T12:11:11","date_gmt":"2022-05-16T10:11:11","guid":{"rendered":"https:\/\/acligphoto.fr\/?p=7709"},"modified":"2022-05-16T12:11:13","modified_gmt":"2022-05-16T10:11:13","slug":"raconte-ta-photo-episode-xxxv","status":"publish","type":"post","link":"https:\/\/acligphoto.fr\/?p=7709","title":{"rendered":"Raconte ta photo, \u00e9pisode XXXV"},"content":{"rendered":"\n<p class=\"has-large-font-size\">Gourmandise<\/p>\n\n\n<style type=\"text\/css\">\n#foogallery-gallery-7720 .fg-image { width: 150px; }\n#foogallery-gallery-7720 { --fg-gutter: 10px; }<\/style>\n\t\t\t<div class=\"foogallery foogallery-container foogallery-default foogallery-lightbox-foobox fg-center fg-default fg-ready fg-light fg-border-thin fg-shadow-outline fg-loading-default fg-loaded-fade-in fg-caption-hover fg-hover-fade fg-hover-zoom\" id=\"foogallery-gallery-7720\" data-foogallery=\"{&quot;item&quot;:{&quot;showCaptionTitle&quot;:true,&quot;showCaptionDescription&quot;:true},&quot;lazy&quot;:true}\" style=\"--fg-title-line-clamp: 0; --fg-description-line-clamp: 0;\" >\n\t<div class=\"fg-item fg-type-image fg-idle\"><figure class=\"fg-item-inner\"><a href=\"https:\/\/acligphoto.fr\/wp-content\/uploads\/2022\/05\/09_Gourmandise_Jose\u0301.jpg\" data-caption-title=\"Photo de Jos\u00e9\" data-caption-desc=\"Mon petit montage relatif aux &quot;gourmands des &quot;GELATI&quot; !!\" data-attachment-id=\"7719\" data-type=\"image\" class=\"fg-thumb\"><span class=\"fg-image-wrap\"><img decoding=\"async\" title=\"Photo de Jos\u00e9\" width=\"150\" height=\"150\" class=\"skip-lazy fg-image\" data-src-fg=\"https:\/\/acligphoto.fr\/wp-content\/uploads\/cache\/2022\/05\/09_Gourmandise_Jose\u0301\/2897828318.jpg\" src=\"data:image\/svg+xml,%3Csvg%20xmlns%3D%22http%3A%2F%2Fwww.w3.org%2F2000%2Fsvg%22%20width%3D%22150%22%20height%3D%22150%22%20viewBox%3D%220%200%20150%20150%22%3E%3C%2Fsvg%3E\" loading=\"eager\"><\/span><span class=\"fg-image-overlay\"><\/span><\/a><figcaption class=\"fg-caption\"><div class=\"fg-caption-inner\"><div class=\"fg-caption-title\">Photo de Jos\u00e9<\/div><div class=\"fg-caption-desc\">Mon petit montage relatif aux \u00ab\u00a0gourmands des \u00ab\u00a0GELATI\u00a0\u00bb !!<\/div><\/div><\/figcaption><\/figure><div class=\"fg-loader\"><\/div><\/div><div class=\"fg-item fg-type-image fg-idle\"><figure class=\"fg-item-inner\"><a href=\"https:\/\/acligphoto.fr\/wp-content\/uploads\/2022\/05\/08_Gourmandise_Florence.jpg\" data-caption-title=\"\u00ab Sal\u00e9 ou sucr\u00e9 ? \u00bb Photo de Florence\" data-caption-desc=\"Gourmandise \u00e0 l\u2019ap\u00e9ro ou au dessert ? Trompe l\u2019\u0153il d\u2019un ap\u00e9ro en chocolat. Prise de vue en studio.\" data-attachment-id=\"7718\" data-type=\"image\" class=\"fg-thumb\"><span class=\"fg-image-wrap\"><img decoding=\"async\" title=\"\u00ab Sal\u00e9 ou sucr\u00e9 ? \u00bb Photo de Florence\" width=\"150\" height=\"150\" class=\"skip-lazy fg-image\" data-src-fg=\"https:\/\/acligphoto.fr\/wp-content\/uploads\/cache\/2022\/05\/08_Gourmandise_Florence\/2829149575.jpg\" src=\"data:image\/svg+xml,%3Csvg%20xmlns%3D%22http%3A%2F%2Fwww.w3.org%2F2000%2Fsvg%22%20width%3D%22150%22%20height%3D%22150%22%20viewBox%3D%220%200%20150%20150%22%3E%3C%2Fsvg%3E\" loading=\"eager\"><\/span><span class=\"fg-image-overlay\"><\/span><\/a><figcaption class=\"fg-caption\"><div class=\"fg-caption-inner\"><div class=\"fg-caption-title\">\u00ab Sal\u00e9 ou sucr\u00e9 ? \u00bb Photo de Florence<\/div><div class=\"fg-caption-desc\">Gourmandise \u00e0 l\u2019ap\u00e9ro ou au dessert ? Trompe l\u2019\u0153il d\u2019un ap\u00e9ro en chocolat. Prise de vue en studio.<\/div><\/div><\/figcaption><\/figure><div class=\"fg-loader\"><\/div><\/div><div class=\"fg-item fg-type-image fg-idle\"><figure class=\"fg-item-inner\"><a href=\"https:\/\/acligphoto.fr\/wp-content\/uploads\/2022\/05\/07_Gourmandise_Didier.jpg\" data-caption-title=\"Photo de Didier\" data-caption-desc=\"Je me suis pos\u00e9 la question si une g\u00e2terie pouvait \u00eatre consid\u00e9r\u00e9e comme une gourmandise !!!! dans le doute j&#039;ai pr\u00e9f\u00e9r\u00e9 envoyer la photo de ce bel escarpin en chocolat.\" data-attachment-id=\"7717\" data-type=\"image\" class=\"fg-thumb\"><span class=\"fg-image-wrap\"><img decoding=\"async\" title=\"Photo de Didier\" width=\"150\" height=\"150\" class=\"skip-lazy fg-image\" data-src-fg=\"https:\/\/acligphoto.fr\/wp-content\/uploads\/cache\/2022\/05\/07_Gourmandise_Didier\/1278024325.jpg\" src=\"data:image\/svg+xml,%3Csvg%20xmlns%3D%22http%3A%2F%2Fwww.w3.org%2F2000%2Fsvg%22%20width%3D%22150%22%20height%3D%22150%22%20viewBox%3D%220%200%20150%20150%22%3E%3C%2Fsvg%3E\" loading=\"eager\"><\/span><span class=\"fg-image-overlay\"><\/span><\/a><figcaption class=\"fg-caption\"><div class=\"fg-caption-inner\"><div class=\"fg-caption-title\">Photo de Didier<\/div><div class=\"fg-caption-desc\">Je me suis pos\u00e9 la question si une g\u00e2terie pouvait \u00eatre consid\u00e9r\u00e9e comme une gourmandise !!!! dans le doute j&rsquo;ai pr\u00e9f\u00e9r\u00e9 envoyer la photo de ce bel escarpin en chocolat.<\/div><\/div><\/figcaption><\/figure><div class=\"fg-loader\"><\/div><\/div><div class=\"fg-item fg-type-image fg-idle\"><figure class=\"fg-item-inner\"><a href=\"https:\/\/acligphoto.fr\/wp-content\/uploads\/2022\/05\/06_Gourmandise_Albert.jpg\" data-caption-title=\"Photo d&#039;Albert\" data-caption-desc=\"Photo de rue de deux personnes l\u00e9chant de fa\u00e7on synchrone leur gourmandise glac\u00e9e, pour l\u2019anecdote c\u2019\u00e9tait un 26 octobre 2014 !\" data-attachment-id=\"7716\" data-type=\"image\" class=\"fg-thumb\"><span class=\"fg-image-wrap\"><img decoding=\"async\" title=\"Photo d&#039;Albert\" width=\"150\" height=\"150\" class=\"skip-lazy fg-image\" data-src-fg=\"https:\/\/acligphoto.fr\/wp-content\/uploads\/cache\/2022\/05\/06_Gourmandise_Albert\/3602675098.jpg\" src=\"data:image\/svg+xml,%3Csvg%20xmlns%3D%22http%3A%2F%2Fwww.w3.org%2F2000%2Fsvg%22%20width%3D%22150%22%20height%3D%22150%22%20viewBox%3D%220%200%20150%20150%22%3E%3C%2Fsvg%3E\" loading=\"eager\"><\/span><span class=\"fg-image-overlay\"><\/span><\/a><figcaption class=\"fg-caption\"><div class=\"fg-caption-inner\"><div class=\"fg-caption-title\">Photo d&rsquo;Albert<\/div><div class=\"fg-caption-desc\">Photo de rue de deux personnes l\u00e9chant de fa\u00e7on synchrone leur gourmandise glac\u00e9e, pour l\u2019anecdote c\u2019\u00e9tait un 26 octobre 2014 !<\/div><\/div><\/figcaption><\/figure><div class=\"fg-loader\"><\/div><\/div><div class=\"fg-item fg-type-image fg-idle\"><figure class=\"fg-item-inner\"><a href=\"https:\/\/acligphoto.fr\/wp-content\/uploads\/2022\/05\/05_Gourmandise_Gilbert.jpeg\" data-caption-title=\"Photo de Gilbert\" data-caption-desc=\"Photo prise avec un Sony RX 100 M2, f\/4.5, 1\/250 \u00e8me, lors de l\u2019anniversaire de mon fils ain\u00e9 ce week-end. Il s\u2019agissait d\u2019un \u2018\u2019fraisier &#039;&#039; sp\u00e9cialit\u00e9 d\u2019une p\u00e2tisserie c\u00e9l\u00e8bre du centre-ville. Petite d\u00e9ception, il avait plus de couleur que de gout....\" data-attachment-id=\"7715\" data-type=\"image\" class=\"fg-thumb\"><span class=\"fg-image-wrap\"><img decoding=\"async\" title=\"Photo de Gilbert\" width=\"150\" height=\"150\" class=\"skip-lazy fg-image\" data-src-fg=\"https:\/\/acligphoto.fr\/wp-content\/uploads\/cache\/2022\/05\/05_Gourmandise_Gilbert\/1113115474.jpeg\" src=\"data:image\/svg+xml,%3Csvg%20xmlns%3D%22http%3A%2F%2Fwww.w3.org%2F2000%2Fsvg%22%20width%3D%22150%22%20height%3D%22150%22%20viewBox%3D%220%200%20150%20150%22%3E%3C%2Fsvg%3E\" loading=\"eager\"><\/span><span class=\"fg-image-overlay\"><\/span><\/a><figcaption class=\"fg-caption\"><div class=\"fg-caption-inner\"><div class=\"fg-caption-title\">Photo de Gilbert<\/div><div class=\"fg-caption-desc\">Photo prise avec un Sony RX 100 M2, f\/4.5, 1\/250 \u00e8me, lors de l\u2019anniversaire de mon fils ain\u00e9 ce week-end. Il s\u2019agissait d\u2019un \u2018\u2019fraisier \u00a0\u00bb sp\u00e9cialit\u00e9 d\u2019une p\u00e2tisserie c\u00e9l\u00e8bre du centre-ville. Petite d\u00e9ception, il avait plus de couleur que de gout&#8230;.<\/div><\/div><\/figcaption><\/figure><div class=\"fg-loader\"><\/div><\/div><div class=\"fg-item fg-type-image fg-idle\"><figure class=\"fg-item-inner\"><a href=\"https:\/\/acligphoto.fr\/wp-content\/uploads\/2022\/05\/04_Gourmandise_Louis.jpg\" data-caption-title=\"\u00ab Ptit c\u0153ur \u00bb Photo de Louis\" data-caption-desc=\"Petites friandises que je mangeais quand j\u2019\u00e9tais jeune et apr\u00e8s avoir tout aval\u00e9, mes doigts \u00e9taient remplis de chocolat.\" data-attachment-id=\"7714\" data-type=\"image\" class=\"fg-thumb\"><span class=\"fg-image-wrap\"><img decoding=\"async\" title=\"\u00ab Ptit c\u0153ur \u00bb Photo de Louis\" width=\"150\" height=\"150\" class=\"skip-lazy fg-image\" data-src-fg=\"https:\/\/acligphoto.fr\/wp-content\/uploads\/cache\/2022\/05\/04_Gourmandise_Louis\/576408000.jpg\" src=\"data:image\/svg+xml,%3Csvg%20xmlns%3D%22http%3A%2F%2Fwww.w3.org%2F2000%2Fsvg%22%20width%3D%22150%22%20height%3D%22150%22%20viewBox%3D%220%200%20150%20150%22%3E%3C%2Fsvg%3E\" loading=\"eager\"><\/span><span class=\"fg-image-overlay\"><\/span><\/a><figcaption class=\"fg-caption\"><div class=\"fg-caption-inner\"><div class=\"fg-caption-title\">\u00ab Ptit c\u0153ur \u00bb Photo de Louis<\/div><div class=\"fg-caption-desc\">Petites friandises que je mangeais quand j\u2019\u00e9tais jeune et apr\u00e8s avoir tout aval\u00e9, mes doigts \u00e9taient remplis de chocolat.<\/div><\/div><\/figcaption><\/figure><div class=\"fg-loader\"><\/div><\/div><div class=\"fg-item fg-type-image fg-idle\"><figure class=\"fg-item-inner\"><a href=\"https:\/\/acligphoto.fr\/wp-content\/uploads\/2022\/05\/03_Gourmandise_Eva.jpg\" data-caption-title=\"Photo d&#039;Eva\" data-caption-desc=\"Fraises de Nice\" data-attachment-id=\"7713\" data-type=\"image\" class=\"fg-thumb\"><span class=\"fg-image-wrap\"><img decoding=\"async\" title=\"Photo d&#039;Eva\" width=\"150\" height=\"150\" class=\"skip-lazy fg-image\" data-src-fg=\"https:\/\/acligphoto.fr\/wp-content\/uploads\/cache\/2022\/05\/03_Gourmandise_Eva\/4183186183.jpg\" src=\"data:image\/svg+xml,%3Csvg%20xmlns%3D%22http%3A%2F%2Fwww.w3.org%2F2000%2Fsvg%22%20width%3D%22150%22%20height%3D%22150%22%20viewBox%3D%220%200%20150%20150%22%3E%3C%2Fsvg%3E\" loading=\"eager\"><\/span><span class=\"fg-image-overlay\"><\/span><\/a><figcaption class=\"fg-caption\"><div class=\"fg-caption-inner\"><div class=\"fg-caption-title\">Photo d&rsquo;Eva<\/div><div class=\"fg-caption-desc\">Fraises de Nice<\/div><\/div><\/figcaption><\/figure><div class=\"fg-loader\"><\/div><\/div><div class=\"fg-item fg-type-image fg-idle\"><figure class=\"fg-item-inner\"><a href=\"https:\/\/acligphoto.fr\/wp-content\/uploads\/2022\/05\/02_Gourmandise_Thomas.jpg\" data-caption-title=\"Photo de Thomas\" data-caption-desc=\"A la Table de la R\u00e9serve \u00e0 Beaulieu-sur-Mer...une mousse glac\u00e9e au citron...\" data-attachment-id=\"7712\" data-type=\"image\" class=\"fg-thumb\"><span class=\"fg-image-wrap\"><img decoding=\"async\" title=\"Photo de Thomas\" width=\"150\" height=\"150\" class=\"skip-lazy fg-image\" data-src-fg=\"https:\/\/acligphoto.fr\/wp-content\/uploads\/cache\/2022\/05\/02_Gourmandise_Thomas\/13742664.jpg\" src=\"data:image\/svg+xml,%3Csvg%20xmlns%3D%22http%3A%2F%2Fwww.w3.org%2F2000%2Fsvg%22%20width%3D%22150%22%20height%3D%22150%22%20viewBox%3D%220%200%20150%20150%22%3E%3C%2Fsvg%3E\" loading=\"eager\"><\/span><span class=\"fg-image-overlay\"><\/span><\/a><figcaption class=\"fg-caption\"><div class=\"fg-caption-inner\"><div class=\"fg-caption-title\">Photo de Thomas<\/div><div class=\"fg-caption-desc\">A la Table de la R\u00e9serve \u00e0 Beaulieu-sur-Mer&#8230;une mousse glac\u00e9e au citron&#8230;<\/div><\/div><\/figcaption><\/figure><div class=\"fg-loader\"><\/div><\/div><div class=\"fg-item fg-type-image fg-idle\"><figure class=\"fg-item-inner\"><a href=\"https:\/\/acligphoto.fr\/wp-content\/uploads\/2022\/05\/01_Gourmandise_Lisa.jpg\" data-caption-title=\"Photo de Lisa\" data-caption-desc=\"Quel plaisir j&#039;ai eu \u00e0 faire un number cake pour les 18 ans de mon petit-fils Hugo. G\u00e9noise chocolat, cr\u00e8me mascarpone et d\u00e9cor\u00e9 avec des meringuettes et des fraises. Un petit peu de temps pour le faire et si vite manger.\" data-attachment-id=\"7711\" data-type=\"image\" class=\"fg-thumb\"><span class=\"fg-image-wrap\"><img decoding=\"async\" title=\"Photo de Lisa\" width=\"150\" height=\"150\" class=\"skip-lazy fg-image\" data-src-fg=\"https:\/\/acligphoto.fr\/wp-content\/uploads\/cache\/2022\/05\/01_Gourmandise_Lisa\/3876576173.jpg\" src=\"data:image\/svg+xml,%3Csvg%20xmlns%3D%22http%3A%2F%2Fwww.w3.org%2F2000%2Fsvg%22%20width%3D%22150%22%20height%3D%22150%22%20viewBox%3D%220%200%20150%20150%22%3E%3C%2Fsvg%3E\" loading=\"eager\"><\/span><span class=\"fg-image-overlay\"><\/span><\/a><figcaption class=\"fg-caption\"><div class=\"fg-caption-inner\"><div class=\"fg-caption-title\">Photo de Lisa<\/div><div class=\"fg-caption-desc\">Quel plaisir j&rsquo;ai eu \u00e0 faire un number cake pour les 18 ans de mon petit-fils Hugo. G\u00e9noise chocolat, cr\u00e8me mascarpone et d\u00e9cor\u00e9 avec des meringuettes et des fraises. Un petit peu de temps pour le faire et si vite manger.<\/div><\/div><\/figcaption><\/figure><div class=\"fg-loader\"><\/div><\/div><\/div>\n","protected":false},"excerpt":{"rendered":"<p>Gourmandise<\/p>\n","protected":false},"author":27,"featured_media":7711,"comment_status":"closed","ping_status":"open","sticky":true,"template":"","format":"standard","meta":{"_bbp_topic_count":0,"_bbp_reply_count":0,"_bbp_total_topic_count":0,"_bbp_total_reply_count":0,"_bbp_voice_count":0,"_bbp_anonymous_reply_count":0,"_bbp_topic_count_hidden":0,"_bbp_reply_count_hidden":0,"_bbp_forum_subforum_count":0,"footnotes":""},"categories":[7],"tags":[],"class_list":["post-7709","post","type-post","status-publish","format-standard","has-post-thumbnail","hentry","category-vie-de-latelier"],"_links":{"self":[{"href":"https:\/\/acligphoto.fr\/index.php?rest_route=\/wp\/v2\/posts\/7709","targetHints":{"allow":["GET"]}}],"collection":[{"href":"https:\/\/acligphoto.fr\/index.php?rest_route=\/wp\/v2\/posts"}],"about":[{"href":"https:\/\/acligphoto.fr\/index.php?rest_route=\/wp\/v2\/types\/post"}],"author":[{"embeddable":true,"href":"https:\/\/acligphoto.fr\/index.php?rest_route=\/wp\/v2\/users\/27"}],"replies":[{"embeddable":true,"href":"https:\/\/acligphoto.fr\/index.php?rest_route=%2Fwp%2Fv2%2Fcomments&post=7709"}],"version-history":[{"count":2,"href":"https:\/\/acligphoto.fr\/index.php?rest_route=\/wp\/v2\/posts\/7709\/revisions"}],"predecessor-version":[{"id":7721,"href":"https:\/\/acligphoto.fr\/index.php?rest_route=\/wp\/v2\/posts\/7709\/revisions\/7721"}],"wp:featuredmedia":[{"embeddable":true,"href":"https:\/\/acligphoto.fr\/index.php?rest_route=\/wp\/v2\/media\/7711"}],"wp:attachment":[{"href":"https:\/\/acligphoto.fr\/index.php?rest_route=%2Fwp%2Fv2%2Fmedia&parent=7709"}],"wp:term":[{"taxonomy":"category","embeddable":true,"href":"https:\/\/acligphoto.fr\/index.php?rest_route=%2Fwp%2Fv2%2Fcategories&post=7709"},{"taxonomy":"post_tag","embeddable":true,"href":"https:\/\/acligphoto.fr\/index.php?rest_route=%2Fwp%2Fv2%2Ftags&post=7709"}],"curies":[{"name":"wp","href":"https:\/\/api.w.org\/{rel}","templated":true}]}}