{"id":7669,"date":"2022-05-04T16:10:44","date_gmt":"2022-05-04T14:10:44","guid":{"rendered":"https:\/\/acligphoto.fr\/?p=7669"},"modified":"2022-05-04T16:24:45","modified_gmt":"2022-05-04T14:24:45","slug":"comedie-urbaine","status":"publish","type":"post","link":"https:\/\/acligphoto.fr\/?p=7669","title":{"rendered":"Com\u00e9die urbaine"},"content":{"rendered":"\n<p><strong>Fabrice Mercier<\/strong>, notre visiteur d&rsquo;un soir de cet hiver dernier particuli\u00e8rement m\u00e9morable, tant son talent photographique \u00e9tait \u00e9vident nous convie \u00e0 son tour \u00e0 visiter sa premi\u00e8re exposition sur le th\u00e8me de la Com\u00e9die Urbaine.  Elle se tiendra du 14 mai au 4 septembre \u00e0 la Cour des Boecklin de Bischeim. <\/p>\n\n\n\n<p>P<a href=\"https:\/\/www.bischheim.alsace\/mes-loisirs\/agenda\/comedie-urbaine-photographie-de-rue-fabrice-mercier-1522\" target=\"_blank\" rel=\"noreferrer noopener\">lus d&rsquo;infos<\/a><\/p>\n\n\n\n<figure class=\"wp-block-image size-full\"><img loading=\"lazy\" decoding=\"async\" width=\"960\" height=\"1440\" src=\"https:\/\/acligphoto.fr\/wp-content\/uploads\/2022\/05\/2021-10-07_10-50-11-scaled-1.jpg\" alt=\"\" class=\"wp-image-7673\" srcset=\"https:\/\/acligphoto.fr\/wp-content\/uploads\/2022\/05\/2021-10-07_10-50-11-scaled-1.jpg 960w, https:\/\/acligphoto.fr\/wp-content\/uploads\/2022\/05\/2021-10-07_10-50-11-scaled-1-200x300.jpg 200w, https:\/\/acligphoto.fr\/wp-content\/uploads\/2022\/05\/2021-10-07_10-50-11-scaled-1-768x1152.jpg 768w\" sizes=\"auto, (max-width: 960px) 100vw, 960px\" \/><figcaption>Copyright Fabrice Mercier<\/figcaption><\/figure>\n\n\n\n<figure class=\"wp-block-image size-full\"><img loading=\"lazy\" decoding=\"async\" width=\"960\" height=\"1440\" src=\"https:\/\/acligphoto.fr\/wp-content\/uploads\/2022\/05\/35-scaled-1.jpeg\" alt=\"\" class=\"wp-image-7674\" srcset=\"https:\/\/acligphoto.fr\/wp-content\/uploads\/2022\/05\/35-scaled-1.jpeg 960w, https:\/\/acligphoto.fr\/wp-content\/uploads\/2022\/05\/35-scaled-1-200x300.jpeg 200w, https:\/\/acligphoto.fr\/wp-content\/uploads\/2022\/05\/35-scaled-1-768x1152.jpeg 768w\" sizes=\"auto, (max-width: 960px) 100vw, 960px\" \/><figcaption>Copyright Fabrice Mercier<\/figcaption><\/figure>\n\n\n\n<p><\/p>\n\n\n\n<p><\/p>\n\n\n\n<p><\/p>\n","protected":false},"excerpt":{"rendered":"<p>Fabrice Mercier, notre visiteur d&rsquo;un soir de cet hiver dernier particuli\u00e8rement m\u00e9morable, tant son talent photographique \u00e9tait \u00e9vident nous convie \u00e0 son tour \u00e0 visiter sa premi\u00e8re exposition sur le th\u00e8me de la Com\u00e9die Urbaine. Elle se tiendra du 14 mai au 4 septembre \u00e0 la Cour des Boecklin de Bischeim. Plus d&rsquo;infos<\/p>\n","protected":false},"author":1,"featured_media":7680,"comment_status":"closed","ping_status":"open","sticky":true,"template":"","format":"standard","meta":{"_bbp_topic_count":0,"_bbp_reply_count":0,"_bbp_total_topic_count":0,"_bbp_total_reply_count":0,"_bbp_voice_count":0,"_bbp_anonymous_reply_count":0,"_bbp_topic_count_hidden":0,"_bbp_reply_count_hidden":0,"_bbp_forum_subforum_count":0,"footnotes":""},"categories":[2],"tags":[19],"class_list":["post-7669","post","type-post","status-publish","format-standard","has-post-thumbnail","hentry","category-exposition","tag-enregistre"],"_links":{"self":[{"href":"https:\/\/acligphoto.fr\/index.php?rest_route=\/wp\/v2\/posts\/7669","targetHints":{"allow":["GET"]}}],"collection":[{"href":"https:\/\/acligphoto.fr\/index.php?rest_route=\/wp\/v2\/posts"}],"about":[{"href":"https:\/\/acligphoto.fr\/index.php?rest_route=\/wp\/v2\/types\/post"}],"author":[{"embeddable":true,"href":"https:\/\/acligphoto.fr\/index.php?rest_route=\/wp\/v2\/users\/1"}],"replies":[{"embeddable":true,"href":"https:\/\/acligphoto.fr\/index.php?rest_route=%2Fwp%2Fv2%2Fcomments&post=7669"}],"version-history":[{"count":5,"href":"https:\/\/acligphoto.fr\/index.php?rest_route=\/wp\/v2\/posts\/7669\/revisions"}],"predecessor-version":[{"id":7678,"href":"https:\/\/acligphoto.fr\/index.php?rest_route=\/wp\/v2\/posts\/7669\/revisions\/7678"}],"wp:featuredmedia":[{"embeddable":true,"href":"https:\/\/acligphoto.fr\/index.php?rest_route=\/wp\/v2\/media\/7680"}],"wp:attachment":[{"href":"https:\/\/acligphoto.fr\/index.php?rest_route=%2Fwp%2Fv2%2Fmedia&parent=7669"}],"wp:term":[{"taxonomy":"category","embeddable":true,"href":"https:\/\/acligphoto.fr\/index.php?rest_route=%2Fwp%2Fv2%2Fcategories&post=7669"},{"taxonomy":"post_tag","embeddable":true,"href":"https:\/\/acligphoto.fr\/index.php?rest_route=%2Fwp%2Fv2%2Ftags&post=7669"}],"curies":[{"name":"wp","href":"https:\/\/api.w.org\/{rel}","templated":true}]}}