{"id":7623,"date":"2022-05-02T08:58:12","date_gmt":"2022-05-02T06:58:12","guid":{"rendered":"https:\/\/acligphoto.fr\/?p=7623"},"modified":"2022-05-02T08:58:14","modified_gmt":"2022-05-02T06:58:14","slug":"raconte-ta-photo-episode-xxxiv","status":"publish","type":"post","link":"https:\/\/acligphoto.fr\/?p=7623","title":{"rendered":"Raconte ta photo, \u00e9pisode XXXIV"},"content":{"rendered":"\n<p class=\"has-large-font-size\">Fleur en gros plan<\/p>\n\n\n<style type=\"text\/css\">\n#foogallery-gallery-7641 .fg-image { width: 150px; }\n#foogallery-gallery-7641 { --fg-gutter: 10px; }<\/style>\n\t\t\t<div class=\"foogallery foogallery-container foogallery-default foogallery-lightbox-foobox fg-center fg-default fg-ready fg-light fg-border-thin fg-shadow-outline fg-loading-default fg-loaded-fade-in fg-caption-hover fg-hover-fade fg-hover-zoom\" id=\"foogallery-gallery-7641\" data-foogallery=\"{&quot;item&quot;:{&quot;showCaptionTitle&quot;:true,&quot;showCaptionDescription&quot;:true},&quot;lazy&quot;:true}\" style=\"--fg-title-line-clamp: 0; --fg-description-line-clamp: 0;\" >\n\t<div class=\"fg-item fg-type-image fg-idle\"><figure class=\"fg-item-inner\"><a href=\"https:\/\/acligphoto.fr\/wp-content\/uploads\/2022\/05\/16_Fleur_Armand.jpg\" data-caption-title=\"Photo d&#039;Armand\" data-caption-desc=\"Photo macro d\u2019une fleur de lys \u00e0 sa base, j\u2019aime le c\u00f4t\u00e9 minimaliste de l\u2019image r\u00e9duite \u00e0 quelques teintes pastel autour du jaune et du vert et de quelques lignes \u00e9l\u00e9gantes et discr\u00e8tes.\" data-attachment-id=\"7640\" data-type=\"image\" class=\"fg-thumb\"><span class=\"fg-image-wrap\"><img decoding=\"async\" title=\"Photo d&#039;Armand\" width=\"150\" height=\"150\" class=\"skip-lazy fg-image\" data-src-fg=\"https:\/\/acligphoto.fr\/wp-content\/uploads\/cache\/2022\/05\/16_Fleur_Armand\/4262535349.jpg\" src=\"data:image\/svg+xml,%3Csvg%20xmlns%3D%22http%3A%2F%2Fwww.w3.org%2F2000%2Fsvg%22%20width%3D%22150%22%20height%3D%22150%22%20viewBox%3D%220%200%20150%20150%22%3E%3C%2Fsvg%3E\" loading=\"eager\"><\/span><span class=\"fg-image-overlay\"><\/span><\/a><figcaption class=\"fg-caption\"><div class=\"fg-caption-inner\"><div class=\"fg-caption-title\">Photo d&rsquo;Armand<\/div><div class=\"fg-caption-desc\">Photo macro d\u2019une fleur de lys \u00e0 sa base, j\u2019aime le c\u00f4t\u00e9 minimaliste de l\u2019image r\u00e9duite \u00e0 quelques teintes pastel autour du jaune et du vert et de quelques lignes \u00e9l\u00e9gantes et discr\u00e8tes.<\/div><\/div><\/figcaption><\/figure><div class=\"fg-loader\"><\/div><\/div><div class=\"fg-item fg-type-image fg-idle\"><figure class=\"fg-item-inner\"><a href=\"https:\/\/acligphoto.fr\/wp-content\/uploads\/2022\/05\/15_Fleur_Didier.jpg\" data-caption-title=\"&quot;Fleur d&#039;un arbre \u00e0 papillon, chercher l&#039;erreur !&quot; Photo de Didier\" data-attachment-id=\"7639\" data-type=\"image\" class=\"fg-thumb\"><span class=\"fg-image-wrap\"><img decoding=\"async\" title=\"&quot;Fleur d&#039;un arbre \u00e0 papillon, chercher l&#039;erreur !&quot; Photo de Didier\" width=\"150\" height=\"150\" class=\"skip-lazy fg-image\" data-src-fg=\"https:\/\/acligphoto.fr\/wp-content\/uploads\/cache\/2022\/05\/15_Fleur_Didier\/93841003.jpg\" src=\"data:image\/svg+xml,%3Csvg%20xmlns%3D%22http%3A%2F%2Fwww.w3.org%2F2000%2Fsvg%22%20width%3D%22150%22%20height%3D%22150%22%20viewBox%3D%220%200%20150%20150%22%3E%3C%2Fsvg%3E\" loading=\"eager\"><\/span><span class=\"fg-image-overlay\"><\/span><\/a><figcaption class=\"fg-caption\"><div class=\"fg-caption-inner\"><div class=\"fg-caption-title\">\u00ab\u00a0Fleur d&rsquo;un arbre \u00e0 papillon, chercher l&rsquo;erreur !\u00a0\u00bb Photo de Didier<\/div><\/div><\/figcaption><\/figure><div class=\"fg-loader\"><\/div><\/div><div class=\"fg-item fg-type-image fg-idle\"><figure class=\"fg-item-inner\"><a href=\"https:\/\/acligphoto.fr\/wp-content\/uploads\/2022\/05\/14_Fleur_Christian.jpg\" data-caption-title=\"&quot;Deux pour le prix d&#039;une&quot;  Photo de Christian\" data-caption-desc=\"A kuttolsheim, dans le Kochersberg, au mois de mai une iriseraie est ouverte au public pour la vente ou une simple visite.\nUne fois de plus il s&#039;agit d&#039;une surimpression d&#039;iris \u00e0 la prise de vue.\" data-attachment-id=\"7638\" data-type=\"image\" class=\"fg-thumb\"><span class=\"fg-image-wrap\"><img decoding=\"async\" title=\"&quot;Deux pour le prix d&#039;une&quot;  Photo de Christian\" width=\"150\" height=\"150\" class=\"skip-lazy fg-image\" data-src-fg=\"https:\/\/acligphoto.fr\/wp-content\/uploads\/cache\/2022\/05\/14_Fleur_Christian\/2414414107.jpg\" src=\"data:image\/svg+xml,%3Csvg%20xmlns%3D%22http%3A%2F%2Fwww.w3.org%2F2000%2Fsvg%22%20width%3D%22150%22%20height%3D%22150%22%20viewBox%3D%220%200%20150%20150%22%3E%3C%2Fsvg%3E\" loading=\"eager\"><\/span><span class=\"fg-image-overlay\"><\/span><\/a><figcaption class=\"fg-caption\"><div class=\"fg-caption-inner\"><div class=\"fg-caption-title\">\u00ab\u00a0Deux pour le prix d&rsquo;une\u00a0\u00bb  Photo de Christian<\/div><div class=\"fg-caption-desc\">A kuttolsheim, dans le Kochersberg, au mois de mai une iriseraie est ouverte au public pour la vente ou une simple visite.\nUne fois de plus il s&rsquo;agit d&rsquo;une surimpression d&rsquo;iris \u00e0 la prise de vue.<\/div><\/div><\/figcaption><\/figure><div class=\"fg-loader\"><\/div><\/div><div class=\"fg-item fg-type-image fg-idle\"><figure class=\"fg-item-inner\"><a href=\"https:\/\/acligphoto.fr\/wp-content\/uploads\/2022\/05\/13_Fleur_Alan.jpg\" data-caption-title=\"&quot;Iris des marais&quot; Photo d&#039;Alan\" data-caption-desc=\"J&#039;ai trouv\u00e9 l&#039;inspiration pour r\u00e9aliser ce travail photographique en regardant les tableaux de Jan Davidszoon (souvent graphi\u00e9 Davidsz) de Heem il \u00e9tait un peintre n\u00e9erlandais de natures mortes. Il est n\u00e9 en 1606 \u00e0 Utrecht et mort en en 1684 \u00e0 Anvers.\nLes \u0153uvres en peinture Flamande sont riches en d\u00e9tails, et je reste toujours admiratif devant les compositions des bouquets en \u00e9loge \u00e0 la biodiversit\u00e9. Heureusement pour moi, il \u00e9tait demand\u00e9 qu&#039;une fleur en gros plan !\nPrise de vue Objectif 100mm MACRO _ouverture 2,8 _ Exposition 1\/3200s- \nTraitement avec une approche faible HDR et l\u00e9g\u00e8re saturation dans les teintes pour l&#039;aspect relief.\" data-attachment-id=\"7637\" data-type=\"image\" class=\"fg-thumb\"><span class=\"fg-image-wrap\"><img decoding=\"async\" title=\"&quot;Iris des marais&quot; Photo d&#039;Alan\" width=\"150\" height=\"150\" class=\"skip-lazy fg-image\" data-src-fg=\"https:\/\/acligphoto.fr\/wp-content\/uploads\/cache\/2022\/05\/13_Fleur_Alan\/2902188228.jpg\" src=\"data:image\/svg+xml,%3Csvg%20xmlns%3D%22http%3A%2F%2Fwww.w3.org%2F2000%2Fsvg%22%20width%3D%22150%22%20height%3D%22150%22%20viewBox%3D%220%200%20150%20150%22%3E%3C%2Fsvg%3E\" loading=\"eager\"><\/span><span class=\"fg-image-overlay\"><\/span><\/a><figcaption class=\"fg-caption\"><div class=\"fg-caption-inner\"><div class=\"fg-caption-title\">\u00ab\u00a0Iris des marais\u00a0\u00bb Photo d&rsquo;Alan<\/div><div class=\"fg-caption-desc\">J&rsquo;ai trouv\u00e9 l&rsquo;inspiration pour r\u00e9aliser ce travail photographique en regardant les tableaux de Jan Davidszoon (souvent graphi\u00e9 Davidsz) de Heem il \u00e9tait un peintre n\u00e9erlandais de natures mortes. Il est n\u00e9 en 1606 \u00e0 Utrecht et mort en en 1684 \u00e0 Anvers.\nLes \u0153uvres en peinture Flamande sont riches en d\u00e9tails, et je reste toujours admiratif devant les compositions des bouquets en \u00e9loge \u00e0 la biodiversit\u00e9. Heureusement pour moi, il \u00e9tait demand\u00e9 qu&rsquo;une fleur en gros plan !\nPrise de vue Objectif 100mm MACRO _ouverture 2,8 _ Exposition 1\/3200s- \nTraitement avec une approche faible HDR et l\u00e9g\u00e8re saturation dans les teintes pour l&rsquo;aspect relief.<\/div><\/div><\/figcaption><\/figure><div class=\"fg-loader\"><\/div><\/div><div class=\"fg-item fg-type-image fg-idle\"><figure class=\"fg-item-inner\"><a href=\"https:\/\/acligphoto.fr\/wp-content\/uploads\/2022\/05\/12_Fleur_Florence.jpg\" data-caption-title=\"&quot;Cl\u00e9matite&quot; Photo de Florence\" data-caption-desc=\"Cl\u00e9matite prise en studio. Cette photo fait partie d\u2019une s\u00e9rie que j\u2019ai compos\u00e9e lors du confinement !\" data-attachment-id=\"7636\" data-type=\"image\" class=\"fg-thumb\"><span class=\"fg-image-wrap\"><img decoding=\"async\" title=\"&quot;Cl\u00e9matite&quot; Photo de Florence\" width=\"150\" height=\"150\" class=\"skip-lazy fg-image\" data-src-fg=\"https:\/\/acligphoto.fr\/wp-content\/uploads\/cache\/2022\/05\/12_Fleur_Florence\/2414303277.jpg\" src=\"data:image\/svg+xml,%3Csvg%20xmlns%3D%22http%3A%2F%2Fwww.w3.org%2F2000%2Fsvg%22%20width%3D%22150%22%20height%3D%22150%22%20viewBox%3D%220%200%20150%20150%22%3E%3C%2Fsvg%3E\" loading=\"eager\"><\/span><span class=\"fg-image-overlay\"><\/span><\/a><figcaption class=\"fg-caption\"><div class=\"fg-caption-inner\"><div class=\"fg-caption-title\">\u00ab\u00a0Cl\u00e9matite\u00a0\u00bb Photo de Florence<\/div><div class=\"fg-caption-desc\">Cl\u00e9matite prise en studio. Cette photo fait partie d\u2019une s\u00e9rie que j\u2019ai compos\u00e9e lors du confinement !<\/div><\/div><\/figcaption><\/figure><div class=\"fg-loader\"><\/div><\/div><div class=\"fg-item fg-type-image fg-idle\"><figure class=\"fg-item-inner\"><a href=\"https:\/\/acligphoto.fr\/wp-content\/uploads\/2022\/05\/11_Fleur_Be\u0301atrice.jpg\" data-caption-title=\"Photo de B\u00e9atrice\" data-caption-desc=\"Photo faite lundi 25 avril apr\u00e8s-midi lors d\u2019une petite sortie entre les gouttes.\nLa fleur de pens\u00e9e est une jolie petite fleur tr\u00e8s appr\u00e9ci\u00e9e pour son charme et son c\u00f4t\u00e9 polyvalent. Elle est utilis\u00e9e pour rajouter une tonalit\u00e9 de couleurs dans un jardin. La famille de la pens\u00e9e vient de la viola tri-couleurs (jaune, blanc et violet) qui est une fleur sauvage que l\u2019on trouvait en Europe.  Elle est le symbole officiel d\u2019Osaka au Japon.  Depuis des si\u00e8cles, les fleurs de pens\u00e9es sont utilis\u00e9es dans les m\u00e9decines \u00e0 base de plantes et par la m\u00e9decine chinoise. Toutes les parties de la plante sont comestibles et repr\u00e9sentent une bonne source de nutriments. Les pens\u00e9es \u00e9taient utilis\u00e9es \u00e0 Ath\u00e8nes dans l\u2019Antiquit\u00e9 pour faire ressortir la col\u00e8re d\u2019un c\u0153ur aigri. Cela correspond aux qualit\u00e9s l\u00e9g\u00e8rement s\u00e9datives de la pens\u00e9e. Pline, un Romain, avait \u00e9crit que la pens\u00e9e pouvait all\u00e9ger les maux de t\u00eate et les \u00e9tourdissements qui les accompagnent. Cela est fond\u00e9 car l\u2019acide salicylique, qui est l\u2019un des ingr\u00e9dients actifs de la pens\u00e9e est le m\u00eame composant que l\u2019on trouve dans l\u2019aspirine. La pens\u00e9e contient \u00e9galement des saponines, compos\u00e9s trouv\u00e9s dans les plantes qui sont des expectorants ayant des propri\u00e9t\u00e9s anti-inflammatoires, couramment utilis\u00e9s pour soigner des infections des voies respiratoires sup\u00e9rieures.\" data-attachment-id=\"7635\" data-type=\"image\" class=\"fg-thumb\"><span class=\"fg-image-wrap\"><img decoding=\"async\" title=\"Photo de B\u00e9atrice\" width=\"150\" height=\"150\" class=\"skip-lazy fg-image\" data-src-fg=\"https:\/\/acligphoto.fr\/wp-content\/uploads\/cache\/2022\/05\/11_Fleur_Be\u0301atrice\/2459491931.jpg\" src=\"data:image\/svg+xml,%3Csvg%20xmlns%3D%22http%3A%2F%2Fwww.w3.org%2F2000%2Fsvg%22%20width%3D%22150%22%20height%3D%22150%22%20viewBox%3D%220%200%20150%20150%22%3E%3C%2Fsvg%3E\" loading=\"eager\"><\/span><span class=\"fg-image-overlay\"><\/span><\/a><figcaption class=\"fg-caption\"><div class=\"fg-caption-inner\"><div class=\"fg-caption-title\">Photo de B\u00e9atrice<\/div><div class=\"fg-caption-desc\">Photo faite lundi 25 avril apr\u00e8s-midi lors d\u2019une petite sortie entre les gouttes.\nLa fleur de pens\u00e9e est une jolie petite fleur tr\u00e8s appr\u00e9ci\u00e9e pour son charme et son c\u00f4t\u00e9 polyvalent. Elle est utilis\u00e9e pour rajouter une tonalit\u00e9 de couleurs dans un jardin. La famille de la pens\u00e9e vient de la viola tri-couleurs (jaune, blanc et violet) qui est une fleur sauvage que l\u2019on trouvait en Europe.  Elle est le symbole officiel d\u2019Osaka au Japon.  Depuis des si\u00e8cles, les fleurs de pens\u00e9es sont utilis\u00e9es dans les m\u00e9decines \u00e0 base de plantes et par la m\u00e9decine chinoise. Toutes les parties de la plante sont comestibles et repr\u00e9sentent une bonne source de nutriments. Les pens\u00e9es \u00e9taient utilis\u00e9es \u00e0 Ath\u00e8nes dans l\u2019Antiquit\u00e9 pour faire ressortir la col\u00e8re d\u2019un c\u0153ur aigri. Cela correspond aux qualit\u00e9s l\u00e9g\u00e8rement s\u00e9datives de la pens\u00e9e. Pline, un Romain, avait \u00e9crit que la pens\u00e9e pouvait all\u00e9ger les maux de t\u00eate et les \u00e9tourdissements qui les accompagnent. Cela est fond\u00e9 car l\u2019acide salicylique, qui est l\u2019un des ingr\u00e9dients actifs de la pens\u00e9e est le m\u00eame composant que l\u2019on trouve dans l\u2019aspirine. La pens\u00e9e contient \u00e9galement des saponines, compos\u00e9s trouv\u00e9s dans les plantes qui sont des expectorants ayant des propri\u00e9t\u00e9s anti-inflammatoires, couramment utilis\u00e9s pour soigner des infections des voies respiratoires sup\u00e9rieures.<\/div><\/div><\/figcaption><\/figure><div class=\"fg-loader\"><\/div><\/div><div class=\"fg-item fg-type-image fg-idle\"><figure class=\"fg-item-inner\"><a href=\"https:\/\/acligphoto.fr\/wp-content\/uploads\/2022\/05\/10_Fleur_Ge\u0301rard.jpg\" data-caption-title=\"Photo de G\u00e9rard\" data-caption-desc=\"Muscaris au jardin, annonce que le printemps est arriv\u00e9 !\" data-attachment-id=\"7634\" data-type=\"image\" class=\"fg-thumb\"><span class=\"fg-image-wrap\"><img decoding=\"async\" title=\"Photo de G\u00e9rard\" width=\"150\" height=\"150\" class=\"skip-lazy fg-image\" data-src-fg=\"https:\/\/acligphoto.fr\/wp-content\/uploads\/cache\/2022\/05\/10_Fleur_Ge\u0301rard\/3267764287.jpg\" src=\"data:image\/svg+xml,%3Csvg%20xmlns%3D%22http%3A%2F%2Fwww.w3.org%2F2000%2Fsvg%22%20width%3D%22150%22%20height%3D%22150%22%20viewBox%3D%220%200%20150%20150%22%3E%3C%2Fsvg%3E\" loading=\"eager\"><\/span><span class=\"fg-image-overlay\"><\/span><\/a><figcaption class=\"fg-caption\"><div class=\"fg-caption-inner\"><div class=\"fg-caption-title\">Photo de G\u00e9rard<\/div><div class=\"fg-caption-desc\">Muscaris au jardin, annonce que le printemps est arriv\u00e9 !<\/div><\/div><\/figcaption><\/figure><div class=\"fg-loader\"><\/div><\/div><div class=\"fg-item fg-type-image fg-idle\"><figure class=\"fg-item-inner\"><a href=\"https:\/\/acligphoto.fr\/wp-content\/uploads\/2022\/05\/09_Fleur_Robert.jpg\" data-caption-title=\"Photo de Robert\" data-caption-desc=\"An\u00e9mone pulsatile captur\u00e9e en fin d&#039;apr\u00e8s-midi \u00e0 contre-jour.\" data-attachment-id=\"7633\" data-type=\"image\" class=\"fg-thumb\"><span class=\"fg-image-wrap\"><img decoding=\"async\" title=\"Photo de Robert\" width=\"150\" height=\"150\" class=\"skip-lazy fg-image\" data-src-fg=\"https:\/\/acligphoto.fr\/wp-content\/uploads\/cache\/2022\/05\/09_Fleur_Robert\/3985171839.jpg\" src=\"data:image\/svg+xml,%3Csvg%20xmlns%3D%22http%3A%2F%2Fwww.w3.org%2F2000%2Fsvg%22%20width%3D%22150%22%20height%3D%22150%22%20viewBox%3D%220%200%20150%20150%22%3E%3C%2Fsvg%3E\" loading=\"eager\"><\/span><span class=\"fg-image-overlay\"><\/span><\/a><figcaption class=\"fg-caption\"><div class=\"fg-caption-inner\"><div class=\"fg-caption-title\">Photo de Robert<\/div><div class=\"fg-caption-desc\">An\u00e9mone pulsatile captur\u00e9e en fin d&rsquo;apr\u00e8s-midi \u00e0 contre-jour.<\/div><\/div><\/figcaption><\/figure><div class=\"fg-loader\"><\/div><\/div><div class=\"fg-item fg-type-image fg-idle\"><figure class=\"fg-item-inner\"><a href=\"https:\/\/acligphoto.fr\/wp-content\/uploads\/2022\/05\/08_Fleur_Gilbert.jpg\" data-caption-title=\"\u2018\u2019orchid\u00e9e blanche\u2019\u2019 Photo de Gilbert\" data-caption-desc=\"Eclairage en lumi\u00e8re du jour, proche d\u2019une fen\u00eatre. Mon boitier \u00e9tait \u00e9quip\u00e9 d\u2019un zoom 40-150 mm (fois 2) plus deux bagues d\u2019extension jumel\u00e9es de 16 et 10 mm. Le tout permet de faire des gros plans tout en \u00e9tant \u00e9loign\u00e9 du sujet. expo 1\/100, f\/11. auto ISO.\" data-attachment-id=\"7632\" data-type=\"image\" class=\"fg-thumb\"><span class=\"fg-image-wrap\"><img decoding=\"async\" title=\"\u2018\u2019orchid\u00e9e blanche\u2019\u2019 Photo de Gilbert\" width=\"150\" height=\"150\" class=\"skip-lazy fg-image\" data-src-fg=\"https:\/\/acligphoto.fr\/wp-content\/uploads\/cache\/2022\/05\/08_Fleur_Gilbert\/209960592.jpg\" src=\"data:image\/svg+xml,%3Csvg%20xmlns%3D%22http%3A%2F%2Fwww.w3.org%2F2000%2Fsvg%22%20width%3D%22150%22%20height%3D%22150%22%20viewBox%3D%220%200%20150%20150%22%3E%3C%2Fsvg%3E\" loading=\"eager\"><\/span><span class=\"fg-image-overlay\"><\/span><\/a><figcaption class=\"fg-caption\"><div class=\"fg-caption-inner\"><div class=\"fg-caption-title\">\u2018\u2019orchid\u00e9e blanche\u2019\u2019 Photo de Gilbert<\/div><div class=\"fg-caption-desc\">Eclairage en lumi\u00e8re du jour, proche d\u2019une fen\u00eatre. Mon boitier \u00e9tait \u00e9quip\u00e9 d\u2019un zoom 40-150 mm (fois 2) plus deux bagues d\u2019extension jumel\u00e9es de 16 et 10 mm. Le tout permet de faire des gros plans tout en \u00e9tant \u00e9loign\u00e9 du sujet. expo 1\/100, f\/11. auto ISO.<\/div><\/div><\/figcaption><\/figure><div class=\"fg-loader\"><\/div><\/div><div class=\"fg-item fg-type-image fg-idle\"><figure class=\"fg-item-inner\"><a href=\"https:\/\/acligphoto.fr\/wp-content\/uploads\/2022\/05\/07_Fleur_Jose\u0301.jpg\" data-caption-title=\"Photo de Jos\u00e9\" data-caption-desc=\"Histoire de cette photo, ou plut\u00f4t &quot;double photo&quot; car il s&#039;agit d&#039;un montage qui a permis de poser sur un arri\u00e8re-plan d&#039;an\u00e9mones une image de pissenlits. Photo prise en Allemagne \u00e0 c\u00f4t\u00e9 du pont Pflimlin au Wildnis Pfad de Neuried; un circuit p\u00e9destre de 3 km qui vaut le d\u00e9placement. Photos prises &quot;\u00e0 main lev\u00e9e&quot; dans des conditions d\u00e9favorables pour les photographes \u00e0 savoir lumi\u00e8re tr\u00e8s puissante et beaucoup de zones &quot;d&#039;ombres et de lumi\u00e8re&quot; sous les arbres.\" data-attachment-id=\"7631\" data-type=\"image\" class=\"fg-thumb\"><span class=\"fg-image-wrap\"><img decoding=\"async\" title=\"Photo de Jos\u00e9\" width=\"150\" height=\"150\" class=\"skip-lazy fg-image\" data-src-fg=\"https:\/\/acligphoto.fr\/wp-content\/uploads\/cache\/2022\/05\/07_Fleur_Jose\u0301\/3033009070.jpg\" src=\"data:image\/svg+xml,%3Csvg%20xmlns%3D%22http%3A%2F%2Fwww.w3.org%2F2000%2Fsvg%22%20width%3D%22150%22%20height%3D%22150%22%20viewBox%3D%220%200%20150%20150%22%3E%3C%2Fsvg%3E\" loading=\"eager\"><\/span><span class=\"fg-image-overlay\"><\/span><\/a><figcaption class=\"fg-caption\"><div class=\"fg-caption-inner\"><div class=\"fg-caption-title\">Photo de Jos\u00e9<\/div><div class=\"fg-caption-desc\">Histoire de cette photo, ou plut\u00f4t \u00ab\u00a0double photo\u00a0\u00bb car il s&rsquo;agit d&rsquo;un montage qui a permis de poser sur un arri\u00e8re-plan d&rsquo;an\u00e9mones une image de pissenlits. Photo prise en Allemagne \u00e0 c\u00f4t\u00e9 du pont Pflimlin au Wildnis Pfad de Neuried; un circuit p\u00e9destre de 3 km qui vaut le d\u00e9placement. Photos prises \u00ab\u00a0\u00e0 main lev\u00e9e\u00a0\u00bb dans des conditions d\u00e9favorables pour les photographes \u00e0 savoir lumi\u00e8re tr\u00e8s puissante et beaucoup de zones \u00ab\u00a0d&rsquo;ombres et de lumi\u00e8re\u00a0\u00bb sous les arbres.<\/div><\/div><\/figcaption><\/figure><div class=\"fg-loader\"><\/div><\/div><div class=\"fg-item fg-type-image fg-idle\"><figure class=\"fg-item-inner\"><a href=\"https:\/\/acligphoto.fr\/wp-content\/uploads\/2022\/05\/06_Fleur_Louis.jpg\" data-caption-title=\"Photo de Louis\" data-caption-desc=\"Photo d\u2019iris prise dans le jardin de mon amie (150 proxi)\" data-attachment-id=\"7630\" data-type=\"image\" class=\"fg-thumb\"><span class=\"fg-image-wrap\"><img decoding=\"async\" title=\"Photo de Louis\" width=\"150\" height=\"150\" class=\"skip-lazy fg-image\" data-src-fg=\"https:\/\/acligphoto.fr\/wp-content\/uploads\/cache\/2022\/05\/06_Fleur_Louis\/2167716224.jpg\" src=\"data:image\/svg+xml,%3Csvg%20xmlns%3D%22http%3A%2F%2Fwww.w3.org%2F2000%2Fsvg%22%20width%3D%22150%22%20height%3D%22150%22%20viewBox%3D%220%200%20150%20150%22%3E%3C%2Fsvg%3E\" loading=\"eager\"><\/span><span class=\"fg-image-overlay\"><\/span><\/a><figcaption class=\"fg-caption\"><div class=\"fg-caption-inner\"><div class=\"fg-caption-title\">Photo de Louis<\/div><div class=\"fg-caption-desc\">Photo d\u2019iris prise dans le jardin de mon amie (150 proxi)<\/div><\/div><\/figcaption><\/figure><div class=\"fg-loader\"><\/div><\/div><div class=\"fg-item fg-type-image fg-idle\"><figure class=\"fg-item-inner\"><a href=\"https:\/\/acligphoto.fr\/wp-content\/uploads\/2022\/05\/05_Fleur_Lisa.jpg\" data-caption-title=\"Photo de Lisa\" data-caption-desc=\"Ce fut tr\u00e8s facile de choisir cette photo, car j&#039;ai pris beaucoup de plaisir \u00e0 la r\u00e9aliser et \u00e0 la travailler sur LR, cette rose a \u00e9t\u00e9 prise pendant le confinement de 2020 tout simplement dans notre jardin.\" data-attachment-id=\"7629\" data-type=\"image\" class=\"fg-thumb\"><span class=\"fg-image-wrap\"><img decoding=\"async\" title=\"Photo de Lisa\" width=\"150\" height=\"150\" class=\"skip-lazy fg-image\" data-src-fg=\"https:\/\/acligphoto.fr\/wp-content\/uploads\/cache\/2022\/05\/05_Fleur_Lisa\/2862300247.jpg\" src=\"data:image\/svg+xml,%3Csvg%20xmlns%3D%22http%3A%2F%2Fwww.w3.org%2F2000%2Fsvg%22%20width%3D%22150%22%20height%3D%22150%22%20viewBox%3D%220%200%20150%20150%22%3E%3C%2Fsvg%3E\" loading=\"eager\"><\/span><span class=\"fg-image-overlay\"><\/span><\/a><figcaption class=\"fg-caption\"><div class=\"fg-caption-inner\"><div class=\"fg-caption-title\">Photo de Lisa<\/div><div class=\"fg-caption-desc\">Ce fut tr\u00e8s facile de choisir cette photo, car j&rsquo;ai pris beaucoup de plaisir \u00e0 la r\u00e9aliser et \u00e0 la travailler sur LR, cette rose a \u00e9t\u00e9 prise pendant le confinement de 2020 tout simplement dans notre jardin.<\/div><\/div><\/figcaption><\/figure><div class=\"fg-loader\"><\/div><\/div><div class=\"fg-item fg-type-image fg-idle\"><figure class=\"fg-item-inner\"><a href=\"https:\/\/acligphoto.fr\/wp-content\/uploads\/2022\/05\/04_Fleur_Eva.jpg\" data-caption-title=\"Photo d&#039;Eva\" data-caption-desc=\"Une fleur d\u2019int\u00e9rieur rouge comme un c\u0153ur !\" data-attachment-id=\"7628\" data-type=\"image\" class=\"fg-thumb\"><span class=\"fg-image-wrap\"><img decoding=\"async\" title=\"Photo d&#039;Eva\" width=\"150\" height=\"150\" class=\"skip-lazy fg-image\" data-src-fg=\"https:\/\/acligphoto.fr\/wp-content\/uploads\/cache\/2022\/05\/04_Fleur_Eva\/228070403.jpg\" src=\"data:image\/svg+xml,%3Csvg%20xmlns%3D%22http%3A%2F%2Fwww.w3.org%2F2000%2Fsvg%22%20width%3D%22150%22%20height%3D%22150%22%20viewBox%3D%220%200%20150%20150%22%3E%3C%2Fsvg%3E\" loading=\"eager\"><\/span><span class=\"fg-image-overlay\"><\/span><\/a><figcaption class=\"fg-caption\"><div class=\"fg-caption-inner\"><div class=\"fg-caption-title\">Photo d&rsquo;Eva<\/div><div class=\"fg-caption-desc\">Une fleur d\u2019int\u00e9rieur rouge comme un c\u0153ur !<\/div><\/div><\/figcaption><\/figure><div class=\"fg-loader\"><\/div><\/div><div class=\"fg-item fg-type-image fg-idle\"><figure class=\"fg-item-inner\"><a href=\"https:\/\/acligphoto.fr\/wp-content\/uploads\/2022\/05\/03_Fleur_Thomas.jpg\" data-caption-title=\"Photo de Thomas\" data-caption-desc=\"Voici une fleur naturelle que j&#039;ai photographi\u00e9e en gros plan \u00e0 San Remo en 2019 avec un smartphone, dans le jardin d&#039;une r\u00e9sidence de vacances situ\u00e9e \u00e0 50 m de la mer.\" data-attachment-id=\"7627\" data-type=\"image\" class=\"fg-thumb\"><span class=\"fg-image-wrap\"><img decoding=\"async\" title=\"Photo de Thomas\" width=\"150\" height=\"150\" class=\"skip-lazy fg-image\" data-src-fg=\"https:\/\/acligphoto.fr\/wp-content\/uploads\/cache\/2022\/05\/03_Fleur_Thomas\/2628651741.jpg\" src=\"data:image\/svg+xml,%3Csvg%20xmlns%3D%22http%3A%2F%2Fwww.w3.org%2F2000%2Fsvg%22%20width%3D%22150%22%20height%3D%22150%22%20viewBox%3D%220%200%20150%20150%22%3E%3C%2Fsvg%3E\" loading=\"eager\"><\/span><span class=\"fg-image-overlay\"><\/span><\/a><figcaption class=\"fg-caption\"><div class=\"fg-caption-inner\"><div class=\"fg-caption-title\">Photo de Thomas<\/div><div class=\"fg-caption-desc\">Voici une fleur naturelle que j&rsquo;ai photographi\u00e9e en gros plan \u00e0 San Remo en 2019 avec un smartphone, dans le jardin d&rsquo;une r\u00e9sidence de vacances situ\u00e9e \u00e0 50 m de la mer.<\/div><\/div><\/figcaption><\/figure><div class=\"fg-loader\"><\/div><\/div><div class=\"fg-item fg-type-image fg-idle\"><figure class=\"fg-item-inner\"><a href=\"https:\/\/acligphoto.fr\/wp-content\/uploads\/2022\/05\/02_Fleur_Francis.jpg\" data-caption-title=\"Photo de Francis\" data-caption-desc=\"Photo prise dans mon jardin par une belle journ\u00e9e.\" data-attachment-id=\"7626\" data-type=\"image\" class=\"fg-thumb\"><span class=\"fg-image-wrap\"><img decoding=\"async\" title=\"Photo de Francis\" width=\"150\" height=\"150\" class=\"skip-lazy fg-image\" data-src-fg=\"https:\/\/acligphoto.fr\/wp-content\/uploads\/cache\/2022\/05\/02_Fleur_Francis\/1312124424.jpg\" src=\"data:image\/svg+xml,%3Csvg%20xmlns%3D%22http%3A%2F%2Fwww.w3.org%2F2000%2Fsvg%22%20width%3D%22150%22%20height%3D%22150%22%20viewBox%3D%220%200%20150%20150%22%3E%3C%2Fsvg%3E\" loading=\"eager\"><\/span><span class=\"fg-image-overlay\"><\/span><\/a><figcaption class=\"fg-caption\"><div class=\"fg-caption-inner\"><div class=\"fg-caption-title\">Photo de Francis<\/div><div class=\"fg-caption-desc\">Photo prise dans mon jardin par une belle journ\u00e9e.<\/div><\/div><\/figcaption><\/figure><div class=\"fg-loader\"><\/div><\/div><div class=\"fg-item fg-type-image fg-idle\"><figure class=\"fg-item-inner\"><a href=\"https:\/\/acligphoto.fr\/wp-content\/uploads\/2022\/05\/01_Fleur_Albert.jpg\" data-caption-title=\"Photo d&#039;Albert\" data-caption-desc=\"C\u2019est au jardin d&#039;altitude du Haut Chitelet au Col de la Schlucht que j\u2019ai photographi\u00e9 cet Edelweiss. Originaire de Sib\u00e9rie, Leontopodium alpinum est arriv\u00e9 en Europe lors des p\u00e9riodes glaciaires du quaternaire. On trouve la plante dans les Alpes, mais aussi dans les Pyr\u00e9n\u00e9es, les Carpates et les Balkans.\" data-attachment-id=\"7625\" data-type=\"image\" class=\"fg-thumb\"><span class=\"fg-image-wrap\"><img decoding=\"async\" title=\"Photo d&#039;Albert\" width=\"150\" height=\"150\" class=\"skip-lazy fg-image\" data-src-fg=\"https:\/\/acligphoto.fr\/wp-content\/uploads\/cache\/2022\/05\/01_Fleur_Albert\/2840711860.jpg\" src=\"data:image\/svg+xml,%3Csvg%20xmlns%3D%22http%3A%2F%2Fwww.w3.org%2F2000%2Fsvg%22%20width%3D%22150%22%20height%3D%22150%22%20viewBox%3D%220%200%20150%20150%22%3E%3C%2Fsvg%3E\" loading=\"eager\"><\/span><span class=\"fg-image-overlay\"><\/span><\/a><figcaption class=\"fg-caption\"><div class=\"fg-caption-inner\"><div class=\"fg-caption-title\">Photo d&rsquo;Albert<\/div><div class=\"fg-caption-desc\">C\u2019est au jardin d&rsquo;altitude du Haut Chitelet au Col de la Schlucht que j\u2019ai photographi\u00e9 cet Edelweiss. Originaire de Sib\u00e9rie, Leontopodium alpinum est arriv\u00e9 en Europe lors des p\u00e9riodes glaciaires du quaternaire. On trouve la plante dans les Alpes, mais aussi dans les Pyr\u00e9n\u00e9es, les Carpates et les Balkans.<\/div><\/div><\/figcaption><\/figure><div class=\"fg-loader\"><\/div><\/div><\/div>\n","protected":false},"excerpt":{"rendered":"<p>Fleur en gros plan<\/p>\n","protected":false},"author":27,"featured_media":7640,"comment_status":"closed","ping_status":"open","sticky":true,"template":"","format":"standard","meta":{"_bbp_topic_count":0,"_bbp_reply_count":0,"_bbp_total_topic_count":0,"_bbp_total_reply_count":0,"_bbp_voice_count":0,"_bbp_anonymous_reply_count":0,"_bbp_topic_count_hidden":0,"_bbp_reply_count_hidden":0,"_bbp_forum_subforum_count":0,"footnotes":""},"categories":[7],"tags":[],"class_list":["post-7623","post","type-post","status-publish","format-standard","has-post-thumbnail","hentry","category-vie-de-latelier"],"_links":{"self":[{"href":"https:\/\/acligphoto.fr\/index.php?rest_route=\/wp\/v2\/posts\/7623","targetHints":{"allow":["GET"]}}],"collection":[{"href":"https:\/\/acligphoto.fr\/index.php?rest_route=\/wp\/v2\/posts"}],"about":[{"href":"https:\/\/acligphoto.fr\/index.php?rest_route=\/wp\/v2\/types\/post"}],"author":[{"embeddable":true,"href":"https:\/\/acligphoto.fr\/index.php?rest_route=\/wp\/v2\/users\/27"}],"replies":[{"embeddable":true,"href":"https:\/\/acligphoto.fr\/index.php?rest_route=%2Fwp%2Fv2%2Fcomments&post=7623"}],"version-history":[{"count":2,"href":"https:\/\/acligphoto.fr\/index.php?rest_route=\/wp\/v2\/posts\/7623\/revisions"}],"predecessor-version":[{"id":7643,"href":"https:\/\/acligphoto.fr\/index.php?rest_route=\/wp\/v2\/posts\/7623\/revisions\/7643"}],"wp:featuredmedia":[{"embeddable":true,"href":"https:\/\/acligphoto.fr\/index.php?rest_route=\/wp\/v2\/media\/7640"}],"wp:attachment":[{"href":"https:\/\/acligphoto.fr\/index.php?rest_route=%2Fwp%2Fv2%2Fmedia&parent=7623"}],"wp:term":[{"taxonomy":"category","embeddable":true,"href":"https:\/\/acligphoto.fr\/index.php?rest_route=%2Fwp%2Fv2%2Fcategories&post=7623"},{"taxonomy":"post_tag","embeddable":true,"href":"https:\/\/acligphoto.fr\/index.php?rest_route=%2Fwp%2Fv2%2Ftags&post=7623"}],"curies":[{"name":"wp","href":"https:\/\/api.w.org\/{rel}","templated":true}]}}