{"id":6665,"date":"2022-01-11T22:33:34","date_gmt":"2022-01-11T21:33:34","guid":{"rendered":"https:\/\/acligphoto.fr\/?p=6665"},"modified":"2022-02-03T10:26:19","modified_gmt":"2022-02-03T09:26:19","slug":"raconte-ta-photo-episode-xxvii","status":"publish","type":"post","link":"https:\/\/acligphoto.fr\/?p=6665","title":{"rendered":"Raconte ta photo, Episode XXVII"},"content":{"rendered":"\n<p class=\"has-large-font-size\">D\u00e9corations des f\u00eates de fin d&rsquo;ann\u00e9e<\/p>\n\n\n<style type=\"text\/css\">\n#foogallery-gallery-6667 .fg-image { width: 150px; }\n#foogallery-gallery-6667 { --fg-gutter: 10px; }<\/style>\n\t\t\t<div class=\"foogallery foogallery-container foogallery-default foogallery-lightbox-foobox fg-center fg-default fg-ready fg-light fg-border-thin fg-shadow-outline fg-loading-default fg-loaded-fade-in fg-caption-hover fg-hover-fade fg-hover-zoom\" id=\"foogallery-gallery-6667\" data-foogallery=\"{&quot;item&quot;:{&quot;showCaptionTitle&quot;:true,&quot;showCaptionDescription&quot;:true},&quot;lazy&quot;:true}\" style=\"--fg-title-line-clamp: 0; --fg-description-line-clamp: 0;\" >\n\t<div class=\"fg-item fg-type-image fg-idle\"><figure class=\"fg-item-inner\"><a href=\"https:\/\/acligphoto.fr\/wp-content\/uploads\/2022\/01\/14_De\u0301co_Noe\u0308rl_Ge\u0301rard.jpg\" data-caption-title=\"Photo de G\u00e9rard\" data-caption-desc=\"No\u00ebl d&#039;antan avec cette reproduction de la fabrication des bredeles \u00e0 Gertwiller et l&#039;illumination f\u00e9erique de Strasbourg.\" data-attachment-id=\"6686\" data-type=\"image\" class=\"fg-thumb\"><span class=\"fg-image-wrap\"><img decoding=\"async\" title=\"Photo de G\u00e9rard\" width=\"150\" height=\"150\" class=\"skip-lazy fg-image\" data-src-fg=\"https:\/\/acligphoto.fr\/wp-content\/uploads\/cache\/2022\/01\/14_De\u0301co_Noe\u0308rl_Ge\u0301rard\/1301589996.jpg\" src=\"data:image\/svg+xml,%3Csvg%20xmlns%3D%22http%3A%2F%2Fwww.w3.org%2F2000%2Fsvg%22%20width%3D%22150%22%20height%3D%22150%22%20viewBox%3D%220%200%20150%20150%22%3E%3C%2Fsvg%3E\" loading=\"eager\"><\/span><span class=\"fg-image-overlay\"><\/span><\/a><figcaption class=\"fg-caption\"><div class=\"fg-caption-inner\"><div class=\"fg-caption-title\">Photo de G\u00e9rard<\/div><div class=\"fg-caption-desc\">No\u00ebl d&rsquo;antan avec cette reproduction de la fabrication des bredeles \u00e0 Gertwiller et l&rsquo;illumination f\u00e9erique de Strasbourg.<\/div><\/div><\/figcaption><\/figure><div class=\"fg-loader\"><\/div><\/div><div class=\"fg-item fg-type-image fg-idle\"><figure class=\"fg-item-inner\"><a href=\"https:\/\/acligphoto.fr\/wp-content\/uploads\/2022\/01\/13_De\u0301co_Noe\u0308l_Francis.jpg\" data-caption-title=\"Photo de Francis\" data-caption-desc=\"D\u00e9coration r\u00e9alis\u00e9e par mon \u00e9pouse, mise en valeur sur l&#039;auvent de la chemin\u00e9e. Caract\u00e9ristiques Techniques : F\/3.2-vitesse 1\/80secondes-iso 800 distance focale 50m.\" data-attachment-id=\"6685\" data-type=\"image\" class=\"fg-thumb\"><span class=\"fg-image-wrap\"><img decoding=\"async\" title=\"Photo de Francis\" width=\"150\" height=\"150\" class=\"skip-lazy fg-image\" data-src-fg=\"https:\/\/acligphoto.fr\/wp-content\/uploads\/cache\/2022\/01\/13_De\u0301co_Noe\u0308l_Francis\/1088758127.jpg\" src=\"data:image\/svg+xml,%3Csvg%20xmlns%3D%22http%3A%2F%2Fwww.w3.org%2F2000%2Fsvg%22%20width%3D%22150%22%20height%3D%22150%22%20viewBox%3D%220%200%20150%20150%22%3E%3C%2Fsvg%3E\" loading=\"eager\"><\/span><span class=\"fg-image-overlay\"><\/span><\/a><figcaption class=\"fg-caption\"><div class=\"fg-caption-inner\"><div class=\"fg-caption-title\">Photo de Francis<\/div><div class=\"fg-caption-desc\">D\u00e9coration r\u00e9alis\u00e9e par mon \u00e9pouse, mise en valeur sur l&rsquo;auvent de la chemin\u00e9e. Caract\u00e9ristiques Techniques : F\/3.2-vitesse 1\/80secondes-iso 800 distance focale 50m.<\/div><\/div><\/figcaption><\/figure><div class=\"fg-loader\"><\/div><\/div><div class=\"fg-item fg-type-image fg-idle\"><figure class=\"fg-item-inner\"><a href=\"https:\/\/acligphoto.fr\/wp-content\/uploads\/2022\/01\/12_De\u0301co_Noe\u0308l_Armand.jpg\" data-caption-title=\"&quot;Danger ! Chute de cadeaux &quot; d&#039;Armand\" data-caption-desc=\"\u00ab Cette photo prise il y a quelque temps d\u00e9j\u00e0 \u00e0 Paris aux Galeries Lafayette m\u2019est revenue en m\u00e9moire et semble avoir chang\u00e9e de sens pour moi. Elle racontait un No\u00ebl riche et opulent, un No\u00ebl de r\u00eave, un No\u00ebl peut-\u00eatre d\u2019une autre \u00e9poque.\nElle raconte aussi, et de plus en plus, un No\u00ebl de l\u2019exclusion de ceux qui n\u2019ont pas les moyens. Ce que No\u00ebl n\u2019aurait jamais d\u00fb \u00eatre ou devenir. Une photo que j\u2019avais faite na\u00efvement pour son c\u00f4t\u00e9 \u00ab jolie \u00bb. Bref, sans le savoir, j\u2019avais aussi fait une image politique. Pardon, je fais ce que je peux ! &amp;#x1f60a; Je retiens qu\u2019il est parfois bon de revenir sur ses images...et d\u2019y r\u00e9fl\u00e9chir davantage... d\u00e8s la prise de vue! \u00bb\" data-attachment-id=\"6684\" data-type=\"image\" class=\"fg-thumb\"><span class=\"fg-image-wrap\"><img decoding=\"async\" title=\"&quot;Danger ! Chute de cadeaux &quot; d&#039;Armand\" width=\"150\" height=\"150\" class=\"skip-lazy fg-image\" data-src-fg=\"https:\/\/acligphoto.fr\/wp-content\/uploads\/cache\/2022\/01\/12_De\u0301co_Noe\u0308l_Armand\/1072312085.jpg\" src=\"data:image\/svg+xml,%3Csvg%20xmlns%3D%22http%3A%2F%2Fwww.w3.org%2F2000%2Fsvg%22%20width%3D%22150%22%20height%3D%22150%22%20viewBox%3D%220%200%20150%20150%22%3E%3C%2Fsvg%3E\" loading=\"eager\"><\/span><span class=\"fg-image-overlay\"><\/span><\/a><figcaption class=\"fg-caption\"><div class=\"fg-caption-inner\"><div class=\"fg-caption-title\">\u00ab\u00a0Danger ! Chute de cadeaux \u00a0\u00bb d&rsquo;Armand<\/div><div class=\"fg-caption-desc\">\u00ab Cette photo prise il y a quelque temps d\u00e9j\u00e0 \u00e0 Paris aux Galeries Lafayette m\u2019est revenue en m\u00e9moire et semble avoir chang\u00e9e de sens pour moi. Elle racontait un No\u00ebl riche et opulent, un No\u00ebl de r\u00eave, un No\u00ebl peut-\u00eatre d\u2019une autre \u00e9poque.\nElle raconte aussi, et de plus en plus, un No\u00ebl de l\u2019exclusion de ceux qui n\u2019ont pas les moyens. Ce que No\u00ebl n\u2019aurait jamais d\u00fb \u00eatre ou devenir. Une photo que j\u2019avais faite na\u00efvement pour son c\u00f4t\u00e9 \u00ab jolie \u00bb. Bref, sans le savoir, j\u2019avais aussi fait une image politique. Pardon, je fais ce que je peux ! &#x1f60a; Je retiens qu\u2019il est parfois bon de revenir sur ses images&#8230;et d\u2019y r\u00e9fl\u00e9chir davantage&#8230; d\u00e8s la prise de vue! \u00bb<\/div><\/div><\/figcaption><\/figure><div class=\"fg-loader\"><\/div><\/div><div class=\"fg-item fg-type-image fg-idle\"><figure class=\"fg-item-inner\"><a href=\"https:\/\/acligphoto.fr\/wp-content\/uploads\/2022\/01\/11_De\u0301co_Noe\u0308l_Lisa.jpeg\" data-caption-title=\"Photo de Lisa\" data-caption-desc=\"Voici mon choix, lors d\u2019une sortie nocturne avec quelques-uns d\u2019entre nous, en \u00e9vitant la foule qui pr\u00e9c\u00e9dait No\u00ebl.\nL\u2019esprit de f\u00eate quoique \u00e9branl\u00e9 par les \u00e9v\u00e9nements actuels n\u2019a en rien \u00e9t\u00e9 entach\u00e9 et les d\u00e9corations de la ville m\u2019ont totalement \u00e9blouie.\" data-attachment-id=\"6683\" data-type=\"image\" class=\"fg-thumb\"><span class=\"fg-image-wrap\"><img decoding=\"async\" title=\"Photo de Lisa\" width=\"150\" height=\"150\" class=\"skip-lazy fg-image\" data-src-fg=\"https:\/\/acligphoto.fr\/wp-content\/uploads\/cache\/2022\/01\/11_De\u0301co_Noe\u0308l_Lisa\/2611759302.jpeg\" src=\"data:image\/svg+xml,%3Csvg%20xmlns%3D%22http%3A%2F%2Fwww.w3.org%2F2000%2Fsvg%22%20width%3D%22150%22%20height%3D%22150%22%20viewBox%3D%220%200%20150%20150%22%3E%3C%2Fsvg%3E\" loading=\"eager\"><\/span><span class=\"fg-image-overlay\"><\/span><\/a><figcaption class=\"fg-caption\"><div class=\"fg-caption-inner\"><div class=\"fg-caption-title\">Photo de Lisa<\/div><div class=\"fg-caption-desc\">Voici mon choix, lors d\u2019une sortie nocturne avec quelques-uns d\u2019entre nous, en \u00e9vitant la foule qui pr\u00e9c\u00e9dait No\u00ebl.\nL\u2019esprit de f\u00eate quoique \u00e9branl\u00e9 par les \u00e9v\u00e9nements actuels n\u2019a en rien \u00e9t\u00e9 entach\u00e9 et les d\u00e9corations de la ville m\u2019ont totalement \u00e9blouie.<\/div><\/div><\/figcaption><\/figure><div class=\"fg-loader\"><\/div><\/div><div class=\"fg-item fg-type-image fg-idle\"><figure class=\"fg-item-inner\"><a href=\"https:\/\/acligphoto.fr\/wp-content\/uploads\/2022\/01\/10_De\u0301co_Noe\u0308l_Thomas.jpg\" data-caption-title=\"Photo de Thomas\" data-caption-desc=\"Je vous propose une photo de d\u00e9co de f\u00eates de fin d&#039;ann\u00e9e d&#039;un habitant de mon village particuli\u00e8rement motiv\u00e9.\" data-attachment-id=\"6682\" data-type=\"image\" class=\"fg-thumb\"><span class=\"fg-image-wrap\"><img decoding=\"async\" title=\"Photo de Thomas\" width=\"150\" height=\"150\" class=\"skip-lazy fg-image\" data-src-fg=\"https:\/\/acligphoto.fr\/wp-content\/uploads\/cache\/2022\/01\/10_De\u0301co_Noe\u0308l_Thomas\/1263846548.jpg\" src=\"data:image\/svg+xml,%3Csvg%20xmlns%3D%22http%3A%2F%2Fwww.w3.org%2F2000%2Fsvg%22%20width%3D%22150%22%20height%3D%22150%22%20viewBox%3D%220%200%20150%20150%22%3E%3C%2Fsvg%3E\" loading=\"eager\"><\/span><span class=\"fg-image-overlay\"><\/span><\/a><figcaption class=\"fg-caption\"><div class=\"fg-caption-inner\"><div class=\"fg-caption-title\">Photo de Thomas<\/div><div class=\"fg-caption-desc\">Je vous propose une photo de d\u00e9co de f\u00eates de fin d&rsquo;ann\u00e9e d&rsquo;un habitant de mon village particuli\u00e8rement motiv\u00e9.<\/div><\/div><\/figcaption><\/figure><div class=\"fg-loader\"><\/div><\/div><div class=\"fg-item fg-type-image fg-idle\"><figure class=\"fg-item-inner\"><a href=\"https:\/\/acligphoto.fr\/wp-content\/uploads\/2022\/01\/09_De\u0301co_Noe\u0308l_Michel.jpg\" data-caption-title=\"Photo de Michel\" data-caption-desc=\"&quot;Cette photo a \u00e9t\u00e9 prise \u00e0 Bussang dans la maison de campagne d&#039;amis. Ils sont passionn\u00e9s de boules de Meisenthal: &quot;\u00ab En 1858 la nature fut avare. La grande s\u00e9cheresse priva les Vosges du Nord de fruits et le sapin de No\u00ebl n\u2019eut donc parure qui vaille. Un souffleur de verre de Goetzenbruck tenta de compenser cette injustice en soufflant quelques boules en verre. Il d\u00e9clencha \u00e0 lui seul une tradition qui traversa\n        les cultures \u00bb. Ils en font un arbre de No\u00ebl pris ici de l&#039;ext\u00e9rieur par grand beau temps Olympus OMD EM1 mark 2, Objectif Olympus 12\/40 1:2.8 Pro, Iso 200, 1\/4000\u00e8me \u00e0 F\/2.8&quot;\" data-attachment-id=\"6681\" data-type=\"image\" class=\"fg-thumb\"><span class=\"fg-image-wrap\"><img decoding=\"async\" title=\"Photo de Michel\" width=\"150\" height=\"150\" class=\"skip-lazy fg-image\" data-src-fg=\"https:\/\/acligphoto.fr\/wp-content\/uploads\/cache\/2022\/01\/09_De\u0301co_Noe\u0308l_Michel\/3761537271.jpg\" src=\"data:image\/svg+xml,%3Csvg%20xmlns%3D%22http%3A%2F%2Fwww.w3.org%2F2000%2Fsvg%22%20width%3D%22150%22%20height%3D%22150%22%20viewBox%3D%220%200%20150%20150%22%3E%3C%2Fsvg%3E\" loading=\"eager\"><\/span><span class=\"fg-image-overlay\"><\/span><\/a><figcaption class=\"fg-caption\"><div class=\"fg-caption-inner\"><div class=\"fg-caption-title\">Photo de Michel<\/div><div class=\"fg-caption-desc\">\u00ab\u00a0Cette photo a \u00e9t\u00e9 prise \u00e0 Bussang dans la maison de campagne d&rsquo;amis. Ils sont passionn\u00e9s de boules de Meisenthal: \u00ab\u00a0\u00ab En 1858 la nature fut avare. La grande s\u00e9cheresse priva les Vosges du Nord de fruits et le sapin de No\u00ebl n\u2019eut donc parure qui vaille. Un souffleur de verre de Goetzenbruck tenta de compenser cette injustice en soufflant quelques boules en verre. Il d\u00e9clencha \u00e0 lui seul une tradition qui traversa\n        les cultures \u00bb. Ils en font un arbre de No\u00ebl pris ici de l&rsquo;ext\u00e9rieur par grand beau temps Olympus OMD EM1 mark 2, Objectif Olympus 12\/40 1:2.8 Pro, Iso 200, 1\/4000\u00e8me \u00e0 F\/2.8\u00a0\u00bb<\/div><\/div><\/figcaption><\/figure><div class=\"fg-loader\"><\/div><\/div><div class=\"fg-item fg-type-image fg-idle\"><figure class=\"fg-item-inner\"><a href=\"https:\/\/acligphoto.fr\/wp-content\/uploads\/2022\/01\/08_De\u0301co_Noe\u0308l_Florence-2.jpg\" data-caption-title=\"Boule de plumes de Florence\" data-caption-desc=\"Chaque ann\u00e9e je rempli cette boule transparente de toutes les plumes que je trouve sur mon chemin au courant de l\u2019ann\u00e9e et l\u2019accroche au sapin.\" data-attachment-id=\"6680\" data-type=\"image\" class=\"fg-thumb\"><span class=\"fg-image-wrap\"><img decoding=\"async\" title=\"Boule de plumes de Florence\" width=\"150\" height=\"150\" class=\"skip-lazy fg-image\" data-src-fg=\"https:\/\/acligphoto.fr\/wp-content\/uploads\/cache\/2022\/01\/08_De\u0301co_Noe\u0308l_Florence-2\/1098016720.jpg\" src=\"data:image\/svg+xml,%3Csvg%20xmlns%3D%22http%3A%2F%2Fwww.w3.org%2F2000%2Fsvg%22%20width%3D%22150%22%20height%3D%22150%22%20viewBox%3D%220%200%20150%20150%22%3E%3C%2Fsvg%3E\" loading=\"eager\"><\/span><span class=\"fg-image-overlay\"><\/span><\/a><figcaption class=\"fg-caption\"><div class=\"fg-caption-inner\"><div class=\"fg-caption-title\">Boule de plumes de Florence<\/div><div class=\"fg-caption-desc\">Chaque ann\u00e9e je rempli cette boule transparente de toutes les plumes que je trouve sur mon chemin au courant de l\u2019ann\u00e9e et l\u2019accroche au sapin.<\/div><\/div><\/figcaption><\/figure><div class=\"fg-loader\"><\/div><\/div><div class=\"fg-item fg-type-image fg-idle\"><figure class=\"fg-item-inner\"><a href=\"https:\/\/acligphoto.fr\/wp-content\/uploads\/2022\/01\/07_De\u0301co_Noe\u0308l_Louis.jpg\" data-caption-title=\"Photo de Louis\" data-caption-desc=\"Ma d\u00e9co de Noel, sans chichi, d\u00e9coration simple, avec ce que j\u2019ai trouv\u00e9 dans les fonds de tiroir.\" data-attachment-id=\"6679\" data-type=\"image\" class=\"fg-thumb\"><span class=\"fg-image-wrap\"><img decoding=\"async\" title=\"Photo de Louis\" width=\"150\" height=\"150\" class=\"skip-lazy fg-image\" data-src-fg=\"https:\/\/acligphoto.fr\/wp-content\/uploads\/cache\/2022\/01\/07_De\u0301co_Noe\u0308l_Louis\/3403491961.jpg\" src=\"data:image\/svg+xml,%3Csvg%20xmlns%3D%22http%3A%2F%2Fwww.w3.org%2F2000%2Fsvg%22%20width%3D%22150%22%20height%3D%22150%22%20viewBox%3D%220%200%20150%20150%22%3E%3C%2Fsvg%3E\" loading=\"eager\"><\/span><span class=\"fg-image-overlay\"><\/span><\/a><figcaption class=\"fg-caption\"><div class=\"fg-caption-inner\"><div class=\"fg-caption-title\">Photo de Louis<\/div><div class=\"fg-caption-desc\">Ma d\u00e9co de Noel, sans chichi, d\u00e9coration simple, avec ce que j\u2019ai trouv\u00e9 dans les fonds de tiroir.<\/div><\/div><\/figcaption><\/figure><div class=\"fg-loader\"><\/div><\/div><div class=\"fg-item fg-type-image fg-idle\"><figure class=\"fg-item-inner\"><a href=\"https:\/\/acligphoto.fr\/wp-content\/uploads\/2022\/01\/06_De\u0301co_Noe\u0308l_Didier.jpg\" data-caption-title=\"Photo de Didier\" data-caption-desc=\"Ma photo d&#039;une magnifique cr\u00e8che prise \u00e0 la mairie de Muhlbach.\" data-attachment-id=\"6678\" data-type=\"image\" class=\"fg-thumb\"><span class=\"fg-image-wrap\"><img decoding=\"async\" title=\"Photo de Didier\" width=\"150\" height=\"150\" class=\"skip-lazy fg-image\" data-src-fg=\"https:\/\/acligphoto.fr\/wp-content\/uploads\/cache\/2022\/01\/06_De\u0301co_Noe\u0308l_Didier\/785748539.jpg\" src=\"data:image\/svg+xml,%3Csvg%20xmlns%3D%22http%3A%2F%2Fwww.w3.org%2F2000%2Fsvg%22%20width%3D%22150%22%20height%3D%22150%22%20viewBox%3D%220%200%20150%20150%22%3E%3C%2Fsvg%3E\" loading=\"eager\"><\/span><span class=\"fg-image-overlay\"><\/span><\/a><figcaption class=\"fg-caption\"><div class=\"fg-caption-inner\"><div class=\"fg-caption-title\">Photo de Didier<\/div><div class=\"fg-caption-desc\">Ma photo d&rsquo;une magnifique cr\u00e8che prise \u00e0 la mairie de Muhlbach.<\/div><\/div><\/figcaption><\/figure><div class=\"fg-loader\"><\/div><\/div><div class=\"fg-item fg-type-image fg-idle\"><figure class=\"fg-item-inner\"><a href=\"https:\/\/acligphoto.fr\/wp-content\/uploads\/2022\/01\/05_De\u0301cp_Noe\u0302l_Franc\u0327ois.jpg\" data-caption-title=\"Photo de Fran\u00e7ois\" data-caption-desc=\"Ouh lala ! Dans ma cambrousse je n\u2019ai gu\u00e8re vu de d\u00e9corations de f\u00eates vraiment dignes d\u2019\u00eatre photographi\u00e9es ! Sauf ce sympathique nounours crois\u00e9 \u00e0 l\u2019entr\u00e9e de Kertzfeld un matin de marche nordique, plus pr\u00e9cis\u00e9ment le matin du 25 m\u00eame. Prise au t\u00e9l\u00e9phone, elle \u00e9tait destin\u00e9e \u00e0 souhaiter de bonnes f\u00eates de fin d\u2019ann\u00e9e \u00e0 mes compagnons de r\u00e9seau social sportif (STRAVA) !\" data-attachment-id=\"6677\" data-type=\"image\" class=\"fg-thumb\"><span class=\"fg-image-wrap\"><img decoding=\"async\" title=\"Photo de Fran\u00e7ois\" width=\"150\" height=\"150\" class=\"skip-lazy fg-image\" data-src-fg=\"https:\/\/acligphoto.fr\/wp-content\/uploads\/cache\/2022\/01\/05_De\u0301cp_Noe\u0302l_Franc\u0327ois\/1647624397.jpg\" src=\"data:image\/svg+xml,%3Csvg%20xmlns%3D%22http%3A%2F%2Fwww.w3.org%2F2000%2Fsvg%22%20width%3D%22150%22%20height%3D%22150%22%20viewBox%3D%220%200%20150%20150%22%3E%3C%2Fsvg%3E\" loading=\"eager\"><\/span><span class=\"fg-image-overlay\"><\/span><\/a><figcaption class=\"fg-caption\"><div class=\"fg-caption-inner\"><div class=\"fg-caption-title\">Photo de Fran\u00e7ois<\/div><div class=\"fg-caption-desc\">Ouh lala ! Dans ma cambrousse je n\u2019ai gu\u00e8re vu de d\u00e9corations de f\u00eates vraiment dignes d\u2019\u00eatre photographi\u00e9es ! Sauf ce sympathique nounours crois\u00e9 \u00e0 l\u2019entr\u00e9e de Kertzfeld un matin de marche nordique, plus pr\u00e9cis\u00e9ment le matin du 25 m\u00eame. Prise au t\u00e9l\u00e9phone, elle \u00e9tait destin\u00e9e \u00e0 souhaiter de bonnes f\u00eates de fin d\u2019ann\u00e9e \u00e0 mes compagnons de r\u00e9seau social sportif (STRAVA) !<\/div><\/div><\/figcaption><\/figure><div class=\"fg-loader\"><\/div><\/div><div class=\"fg-item fg-type-image fg-idle\"><figure class=\"fg-item-inner\"><a href=\"https:\/\/acligphoto.fr\/wp-content\/uploads\/2022\/01\/04_De\u0301co_Noe\u0308l_GilbertDM.jpeg\" data-caption-title=\"Colmar capitale de No\u00ebl de Gilbert DM\" data-caption-desc=\"Lass\u00e9 du \u2018\u2019gavage\u2019\u2019 que l\u2019on nous ass\u00e8ne depuis longtemps sur \u2018\u2019Strasbourg, capitale de tout \u2018\u2019 et en particulier de No\u00ebl, je me rends \u00e0 Colmar puis \u00e0 Kaysersberg, pour voir si les lumi\u00e8res de cette f\u00eate devenue commerciale, sont plus vraies ailleurs.\nPour moi, loin devant, se trouvent le march\u00e9 de Colmar, plus sobre, moins couru et plus authentique. Mais juste apr\u00e8s, je classerais le march\u00e9 d\u2019un tr\u00e8s beau village : Kaysersberg,\" data-attachment-id=\"6676\" data-type=\"image\" class=\"fg-thumb\"><span class=\"fg-image-wrap\"><img decoding=\"async\" title=\"Colmar capitale de No\u00ebl de Gilbert DM\" width=\"150\" height=\"150\" class=\"skip-lazy fg-image\" data-src-fg=\"https:\/\/acligphoto.fr\/wp-content\/uploads\/cache\/2022\/01\/04_De\u0301co_Noe\u0308l_GilbertDM\/2842203772.jpeg\" src=\"data:image\/svg+xml,%3Csvg%20xmlns%3D%22http%3A%2F%2Fwww.w3.org%2F2000%2Fsvg%22%20width%3D%22150%22%20height%3D%22150%22%20viewBox%3D%220%200%20150%20150%22%3E%3C%2Fsvg%3E\" loading=\"eager\"><\/span><span class=\"fg-image-overlay\"><\/span><\/a><figcaption class=\"fg-caption\"><div class=\"fg-caption-inner\"><div class=\"fg-caption-title\">Colmar capitale de No\u00ebl de Gilbert DM<\/div><div class=\"fg-caption-desc\">Lass\u00e9 du \u2018\u2019gavage\u2019\u2019 que l\u2019on nous ass\u00e8ne depuis longtemps sur \u2018\u2019Strasbourg, capitale de tout \u2018\u2019 et en particulier de No\u00ebl, je me rends \u00e0 Colmar puis \u00e0 Kaysersberg, pour voir si les lumi\u00e8res de cette f\u00eate devenue commerciale, sont plus vraies ailleurs.\nPour moi, loin devant, se trouvent le march\u00e9 de Colmar, plus sobre, moins couru et plus authentique. Mais juste apr\u00e8s, je classerais le march\u00e9 d\u2019un tr\u00e8s beau village : Kaysersberg,<\/div><\/div><\/figcaption><\/figure><div class=\"fg-loader\"><\/div><\/div><div class=\"fg-item fg-type-image fg-idle\"><figure class=\"fg-item-inner\"><a href=\"https:\/\/acligphoto.fr\/wp-content\/uploads\/2022\/01\/03_De\u0301co_Noe\u0308l_Eva.jpg\" data-caption-title=\"Photo d&#039;Eva\" data-caption-desc=\"D\u00e9coration de No\u00ebl dans la chaleureuse ambiance de la Taverne Katz \u00e0 Saverne.\" data-attachment-id=\"6675\" data-type=\"image\" class=\"fg-thumb\"><span class=\"fg-image-wrap\"><img decoding=\"async\" title=\"Photo d&#039;Eva\" width=\"150\" height=\"150\" class=\"skip-lazy fg-image\" data-src-fg=\"https:\/\/acligphoto.fr\/wp-content\/uploads\/cache\/2022\/01\/03_De\u0301co_Noe\u0308l_Eva\/1888097639.jpg\" src=\"data:image\/svg+xml,%3Csvg%20xmlns%3D%22http%3A%2F%2Fwww.w3.org%2F2000%2Fsvg%22%20width%3D%22150%22%20height%3D%22150%22%20viewBox%3D%220%200%20150%20150%22%3E%3C%2Fsvg%3E\" loading=\"eager\"><\/span><span class=\"fg-image-overlay\"><\/span><\/a><figcaption class=\"fg-caption\"><div class=\"fg-caption-inner\"><div class=\"fg-caption-title\">Photo d&rsquo;Eva<\/div><div class=\"fg-caption-desc\">D\u00e9coration de No\u00ebl dans la chaleureuse ambiance de la Taverne Katz \u00e0 Saverne.<\/div><\/div><\/figcaption><\/figure><div class=\"fg-loader\"><\/div><\/div><div class=\"fg-item fg-type-image fg-idle\"><figure class=\"fg-item-inner\"><a href=\"https:\/\/acligphoto.fr\/wp-content\/uploads\/2022\/01\/02_De\u0301co_Noe\u0308l_Albert.jpg\" data-caption-title=\"Photo d&#039;Albert\" data-caption-desc=\"Selon les endroits, les d\u00e9corations festives sont diff\u00e9rentes. Urbaines elles sont luxueuses et clinquantes, on en prend plein les mirettes ! Les champ\u00eatres bien que modestes ont aussi leurs charmes et sont plus authentiques car fait \u00ab maison \u00bb \u00e0 contrario des pr\u00e9c\u00e9dentes.\nLa photo champ\u00eatre a \u00e9t\u00e9 faite \u00e0 Alb\u00e9. Chacun aura reconnu la rue des Orf\u00e8vres \u00e0 Strasbourg sur la photo de droite.\" data-attachment-id=\"6674\" data-type=\"image\" class=\"fg-thumb\"><span class=\"fg-image-wrap\"><img decoding=\"async\" title=\"Photo d&#039;Albert\" width=\"150\" height=\"150\" class=\"skip-lazy fg-image\" data-src-fg=\"https:\/\/acligphoto.fr\/wp-content\/uploads\/cache\/2022\/01\/02_De\u0301co_Noe\u0308l_Albert\/741602937.jpg\" src=\"data:image\/svg+xml,%3Csvg%20xmlns%3D%22http%3A%2F%2Fwww.w3.org%2F2000%2Fsvg%22%20width%3D%22150%22%20height%3D%22150%22%20viewBox%3D%220%200%20150%20150%22%3E%3C%2Fsvg%3E\" loading=\"eager\"><\/span><span class=\"fg-image-overlay\"><\/span><\/a><figcaption class=\"fg-caption\"><div class=\"fg-caption-inner\"><div class=\"fg-caption-title\">Photo d&rsquo;Albert<\/div><div class=\"fg-caption-desc\">Selon les endroits, les d\u00e9corations festives sont diff\u00e9rentes. Urbaines elles sont luxueuses et clinquantes, on en prend plein les mirettes ! Les champ\u00eatres bien que modestes ont aussi leurs charmes et sont plus authentiques car fait \u00ab maison \u00bb \u00e0 contrario des pr\u00e9c\u00e9dentes.\nLa photo champ\u00eatre a \u00e9t\u00e9 faite \u00e0 Alb\u00e9. Chacun aura reconnu la rue des Orf\u00e8vres \u00e0 Strasbourg sur la photo de droite.<\/div><\/div><\/figcaption><\/figure><div class=\"fg-loader\"><\/div><\/div><div class=\"fg-item fg-type-image fg-idle\"><figure class=\"fg-item-inner\"><a href=\"https:\/\/acligphoto.fr\/wp-content\/uploads\/2022\/01\/01_De\u0301co_Noe\u0308l_Robert.jpg\" data-caption-title=\"Photo de Robert\" data-caption-desc=\"D\u00e9lire de pose longue sur les illuminations du sapin de No\u00ebl de la place Kleber \u00e0 Strass.\" data-attachment-id=\"6673\" data-type=\"image\" class=\"fg-thumb\"><span class=\"fg-image-wrap\"><img decoding=\"async\" title=\"Photo de Robert\" width=\"150\" height=\"150\" class=\"skip-lazy fg-image\" data-src-fg=\"https:\/\/acligphoto.fr\/wp-content\/uploads\/cache\/2022\/01\/01_De\u0301co_Noe\u0308l_Robert\/167882903.jpg\" src=\"data:image\/svg+xml,%3Csvg%20xmlns%3D%22http%3A%2F%2Fwww.w3.org%2F2000%2Fsvg%22%20width%3D%22150%22%20height%3D%22150%22%20viewBox%3D%220%200%20150%20150%22%3E%3C%2Fsvg%3E\" loading=\"eager\"><\/span><span class=\"fg-image-overlay\"><\/span><\/a><figcaption class=\"fg-caption\"><div class=\"fg-caption-inner\"><div class=\"fg-caption-title\">Photo de Robert<\/div><div class=\"fg-caption-desc\">D\u00e9lire de pose longue sur les illuminations du sapin de No\u00ebl de la place Kleber \u00e0 Strass.<\/div><\/div><\/figcaption><\/figure><div class=\"fg-loader\"><\/div><\/div><\/div>\n","protected":false},"excerpt":{"rendered":"<p>D\u00e9corations des f\u00eates de fin d&rsquo;ann\u00e9e<\/p>\n","protected":false},"author":27,"featured_media":6684,"comment_status":"closed","ping_status":"open","sticky":false,"template":"","format":"standard","meta":{"_bbp_topic_count":0,"_bbp_reply_count":0,"_bbp_total_topic_count":0,"_bbp_total_reply_count":0,"_bbp_voice_count":0,"_bbp_anonymous_reply_count":0,"_bbp_topic_count_hidden":0,"_bbp_reply_count_hidden":0,"_bbp_forum_subforum_count":0,"footnotes":""},"categories":[7],"tags":[],"class_list":["post-6665","post","type-post","status-publish","format-standard","has-post-thumbnail","hentry","category-vie-de-latelier"],"_links":{"self":[{"href":"https:\/\/acligphoto.fr\/index.php?rest_route=\/wp\/v2\/posts\/6665","targetHints":{"allow":["GET"]}}],"collection":[{"href":"https:\/\/acligphoto.fr\/index.php?rest_route=\/wp\/v2\/posts"}],"about":[{"href":"https:\/\/acligphoto.fr\/index.php?rest_route=\/wp\/v2\/types\/post"}],"author":[{"embeddable":true,"href":"https:\/\/acligphoto.fr\/index.php?rest_route=\/wp\/v2\/users\/27"}],"replies":[{"embeddable":true,"href":"https:\/\/acligphoto.fr\/index.php?rest_route=%2Fwp%2Fv2%2Fcomments&post=6665"}],"version-history":[{"count":3,"href":"https:\/\/acligphoto.fr\/index.php?rest_route=\/wp\/v2\/posts\/6665\/revisions"}],"predecessor-version":[{"id":6688,"href":"https:\/\/acligphoto.fr\/index.php?rest_route=\/wp\/v2\/posts\/6665\/revisions\/6688"}],"wp:featuredmedia":[{"embeddable":true,"href":"https:\/\/acligphoto.fr\/index.php?rest_route=\/wp\/v2\/media\/6684"}],"wp:attachment":[{"href":"https:\/\/acligphoto.fr\/index.php?rest_route=%2Fwp%2Fv2%2Fmedia&parent=6665"}],"wp:term":[{"taxonomy":"category","embeddable":true,"href":"https:\/\/acligphoto.fr\/index.php?rest_route=%2Fwp%2Fv2%2Fcategories&post=6665"},{"taxonomy":"post_tag","embeddable":true,"href":"https:\/\/acligphoto.fr\/index.php?rest_route=%2Fwp%2Fv2%2Ftags&post=6665"}],"curies":[{"name":"wp","href":"https:\/\/api.w.org\/{rel}","templated":true}]}}