{"id":655,"date":"2020-01-02T10:32:00","date_gmt":"2020-01-02T09:32:00","guid":{"rendered":"https:\/\/acligphoto.fr\/?p=655"},"modified":"2019-12-25T10:35:25","modified_gmt":"2019-12-25T09:35:25","slug":"dix-photographes-a-la-villa","status":"publish","type":"post","link":"https:\/\/acligphoto.fr\/?p=655","title":{"rendered":"Dix photographes \u00e0 la Vill&rsquo;A"},"content":{"rendered":"\n<p>La Vill\u2019A donne carte blanche au Club Photograff\u2019&nbsp;et \u00e0 l&rsquo;Union R\u00e9gionale Photographique d&rsquo;Alsace&nbsp;pour une nouvelle exposition o\u00f9 vous pourrez d\u00e9couvrir&nbsp;les oeuvres de 10 photographes s\u00e9lectionn\u00e9s pour l&rsquo;occasion :&nbsp; <br> <strong>Thomas Dutsch<\/strong> \/ <strong>Alain Goirand<\/strong> \/ <strong>Pierre Heckel<\/strong> \/ <strong>Philippe Lagabbe<\/strong> \/ <strong>Michel Lersy <\/strong><br> <strong>Mathieu Moser<\/strong> \/ <strong>Denis Mouron<\/strong> \/ <strong>Alain Tigoulet<\/strong> \/ <strong>Jean Val\u00e9ra<\/strong> \/ <strong>Pierre Zeler <\/strong><\/p>\n","protected":false},"excerpt":{"rendered":"<p>La Vill\u2019A donne carte blanche au Club Photograff\u2019&nbsp;et \u00e0 l&rsquo;Union R\u00e9gionale Photographique d&rsquo;Alsace&nbsp;pour une nouvelle exposition o\u00f9 vous pourrez d\u00e9couvrir&nbsp;les oeuvres de 10 photographes s\u00e9lectionn\u00e9s pour l&rsquo;occasion :&nbsp; Thomas Dutsch \/ Alain Goirand \/ Pierre Heckel \/ Philippe Lagabbe \/ Michel Lersy Mathieu Moser \/ Denis Mouron \/ Alain Tigoulet \/ Jean Val\u00e9ra \/ Pierre&#8230; <\/p>\n<div class=\"link-more\"><a href=\"https:\/\/acligphoto.fr\/?p=655\">Lire plus<\/a><\/div>\n","protected":false},"author":1,"featured_media":657,"comment_status":"closed","ping_status":"open","sticky":false,"template":"","format":"image","meta":{"_bbp_topic_count":0,"_bbp_reply_count":0,"_bbp_total_topic_count":0,"_bbp_total_reply_count":0,"_bbp_voice_count":0,"_bbp_anonymous_reply_count":0,"_bbp_topic_count_hidden":0,"_bbp_reply_count_hidden":0,"_bbp_forum_subforum_count":0,"footnotes":""},"categories":[2],"tags":[],"class_list":["post-655","post","type-post","status-publish","format-image","has-post-thumbnail","hentry","category-exposition","post_format-post-format-image"],"_links":{"self":[{"href":"https:\/\/acligphoto.fr\/index.php?rest_route=\/wp\/v2\/posts\/655","targetHints":{"allow":["GET"]}}],"collection":[{"href":"https:\/\/acligphoto.fr\/index.php?rest_route=\/wp\/v2\/posts"}],"about":[{"href":"https:\/\/acligphoto.fr\/index.php?rest_route=\/wp\/v2\/types\/post"}],"author":[{"embeddable":true,"href":"https:\/\/acligphoto.fr\/index.php?rest_route=\/wp\/v2\/users\/1"}],"replies":[{"embeddable":true,"href":"https:\/\/acligphoto.fr\/index.php?rest_route=%2Fwp%2Fv2%2Fcomments&post=655"}],"version-history":[{"count":2,"href":"https:\/\/acligphoto.fr\/index.php?rest_route=\/wp\/v2\/posts\/655\/revisions"}],"predecessor-version":[{"id":659,"href":"https:\/\/acligphoto.fr\/index.php?rest_route=\/wp\/v2\/posts\/655\/revisions\/659"}],"wp:featuredmedia":[{"embeddable":true,"href":"https:\/\/acligphoto.fr\/index.php?rest_route=\/wp\/v2\/media\/657"}],"wp:attachment":[{"href":"https:\/\/acligphoto.fr\/index.php?rest_route=%2Fwp%2Fv2%2Fmedia&parent=655"}],"wp:term":[{"taxonomy":"category","embeddable":true,"href":"https:\/\/acligphoto.fr\/index.php?rest_route=%2Fwp%2Fv2%2Fcategories&post=655"},{"taxonomy":"post_tag","embeddable":true,"href":"https:\/\/acligphoto.fr\/index.php?rest_route=%2Fwp%2Fv2%2Ftags&post=655"}],"curies":[{"name":"wp","href":"https:\/\/api.w.org\/{rel}","templated":true}]}}