{"id":5451,"date":"2021-06-21T21:01:31","date_gmt":"2021-06-21T19:01:31","guid":{"rendered":"https:\/\/acligphoto.fr\/?p=5451"},"modified":"2022-02-03T10:30:01","modified_gmt":"2022-02-03T09:30:01","slug":"challenge-trimestriel-du-noir-et-du-blanc-2","status":"publish","type":"post","link":"https:\/\/acligphoto.fr\/?p=5451","title":{"rendered":"Challenge trimestriel : du Noir et du Blanc"},"content":{"rendered":"<style type=\"text\/css\">\n#foogallery-gallery-5395 .fg-image { width: 150px; }\n#foogallery-gallery-5395 { --fg-gutter: 10px; }<\/style>\n\t\t\t<div class=\"foogallery foogallery-container foogallery-default foogallery-lightbox-foobox fg-center fg-default fg-ready fg-light fg-border-thin fg-shadow-outline fg-loading-default fg-loaded-fade-in fg-caption-hover fg-hover-fade fg-hover-zoom\" id=\"foogallery-gallery-5395\" data-foogallery=\"{&quot;item&quot;:{&quot;showCaptionTitle&quot;:true,&quot;showCaptionDescription&quot;:true},&quot;lazy&quot;:true}\" style=\"--fg-title-line-clamp: 0; --fg-description-line-clamp: 0;\" >\n\t<div class=\"fg-item fg-type-image fg-idle\"><figure class=\"fg-item-inner\"><a href=\"https:\/\/acligphoto.fr\/wp-content\/uploads\/2021\/06\/Le-ying-et-le-yang-des-champs-Fr.-SPRI..jpg\" data-caption-title=\"N\u00b04 Le ying et le yang\" data-caption-desc=\"Auteur : Fran\u00e7ois Spring\" data-attachment-id=\"5398\" data-type=\"image\" class=\"fg-thumb\"><span class=\"fg-image-wrap\"><img decoding=\"async\" title=\"N\u00b04 Le ying et le yang\" width=\"150\" height=\"150\" class=\"skip-lazy fg-image\" data-src-fg=\"https:\/\/acligphoto.fr\/wp-content\/uploads\/cache\/2021\/06\/Le-ying-et-le-yang-des-champs-Fr_-SPRI_\/575387695.jpg\" src=\"data:image\/svg+xml,%3Csvg%20xmlns%3D%22http%3A%2F%2Fwww.w3.org%2F2000%2Fsvg%22%20width%3D%22150%22%20height%3D%22150%22%20viewBox%3D%220%200%20150%20150%22%3E%3C%2Fsvg%3E\" loading=\"eager\"><\/span><span class=\"fg-image-overlay\"><\/span><\/a><figcaption class=\"fg-caption\"><div class=\"fg-caption-inner\"><div class=\"fg-caption-title\">N\u00b04 Le ying et le yang<\/div><div class=\"fg-caption-desc\">Auteur : Fran\u00e7ois Spring<\/div><\/div><\/figcaption><\/figure><div class=\"fg-loader\"><\/div><\/div><div class=\"fg-item fg-type-image fg-idle\"><figure class=\"fg-item-inner\"><a href=\"https:\/\/acligphoto.fr\/wp-content\/uploads\/2021\/06\/Normande-dans-les-pres-sales-Beatrice-LACOUR-.jpg\" data-caption-title=\"N\u00b08 Normande dans les pr\u00e9s sal\u00e9s\" data-caption-desc=\"Auteur : B\u00e9atrice Lacour\" data-attachment-id=\"5400\" data-type=\"image\" class=\"fg-thumb\"><span class=\"fg-image-wrap\"><img decoding=\"async\" title=\"N\u00b08 Normande dans les pr\u00e9s sal\u00e9s\" width=\"150\" height=\"150\" class=\"skip-lazy fg-image\" data-src-fg=\"https:\/\/acligphoto.fr\/wp-content\/uploads\/cache\/2021\/06\/Normande-dans-les-pres-sales-Beatrice-LACOUR-\/1667065009.jpg\" src=\"data:image\/svg+xml,%3Csvg%20xmlns%3D%22http%3A%2F%2Fwww.w3.org%2F2000%2Fsvg%22%20width%3D%22150%22%20height%3D%22150%22%20viewBox%3D%220%200%20150%20150%22%3E%3C%2Fsvg%3E\" loading=\"eager\"><\/span><span class=\"fg-image-overlay\"><\/span><\/a><figcaption class=\"fg-caption\"><div class=\"fg-caption-inner\"><div class=\"fg-caption-title\">N\u00b08 Normande dans les pr\u00e9s sal\u00e9s<\/div><div class=\"fg-caption-desc\">Auteur : B\u00e9atrice Lacour<\/div><\/div><\/figcaption><\/figure><div class=\"fg-loader\"><\/div><\/div><div class=\"fg-item fg-type-image fg-idle\"><figure class=\"fg-item-inner\"><a href=\"https:\/\/acligphoto.fr\/wp-content\/uploads\/2021\/06\/aham_noir-blanc.jpg\" data-caption-title=\"N\u00b018  Maman les petits b\u00e2teaux.....\" data-caption-desc=\"Auteur : Alain Hamdi\" data-attachment-id=\"5411\" data-type=\"image\" class=\"fg-thumb\"><span class=\"fg-image-wrap\"><img decoding=\"async\" title=\"N\u00b018  Maman les petits b\u00e2teaux.....\" width=\"150\" height=\"150\" class=\"skip-lazy fg-image\" data-src-fg=\"https:\/\/acligphoto.fr\/wp-content\/uploads\/cache\/2021\/06\/aham_noir-blanc\/3693609879.jpg\" src=\"data:image\/svg+xml,%3Csvg%20xmlns%3D%22http%3A%2F%2Fwww.w3.org%2F2000%2Fsvg%22%20width%3D%22150%22%20height%3D%22150%22%20viewBox%3D%220%200%20150%20150%22%3E%3C%2Fsvg%3E\" loading=\"eager\"><\/span><span class=\"fg-image-overlay\"><\/span><\/a><figcaption class=\"fg-caption\"><div class=\"fg-caption-inner\"><div class=\"fg-caption-title\">N\u00b018  Maman les petits b\u00e2teaux.....<\/div><div class=\"fg-caption-desc\">Auteur : Alain Hamdi<\/div><\/div><\/figcaption><\/figure><div class=\"fg-loader\"><\/div><\/div><div class=\"fg-item fg-type-image fg-idle\"><figure class=\"fg-item-inner\"><a href=\"https:\/\/acligphoto.fr\/wp-content\/uploads\/2021\/06\/Falaise-volcanique-Louis-DOERR.jpg\" data-caption-title=\"N\u00b011 Falaise volcanique\" data-caption-desc=\"Auteur : Louis Doerr\" data-attachment-id=\"5416\" data-type=\"image\" class=\"fg-thumb\"><span class=\"fg-image-wrap\"><img decoding=\"async\" title=\"N\u00b011 Falaise volcanique\" width=\"150\" height=\"150\" class=\"skip-lazy fg-image\" data-src-fg=\"https:\/\/acligphoto.fr\/wp-content\/uploads\/cache\/2021\/06\/Falaise-volcanique-Louis-DOERR\/206623182.jpg\" src=\"data:image\/svg+xml,%3Csvg%20xmlns%3D%22http%3A%2F%2Fwww.w3.org%2F2000%2Fsvg%22%20width%3D%22150%22%20height%3D%22150%22%20viewBox%3D%220%200%20150%20150%22%3E%3C%2Fsvg%3E\" loading=\"eager\"><\/span><span class=\"fg-image-overlay\"><\/span><\/a><figcaption class=\"fg-caption\"><div class=\"fg-caption-inner\"><div class=\"fg-caption-title\">N\u00b011 Falaise volcanique<\/div><div class=\"fg-caption-desc\">Auteur : Louis Doerr<\/div><\/div><\/figcaption><\/figure><div class=\"fg-loader\"><\/div><\/div><div class=\"fg-item fg-type-image fg-idle\"><figure class=\"fg-item-inner\"><a href=\"https:\/\/acligphoto.fr\/wp-content\/uploads\/2021\/06\/Eglise-St-Maurice-Ar-TROESTLER-..jpg\" data-caption-title=\"N\u00b02 Eglise St Maurice\" data-caption-desc=\"Auteur : Armand Troestler\" data-attachment-id=\"5397\" data-type=\"image\" class=\"fg-thumb\"><span class=\"fg-image-wrap\"><img decoding=\"async\" title=\"N\u00b02 Eglise St Maurice\" width=\"150\" height=\"150\" class=\"skip-lazy fg-image\" data-src-fg=\"https:\/\/acligphoto.fr\/wp-content\/uploads\/cache\/2021\/06\/Eglise-St-Maurice-Ar-TROESTLER-_\/1382763300.jpg\" src=\"data:image\/svg+xml,%3Csvg%20xmlns%3D%22http%3A%2F%2Fwww.w3.org%2F2000%2Fsvg%22%20width%3D%22150%22%20height%3D%22150%22%20viewBox%3D%220%200%20150%20150%22%3E%3C%2Fsvg%3E\" loading=\"eager\"><\/span><span class=\"fg-image-overlay\"><\/span><\/a><figcaption class=\"fg-caption\"><div class=\"fg-caption-inner\"><div class=\"fg-caption-title\">N\u00b02 Eglise St Maurice<\/div><div class=\"fg-caption-desc\">Auteur : Armand Troestler<\/div><\/div><\/figcaption><\/figure><div class=\"fg-loader\"><\/div><\/div><div class=\"fg-item fg-type-image fg-idle\"><figure class=\"fg-item-inner\"><a href=\"https:\/\/acligphoto.fr\/wp-content\/uploads\/2021\/06\/Les-chortens-du-Bastberg.Mic-BINTZ-.jpg\" data-caption-title=\"N\u00b015 Les chortens du bastberg\" data-caption-desc=\"Auteur : Michel Bintz\" data-attachment-id=\"5407\" data-type=\"image\" class=\"fg-thumb\"><span class=\"fg-image-wrap\"><img decoding=\"async\" title=\"N\u00b015 Les chortens du bastberg\" width=\"150\" height=\"150\" class=\"skip-lazy fg-image\" data-src-fg=\"https:\/\/acligphoto.fr\/wp-content\/uploads\/cache\/2021\/06\/Les-chortens-du-Bastberg_Mic-BINTZ-\/2641790929.jpg\" src=\"data:image\/svg+xml,%3Csvg%20xmlns%3D%22http%3A%2F%2Fwww.w3.org%2F2000%2Fsvg%22%20width%3D%22150%22%20height%3D%22150%22%20viewBox%3D%220%200%20150%20150%22%3E%3C%2Fsvg%3E\" loading=\"eager\"><\/span><span class=\"fg-image-overlay\"><\/span><\/a><figcaption class=\"fg-caption\"><div class=\"fg-caption-inner\"><div class=\"fg-caption-title\">N\u00b015 Les chortens du bastberg<\/div><div class=\"fg-caption-desc\">Auteur : Michel Bintz<\/div><\/div><\/figcaption><\/figure><div class=\"fg-loader\"><\/div><\/div><div class=\"fg-item fg-type-image fg-idle\"><figure class=\"fg-item-inner\"><a href=\"https:\/\/acligphoto.fr\/wp-content\/uploads\/2021\/06\/Cocorecyclage-Ala-THEBAULT..jpg\" data-caption-title=\"N\u00b012 Cocorecyclage\" data-caption-desc=\"Auteur : Alan Th\u00e9beault\" data-attachment-id=\"5401\" data-type=\"image\" class=\"fg-thumb\"><span class=\"fg-image-wrap\"><img decoding=\"async\" title=\"N\u00b012 Cocorecyclage\" width=\"150\" height=\"150\" class=\"skip-lazy fg-image\" data-src-fg=\"https:\/\/acligphoto.fr\/wp-content\/uploads\/cache\/2021\/06\/Cocorecyclage-Ala-THEBAULT_\/3685625939.jpg\" src=\"data:image\/svg+xml,%3Csvg%20xmlns%3D%22http%3A%2F%2Fwww.w3.org%2F2000%2Fsvg%22%20width%3D%22150%22%20height%3D%22150%22%20viewBox%3D%220%200%20150%20150%22%3E%3C%2Fsvg%3E\" loading=\"eager\"><\/span><span class=\"fg-image-overlay\"><\/span><\/a><figcaption class=\"fg-caption\"><div class=\"fg-caption-inner\"><div class=\"fg-caption-title\">N\u00b012 Cocorecyclage<\/div><div class=\"fg-caption-desc\">Auteur : Alan Th\u00e9beault<\/div><\/div><\/figcaption><\/figure><div class=\"fg-loader\"><\/div><\/div><div class=\"fg-item fg-type-image fg-idle\"><figure class=\"fg-item-inner\"><a href=\"https:\/\/acligphoto.fr\/wp-content\/uploads\/2021\/06\/Quand-un-noir-se-lave..il-devient-plus-blanc-cest-bon-signe-Claude-LACOUR.jpeg\" data-caption-title=\"N\u00b07 Quand un noir se lave ..il devient plus blanc. C&#039;est un signe.\" data-caption-desc=\"Auteur : Claude Lacour\" data-attachment-id=\"5403\" data-type=\"image\" class=\"fg-thumb\"><span class=\"fg-image-wrap\"><img decoding=\"async\" title=\"N\u00b07 Quand un noir se lave ..il devient plus blanc. C&#039;est un signe.\" width=\"150\" height=\"150\" class=\"skip-lazy fg-image\" data-src-fg=\"https:\/\/acligphoto.fr\/wp-content\/uploads\/cache\/2021\/06\/Quand-un-noir-se-lave__il-devient-plus-blanc-cest-bon-signe-Claude-LACOUR\/3687871043.jpeg\" src=\"data:image\/svg+xml,%3Csvg%20xmlns%3D%22http%3A%2F%2Fwww.w3.org%2F2000%2Fsvg%22%20width%3D%22150%22%20height%3D%22150%22%20viewBox%3D%220%200%20150%20150%22%3E%3C%2Fsvg%3E\" loading=\"eager\"><\/span><span class=\"fg-image-overlay\"><\/span><\/a><figcaption class=\"fg-caption\"><div class=\"fg-caption-inner\"><div class=\"fg-caption-title\">N\u00b07 Quand un noir se lave ..il devient plus blanc. C'est un signe.<\/div><div class=\"fg-caption-desc\">Auteur : Claude Lacour<\/div><\/div><\/figcaption><\/figure><div class=\"fg-loader\"><\/div><\/div><div class=\"fg-item fg-type-image fg-idle\"><figure class=\"fg-item-inner\"><a href=\"https:\/\/acligphoto.fr\/wp-content\/uploads\/2021\/06\/Alsace_JREY.jpg\" data-caption-title=\"N\u00b06 Alsace\" data-caption-desc=\"Auteur : Jos\u00e9 Reymann\" data-attachment-id=\"5402\" data-type=\"image\" class=\"fg-thumb\"><span class=\"fg-image-wrap\"><img decoding=\"async\" title=\"N\u00b06 Alsace\" width=\"150\" height=\"150\" class=\"skip-lazy fg-image\" data-src-fg=\"https:\/\/acligphoto.fr\/wp-content\/uploads\/cache\/2021\/06\/Alsace_JREY\/3036200539.jpg\" src=\"data:image\/svg+xml,%3Csvg%20xmlns%3D%22http%3A%2F%2Fwww.w3.org%2F2000%2Fsvg%22%20width%3D%22150%22%20height%3D%22150%22%20viewBox%3D%220%200%20150%20150%22%3E%3C%2Fsvg%3E\" loading=\"eager\"><\/span><span class=\"fg-image-overlay\"><\/span><\/a><figcaption class=\"fg-caption\"><div class=\"fg-caption-inner\"><div class=\"fg-caption-title\">N\u00b06 Alsace<\/div><div class=\"fg-caption-desc\">Auteur : Jos\u00e9 Reymann<\/div><\/div><\/figcaption><\/figure><div class=\"fg-loader\"><\/div><\/div><div class=\"fg-item fg-type-image fg-idle\"><figure class=\"fg-item-inner\"><a href=\"https:\/\/acligphoto.fr\/wp-content\/uploads\/2021\/06\/Vestige-dusine-rehabilitee-FLo-REM-.jpg\" data-caption-title=\"N\u00b017 Vestige d&#039;usine r\u00e9habilit\u00e9e\" data-caption-desc=\"Auteur : Florence R\u00e9mi\" data-attachment-id=\"5410\" data-type=\"image\" class=\"fg-thumb\"><span class=\"fg-image-wrap\"><img decoding=\"async\" title=\"N\u00b017 Vestige d&#039;usine r\u00e9habilit\u00e9e\" width=\"150\" height=\"150\" class=\"skip-lazy fg-image\" data-src-fg=\"https:\/\/acligphoto.fr\/wp-content\/uploads\/cache\/2021\/06\/Vestige-dusine-rehabilitee-FLo-REM-\/3180859081.jpg\" src=\"data:image\/svg+xml,%3Csvg%20xmlns%3D%22http%3A%2F%2Fwww.w3.org%2F2000%2Fsvg%22%20width%3D%22150%22%20height%3D%22150%22%20viewBox%3D%220%200%20150%20150%22%3E%3C%2Fsvg%3E\" loading=\"eager\"><\/span><span class=\"fg-image-overlay\"><\/span><\/a><figcaption class=\"fg-caption\"><div class=\"fg-caption-inner\"><div class=\"fg-caption-title\">N\u00b017 Vestige d'usine r\u00e9habilit\u00e9e<\/div><div class=\"fg-caption-desc\">Auteur : Florence R\u00e9mi<\/div><\/div><\/figcaption><\/figure><div class=\"fg-loader\"><\/div><\/div><div class=\"fg-item fg-type-image fg-idle\"><figure class=\"fg-item-inner\"><a href=\"https:\/\/acligphoto.fr\/wp-content\/uploads\/2021\/06\/NB_Hymenoptere_Albert.jpg\" data-caption-title=\"N\u00b03 Hym\u00e9nopt\u00e8re\" data-caption-desc=\"Auteur : Albert Perrin\" data-attachment-id=\"5399\" data-type=\"image\" class=\"fg-thumb\"><span class=\"fg-image-wrap\"><img decoding=\"async\" title=\"N\u00b03 Hym\u00e9nopt\u00e8re\" width=\"150\" height=\"150\" class=\"skip-lazy fg-image\" data-src-fg=\"https:\/\/acligphoto.fr\/wp-content\/uploads\/cache\/2021\/06\/NB_Hymenoptere_Albert\/546078446.jpg\" src=\"data:image\/svg+xml,%3Csvg%20xmlns%3D%22http%3A%2F%2Fwww.w3.org%2F2000%2Fsvg%22%20width%3D%22150%22%20height%3D%22150%22%20viewBox%3D%220%200%20150%20150%22%3E%3C%2Fsvg%3E\" loading=\"eager\"><\/span><span class=\"fg-image-overlay\"><\/span><\/a><figcaption class=\"fg-caption\"><div class=\"fg-caption-inner\"><div class=\"fg-caption-title\">N\u00b03 Hym\u00e9nopt\u00e8re<\/div><div class=\"fg-caption-desc\">Auteur : Albert Perrin<\/div><\/div><\/figcaption><\/figure><div class=\"fg-loader\"><\/div><\/div><div class=\"fg-item fg-type-image fg-idle\"><figure class=\"fg-item-inner\"><a href=\"https:\/\/acligphoto.fr\/wp-content\/uploads\/2021\/06\/Un-dimanche-a-la-campagne-GDM-.jpeg\" data-caption-title=\"N\u00b010  Un dimanche \u00e0 la campagne\" data-caption-desc=\"Auteur : Gilbert de Murcia\" data-attachment-id=\"5404\" data-type=\"image\" class=\"fg-thumb\"><span class=\"fg-image-wrap\"><img decoding=\"async\" title=\"N\u00b010  Un dimanche \u00e0 la campagne\" width=\"150\" height=\"150\" class=\"skip-lazy fg-image\" data-src-fg=\"https:\/\/acligphoto.fr\/wp-content\/uploads\/cache\/2021\/06\/Un-dimanche-a-la-campagne-GDM-\/90549440.jpeg\" src=\"data:image\/svg+xml,%3Csvg%20xmlns%3D%22http%3A%2F%2Fwww.w3.org%2F2000%2Fsvg%22%20width%3D%22150%22%20height%3D%22150%22%20viewBox%3D%220%200%20150%20150%22%3E%3C%2Fsvg%3E\" loading=\"eager\"><\/span><span class=\"fg-image-overlay\"><\/span><\/a><figcaption class=\"fg-caption\"><div class=\"fg-caption-inner\"><div class=\"fg-caption-title\">N\u00b010  Un dimanche \u00e0 la campagne<\/div><div class=\"fg-caption-desc\">Auteur : Gilbert de Murcia<\/div><\/div><\/figcaption><\/figure><div class=\"fg-loader\"><\/div><\/div><div class=\"fg-item fg-type-image fg-idle\"><figure class=\"fg-item-inner\"><a href=\"https:\/\/acligphoto.fr\/wp-content\/uploads\/2021\/06\/BEBE-MAGOT_.jpg\" data-caption-title=\"N\u00b09 B\u00e9b\u00e9 magot\" data-caption-desc=\"Auteur : Lisa Molaro\" data-attachment-id=\"5405\" data-type=\"image\" class=\"fg-thumb\"><span class=\"fg-image-wrap\"><img decoding=\"async\" title=\"N\u00b09 B\u00e9b\u00e9 magot\" width=\"150\" height=\"150\" class=\"skip-lazy fg-image\" data-src-fg=\"https:\/\/acligphoto.fr\/wp-content\/uploads\/cache\/2021\/06\/BEBE-MAGOT_\/4050768130.jpg\" src=\"data:image\/svg+xml,%3Csvg%20xmlns%3D%22http%3A%2F%2Fwww.w3.org%2F2000%2Fsvg%22%20width%3D%22150%22%20height%3D%22150%22%20viewBox%3D%220%200%20150%20150%22%3E%3C%2Fsvg%3E\" loading=\"eager\"><\/span><span class=\"fg-image-overlay\"><\/span><\/a><figcaption class=\"fg-caption\"><div class=\"fg-caption-inner\"><div class=\"fg-caption-title\">N\u00b09 B\u00e9b\u00e9 magot<\/div><div class=\"fg-caption-desc\">Auteur : Lisa Molaro<\/div><\/div><\/figcaption><\/figure><div class=\"fg-loader\"><\/div><\/div><div class=\"fg-item fg-type-image fg-idle\"><figure class=\"fg-item-inner\"><a href=\"https:\/\/acligphoto.fr\/wp-content\/uploads\/2021\/06\/Gfel-2021-06-08-Sabot-noir-et-Criniere-blanch22filename122e.jpg\" data-caption-title=\"N\u00b016 Sabot noir et Crini\u00e8re blanche\" data-caption-desc=\"Auteur : Guy Feltz\" data-attachment-id=\"5409\" data-type=\"image\" class=\"fg-thumb\"><span class=\"fg-image-wrap\"><img decoding=\"async\" title=\"N\u00b016 Sabot noir et Crini\u00e8re blanche\" width=\"150\" height=\"150\" class=\"skip-lazy fg-image\" data-src-fg=\"https:\/\/acligphoto.fr\/wp-content\/uploads\/cache\/2021\/06\/Gfel-2021-06-08-Sabot-noir-et-Criniere-blanch22filename122e\/3321153228.jpg\" src=\"data:image\/svg+xml,%3Csvg%20xmlns%3D%22http%3A%2F%2Fwww.w3.org%2F2000%2Fsvg%22%20width%3D%22150%22%20height%3D%22150%22%20viewBox%3D%220%200%20150%20150%22%3E%3C%2Fsvg%3E\" loading=\"eager\"><\/span><span class=\"fg-image-overlay\"><\/span><\/a><figcaption class=\"fg-caption\"><div class=\"fg-caption-inner\"><div class=\"fg-caption-title\">N\u00b016 Sabot noir et Crini\u00e8re blanche<\/div><div class=\"fg-caption-desc\">Auteur : Guy Feltz<\/div><\/div><\/figcaption><\/figure><div class=\"fg-loader\"><\/div><\/div><div class=\"fg-item fg-type-image fg-idle\"><figure class=\"fg-item-inner\"><a href=\"https:\/\/acligphoto.fr\/wp-content\/uploads\/2021\/06\/La-bas-il-pleut-Robert-KLAUTH-.jpg\" data-caption-title=\"N\u00b05 L\u00e0-bas il pleut *\" data-caption-desc=\"Class\u00e9e 3\u00e8me ex \u00e6quo. Auteur : Robert Klauth\" data-attachment-id=\"5406\" data-type=\"image\" class=\"fg-thumb\"><span class=\"fg-image-wrap\"><img decoding=\"async\" title=\"N\u00b05 L\u00e0-bas il pleut *\" width=\"150\" height=\"150\" class=\"skip-lazy fg-image\" data-src-fg=\"https:\/\/acligphoto.fr\/wp-content\/uploads\/cache\/2021\/06\/La-bas-il-pleut-Robert-KLAUTH-\/2130001598.jpg\" src=\"data:image\/svg+xml,%3Csvg%20xmlns%3D%22http%3A%2F%2Fwww.w3.org%2F2000%2Fsvg%22%20width%3D%22150%22%20height%3D%22150%22%20viewBox%3D%220%200%20150%20150%22%3E%3C%2Fsvg%3E\" loading=\"eager\"><\/span><span class=\"fg-image-overlay\"><\/span><\/a><figcaption class=\"fg-caption\"><div class=\"fg-caption-inner\"><div class=\"fg-caption-title\">N\u00b05 L\u00e0-bas il pleut *<\/div><div class=\"fg-caption-desc\">Class\u00e9e 3\u00e8me ex \u00e6quo. Auteur : Robert Klauth<\/div><\/div><\/figcaption><\/figure><div class=\"fg-loader\"><\/div><\/div><div class=\"fg-item fg-type-image fg-idle\"><figure class=\"fg-item-inner\"><a href=\"https:\/\/acligphoto.fr\/wp-content\/uploads\/2021\/06\/Un-instant-de-grace-GeGEY-.jpg\" data-caption-title=\"N\u00b013 Un instant de gr\u00e2ce musicale *\" data-caption-desc=\"Class\u00e9e 3\u00e8me ex \u00e6quo. Auteur : G\u00e9rard Geyer\" data-attachment-id=\"5408\" data-type=\"image\" class=\"fg-thumb\"><span class=\"fg-image-wrap\"><img decoding=\"async\" title=\"N\u00b013 Un instant de gr\u00e2ce musicale *\" width=\"150\" height=\"150\" class=\"skip-lazy fg-image\" data-src-fg=\"https:\/\/acligphoto.fr\/wp-content\/uploads\/cache\/2021\/06\/Un-instant-de-grace-GeGEY-\/2629329716.jpg\" src=\"data:image\/svg+xml,%3Csvg%20xmlns%3D%22http%3A%2F%2Fwww.w3.org%2F2000%2Fsvg%22%20width%3D%22150%22%20height%3D%22150%22%20viewBox%3D%220%200%20150%20150%22%3E%3C%2Fsvg%3E\" loading=\"eager\"><\/span><span class=\"fg-image-overlay\"><\/span><\/a><figcaption class=\"fg-caption\"><div class=\"fg-caption-inner\"><div class=\"fg-caption-title\">N\u00b013 Un instant de gr\u00e2ce musicale *<\/div><div class=\"fg-caption-desc\">Class\u00e9e 3\u00e8me ex \u00e6quo. Auteur : G\u00e9rard Geyer<\/div><\/div><\/figcaption><\/figure><div class=\"fg-loader\"><\/div><\/div><div class=\"fg-item fg-type-image fg-idle\"><figure class=\"fg-item-inner\"><a href=\"https:\/\/acligphoto.fr\/wp-content\/uploads\/2021\/06\/Tour-a-couloir-helicoidal.-Gi-WOE.jpg\" data-caption-title=\"N\u00b01 Tour \u00e0 couloir h\u00e9lico\u00cfdal**\" data-caption-desc=\"Class\u00e9e 2\u00e8me. Auteur : Gilbert W\u0153rth\" data-attachment-id=\"5396\" data-type=\"image\" class=\"fg-thumb\"><span class=\"fg-image-wrap\"><img decoding=\"async\" title=\"N\u00b01 Tour \u00e0 couloir h\u00e9lico\u00cfdal**\" width=\"150\" height=\"150\" class=\"skip-lazy fg-image\" data-src-fg=\"https:\/\/acligphoto.fr\/wp-content\/uploads\/cache\/2021\/06\/Tour-a-couloir-helicoidal_-Gi-WOE\/2032247724.jpg\" src=\"data:image\/svg+xml,%3Csvg%20xmlns%3D%22http%3A%2F%2Fwww.w3.org%2F2000%2Fsvg%22%20width%3D%22150%22%20height%3D%22150%22%20viewBox%3D%220%200%20150%20150%22%3E%3C%2Fsvg%3E\" loading=\"eager\"><\/span><span class=\"fg-image-overlay\"><\/span><\/a><figcaption class=\"fg-caption\"><div class=\"fg-caption-inner\"><div class=\"fg-caption-title\">N\u00b01 Tour \u00e0 couloir h\u00e9lico\u00cfdal**<\/div><div class=\"fg-caption-desc\">Class\u00e9e 2\u00e8me. Auteur : Gilbert W\u0153rth<\/div><\/div><\/figcaption><\/figure><div class=\"fg-loader\"><\/div><\/div><div class=\"fg-item fg-type-image fg-idle\"><figure class=\"fg-item-inner\"><a href=\"https:\/\/acligphoto.fr\/wp-content\/uploads\/2021\/06\/Lignes-corporelles-Diroe.jpg\" data-caption-title=\"N\u00b014 Lignes corporelles***\" data-caption-desc=\"Class\u00e9e 1\u00e8re. Auteur : Didier Roehri\" data-attachment-id=\"5412\" data-type=\"image\" class=\"fg-thumb\"><span class=\"fg-image-wrap\"><img decoding=\"async\" title=\"N\u00b014 Lignes corporelles***\" width=\"150\" height=\"150\" class=\"skip-lazy fg-image\" data-src-fg=\"https:\/\/acligphoto.fr\/wp-content\/uploads\/cache\/2021\/06\/Lignes-corporelles-Diroe\/1569759283.jpg\" src=\"data:image\/svg+xml,%3Csvg%20xmlns%3D%22http%3A%2F%2Fwww.w3.org%2F2000%2Fsvg%22%20width%3D%22150%22%20height%3D%22150%22%20viewBox%3D%220%200%20150%20150%22%3E%3C%2Fsvg%3E\" loading=\"eager\"><\/span><span class=\"fg-image-overlay\"><\/span><\/a><figcaption class=\"fg-caption\"><div class=\"fg-caption-inner\"><div class=\"fg-caption-title\">N\u00b014 Lignes corporelles***<\/div><div class=\"fg-caption-desc\">Class\u00e9e 1\u00e8re. Auteur : Didier Roehri<\/div><\/div><\/figcaption><\/figure><div class=\"fg-loader\"><\/div><\/div><div class=\"fg-item fg-type-image fg-idle\"><figure class=\"fg-item-inner\"><a href=\"https:\/\/acligphoto.fr\/wp-content\/uploads\/2021\/06\/Capture-de\u0301cran-2021-06-21-a\u0300-20.35.44.jpg\" data-attachment-id=\"5450\" data-type=\"image\" class=\"fg-thumb\"><span class=\"fg-image-wrap\"><img decoding=\"async\" width=\"150\" height=\"150\" class=\"skip-lazy fg-image\" data-src-fg=\"https:\/\/acligphoto.fr\/wp-content\/uploads\/cache\/2021\/06\/Capture-de\u0301cran-2021-06-21-a\u0300-20_35_44\/3260802441.jpg\" src=\"data:image\/svg+xml,%3Csvg%20xmlns%3D%22http%3A%2F%2Fwww.w3.org%2F2000%2Fsvg%22%20width%3D%22150%22%20height%3D%22150%22%20viewBox%3D%220%200%20150%20150%22%3E%3C%2Fsvg%3E\" loading=\"eager\"><\/span><span class=\"fg-image-overlay\"><\/span><\/a><\/figure><div class=\"fg-loader\"><\/div><\/div><\/div>\n\n","protected":false},"excerpt":{"rendered":"","protected":false},"author":1,"featured_media":5412,"comment_status":"closed","ping_status":"open","sticky":false,"template":"","format":"image","meta":{"_bbp_topic_count":0,"_bbp_reply_count":0,"_bbp_total_topic_count":0,"_bbp_total_reply_count":0,"_bbp_voice_count":0,"_bbp_anonymous_reply_count":0,"_bbp_topic_count_hidden":0,"_bbp_reply_count_hidden":0,"_bbp_forum_subforum_count":0,"footnotes":""},"categories":[3],"tags":[],"class_list":["post-5451","post","type-post","status-publish","format-image","has-post-thumbnail","hentry","category-challenge-trimestriel","post_format-post-format-image"],"_links":{"self":[{"href":"https:\/\/acligphoto.fr\/index.php?rest_route=\/wp\/v2\/posts\/5451","targetHints":{"allow":["GET"]}}],"collection":[{"href":"https:\/\/acligphoto.fr\/index.php?rest_route=\/wp\/v2\/posts"}],"about":[{"href":"https:\/\/acligphoto.fr\/index.php?rest_route=\/wp\/v2\/types\/post"}],"author":[{"embeddable":true,"href":"https:\/\/acligphoto.fr\/index.php?rest_route=\/wp\/v2\/users\/1"}],"replies":[{"embeddable":true,"href":"https:\/\/acligphoto.fr\/index.php?rest_route=%2Fwp%2Fv2%2Fcomments&post=5451"}],"version-history":[{"count":1,"href":"https:\/\/acligphoto.fr\/index.php?rest_route=\/wp\/v2\/posts\/5451\/revisions"}],"predecessor-version":[{"id":5452,"href":"https:\/\/acligphoto.fr\/index.php?rest_route=\/wp\/v2\/posts\/5451\/revisions\/5452"}],"wp:featuredmedia":[{"embeddable":true,"href":"https:\/\/acligphoto.fr\/index.php?rest_route=\/wp\/v2\/media\/5412"}],"wp:attachment":[{"href":"https:\/\/acligphoto.fr\/index.php?rest_route=%2Fwp%2Fv2%2Fmedia&parent=5451"}],"wp:term":[{"taxonomy":"category","embeddable":true,"href":"https:\/\/acligphoto.fr\/index.php?rest_route=%2Fwp%2Fv2%2Fcategories&post=5451"},{"taxonomy":"post_tag","embeddable":true,"href":"https:\/\/acligphoto.fr\/index.php?rest_route=%2Fwp%2Fv2%2Ftags&post=5451"}],"curies":[{"name":"wp","href":"https:\/\/api.w.org\/{rel}","templated":true}]}}