{"id":5344,"date":"2021-06-08T10:56:28","date_gmt":"2021-06-08T08:56:28","guid":{"rendered":"https:\/\/acligphoto.fr\/?p=5344"},"modified":"2021-11-04T16:03:17","modified_gmt":"2021-11-04T15:03:17","slug":"raconte-ta-photo-episode-xviii-escaliers","status":"publish","type":"post","link":"https:\/\/acligphoto.fr\/?p=5344","title":{"rendered":"Raconte ta photo, \u00e9pisode XVIII : Escaliers"},"content":{"rendered":"<style type=\"text\/css\">\n#foogallery-gallery-5346 .fg-image { width: 150px; }\n#foogallery-gallery-5346 { --fg-gutter: 10px; }<\/style>\n\t\t\t<div class=\"foogallery foogallery-container foogallery-default foogallery-lightbox-foobox fg-center fg-default fg-ready fg-light fg-border-thin fg-shadow-outline fg-loading-default fg-loaded-fade-in fg-caption-hover fg-hover-fade fg-hover-zoom\" id=\"foogallery-gallery-5346\" data-foogallery=\"{&quot;item&quot;:{&quot;showCaptionTitle&quot;:true,&quot;showCaptionDescription&quot;:true},&quot;lazy&quot;:true}\" style=\"--fg-title-line-clamp: 0; --fg-description-line-clamp: 0;\" >\n\t<div class=\"fg-item fg-type-image fg-idle\"><figure class=\"fg-item-inner\"><a href=\"https:\/\/acligphoto.fr\/wp-content\/uploads\/2021\/06\/01_Escalier_Jpse\u0301.jpg\" data-caption-title=\"Valparaiso Chili  2011. Photo par Jos\u00e9\" data-caption-desc=\"Repr\u00e9sentation des touches de piano sur l&#039;escalier d&#039;acc\u00e8s \u00e0 une maison. Il parait que le propri\u00e9taire n&#039;est pas du tout pianiste, mais jouerai un peu de la flute des Andes !\" data-attachment-id=\"5347\" data-type=\"image\" class=\"fg-thumb\"><span class=\"fg-image-wrap\"><img decoding=\"async\" title=\"Valparaiso Chili  2011. Photo par Jos\u00e9\" width=\"150\" height=\"150\" class=\"skip-lazy fg-image\" data-src-fg=\"https:\/\/acligphoto.fr\/wp-content\/uploads\/cache\/2021\/06\/01_Escalier_Jpse\u0301\/3011034470.jpg\" src=\"data:image\/svg+xml,%3Csvg%20xmlns%3D%22http%3A%2F%2Fwww.w3.org%2F2000%2Fsvg%22%20width%3D%22150%22%20height%3D%22150%22%20viewBox%3D%220%200%20150%20150%22%3E%3C%2Fsvg%3E\" loading=\"eager\"><\/span><span class=\"fg-image-overlay\"><\/span><\/a><figcaption class=\"fg-caption\"><div class=\"fg-caption-inner\"><div class=\"fg-caption-title\">Valparaiso Chili  2011. Photo par Jos\u00e9<\/div><div class=\"fg-caption-desc\">Repr\u00e9sentation des touches de piano sur l'escalier d'acc\u00e8s \u00e0 une maison. Il parait que le propri\u00e9taire n'est pas du tout pianiste, mais jouerai un peu de la flute des Andes !<\/div><\/div><\/figcaption><\/figure><div class=\"fg-loader\"><\/div><\/div><div class=\"fg-item fg-type-image fg-idle\"><figure class=\"fg-item-inner\"><a href=\"https:\/\/acligphoto.fr\/wp-content\/uploads\/2021\/06\/01a_Escalier_Jose\u0301.jpg\" data-caption-title=\"Escalier vers la mer \u00e0 Bonifacio. Photo par Jos\u00e9\" data-caption-desc=\"Escalier taill\u00e9 dans la falaise pour acc\u00e9der \u00e0 la mer. D&#039;apr\u00e8s la l\u00e9gende, cet escalier aurait \u00e9t\u00e9 r\u00e9alis\u00e9 en une nuit ! C&#039;est l\u00e0 que le guide nous a certifi\u00e9 sur l&#039;honneur qu&#039;il est impossible qu&#039;il ait \u00e9t\u00e9 r\u00e9alis\u00e9 par des corses !\nLes 2 photos ont \u00e9t\u00e9 r\u00e9alis\u00e9es \u00e0 la vol\u00e9e avec l&#039;appareil photo en mode automatique\" data-attachment-id=\"5348\" data-type=\"image\" class=\"fg-thumb\"><span class=\"fg-image-wrap\"><img decoding=\"async\" title=\"Escalier vers la mer \u00e0 Bonifacio. Photo par Jos\u00e9\" width=\"150\" height=\"150\" class=\"skip-lazy fg-image\" data-src-fg=\"https:\/\/acligphoto.fr\/wp-content\/uploads\/cache\/2021\/06\/01a_Escalier_Jose\u0301\/2283860369.jpg\" src=\"data:image\/svg+xml,%3Csvg%20xmlns%3D%22http%3A%2F%2Fwww.w3.org%2F2000%2Fsvg%22%20width%3D%22150%22%20height%3D%22150%22%20viewBox%3D%220%200%20150%20150%22%3E%3C%2Fsvg%3E\" loading=\"eager\"><\/span><span class=\"fg-image-overlay\"><\/span><\/a><figcaption class=\"fg-caption\"><div class=\"fg-caption-inner\"><div class=\"fg-caption-title\">Escalier vers la mer \u00e0 Bonifacio. Photo par Jos\u00e9<\/div><div class=\"fg-caption-desc\">Escalier taill\u00e9 dans la falaise pour acc\u00e9der \u00e0 la mer. D'apr\u00e8s la l\u00e9gende, cet escalier aurait \u00e9t\u00e9 r\u00e9alis\u00e9 en une nuit ! C'est l\u00e0 que le guide nous a certifi\u00e9 sur l'honneur qu'il est impossible qu'il ait \u00e9t\u00e9 r\u00e9alis\u00e9 par des corses !\nLes 2 photos ont \u00e9t\u00e9 r\u00e9alis\u00e9es \u00e0 la vol\u00e9e avec l'appareil photo en mode automatique<\/div><\/div><\/figcaption><\/figure><div class=\"fg-loader\"><\/div><\/div><div class=\"fg-item fg-type-image fg-idle\"><figure class=\"fg-item-inner\"><a href=\"https:\/\/acligphoto.fr\/wp-content\/uploads\/2021\/06\/02_Escalier_Armand.jpg\" data-caption-title=\"Gare de Colmar. Photo par Armand\" data-caption-desc=\"Atmosph\u00e8re \u00e9trange ce matin-l\u00e0 dans la gare de Colmar. Les lignes\u00a0rouges le long de murs blancs, le toit bleu, et toute la sc\u00e8ne encore baign\u00e9e dans une lumi\u00e8re rasante et chaude m\u2019attiraient irr\u00e9sistiblement.\u00a0\nJe me pla\u00e7ais pour bien mettre en valeur la sym\u00e9trie des diff\u00e9rents \u00e9l\u00e9ments, mais le zigzag des rampes rouges, ainsi que la prise de vue en contre plong\u00e9e accentuant les lignes de fuite, m\u2019invit\u00e8rent \u00e0 gravir les marches de la gare d\u00e9serte pour prendre place dans un train fant\u00f4me vers une destination inconnue.\u00a0\n(30mm\u00a0; f\u00a0:5.6\u00a0; 1\/30s\u00a0\u00e0 main lev\u00e9e; iso 160\u00a0; Fuji XT3)\" data-attachment-id=\"5349\" data-type=\"image\" class=\"fg-thumb\"><span class=\"fg-image-wrap\"><img decoding=\"async\" title=\"Gare de Colmar. Photo par Armand\" width=\"150\" height=\"150\" class=\"skip-lazy fg-image\" data-src-fg=\"https:\/\/acligphoto.fr\/wp-content\/uploads\/cache\/2021\/06\/02_Escalier_Armand\/1965491576.jpg\" src=\"data:image\/svg+xml,%3Csvg%20xmlns%3D%22http%3A%2F%2Fwww.w3.org%2F2000%2Fsvg%22%20width%3D%22150%22%20height%3D%22150%22%20viewBox%3D%220%200%20150%20150%22%3E%3C%2Fsvg%3E\" loading=\"eager\"><\/span><span class=\"fg-image-overlay\"><\/span><\/a><figcaption class=\"fg-caption\"><div class=\"fg-caption-inner\"><div class=\"fg-caption-title\">Gare de Colmar. Photo par Armand<\/div><div class=\"fg-caption-desc\">Atmosph\u00e8re \u00e9trange ce matin-l\u00e0 dans la gare de Colmar. Les lignes\u00a0rouges le long de murs blancs, le toit bleu, et toute la sc\u00e8ne encore baign\u00e9e dans une lumi\u00e8re rasante et chaude m\u2019attiraient irr\u00e9sistiblement.\u00a0\nJe me pla\u00e7ais pour bien mettre en valeur la sym\u00e9trie des diff\u00e9rents \u00e9l\u00e9ments, mais le zigzag des rampes rouges, ainsi que la prise de vue en contre plong\u00e9e accentuant les lignes de fuite, m\u2019invit\u00e8rent \u00e0 gravir les marches de la gare d\u00e9serte pour prendre place dans un train fant\u00f4me vers une destination inconnue.\u00a0\n(30mm\u00a0; f\u00a0:5.6\u00a0; 1\/30s\u00a0\u00e0 main lev\u00e9e; iso 160\u00a0; Fuji XT3)<\/div><\/div><\/figcaption><\/figure><div class=\"fg-loader\"><\/div><\/div><div class=\"fg-item fg-type-image fg-idle\"><figure class=\"fg-item-inner\"><a href=\"https:\/\/acligphoto.fr\/wp-content\/uploads\/2021\/06\/03_Escaliers_Lisa.jpeg\" data-caption-title=\"BNU Strasbourg, l&#039;escalier. Photo par Lisa\" data-caption-desc=\"Une sortie photo avec quelques membres \u00e0 la Zombie walk qui s\u2019est transform\u00e9e en sortie \u00e0 la BNU de Strasbourg.\nQuel plaisir de voir de plus pr\u00e8s l\u2019architecture int\u00e9rieure de ce b\u00e2timent, nous sommes all\u00e9s jusque sur les toits. (Architecte : Nicolas Michelin, r\u00e9alisation par les ateliers Scheffner inaugur\u00e9 en 2014).\nISO 200 21mm F8\" data-attachment-id=\"5350\" data-type=\"image\" class=\"fg-thumb\"><span class=\"fg-image-wrap\"><img decoding=\"async\" title=\"BNU Strasbourg, l&#039;escalier. Photo par Lisa\" width=\"150\" height=\"150\" class=\"skip-lazy fg-image\" data-src-fg=\"https:\/\/acligphoto.fr\/wp-content\/uploads\/cache\/2021\/06\/03_Escaliers_Lisa\/3047605834.jpeg\" src=\"data:image\/svg+xml,%3Csvg%20xmlns%3D%22http%3A%2F%2Fwww.w3.org%2F2000%2Fsvg%22%20width%3D%22150%22%20height%3D%22150%22%20viewBox%3D%220%200%20150%20150%22%3E%3C%2Fsvg%3E\" loading=\"eager\"><\/span><span class=\"fg-image-overlay\"><\/span><\/a><figcaption class=\"fg-caption\"><div class=\"fg-caption-inner\"><div class=\"fg-caption-title\">BNU Strasbourg, l'escalier. Photo par Lisa<\/div><div class=\"fg-caption-desc\">Une sortie photo avec quelques membres \u00e0 la Zombie walk qui s\u2019est transform\u00e9e en sortie \u00e0 la BNU de Strasbourg.\nQuel plaisir de voir de plus pr\u00e8s l\u2019architecture int\u00e9rieure de ce b\u00e2timent, nous sommes all\u00e9s jusque sur les toits. (Architecte : Nicolas Michelin, r\u00e9alisation par les ateliers Scheffner inaugur\u00e9 en 2014).\nISO 200 21mm F8<\/div><\/div><\/figcaption><\/figure><div class=\"fg-loader\"><\/div><\/div><div class=\"fg-item fg-type-image fg-idle\"><figure class=\"fg-item-inner\"><a href=\"https:\/\/acligphoto.fr\/wp-content\/uploads\/2021\/06\/04_Escalier_Robert.jpg\" data-caption-title=\"Dans les escliers de Montmartre. Photo par Robert.\" data-caption-desc=\"Photo prise en 2019 \u00e0 Paris dans le quartier de Montmartre o\u00f9 je\u00a0vois passer cette dame habill\u00e9e d&#039;une autre \u00e9poque, je n&#039;ai pas h\u00e9sit\u00e9 \u00e0 la mitrailler de dos en contre plong\u00e9e.\" data-attachment-id=\"5351\" data-type=\"image\" class=\"fg-thumb\"><span class=\"fg-image-wrap\"><img decoding=\"async\" title=\"Dans les escliers de Montmartre. Photo par Robert.\" width=\"150\" height=\"150\" class=\"skip-lazy fg-image\" data-src-fg=\"https:\/\/acligphoto.fr\/wp-content\/uploads\/cache\/2021\/06\/04_Escalier_Robert\/1844130820.jpg\" src=\"data:image\/svg+xml,%3Csvg%20xmlns%3D%22http%3A%2F%2Fwww.w3.org%2F2000%2Fsvg%22%20width%3D%22150%22%20height%3D%22150%22%20viewBox%3D%220%200%20150%20150%22%3E%3C%2Fsvg%3E\" loading=\"eager\"><\/span><span class=\"fg-image-overlay\"><\/span><\/a><figcaption class=\"fg-caption\"><div class=\"fg-caption-inner\"><div class=\"fg-caption-title\">Dans les escliers de Montmartre. Photo par Robert.<\/div><div class=\"fg-caption-desc\">Photo prise en 2019 \u00e0 Paris dans le quartier de Montmartre o\u00f9 je\u00a0vois passer cette dame habill\u00e9e d'une autre \u00e9poque, je n'ai pas h\u00e9sit\u00e9 \u00e0 la mitrailler de dos en contre plong\u00e9e.<\/div><\/div><\/figcaption><\/figure><div class=\"fg-loader\"><\/div><\/div><div class=\"fg-item fg-type-image fg-idle\"><figure class=\"fg-item-inner\"><a href=\"https:\/\/acligphoto.fr\/wp-content\/uploads\/2021\/06\/05_Escalier_Didier.jpg\" data-caption-title=\"Escalier du mus\u00e9e historique de Strasbourg. Photo par Didier.\" data-caption-desc=\"Photo d\u2019escalier prise au 10mm au mus\u00e9e historique.\" data-attachment-id=\"5352\" data-type=\"image\" class=\"fg-thumb\"><span class=\"fg-image-wrap\"><img decoding=\"async\" title=\"Escalier du mus\u00e9e historique de Strasbourg. Photo par Didier.\" width=\"150\" height=\"150\" class=\"skip-lazy fg-image\" data-src-fg=\"https:\/\/acligphoto.fr\/wp-content\/uploads\/cache\/2021\/06\/05_Escalier_Didier\/2092620005.jpg\" src=\"data:image\/svg+xml,%3Csvg%20xmlns%3D%22http%3A%2F%2Fwww.w3.org%2F2000%2Fsvg%22%20width%3D%22150%22%20height%3D%22150%22%20viewBox%3D%220%200%20150%20150%22%3E%3C%2Fsvg%3E\" loading=\"eager\"><\/span><span class=\"fg-image-overlay\"><\/span><\/a><figcaption class=\"fg-caption\"><div class=\"fg-caption-inner\"><div class=\"fg-caption-title\">Escalier du mus\u00e9e historique de Strasbourg. Photo par Didier.<\/div><div class=\"fg-caption-desc\">Photo d\u2019escalier prise au 10mm au mus\u00e9e historique.<\/div><\/div><\/figcaption><\/figure><div class=\"fg-loader\"><\/div><\/div><div class=\"fg-item fg-type-image fg-idle\"><figure class=\"fg-item-inner\"><a href=\"https:\/\/acligphoto.fr\/wp-content\/uploads\/2021\/06\/06_Escalier_Florence.jpg\" data-caption-title=\"Escalier d&#039;entreprise. Photo par Florence\" data-caption-desc=\"Photo prise au Parc d\u2019Innovation \u00e0 Illkirch sous un beau ciel bleu\u00a0! Mon regard a \u00e9t\u00e9 attir\u00e9 par la couleur acidul\u00e9e de la cage d\u2019escalier. Redressement des perspectives avec Lightroom et l\u00e9g\u00e8re augmentation de la saturation.\" data-attachment-id=\"5353\" data-type=\"image\" class=\"fg-thumb\"><span class=\"fg-image-wrap\"><img decoding=\"async\" title=\"Escalier d&#039;entreprise. Photo par Florence\" width=\"150\" height=\"150\" class=\"skip-lazy fg-image\" data-src-fg=\"https:\/\/acligphoto.fr\/wp-content\/uploads\/cache\/2021\/06\/06_Escalier_Florence\/2019284019.jpg\" src=\"data:image\/svg+xml,%3Csvg%20xmlns%3D%22http%3A%2F%2Fwww.w3.org%2F2000%2Fsvg%22%20width%3D%22150%22%20height%3D%22150%22%20viewBox%3D%220%200%20150%20150%22%3E%3C%2Fsvg%3E\" loading=\"eager\"><\/span><span class=\"fg-image-overlay\"><\/span><\/a><figcaption class=\"fg-caption\"><div class=\"fg-caption-inner\"><div class=\"fg-caption-title\">Escalier d'entreprise. Photo par Florence<\/div><div class=\"fg-caption-desc\">Photo prise au Parc d\u2019Innovation \u00e0 Illkirch sous un beau ciel bleu\u00a0! Mon regard a \u00e9t\u00e9 attir\u00e9 par la couleur acidul\u00e9e de la cage d\u2019escalier. Redressement des perspectives avec Lightroom et l\u00e9g\u00e8re augmentation de la saturation.<\/div><\/div><\/figcaption><\/figure><div class=\"fg-loader\"><\/div><\/div><div class=\"fg-item fg-type-image fg-idle\"><figure class=\"fg-item-inner\"><a href=\"https:\/\/acligphoto.fr\/wp-content\/uploads\/2021\/06\/07_Escalier_Louis.jpg\" data-caption-title=\"Ancienne COOP. Photo par Louis\" data-caption-desc=\"Photo prise lors d\u2019une visite sur le site de l\u2019ancienne Coop\" data-attachment-id=\"5354\" data-type=\"image\" class=\"fg-thumb\"><span class=\"fg-image-wrap\"><img decoding=\"async\" title=\"Ancienne COOP. Photo par Louis\" width=\"150\" height=\"150\" class=\"skip-lazy fg-image\" data-src-fg=\"https:\/\/acligphoto.fr\/wp-content\/uploads\/cache\/2021\/06\/07_Escalier_Louis\/910443794.jpg\" src=\"data:image\/svg+xml,%3Csvg%20xmlns%3D%22http%3A%2F%2Fwww.w3.org%2F2000%2Fsvg%22%20width%3D%22150%22%20height%3D%22150%22%20viewBox%3D%220%200%20150%20150%22%3E%3C%2Fsvg%3E\" loading=\"eager\"><\/span><span class=\"fg-image-overlay\"><\/span><\/a><figcaption class=\"fg-caption\"><div class=\"fg-caption-inner\"><div class=\"fg-caption-title\">Ancienne COOP. Photo par Louis<\/div><div class=\"fg-caption-desc\">Photo prise lors d\u2019une visite sur le site de l\u2019ancienne Coop<\/div><\/div><\/figcaption><\/figure><div class=\"fg-loader\"><\/div><\/div><div class=\"fg-item fg-type-image fg-idle\"><figure class=\"fg-item-inner\"><a href=\"https:\/\/acligphoto.fr\/wp-content\/uploads\/2021\/06\/08_Escalier_Albert.jpg\" data-caption-title=\"Escalader la dune du Pilat. Photo par Albert.\" data-caption-desc=\"Escalier pour gravir l\u2019\u00e9norme tas de sable de 60 millions de m\u00e8tres cubes qui compose la dune du Pilat\nAvec son d\u00e9nivel\u00e9 de 114 m\u00e8tres, il est plus ais\u00e9 d\u2019arriver au sommet par les 154 marches que dans le sable, mais c\u2019est sportif tout de m\u00eame\u00a0!\" data-attachment-id=\"5355\" data-type=\"image\" class=\"fg-thumb\"><span class=\"fg-image-wrap\"><img decoding=\"async\" title=\"Escalader la dune du Pilat. Photo par Albert.\" width=\"150\" height=\"150\" class=\"skip-lazy fg-image\" data-src-fg=\"https:\/\/acligphoto.fr\/wp-content\/uploads\/cache\/2021\/06\/08_Escalier_Albert\/260221115.jpg\" src=\"data:image\/svg+xml,%3Csvg%20xmlns%3D%22http%3A%2F%2Fwww.w3.org%2F2000%2Fsvg%22%20width%3D%22150%22%20height%3D%22150%22%20viewBox%3D%220%200%20150%20150%22%3E%3C%2Fsvg%3E\" loading=\"eager\"><\/span><span class=\"fg-image-overlay\"><\/span><\/a><figcaption class=\"fg-caption\"><div class=\"fg-caption-inner\"><div class=\"fg-caption-title\">Escalader la dune du Pilat. Photo par Albert.<\/div><div class=\"fg-caption-desc\">Escalier pour gravir l\u2019\u00e9norme tas de sable de 60 millions de m\u00e8tres cubes qui compose la dune du Pilat\nAvec son d\u00e9nivel\u00e9 de 114 m\u00e8tres, il est plus ais\u00e9 d\u2019arriver au sommet par les 154 marches que dans le sable, mais c\u2019est sportif tout de m\u00eame\u00a0!<\/div><\/div><\/figcaption><\/figure><div class=\"fg-loader\"><\/div><\/div><div class=\"fg-item fg-type-image fg-idle\"><figure class=\"fg-item-inner\"><a href=\"https:\/\/acligphoto.fr\/wp-content\/uploads\/2021\/06\/09_Escalier_Alan.jpg\" data-caption-title=\"Escalier de secours en mode r\u00e9flexion optique. Photo par Alan\" data-caption-desc=\"M\u00e9diath\u00e8que Andr\u00e9 Malraux de Strasbourg\nRedressement de la perspective et passage en mode monochrome.\" data-attachment-id=\"5356\" data-type=\"image\" class=\"fg-thumb\"><span class=\"fg-image-wrap\"><img decoding=\"async\" title=\"Escalier de secours en mode r\u00e9flexion optique. Photo par Alan\" width=\"150\" height=\"150\" class=\"skip-lazy fg-image\" data-src-fg=\"https:\/\/acligphoto.fr\/wp-content\/uploads\/cache\/2021\/06\/09_Escalier_Alan\/3006717472.jpg\" src=\"data:image\/svg+xml,%3Csvg%20xmlns%3D%22http%3A%2F%2Fwww.w3.org%2F2000%2Fsvg%22%20width%3D%22150%22%20height%3D%22150%22%20viewBox%3D%220%200%20150%20150%22%3E%3C%2Fsvg%3E\" loading=\"eager\"><\/span><span class=\"fg-image-overlay\"><\/span><\/a><figcaption class=\"fg-caption\"><div class=\"fg-caption-inner\"><div class=\"fg-caption-title\">Escalier de secours en mode r\u00e9flexion optique. Photo par Alan<\/div><div class=\"fg-caption-desc\">M\u00e9diath\u00e8que Andr\u00e9 Malraux de Strasbourg\nRedressement de la perspective et passage en mode monochrome.<\/div><\/div><\/figcaption><\/figure><div class=\"fg-loader\"><\/div><\/div><div class=\"fg-item fg-type-image fg-idle\"><figure class=\"fg-item-inner\"><a href=\"https:\/\/acligphoto.fr\/wp-content\/uploads\/2021\/06\/10_Escalier_GilbertDM.jpeg\" data-caption-title=\"Mus\u00e9e d\u2019Art Moderne de Nice. Photo par Gilbert de M\" data-caption-desc=\"Lors de la derni\u00e8re r\u00e9union, \u00e0 l\u2019annonce du sujet \u2018\u2019escalier\u2019\u2019 Jos\u00e9 a demand\u00e9 : \u00ab Un escalier qui monte ou un escalier qui descend ? \u00bb \u00a0Beaucoup d\u2019entre nous ont d\u00fb probablement penser au fameux escalier \u00e0 double r\u00e9volution du ch\u00e2teau de Chambord.\u00a0Attribu\u00e9 \u00e0 L\u00e9onard de Vinci, l&#039;escalier de Chambord\u00a0pr\u00e9sente une\u00a0particularit\u00e9\u00a0unique \u00e0 l&#039;\u00e9poque : deux vis, qui montent l&#039;une sur l&#039;autre, semblent n&#039;en former qu&#039;une pour l&#039;observateur ext\u00e9rieur,\u00a0ceux qui montent et ceux qui descendent peuvent ne pas se croiser\u2026\nC\u2019est pourquoi j\u2019ai choisi de ne pas pr\u00e9senter de photo de cet escalier bien connu, il y en aura certainement une ce soir\u2026\nVoici un escalier tr\u00e8s color\u00e9, celui du mus\u00e9e d\u2019Art Moderne de Nice. Nikon D300, focale 35mm, f\/5,6, exposition 1\/125\" data-attachment-id=\"5357\" data-type=\"image\" class=\"fg-thumb\"><span class=\"fg-image-wrap\"><img decoding=\"async\" title=\"Mus\u00e9e d\u2019Art Moderne de Nice. Photo par Gilbert de M\" width=\"150\" height=\"150\" class=\"skip-lazy fg-image\" data-src-fg=\"https:\/\/acligphoto.fr\/wp-content\/uploads\/cache\/2021\/06\/10_Escalier_GilbertDM\/2879767072.jpeg\" src=\"data:image\/svg+xml,%3Csvg%20xmlns%3D%22http%3A%2F%2Fwww.w3.org%2F2000%2Fsvg%22%20width%3D%22150%22%20height%3D%22150%22%20viewBox%3D%220%200%20150%20150%22%3E%3C%2Fsvg%3E\" loading=\"eager\"><\/span><span class=\"fg-image-overlay\"><\/span><\/a><figcaption class=\"fg-caption\"><div class=\"fg-caption-inner\"><div class=\"fg-caption-title\">Mus\u00e9e d\u2019Art Moderne de Nice. Photo par Gilbert de M<\/div><div class=\"fg-caption-desc\">Lors de la derni\u00e8re r\u00e9union, \u00e0 l\u2019annonce du sujet \u2018\u2019escalier\u2019\u2019 Jos\u00e9 a demand\u00e9 : \u00ab Un escalier qui monte ou un escalier qui descend ? \u00bb \u00a0Beaucoup d\u2019entre nous ont d\u00fb probablement penser au fameux escalier \u00e0 double r\u00e9volution du ch\u00e2teau de Chambord.\u00a0Attribu\u00e9 \u00e0 L\u00e9onard de Vinci, l'escalier de Chambord\u00a0pr\u00e9sente une\u00a0particularit\u00e9\u00a0unique \u00e0 l'\u00e9poque : deux vis, qui montent l'une sur l'autre, semblent n'en former qu'une pour l'observateur ext\u00e9rieur,\u00a0ceux qui montent et ceux qui descendent peuvent ne pas se croiser\u2026\nC\u2019est pourquoi j\u2019ai choisi de ne pas pr\u00e9senter de photo de cet escalier bien connu, il y en aura certainement une ce soir\u2026\nVoici un escalier tr\u00e8s color\u00e9, celui du mus\u00e9e d\u2019Art Moderne de Nice. Nikon D300, focale 35mm, f\/5,6, exposition 1\/125<\/div><\/div><\/figcaption><\/figure><div class=\"fg-loader\"><\/div><\/div><div class=\"fg-item fg-type-image fg-idle\"><figure class=\"fg-item-inner\"><a href=\"https:\/\/acligphoto.fr\/wp-content\/uploads\/2021\/06\/10a_Escalier_GilbertDM.jpeg\" data-caption-title=\"Double r\u00e9volution \u00e0 Chambord. Photo fournie par GDM\" data-attachment-id=\"5358\" data-type=\"image\" class=\"fg-thumb\"><span class=\"fg-image-wrap\"><img decoding=\"async\" title=\"Double r\u00e9volution \u00e0 Chambord. Photo fournie par GDM\" width=\"150\" height=\"150\" class=\"skip-lazy fg-image\" data-src-fg=\"https:\/\/acligphoto.fr\/wp-content\/uploads\/cache\/2021\/06\/10a_Escalier_GilbertDM\/3317851753.jpeg\" src=\"data:image\/svg+xml,%3Csvg%20xmlns%3D%22http%3A%2F%2Fwww.w3.org%2F2000%2Fsvg%22%20width%3D%22150%22%20height%3D%22150%22%20viewBox%3D%220%200%20150%20150%22%3E%3C%2Fsvg%3E\" loading=\"eager\"><\/span><span class=\"fg-image-overlay\"><\/span><\/a><figcaption class=\"fg-caption\"><div class=\"fg-caption-inner\"><div class=\"fg-caption-title\">Double r\u00e9volution \u00e0 Chambord. Photo fournie par GDM<\/div><\/div><\/figcaption><\/figure><div class=\"fg-loader\"><\/div><\/div><div class=\"fg-item fg-type-image fg-idle\"><figure class=\"fg-item-inner\"><a href=\"https:\/\/acligphoto.fr\/wp-content\/uploads\/2021\/06\/10b_Escalier_GDM.png\" data-caption-title=\"Sch\u00e9ma de principe de l&#039;escalier \u00e0 double r\u00e9volution. O\u00f9 l&#039;on voit que les montants ne croisent pas les descendants. CQFD\" data-attachment-id=\"5359\" data-type=\"image\" class=\"fg-thumb\"><span class=\"fg-image-wrap\"><img decoding=\"async\" title=\"Sch\u00e9ma de principe de l&#039;escalier \u00e0 double r\u00e9volution. O\u00f9 l&#039;on voit que les montants ne croisent pas les descendants. CQFD\" width=\"150\" height=\"150\" class=\"skip-lazy fg-image\" data-src-fg=\"https:\/\/acligphoto.fr\/wp-content\/uploads\/cache\/2021\/06\/10b_Escalier_GDM\/555056037.png\" src=\"data:image\/svg+xml,%3Csvg%20xmlns%3D%22http%3A%2F%2Fwww.w3.org%2F2000%2Fsvg%22%20width%3D%22150%22%20height%3D%22150%22%20viewBox%3D%220%200%20150%20150%22%3E%3C%2Fsvg%3E\" loading=\"eager\"><\/span><span class=\"fg-image-overlay\"><\/span><\/a><figcaption class=\"fg-caption\"><div class=\"fg-caption-inner\"><div class=\"fg-caption-title\">Sch\u00e9ma de principe de l'escalier \u00e0 double r\u00e9volution. O\u00f9 l'on voit que les montants ne croisent pas les descendants. CQFD<\/div><\/div><\/figcaption><\/figure><div class=\"fg-loader\"><\/div><\/div><div class=\"fg-item fg-type-image fg-idle\"><figure class=\"fg-item-inner\"><a href=\"https:\/\/acligphoto.fr\/wp-content\/uploads\/2021\/06\/10c_Escalier_GDM.png\" data-attachment-id=\"5360\" data-type=\"image\" class=\"fg-thumb\"><span class=\"fg-image-wrap\"><img decoding=\"async\" width=\"150\" height=\"150\" class=\"skip-lazy fg-image\" data-src-fg=\"https:\/\/acligphoto.fr\/wp-content\/uploads\/cache\/2021\/06\/10c_Escalier_GDM\/1729796934.png\" src=\"data:image\/svg+xml,%3Csvg%20xmlns%3D%22http%3A%2F%2Fwww.w3.org%2F2000%2Fsvg%22%20width%3D%22150%22%20height%3D%22150%22%20viewBox%3D%220%200%20150%20150%22%3E%3C%2Fsvg%3E\" loading=\"eager\"><\/span><span class=\"fg-image-overlay\"><\/span><\/a><\/figure><div class=\"fg-loader\"><\/div><\/div><div class=\"fg-item fg-type-image fg-idle\"><figure class=\"fg-item-inner\"><a href=\"https:\/\/acligphoto.fr\/wp-content\/uploads\/2021\/06\/11_Escalier_Be\u0301atrice.jpg\" data-caption-title=\"Colima\u00e7on de la Coubre. Photo par B\u00e9atrice\" data-caption-desc=\"Il s\u2019agit de l\u2019escalier en colima\u00e7on du phare de la Coubre reconstruit en 1895 \u00e0 l\u2019estuaire de la Gironde. La paroi int\u00e9rieure de cet escalier de 300 marches est recouverte d\u2019opaline bleue. \u00a0Longueur focale: 14mm ; F:5,6 ; Priorit\u00e9 ouverture\u00a0\" data-attachment-id=\"5361\" data-type=\"image\" class=\"fg-thumb\"><span class=\"fg-image-wrap\"><img decoding=\"async\" title=\"Colima\u00e7on de la Coubre. Photo par B\u00e9atrice\" width=\"150\" height=\"150\" class=\"skip-lazy fg-image\" data-src-fg=\"https:\/\/acligphoto.fr\/wp-content\/uploads\/cache\/2021\/06\/11_Escalier_Be\u0301atrice\/516877713.jpg\" src=\"data:image\/svg+xml,%3Csvg%20xmlns%3D%22http%3A%2F%2Fwww.w3.org%2F2000%2Fsvg%22%20width%3D%22150%22%20height%3D%22150%22%20viewBox%3D%220%200%20150%20150%22%3E%3C%2Fsvg%3E\" loading=\"eager\"><\/span><span class=\"fg-image-overlay\"><\/span><\/a><figcaption class=\"fg-caption\"><div class=\"fg-caption-inner\"><div class=\"fg-caption-title\">Colima\u00e7on de la Coubre. Photo par B\u00e9atrice<\/div><div class=\"fg-caption-desc\">Il s\u2019agit de l\u2019escalier en colima\u00e7on du phare de la Coubre reconstruit en 1895 \u00e0 l\u2019estuaire de la Gironde. La paroi int\u00e9rieure de cet escalier de 300 marches est recouverte d\u2019opaline bleue. \u00a0Longueur focale: 14mm ; F:5,6 ; Priorit\u00e9 ouverture\u00a0<\/div><\/div><\/figcaption><\/figure><div class=\"fg-loader\"><\/div><\/div><div class=\"fg-item fg-type-image fg-idle\"><figure class=\"fg-item-inner\"><a href=\"https:\/\/acligphoto.fr\/wp-content\/uploads\/2021\/06\/12_Escalier_Guy.jpg\" data-caption-title=\"Escalier Bleu. Photo par Guy\" data-caption-desc=\"Photo prise en f\u00e9vrier 2020 \u00e0 Chefchaouen, village situ\u00e9 au nord-Ouest du Maroc r\u00e9put\u00e9 pour ses maisons blanchies \u00e0 la chaux agr\u00e9ment\u00e9es de bleu de smalt et ses petites ruelles.\nBoitier Canon EOS 5d Mark III Objectif\u00a0: Canon 24 \u2013 70 mm  f 2.8\" data-attachment-id=\"5362\" data-type=\"image\" class=\"fg-thumb\"><span class=\"fg-image-wrap\"><img decoding=\"async\" title=\"Escalier Bleu. Photo par Guy\" width=\"150\" height=\"150\" class=\"skip-lazy fg-image\" data-src-fg=\"https:\/\/acligphoto.fr\/wp-content\/uploads\/cache\/2021\/06\/12_Escalier_Guy\/1318414716.jpg\" src=\"data:image\/svg+xml,%3Csvg%20xmlns%3D%22http%3A%2F%2Fwww.w3.org%2F2000%2Fsvg%22%20width%3D%22150%22%20height%3D%22150%22%20viewBox%3D%220%200%20150%20150%22%3E%3C%2Fsvg%3E\" loading=\"eager\"><\/span><span class=\"fg-image-overlay\"><\/span><\/a><figcaption class=\"fg-caption\"><div class=\"fg-caption-inner\"><div class=\"fg-caption-title\">Escalier Bleu. Photo par Guy<\/div><div class=\"fg-caption-desc\">Photo prise en f\u00e9vrier 2020 \u00e0 Chefchaouen, village situ\u00e9 au nord-Ouest du Maroc r\u00e9put\u00e9 pour ses maisons blanchies \u00e0 la chaux agr\u00e9ment\u00e9es de bleu de smalt et ses petites ruelles.\nBoitier Canon EOS 5d Mark III Objectif\u00a0: Canon 24 \u2013 70 mm  f 2.8<\/div><\/div><\/figcaption><\/figure><div class=\"fg-loader\"><\/div><\/div><div class=\"fg-item fg-type-image fg-idle\"><figure class=\"fg-item-inner\"><a href=\"https:\/\/acligphoto.fr\/wp-content\/uploads\/2021\/06\/13_Escalier_Claude.jpeg\" data-caption-title=\"Escalier en bord de mer. Photo par Claude\" data-caption-desc=\"Cet escalier se trouve sur un chemin de randonn\u00e9e en bord de mer \u00e0 &#039;&#039;La Madrague\u2019\u2019\u00a0pr\u00e8s de St Cyr sur Mer- Les Lecques (pas loin de la Ciotat) Un chemin pittoresque o\u00f9 il y a d\u2019autres marches du m\u00eame genre.\" data-attachment-id=\"5363\" data-type=\"image\" class=\"fg-thumb\"><span class=\"fg-image-wrap\"><img decoding=\"async\" title=\"Escalier en bord de mer. Photo par Claude\" width=\"150\" height=\"150\" class=\"skip-lazy fg-image\" data-src-fg=\"https:\/\/acligphoto.fr\/wp-content\/uploads\/cache\/2021\/06\/13_Escalier_Claude\/342201659.jpeg\" src=\"data:image\/svg+xml,%3Csvg%20xmlns%3D%22http%3A%2F%2Fwww.w3.org%2F2000%2Fsvg%22%20width%3D%22150%22%20height%3D%22150%22%20viewBox%3D%220%200%20150%20150%22%3E%3C%2Fsvg%3E\" loading=\"eager\"><\/span><span class=\"fg-image-overlay\"><\/span><\/a><figcaption class=\"fg-caption\"><div class=\"fg-caption-inner\"><div class=\"fg-caption-title\">Escalier en bord de mer. Photo par Claude<\/div><div class=\"fg-caption-desc\">Cet escalier se trouve sur un chemin de randonn\u00e9e en bord de mer \u00e0 ''La Madrague\u2019\u2019\u00a0pr\u00e8s de St Cyr sur Mer- Les Lecques (pas loin de la Ciotat) Un chemin pittoresque o\u00f9 il y a d\u2019autres marches du m\u00eame genre.<\/div><\/div><\/figcaption><\/figure><div class=\"fg-loader\"><\/div><\/div><div class=\"fg-item fg-type-image fg-idle\"><figure class=\"fg-item-inner\"><a href=\"https:\/\/acligphoto.fr\/wp-content\/uploads\/2021\/06\/P1040579.jpg\" data-caption-title=\"Escalier d&#039;acc\u00e8s \u00e0 une maison de particulier \u00e0 Geispolsheim. Photo par Fran\u00e7ois\" data-caption-desc=\"Le c\u00f4t\u00e9 extr\u00eamement soign\u00e9 et s\u00e9rieusement kitsch m\u00e9ritait d&#039;\u00eatre immortalis\u00e9. Par une journ\u00e9e grise et venteuse. PanasonicDMC-LX3 1\/160s f\/2.0 ISO80 5.1mm (\u00e9quivalent 24mm)\" data-attachment-id=\"5365\" data-type=\"image\" class=\"fg-thumb\"><span class=\"fg-image-wrap\"><img decoding=\"async\" title=\"Escalier d&#039;acc\u00e8s \u00e0 une maison de particulier \u00e0 Geispolsheim. Photo par Fran\u00e7ois\" width=\"150\" height=\"150\" class=\"skip-lazy fg-image\" data-src-fg=\"https:\/\/acligphoto.fr\/wp-content\/uploads\/cache\/2021\/06\/P1040579\/2387254271.jpg\" src=\"data:image\/svg+xml,%3Csvg%20xmlns%3D%22http%3A%2F%2Fwww.w3.org%2F2000%2Fsvg%22%20width%3D%22150%22%20height%3D%22150%22%20viewBox%3D%220%200%20150%20150%22%3E%3C%2Fsvg%3E\" loading=\"eager\"><\/span><span class=\"fg-image-overlay\"><\/span><\/a><figcaption class=\"fg-caption\"><div class=\"fg-caption-inner\"><div class=\"fg-caption-title\">Escalier d'acc\u00e8s \u00e0 une maison de particulier \u00e0 Geispolsheim. Photo par Fran\u00e7ois<\/div><div class=\"fg-caption-desc\">Le c\u00f4t\u00e9 extr\u00eamement soign\u00e9 et s\u00e9rieusement kitsch m\u00e9ritait d'\u00eatre immortalis\u00e9. Par une journ\u00e9e grise et venteuse. PanasonicDMC-LX3 1\/160s f\/2.0 ISO80 5.1mm (\u00e9quivalent 24mm)<\/div><\/div><\/figcaption><\/figure><div class=\"fg-loader\"><\/div><\/div><\/div>\n\n","protected":false},"excerpt":{"rendered":"","protected":false},"author":1,"featured_media":5347,"comment_status":"closed","ping_status":"open","sticky":false,"template":"","format":"standard","meta":{"_bbp_topic_count":0,"_bbp_reply_count":0,"_bbp_total_topic_count":0,"_bbp_total_reply_count":0,"_bbp_voice_count":0,"_bbp_anonymous_reply_count":0,"_bbp_topic_count_hidden":0,"_bbp_reply_count_hidden":0,"_bbp_forum_subforum_count":0,"footnotes":""},"categories":[7],"tags":[],"class_list":["post-5344","post","type-post","status-publish","format-standard","has-post-thumbnail","hentry","category-vie-de-latelier"],"_links":{"self":[{"href":"https:\/\/acligphoto.fr\/index.php?rest_route=\/wp\/v2\/posts\/5344","targetHints":{"allow":["GET"]}}],"collection":[{"href":"https:\/\/acligphoto.fr\/index.php?rest_route=\/wp\/v2\/posts"}],"about":[{"href":"https:\/\/acligphoto.fr\/index.php?rest_route=\/wp\/v2\/types\/post"}],"author":[{"embeddable":true,"href":"https:\/\/acligphoto.fr\/index.php?rest_route=\/wp\/v2\/users\/1"}],"replies":[{"embeddable":true,"href":"https:\/\/acligphoto.fr\/index.php?rest_route=%2Fwp%2Fv2%2Fcomments&post=5344"}],"version-history":[{"count":2,"href":"https:\/\/acligphoto.fr\/index.php?rest_route=\/wp\/v2\/posts\/5344\/revisions"}],"predecessor-version":[{"id":5364,"href":"https:\/\/acligphoto.fr\/index.php?rest_route=\/wp\/v2\/posts\/5344\/revisions\/5364"}],"wp:featuredmedia":[{"embeddable":true,"href":"https:\/\/acligphoto.fr\/index.php?rest_route=\/wp\/v2\/media\/5347"}],"wp:attachment":[{"href":"https:\/\/acligphoto.fr\/index.php?rest_route=%2Fwp%2Fv2%2Fmedia&parent=5344"}],"wp:term":[{"taxonomy":"category","embeddable":true,"href":"https:\/\/acligphoto.fr\/index.php?rest_route=%2Fwp%2Fv2%2Fcategories&post=5344"},{"taxonomy":"post_tag","embeddable":true,"href":"https:\/\/acligphoto.fr\/index.php?rest_route=%2Fwp%2Fv2%2Ftags&post=5344"}],"curies":[{"name":"wp","href":"https:\/\/api.w.org\/{rel}","templated":true}]}}