{"id":5294,"date":"2021-06-05T13:01:51","date_gmt":"2021-06-05T11:01:51","guid":{"rendered":"https:\/\/acligphoto.fr\/?p=5294"},"modified":"2021-11-04T16:04:46","modified_gmt":"2021-11-04T15:04:46","slug":"luminance-2021","status":"publish","type":"post","link":"https:\/\/acligphoto.fr\/?p=5294","title":{"rendered":"Luminance 2021"},"content":{"rendered":"\n<p class=\"has-medium-font-size\"><strong>Le club photo d&rsquo;Achenheim expose hors les murs.<\/strong><\/p>\n\n\n\n<p>Le photoclub d\u2019Achenheim pr\u00e9sentera cette ann\u00e9e son exposition en ext\u00e9rieur et non, comme l\u2019an pass\u00e9, COVID oblige, en mode virtuel. C\u2019est une exposition toujours tr\u00e8s attendue et cette cuv\u00e9e de plein air ne devrait pas d\u00e9cevoir, bien au contraire.<\/p>\n\n\n\n<p>Rendez-vous les <strong>12-13 juin 2021<\/strong><\/p>\n\n\n\n<p><a href=\"https:\/\/photoclubachenheim.fr\/luminance\/luminance2021\/\" target=\"_blank\" rel=\"noreferrer noopener\">Plus de renseignements<\/a><\/p>\n","protected":false},"excerpt":{"rendered":"<p>Le club photo d&rsquo;Achenheim expose hors les murs. Le photoclub d\u2019Achenheim pr\u00e9sentera cette ann\u00e9e son exposition en ext\u00e9rieur et non, comme l\u2019an pass\u00e9, COVID oblige, en mode virtuel. C\u2019est une exposition toujours tr\u00e8s attendue et cette cuv\u00e9e de plein air ne devrait pas d\u00e9cevoir, bien au contraire. Rendez-vous les 12-13 juin 2021 Plus de renseignements<\/p>\n","protected":false},"author":1,"featured_media":5295,"comment_status":"closed","ping_status":"open","sticky":false,"template":"","format":"image","meta":{"_bbp_topic_count":0,"_bbp_reply_count":0,"_bbp_total_topic_count":0,"_bbp_total_reply_count":0,"_bbp_voice_count":0,"_bbp_anonymous_reply_count":0,"_bbp_topic_count_hidden":0,"_bbp_reply_count_hidden":0,"_bbp_forum_subforum_count":0,"footnotes":""},"categories":[2],"tags":[],"class_list":["post-5294","post","type-post","status-publish","format-image","has-post-thumbnail","hentry","category-exposition","post_format-post-format-image"],"_links":{"self":[{"href":"https:\/\/acligphoto.fr\/index.php?rest_route=\/wp\/v2\/posts\/5294","targetHints":{"allow":["GET"]}}],"collection":[{"href":"https:\/\/acligphoto.fr\/index.php?rest_route=\/wp\/v2\/posts"}],"about":[{"href":"https:\/\/acligphoto.fr\/index.php?rest_route=\/wp\/v2\/types\/post"}],"author":[{"embeddable":true,"href":"https:\/\/acligphoto.fr\/index.php?rest_route=\/wp\/v2\/users\/1"}],"replies":[{"embeddable":true,"href":"https:\/\/acligphoto.fr\/index.php?rest_route=%2Fwp%2Fv2%2Fcomments&post=5294"}],"version-history":[{"count":1,"href":"https:\/\/acligphoto.fr\/index.php?rest_route=\/wp\/v2\/posts\/5294\/revisions"}],"predecessor-version":[{"id":5296,"href":"https:\/\/acligphoto.fr\/index.php?rest_route=\/wp\/v2\/posts\/5294\/revisions\/5296"}],"wp:featuredmedia":[{"embeddable":true,"href":"https:\/\/acligphoto.fr\/index.php?rest_route=\/wp\/v2\/media\/5295"}],"wp:attachment":[{"href":"https:\/\/acligphoto.fr\/index.php?rest_route=%2Fwp%2Fv2%2Fmedia&parent=5294"}],"wp:term":[{"taxonomy":"category","embeddable":true,"href":"https:\/\/acligphoto.fr\/index.php?rest_route=%2Fwp%2Fv2%2Fcategories&post=5294"},{"taxonomy":"post_tag","embeddable":true,"href":"https:\/\/acligphoto.fr\/index.php?rest_route=%2Fwp%2Fv2%2Ftags&post=5294"}],"curies":[{"name":"wp","href":"https:\/\/api.w.org\/{rel}","templated":true}]}}