{"id":5101,"date":"2021-05-10T18:16:23","date_gmt":"2021-05-10T16:16:23","guid":{"rendered":"https:\/\/acligphoto.fr\/?p=5101"},"modified":"2021-05-22T15:54:34","modified_gmt":"2021-05-22T13:54:34","slug":"raconte-ta-photo-episode-xvii-deux-roues","status":"publish","type":"post","link":"https:\/\/acligphoto.fr\/?p=5101","title":{"rendered":"Raconte ta photo, \u00e9pisode XVI : Deux roues"},"content":{"rendered":"\n<p>Deux roues ou deux-roues ? Telle \u00e9tait la question&#8230;<\/p>\n\n\n<style type=\"text\/css\">\n#foogallery-gallery-5078 .fg-image { width: 150px; }\n#foogallery-gallery-5078 { --fg-gutter: 10px; }<\/style>\n\t\t\t<div class=\"foogallery foogallery-container foogallery-default foogallery-lightbox-foobox fg-center fg-default fg-ready fg-light fg-border-thin fg-shadow-outline fg-loading-default fg-loaded-fade-in fg-caption-hover fg-hover-fade fg-hover-zoom\" id=\"foogallery-gallery-5078\" data-foogallery=\"{&quot;item&quot;:{&quot;showCaptionTitle&quot;:true,&quot;showCaptionDescription&quot;:true},&quot;lazy&quot;:true}\" style=\"--fg-title-line-clamp: 0; --fg-description-line-clamp: 0;\" >\n\t<div class=\"fg-item fg-type-image fg-idle\"><figure class=\"fg-item-inner\"><a href=\"https:\/\/acligphoto.fr\/wp-content\/uploads\/2021\/05\/01_2roues_Jose\u0301.jpg\" data-caption-title=\"Arbres pour 2 roues : Jos\u00e9 R.\" data-caption-desc=\"Petit clin d&#039;\u0153il pour un v\u00e9ritable &quot;arbre pour 2 roues&quot; r\u00e9alis\u00e9e en octobre 2016 \u00e0 Rotorua en Nouvelle Z\u00e9lande.\nCette cit\u00e9 tr\u00e8s touristique fait des efforts \u00e9normes pour favoriser la circulation des v\u00e9los (v\u00e9los libres \u00e0 disposition, stations de r\u00e9parations gratuites etc.) et incite ses concitoyens \u00e0 ne pas jeter leurs vieux clous. Ils les r\u00e9cup\u00e8rent et en font des arbres.... j&#039;en ai vu une bonne dizaine !\nCaract\u00e9ristiques de la photo :\u00a0 ISO 100 - Vitesse 1\/160\u00e8 - Focale 8 - distance focale 18mm\u00a0\" data-attachment-id=\"5079\" data-type=\"image\" class=\"fg-thumb\"><span class=\"fg-image-wrap\"><img decoding=\"async\" title=\"Arbres pour 2 roues : Jos\u00e9 R.\" width=\"150\" height=\"150\" class=\"skip-lazy fg-image\" data-src-fg=\"https:\/\/acligphoto.fr\/wp-content\/uploads\/cache\/2021\/05\/01_2roues_Jose\u0301\/2476145190.jpg\" src=\"data:image\/svg+xml,%3Csvg%20xmlns%3D%22http%3A%2F%2Fwww.w3.org%2F2000%2Fsvg%22%20width%3D%22150%22%20height%3D%22150%22%20viewBox%3D%220%200%20150%20150%22%3E%3C%2Fsvg%3E\" loading=\"eager\"><\/span><span class=\"fg-image-overlay\"><\/span><\/a><figcaption class=\"fg-caption\"><div class=\"fg-caption-inner\"><div class=\"fg-caption-title\">Arbres pour 2 roues : Jos\u00e9 R.<\/div><div class=\"fg-caption-desc\">Petit clin d'\u0153il pour un v\u00e9ritable \"arbre pour 2 roues\" r\u00e9alis\u00e9e en octobre 2016 \u00e0 Rotorua en Nouvelle Z\u00e9lande.\nCette cit\u00e9 tr\u00e8s touristique fait des efforts \u00e9normes pour favoriser la circulation des v\u00e9los (v\u00e9los libres \u00e0 disposition, stations de r\u00e9parations gratuites etc.) et incite ses concitoyens \u00e0 ne pas jeter leurs vieux clous. Ils les r\u00e9cup\u00e8rent et en font des arbres.... j'en ai vu une bonne dizaine !\nCaract\u00e9ristiques de la photo :\u00a0 ISO 100 - Vitesse 1\/160\u00e8 - Focale 8 - distance focale 18mm\u00a0<\/div><\/div><\/figcaption><\/figure><div class=\"fg-loader\"><\/div><\/div><div class=\"fg-item fg-type-image fg-idle\"><figure class=\"fg-item-inner\"><a href=\"https:\/\/acligphoto.fr\/wp-content\/uploads\/2021\/05\/02_2roues_Be\u0301atrice.jpg\" data-caption-title=\"Mon caddie : B\u00e9atrice L.\" data-caption-desc=\"Pour la photo sur le th\u00e8me \u00ab\u00a02 roues\u00a0\u00bb, j\u2019ai pens\u00e9 mettre \u00e0 l\u2019honneur mon caddie qui m\u2019accompagne depuis de nombreuses ann\u00e9es, lors de mes courses le mercredi. Il me permet de d\u00e9ambuler tranquillement entre les all\u00e9es sans supporter le poids des achats.\u00a0Photo faite avec Olympus M 10, Focale 19mm,\u00a0f\/4, temps d\u2019exposition : 1\/ 1250e\u00a0\" data-attachment-id=\"5080\" data-type=\"image\" class=\"fg-thumb\"><span class=\"fg-image-wrap\"><img decoding=\"async\" title=\"Mon caddie : B\u00e9atrice L.\" width=\"150\" height=\"150\" class=\"skip-lazy fg-image\" data-src-fg=\"https:\/\/acligphoto.fr\/wp-content\/uploads\/cache\/2021\/05\/02_2roues_Be\u0301atrice\/4061352969.jpg\" src=\"data:image\/svg+xml,%3Csvg%20xmlns%3D%22http%3A%2F%2Fwww.w3.org%2F2000%2Fsvg%22%20width%3D%22150%22%20height%3D%22150%22%20viewBox%3D%220%200%20150%20150%22%3E%3C%2Fsvg%3E\" loading=\"eager\"><\/span><span class=\"fg-image-overlay\"><\/span><\/a><figcaption class=\"fg-caption\"><div class=\"fg-caption-inner\"><div class=\"fg-caption-title\">Mon caddie : B\u00e9atrice L.<\/div><div class=\"fg-caption-desc\">Pour la photo sur le th\u00e8me \u00ab\u00a02 roues\u00a0\u00bb, j\u2019ai pens\u00e9 mettre \u00e0 l\u2019honneur mon caddie qui m\u2019accompagne depuis de nombreuses ann\u00e9es, lors de mes courses le mercredi. Il me permet de d\u00e9ambuler tranquillement entre les all\u00e9es sans supporter le poids des achats.\u00a0Photo faite avec Olympus M 10, Focale 19mm,\u00a0f\/4, temps d\u2019exposition : 1\/ 1250e\u00a0<\/div><\/div><\/figcaption><\/figure><div class=\"fg-loader\"><\/div><\/div><div class=\"fg-item fg-type-image fg-idle\"><figure class=\"fg-item-inner\"><a href=\"https:\/\/acligphoto.fr\/wp-content\/uploads\/2021\/05\/03_2roues_Claude.jpeg\" data-caption-title=\"2 roues d\u00e9gonfl\u00e9es\u2026car elles sont \u00e0 plat : Claude L.\" data-caption-desc=\"j\u2019avais d\u00e9fini le titre et je\u00a0cherchais 2 roues d\u00e9gonfl\u00e9es (\u00e0 plat). D\u2019o\u00f9 le choix effectu\u00e9\" data-attachment-id=\"5081\" data-type=\"image\" class=\"fg-thumb\"><span class=\"fg-image-wrap\"><img decoding=\"async\" title=\"2 roues d\u00e9gonfl\u00e9es\u2026car elles sont \u00e0 plat : Claude L.\" width=\"150\" height=\"150\" class=\"skip-lazy fg-image\" data-src-fg=\"https:\/\/acligphoto.fr\/wp-content\/uploads\/cache\/2021\/05\/03_2roues_Claude\/1148344306.jpeg\" src=\"data:image\/svg+xml,%3Csvg%20xmlns%3D%22http%3A%2F%2Fwww.w3.org%2F2000%2Fsvg%22%20width%3D%22150%22%20height%3D%22150%22%20viewBox%3D%220%200%20150%20150%22%3E%3C%2Fsvg%3E\" loading=\"eager\"><\/span><span class=\"fg-image-overlay\"><\/span><\/a><figcaption class=\"fg-caption\"><div class=\"fg-caption-inner\"><div class=\"fg-caption-title\">2 roues d\u00e9gonfl\u00e9es\u2026car elles sont \u00e0 plat : Claude L.<\/div><div class=\"fg-caption-desc\">j\u2019avais d\u00e9fini le titre et je\u00a0cherchais 2 roues d\u00e9gonfl\u00e9es (\u00e0 plat). D\u2019o\u00f9 le choix effectu\u00e9<\/div><\/div><\/figcaption><\/figure><div class=\"fg-loader\"><\/div><\/div><div class=\"fg-item fg-type-image fg-idle\"><figure class=\"fg-item-inner\"><a href=\"https:\/\/acligphoto.fr\/wp-content\/uploads\/2021\/05\/04_2roues_Robert.jpg\" data-caption-title=\"Signalisation : Robert K.\" data-caption-desc=\"En passant par le Parc d&#039;Innovation d&#039;Illkirch\" data-attachment-id=\"5082\" data-type=\"image\" class=\"fg-thumb\"><span class=\"fg-image-wrap\"><img decoding=\"async\" title=\"Signalisation : Robert K.\" width=\"150\" height=\"150\" class=\"skip-lazy fg-image\" data-src-fg=\"https:\/\/acligphoto.fr\/wp-content\/uploads\/cache\/2021\/05\/04_2roues_Robert\/4188867984.jpg\" src=\"data:image\/svg+xml,%3Csvg%20xmlns%3D%22http%3A%2F%2Fwww.w3.org%2F2000%2Fsvg%22%20width%3D%22150%22%20height%3D%22150%22%20viewBox%3D%220%200%20150%20150%22%3E%3C%2Fsvg%3E\" loading=\"eager\"><\/span><span class=\"fg-image-overlay\"><\/span><\/a><figcaption class=\"fg-caption\"><div class=\"fg-caption-inner\"><div class=\"fg-caption-title\">Signalisation : Robert K.<\/div><div class=\"fg-caption-desc\">En passant par le Parc d'Innovation d'Illkirch<\/div><\/div><\/figcaption><\/figure><div class=\"fg-loader\"><\/div><\/div><div class=\"fg-item fg-type-image fg-idle\"><figure class=\"fg-item-inner\"><a href=\"https:\/\/acligphoto.fr\/wp-content\/uploads\/2021\/05\/05_2roues_Louis.jpg\" data-caption-title=\"Il y a deux roues et 2 roues ! : Louis D.\" data-caption-desc=\"Petite balade dominicale du c\u00f4t\u00e9 du quai des bateliers, \u00e0 la recherche de 2 roues, (bicyclettes )\nPuis j\u2019ai vu ce marquage au sol ! Et quelques v\u00e9los sur la gauche. Il fallait un peu de patience, et d\u2019attendre qu\u2019un cycliste passe par l\u00e0 pour fermer mon image. Traitement N&amp;amp;B dans LR\" data-attachment-id=\"5083\" data-type=\"image\" class=\"fg-thumb\"><span class=\"fg-image-wrap\"><img decoding=\"async\" title=\"Il y a deux roues et 2 roues ! : Louis D.\" width=\"150\" height=\"150\" class=\"skip-lazy fg-image\" data-src-fg=\"https:\/\/acligphoto.fr\/wp-content\/uploads\/cache\/2021\/05\/05_2roues_Louis\/1045119928.jpg\" src=\"data:image\/svg+xml,%3Csvg%20xmlns%3D%22http%3A%2F%2Fwww.w3.org%2F2000%2Fsvg%22%20width%3D%22150%22%20height%3D%22150%22%20viewBox%3D%220%200%20150%20150%22%3E%3C%2Fsvg%3E\" loading=\"eager\"><\/span><span class=\"fg-image-overlay\"><\/span><\/a><figcaption class=\"fg-caption\"><div class=\"fg-caption-inner\"><div class=\"fg-caption-title\">Il y a deux roues et 2 roues ! : Louis D.<\/div><div class=\"fg-caption-desc\">Petite balade dominicale du c\u00f4t\u00e9 du quai des bateliers, \u00e0 la recherche de 2 roues, (bicyclettes )\nPuis j\u2019ai vu ce marquage au sol ! Et quelques v\u00e9los sur la gauche. Il fallait un peu de patience, et d\u2019attendre qu\u2019un cycliste passe par l\u00e0 pour fermer mon image. Traitement N&amp;B dans LR<\/div><\/div><\/figcaption><\/figure><div class=\"fg-loader\"><\/div><\/div><div class=\"fg-item fg-type-image fg-idle\"><figure class=\"fg-item-inner\"><a href=\"https:\/\/acligphoto.fr\/wp-content\/uploads\/2021\/05\/06_2roues_Albert.jpg\" data-caption-title=\"Le Grand-Bi 1870 : Albert P.\" data-caption-desc=\"Un beau jour de mai \u00e0 Strasbourg j\u2019ai crois\u00e9 cet \u00e9tonnant bicycle nomm\u00e9 Grand-Bi, engin cr\u00e9\u00e9 en 1870. Avec un diam\u00e8tre de 130 cm pour la roue avant c\u2019est un engin assez impressionnant et \u00e7a devait l\u2019\u00eatre tout autant juch\u00e9 dessus\u00a0!Avec la diminution de la taille de cette roue, l\u2019appellation du 2 roues est devenue bicyclette, diminutif de bicycle\u00a0!\" data-attachment-id=\"5084\" data-type=\"image\" class=\"fg-thumb\"><span class=\"fg-image-wrap\"><img decoding=\"async\" title=\"Le Grand-Bi 1870 : Albert P.\" width=\"150\" height=\"150\" class=\"skip-lazy fg-image\" data-src-fg=\"https:\/\/acligphoto.fr\/wp-content\/uploads\/cache\/2021\/05\/06_2roues_Albert\/2928049019.jpg\" src=\"data:image\/svg+xml,%3Csvg%20xmlns%3D%22http%3A%2F%2Fwww.w3.org%2F2000%2Fsvg%22%20width%3D%22150%22%20height%3D%22150%22%20viewBox%3D%220%200%20150%20150%22%3E%3C%2Fsvg%3E\" loading=\"eager\"><\/span><span class=\"fg-image-overlay\"><\/span><\/a><figcaption class=\"fg-caption\"><div class=\"fg-caption-inner\"><div class=\"fg-caption-title\">Le Grand-Bi 1870 : Albert P.<\/div><div class=\"fg-caption-desc\">Un beau jour de mai \u00e0 Strasbourg j\u2019ai crois\u00e9 cet \u00e9tonnant bicycle nomm\u00e9 Grand-Bi, engin cr\u00e9\u00e9 en 1870. Avec un diam\u00e8tre de 130 cm pour la roue avant c\u2019est un engin assez impressionnant et \u00e7a devait l\u2019\u00eatre tout autant juch\u00e9 dessus\u00a0!Avec la diminution de la taille de cette roue, l\u2019appellation du 2 roues est devenue bicyclette, diminutif de bicycle\u00a0!<\/div><\/div><\/figcaption><\/figure><div class=\"fg-loader\"><\/div><\/div><div class=\"fg-item fg-type-image fg-idle\"><figure class=\"fg-item-inner\"><a href=\"https:\/\/acligphoto.fr\/wp-content\/uploads\/2021\/05\/07_2roues_Ge\u0301rard.jpg\" data-caption-title=\"Deux roues couleur lavande : G\u00e9rard G.\" data-caption-desc=\"photographi\u00e9e \u00e0 Stresa, Italie.\u00a0Appareil Sony, f\/5, 1\/80 s, Iso 125, 9mn.\" data-attachment-id=\"5085\" data-type=\"image\" class=\"fg-thumb\"><span class=\"fg-image-wrap\"><img decoding=\"async\" title=\"Deux roues couleur lavande : G\u00e9rard G.\" width=\"150\" height=\"150\" class=\"skip-lazy fg-image\" data-src-fg=\"https:\/\/acligphoto.fr\/wp-content\/uploads\/cache\/2021\/05\/07_2roues_Ge\u0301rard\/1360683688.jpg\" src=\"data:image\/svg+xml,%3Csvg%20xmlns%3D%22http%3A%2F%2Fwww.w3.org%2F2000%2Fsvg%22%20width%3D%22150%22%20height%3D%22150%22%20viewBox%3D%220%200%20150%20150%22%3E%3C%2Fsvg%3E\" loading=\"eager\"><\/span><span class=\"fg-image-overlay\"><\/span><\/a><figcaption class=\"fg-caption\"><div class=\"fg-caption-inner\"><div class=\"fg-caption-title\">Deux roues couleur lavande : G\u00e9rard G.<\/div><div class=\"fg-caption-desc\">photographi\u00e9e \u00e0 Stresa, Italie.\u00a0Appareil Sony, f\/5, 1\/80 s, Iso 125, 9mn.<\/div><\/div><\/figcaption><\/figure><div class=\"fg-loader\"><\/div><\/div><div class=\"fg-item fg-type-image fg-idle\"><figure class=\"fg-item-inner\"><a href=\"https:\/\/acligphoto.fr\/wp-content\/uploads\/2021\/05\/08_2roues_Guy.jpg\" data-caption-title=\"la deuxi\u00e8me me suit\u00a0! Guy F.\" data-caption-desc=\"Photo prise lors d\u2019une \u00e9preuve \u00ab\u00a0les 24h de l\u2019INSA Lyon\u00a0\u00bb, qui est un relais en \u00e9quipe de 4 maxi pendant 24h de course et une cat\u00e9gorie \u00ab\u00a0fantaisie\u00a0\u00bb objet de cette photo.\nAppareil Canon PowerShot G1 X Mark III, Exif:  1\/15\u00a0sec. f\/6,3   15\u00a0mm, ISO 100\" data-attachment-id=\"5086\" data-type=\"image\" class=\"fg-thumb\"><span class=\"fg-image-wrap\"><img decoding=\"async\" title=\"la deuxi\u00e8me me suit\u00a0! Guy F.\" width=\"150\" height=\"150\" class=\"skip-lazy fg-image\" data-src-fg=\"https:\/\/acligphoto.fr\/wp-content\/uploads\/cache\/2021\/05\/08_2roues_Guy\/2191191170.jpg\" src=\"data:image\/svg+xml,%3Csvg%20xmlns%3D%22http%3A%2F%2Fwww.w3.org%2F2000%2Fsvg%22%20width%3D%22150%22%20height%3D%22150%22%20viewBox%3D%220%200%20150%20150%22%3E%3C%2Fsvg%3E\" loading=\"eager\"><\/span><span class=\"fg-image-overlay\"><\/span><\/a><figcaption class=\"fg-caption\"><div class=\"fg-caption-inner\"><div class=\"fg-caption-title\">la deuxi\u00e8me me suit\u00a0! Guy F.<\/div><div class=\"fg-caption-desc\">Photo prise lors d\u2019une \u00e9preuve \u00ab\u00a0les 24h de l\u2019INSA Lyon\u00a0\u00bb, qui est un relais en \u00e9quipe de 4 maxi pendant 24h de course et une cat\u00e9gorie \u00ab\u00a0fantaisie\u00a0\u00bb objet de cette photo.\nAppareil Canon PowerShot G1 X Mark III, Exif:  1\/15\u00a0sec. f\/6,3   15\u00a0mm, ISO 100<\/div><\/div><\/figcaption><\/figure><div class=\"fg-loader\"><\/div><\/div><div class=\"fg-item fg-type-image fg-idle\"><figure class=\"fg-item-inner\"><a href=\"https:\/\/acligphoto.fr\/wp-content\/uploads\/2021\/05\/09_2roues_Francis.jpg\" data-caption-title=\"La deuxi\u00e8me vie du v\u00e9lo de la Poste : Francis M.\" data-caption-desc=\"Cette image a \u00e9t\u00e9 prise lors d\u2019une p\u00e9r\u00e9grination dans un village de Haute-Sa\u00f4ne. L&#039;art et la mani\u00e8re d&#039;utiliser le mat\u00e9riel r\u00e9form\u00e9 de l&#039;administration.Appareil Nikon, zoom 24:70, ouverture F\/6,3-vitesse 1:200 seconde- iso 250\" data-attachment-id=\"5087\" data-type=\"image\" class=\"fg-thumb\"><span class=\"fg-image-wrap\"><img decoding=\"async\" title=\"La deuxi\u00e8me vie du v\u00e9lo de la Poste : Francis M.\" width=\"150\" height=\"150\" class=\"skip-lazy fg-image\" data-src-fg=\"https:\/\/acligphoto.fr\/wp-content\/uploads\/cache\/2021\/05\/09_2roues_Francis\/3809120444.jpg\" src=\"data:image\/svg+xml,%3Csvg%20xmlns%3D%22http%3A%2F%2Fwww.w3.org%2F2000%2Fsvg%22%20width%3D%22150%22%20height%3D%22150%22%20viewBox%3D%220%200%20150%20150%22%3E%3C%2Fsvg%3E\" loading=\"eager\"><\/span><span class=\"fg-image-overlay\"><\/span><\/a><figcaption class=\"fg-caption\"><div class=\"fg-caption-inner\"><div class=\"fg-caption-title\">La deuxi\u00e8me vie du v\u00e9lo de la Poste : Francis M.<\/div><div class=\"fg-caption-desc\">Cette image a \u00e9t\u00e9 prise lors d\u2019une p\u00e9r\u00e9grination dans un village de Haute-Sa\u00f4ne. L'art et la mani\u00e8re d'utiliser le mat\u00e9riel r\u00e9form\u00e9 de l'administration.Appareil Nikon, zoom 24:70, ouverture F\/6,3-vitesse 1:200 seconde- iso 250<\/div><\/div><\/figcaption><\/figure><div class=\"fg-loader\"><\/div><\/div><div class=\"fg-item fg-type-image fg-idle\"><figure class=\"fg-item-inner\"><a href=\"https:\/\/acligphoto.fr\/wp-content\/uploads\/2021\/05\/10_2roues_Rachel.jpg\" data-caption-title=\"La bicyclette bleue : Rachel F.\" data-caption-desc=\"Le temps suspendu d&#039;une autre \u00e9poque, le v\u00e9lo de ma grand-m\u00e8re paternelle\nF\/5,6 1\/160s iso 100 55mm\" data-attachment-id=\"5088\" data-type=\"image\" class=\"fg-thumb\"><span class=\"fg-image-wrap\"><img decoding=\"async\" title=\"La bicyclette bleue : Rachel F.\" width=\"150\" height=\"150\" class=\"skip-lazy fg-image\" data-src-fg=\"https:\/\/acligphoto.fr\/wp-content\/uploads\/cache\/2021\/05\/10_2roues_Rachel\/2377653917.jpg\" src=\"data:image\/svg+xml,%3Csvg%20xmlns%3D%22http%3A%2F%2Fwww.w3.org%2F2000%2Fsvg%22%20width%3D%22150%22%20height%3D%22150%22%20viewBox%3D%220%200%20150%20150%22%3E%3C%2Fsvg%3E\" loading=\"eager\"><\/span><span class=\"fg-image-overlay\"><\/span><\/a><figcaption class=\"fg-caption\"><div class=\"fg-caption-inner\"><div class=\"fg-caption-title\">La bicyclette bleue : Rachel F.<\/div><div class=\"fg-caption-desc\">Le temps suspendu d'une autre \u00e9poque, le v\u00e9lo de ma grand-m\u00e8re paternelle\nF\/5,6 1\/160s iso 100 55mm<\/div><\/div><\/figcaption><\/figure><div class=\"fg-loader\"><\/div><\/div><div class=\"fg-item fg-type-image fg-idle\"><figure class=\"fg-item-inner\"><a href=\"https:\/\/acligphoto.fr\/wp-content\/uploads\/2021\/05\/11_2roues_Franc\u0327ois.jpg\" data-caption-title=\"Sur le d\u00e9part \u00e0 l&#039;heure o\u00f9 les ombres sont encore longues : Fran\u00e7ois S.\" data-caption-desc=\"Samedi 18 juillet 2020 6:52 Sur le lieu de rassemblement du club cycliste de Fegersheim-Onheim avant le d\u00e9part pour une superbe, longue et difficile randonn\u00e9e : au d\u00e9part de Fegersheim vers Andlau- Le Hohwald-col de Kreuzweg-Col de la Charbonni\u00e8re. Descente sur Fouday-Schirmeck-puis Natzwiller-Struthof- C\u00f4te 1000- Pique nique \u00e0 La Rotlach et enfin descente par Grendelbruch Klingenthal Bischofsheim et retour \u00e0 la maison. Smartphone HUAWEI NEM-L51, \u0192\/2 1\/242\u00a0\u00a0 50 ISO\" data-attachment-id=\"5089\" data-type=\"image\" class=\"fg-thumb\"><span class=\"fg-image-wrap\"><img decoding=\"async\" title=\"Sur le d\u00e9part \u00e0 l&#039;heure o\u00f9 les ombres sont encore longues : Fran\u00e7ois S.\" width=\"150\" height=\"150\" class=\"skip-lazy fg-image\" data-src-fg=\"https:\/\/acligphoto.fr\/wp-content\/uploads\/cache\/2021\/05\/11_2roues_Franc\u0327ois\/3065291519.jpg\" src=\"data:image\/svg+xml,%3Csvg%20xmlns%3D%22http%3A%2F%2Fwww.w3.org%2F2000%2Fsvg%22%20width%3D%22150%22%20height%3D%22150%22%20viewBox%3D%220%200%20150%20150%22%3E%3C%2Fsvg%3E\" loading=\"eager\"><\/span><span class=\"fg-image-overlay\"><\/span><\/a><figcaption class=\"fg-caption\"><div class=\"fg-caption-inner\"><div class=\"fg-caption-title\">Sur le d\u00e9part \u00e0 l'heure o\u00f9 les ombres sont encore longues : Fran\u00e7ois S.<\/div><div class=\"fg-caption-desc\">Samedi 18 juillet 2020 6:52 Sur le lieu de rassemblement du club cycliste de Fegersheim-Onheim avant le d\u00e9part pour une superbe, longue et difficile randonn\u00e9e : au d\u00e9part de Fegersheim vers Andlau- Le Hohwald-col de Kreuzweg-Col de la Charbonni\u00e8re. Descente sur Fouday-Schirmeck-puis Natzwiller-Struthof- C\u00f4te 1000- Pique nique \u00e0 La Rotlach et enfin descente par Grendelbruch Klingenthal Bischofsheim et retour \u00e0 la maison. Smartphone HUAWEI NEM-L51, \u0192\/2 1\/242\u00a0\u00a0 50 ISO<\/div><\/div><\/figcaption><\/figure><div class=\"fg-loader\"><\/div><\/div><div class=\"fg-item fg-type-image fg-idle\"><figure class=\"fg-item-inner\"><a href=\"https:\/\/acligphoto.fr\/wp-content\/uploads\/2021\/05\/12_2roues_Florence.jpg\" data-caption-title=\"2 roues et 2 couleurs : Florence R.\" data-caption-desc=\"Photo prise lors d\u2019une exposition de vieux scooter \u00e0 Illkirch en 2016. A l\u2019ext\u00e9rieur \u00e9taient expos\u00e9es des Fiat 500. Mon regard a \u00e9t\u00e9 attir\u00e9 par ces deux voitures gar\u00e9es \u00e0 la perpendiculaire avec leurs couleurs bien \u00e9clatantes. J\u2019ai cadr\u00e9 ma photo en 16\/9\u00e8me pour cacher la 3\u00e8me roue \u00e0 l\u2019arri\u00e8re de la voiture rouge pour rester dans le th\u00e8me 2 roues.\" data-attachment-id=\"5090\" data-type=\"image\" class=\"fg-thumb\"><span class=\"fg-image-wrap\"><img decoding=\"async\" title=\"2 roues et 2 couleurs : Florence R.\" width=\"150\" height=\"150\" class=\"skip-lazy fg-image\" data-src-fg=\"https:\/\/acligphoto.fr\/wp-content\/uploads\/cache\/2021\/05\/12_2roues_Florence\/4270127374.jpg\" src=\"data:image\/svg+xml,%3Csvg%20xmlns%3D%22http%3A%2F%2Fwww.w3.org%2F2000%2Fsvg%22%20width%3D%22150%22%20height%3D%22150%22%20viewBox%3D%220%200%20150%20150%22%3E%3C%2Fsvg%3E\" loading=\"eager\"><\/span><span class=\"fg-image-overlay\"><\/span><\/a><figcaption class=\"fg-caption\"><div class=\"fg-caption-inner\"><div class=\"fg-caption-title\">2 roues et 2 couleurs : Florence R.<\/div><div class=\"fg-caption-desc\">Photo prise lors d\u2019une exposition de vieux scooter \u00e0 Illkirch en 2016. A l\u2019ext\u00e9rieur \u00e9taient expos\u00e9es des Fiat 500. Mon regard a \u00e9t\u00e9 attir\u00e9 par ces deux voitures gar\u00e9es \u00e0 la perpendiculaire avec leurs couleurs bien \u00e9clatantes. J\u2019ai cadr\u00e9 ma photo en 16\/9\u00e8me pour cacher la 3\u00e8me roue \u00e0 l\u2019arri\u00e8re de la voiture rouge pour rester dans le th\u00e8me 2 roues.<\/div><\/div><\/figcaption><\/figure><div class=\"fg-loader\"><\/div><\/div><div class=\"fg-item fg-type-image fg-idle\"><figure class=\"fg-item-inner\"><a href=\"https:\/\/acligphoto.fr\/wp-content\/uploads\/2021\/05\/13_2roues_Didier.jpg\" data-caption-title=\"Mon Vespa GTV ailleurs. Didier R.\" data-caption-desc=\"Photo prise de ma vespa GTV que j\u2019ai photographi\u00e9 dans un contexte qui n&#039;est pas le sien comme \u00e9tant en attente d&#039;un d\u00e9part en voyage. Prise avec mon D700 et 34mm iso 100 f8\u00a0 250em.\" data-attachment-id=\"5091\" data-type=\"image\" class=\"fg-thumb\"><span class=\"fg-image-wrap\"><img decoding=\"async\" title=\"Mon Vespa GTV ailleurs. Didier R.\" width=\"150\" height=\"150\" class=\"skip-lazy fg-image\" data-src-fg=\"https:\/\/acligphoto.fr\/wp-content\/uploads\/cache\/2021\/05\/13_2roues_Didier\/4214484751.jpg\" src=\"data:image\/svg+xml,%3Csvg%20xmlns%3D%22http%3A%2F%2Fwww.w3.org%2F2000%2Fsvg%22%20width%3D%22150%22%20height%3D%22150%22%20viewBox%3D%220%200%20150%20150%22%3E%3C%2Fsvg%3E\" loading=\"eager\"><\/span><span class=\"fg-image-overlay\"><\/span><\/a><figcaption class=\"fg-caption\"><div class=\"fg-caption-inner\"><div class=\"fg-caption-title\">Mon Vespa GTV ailleurs. Didier R.<\/div><div class=\"fg-caption-desc\">Photo prise de ma vespa GTV que j\u2019ai photographi\u00e9 dans un contexte qui n'est pas le sien comme \u00e9tant en attente d'un d\u00e9part en voyage. Prise avec mon D700 et 34mm iso 100 f8\u00a0 250em.<\/div><\/div><\/figcaption><\/figure><div class=\"fg-loader\"><\/div><\/div><div class=\"fg-item fg-type-image fg-idle\"><figure class=\"fg-item-inner\"><a href=\"https:\/\/acligphoto.fr\/wp-content\/uploads\/2021\/05\/14_2roues_Alan.jpg\" data-caption-title=\"R\u00eave d&#039;enfant &quot;la vitesse sur 2 roues&quot;\u00a0: Alan\" data-attachment-id=\"5092\" data-type=\"image\" class=\"fg-thumb\"><span class=\"fg-image-wrap\"><img decoding=\"async\" title=\"R\u00eave d&#039;enfant &quot;la vitesse sur 2 roues&quot;\u00a0: Alan\" width=\"150\" height=\"150\" class=\"skip-lazy fg-image\" data-src-fg=\"https:\/\/acligphoto.fr\/wp-content\/uploads\/cache\/2021\/05\/14_2roues_Alan\/3312100307.jpg\" src=\"data:image\/svg+xml,%3Csvg%20xmlns%3D%22http%3A%2F%2Fwww.w3.org%2F2000%2Fsvg%22%20width%3D%22150%22%20height%3D%22150%22%20viewBox%3D%220%200%20150%20150%22%3E%3C%2Fsvg%3E\" loading=\"eager\"><\/span><span class=\"fg-image-overlay\"><\/span><\/a><figcaption class=\"fg-caption\"><div class=\"fg-caption-inner\"><div class=\"fg-caption-title\">R\u00eave d'enfant \"la vitesse sur 2 roues\"\u00a0: Alan<\/div><\/div><\/figcaption><\/figure><div class=\"fg-loader\"><\/div><\/div><div class=\"fg-item fg-type-image fg-idle\"><figure class=\"fg-item-inner\"><a href=\"https:\/\/acligphoto.fr\/wp-content\/uploads\/2021\/05\/15_2roues_Armand.jpg\" data-caption-title=\"Compl\u00e8tement timbr\u00e9 ! : Armand T.\" data-caption-desc=\"Un deux-roues compl\u00e8tement timbr\u00e9.\u00a0 Le propri\u00e9taire doit avoir perdu les p\u00e9dales ou \u00eatre totalement sonn\u00e9. Dring!\" data-attachment-id=\"5093\" data-type=\"image\" class=\"fg-thumb\"><span class=\"fg-image-wrap\"><img decoding=\"async\" title=\"Compl\u00e8tement timbr\u00e9 ! : Armand T.\" width=\"150\" height=\"150\" class=\"skip-lazy fg-image\" data-src-fg=\"https:\/\/acligphoto.fr\/wp-content\/uploads\/cache\/2021\/05\/15_2roues_Armand\/223082452.jpg\" src=\"data:image\/svg+xml,%3Csvg%20xmlns%3D%22http%3A%2F%2Fwww.w3.org%2F2000%2Fsvg%22%20width%3D%22150%22%20height%3D%22150%22%20viewBox%3D%220%200%20150%20150%22%3E%3C%2Fsvg%3E\" loading=\"eager\"><\/span><span class=\"fg-image-overlay\"><\/span><\/a><figcaption class=\"fg-caption\"><div class=\"fg-caption-inner\"><div class=\"fg-caption-title\">Compl\u00e8tement timbr\u00e9 ! : Armand T.<\/div><div class=\"fg-caption-desc\">Un deux-roues compl\u00e8tement timbr\u00e9.\u00a0 Le propri\u00e9taire doit avoir perdu les p\u00e9dales ou \u00eatre totalement sonn\u00e9. Dring!<\/div><\/div><\/figcaption><\/figure><div class=\"fg-loader\"><\/div><\/div><\/div>\n\n","protected":false},"excerpt":{"rendered":"<p>Deux roues ou deux-roues ? Telle \u00e9tait la question&#8230;<\/p>\n","protected":false},"author":1,"featured_media":5080,"comment_status":"closed","ping_status":"open","sticky":false,"template":"","format":"standard","meta":{"_bbp_topic_count":0,"_bbp_reply_count":0,"_bbp_total_topic_count":0,"_bbp_total_reply_count":0,"_bbp_voice_count":0,"_bbp_anonymous_reply_count":0,"_bbp_topic_count_hidden":0,"_bbp_reply_count_hidden":0,"_bbp_forum_subforum_count":0,"footnotes":""},"categories":[7],"tags":[],"class_list":["post-5101","post","type-post","status-publish","format-standard","has-post-thumbnail","hentry","category-vie-de-latelier"],"_links":{"self":[{"href":"https:\/\/acligphoto.fr\/index.php?rest_route=\/wp\/v2\/posts\/5101","targetHints":{"allow":["GET"]}}],"collection":[{"href":"https:\/\/acligphoto.fr\/index.php?rest_route=\/wp\/v2\/posts"}],"about":[{"href":"https:\/\/acligphoto.fr\/index.php?rest_route=\/wp\/v2\/types\/post"}],"author":[{"embeddable":true,"href":"https:\/\/acligphoto.fr\/index.php?rest_route=\/wp\/v2\/users\/1"}],"replies":[{"embeddable":true,"href":"https:\/\/acligphoto.fr\/index.php?rest_route=%2Fwp%2Fv2%2Fcomments&post=5101"}],"version-history":[{"count":4,"href":"https:\/\/acligphoto.fr\/index.php?rest_route=\/wp\/v2\/posts\/5101\/revisions"}],"predecessor-version":[{"id":5121,"href":"https:\/\/acligphoto.fr\/index.php?rest_route=\/wp\/v2\/posts\/5101\/revisions\/5121"}],"wp:featuredmedia":[{"embeddable":true,"href":"https:\/\/acligphoto.fr\/index.php?rest_route=\/wp\/v2\/media\/5080"}],"wp:attachment":[{"href":"https:\/\/acligphoto.fr\/index.php?rest_route=%2Fwp%2Fv2%2Fmedia&parent=5101"}],"wp:term":[{"taxonomy":"category","embeddable":true,"href":"https:\/\/acligphoto.fr\/index.php?rest_route=%2Fwp%2Fv2%2Fcategories&post=5101"},{"taxonomy":"post_tag","embeddable":true,"href":"https:\/\/acligphoto.fr\/index.php?rest_route=%2Fwp%2Fv2%2Ftags&post=5101"}],"curies":[{"name":"wp","href":"https:\/\/api.w.org\/{rel}","templated":true}]}}