{"id":4701,"date":"2021-03-30T10:03:32","date_gmt":"2021-03-30T08:03:32","guid":{"rendered":"https:\/\/acligphoto.fr\/?p=4701"},"modified":"2021-04-11T10:32:04","modified_gmt":"2021-04-11T08:32:04","slug":"raconte-ta-photo-episode-xiii-le-temps","status":"publish","type":"post","link":"https:\/\/acligphoto.fr\/?p=4701","title":{"rendered":"Raconte ta photo, \u00e9pisode XIII : Le temps"},"content":{"rendered":"<style type=\"text\/css\">\n#foogallery-gallery-4687 .fg-image { width: 150px; }\n#foogallery-gallery-4687 { --fg-gutter: 10px; }<\/style>\n\t\t\t<div class=\"foogallery foogallery-container foogallery-default foogallery-lightbox-foobox fg-center fg-default fg-ready fg-light fg-border-thin fg-shadow-outline fg-loading-default fg-loaded-fade-in fg-caption-hover fg-hover-fade fg-hover-zoom\" id=\"foogallery-gallery-4687\" data-foogallery=\"{&quot;item&quot;:{&quot;showCaptionTitle&quot;:true,&quot;showCaptionDescription&quot;:true},&quot;lazy&quot;:true}\" style=\"--fg-title-line-clamp: 0; --fg-description-line-clamp: 0;\" >\n\t<div class=\"fg-item fg-type-image fg-idle\"><figure class=\"fg-item-inner\"><a href=\"https:\/\/acligphoto.fr\/wp-content\/uploads\/2021\/03\/01_Le_temps_GDM.jpg\" data-caption-title=\"01 Le temps d&#039;un caf\u00e9\" data-caption-desc=\"En passant devant la vitrine d\u2019un ce\u0301le\u0300bre vendeur de capsules et de machines a\u0300 cafe\u0301, j\u2019ai e\u0301te\u0301 surpris par l\u2019insistance et la re\u0301pe\u0301tition de la notion de temps que ce publicitaire a voulu absolument associer a\u0300 son cafe\u0301...! Cafe\u0301 d\u2019ailleurs enrobe\u0301 dans des capsules d\u2019aluminium nocives pour l\u2019environnement !!!\nPhoto iPhone , focale 4,28 mm, f\/2.4, vitesse 1\/185.\" data-attachment-id=\"4688\" data-type=\"image\" class=\"fg-thumb\"><span class=\"fg-image-wrap\"><img decoding=\"async\" title=\"01 Le temps d&#039;un caf\u00e9\" width=\"150\" height=\"150\" class=\"skip-lazy fg-image\" data-src-fg=\"https:\/\/acligphoto.fr\/wp-content\/uploads\/cache\/2021\/03\/01_Le_temps_GDM\/3843149246.jpg\" src=\"data:image\/svg+xml,%3Csvg%20xmlns%3D%22http%3A%2F%2Fwww.w3.org%2F2000%2Fsvg%22%20width%3D%22150%22%20height%3D%22150%22%20viewBox%3D%220%200%20150%20150%22%3E%3C%2Fsvg%3E\" loading=\"eager\"><\/span><span class=\"fg-image-overlay\"><\/span><\/a><figcaption class=\"fg-caption\"><div class=\"fg-caption-inner\"><div class=\"fg-caption-title\">01 Le temps d'un caf\u00e9<\/div><div class=\"fg-caption-desc\">En passant devant la vitrine d\u2019un ce\u0301le\u0300bre vendeur de capsules et de machines a\u0300 cafe\u0301, j\u2019ai e\u0301te\u0301 surpris par l\u2019insistance et la re\u0301pe\u0301tition de la notion de temps que ce publicitaire a voulu absolument associer a\u0300 son cafe\u0301...! Cafe\u0301 d\u2019ailleurs enrobe\u0301 dans des capsules d\u2019aluminium nocives pour l\u2019environnement !!!\nPhoto iPhone , focale 4,28 mm, f\/2.4, vitesse 1\/185.<\/div><\/div><\/figcaption><\/figure><div class=\"fg-loader\"><\/div><\/div><div class=\"fg-item fg-type-image fg-idle\"><figure class=\"fg-item-inner\"><a href=\"https:\/\/acligphoto.fr\/wp-content\/uploads\/2021\/03\/02_Le_temps_GF.jpg\" data-caption-title=\"02- Le temps c&#039;est de l&#039;argent. Photo Guy Feltz\" data-caption-desc=\"Mate\u0301riel : Appareil : Canon EOS 5D MIII, objectif : 135mm f\/1.8 Torche 1000W a\u0300 quartz (elle a 50 ans quand j\u2019ai commence\u0301 au\nsuper 8) 2 pieds. Exif: 1\/160s f\/5.6 Focale : 135 mm Iso 100\nUne vielle sablie\u0300re et quelques \u20ac pose\u0301s sur un fond blanc en carton adosse\u0301 contre la porte d\u2019une armoire, e\u0301claire\u0301 par ma torche\nde1000w. apre\u0300s 80 photos d\u2019essai et un traitement en N&amp;amp;B en postproduction.\nPhoto prise : l\u2019apre\u0300s-midi, sans flash.\" data-attachment-id=\"4689\" data-type=\"image\" class=\"fg-thumb\"><span class=\"fg-image-wrap\"><img decoding=\"async\" title=\"02- Le temps c&#039;est de l&#039;argent. Photo Guy Feltz\" width=\"150\" height=\"150\" class=\"skip-lazy fg-image\" data-src-fg=\"https:\/\/acligphoto.fr\/wp-content\/uploads\/cache\/2021\/03\/02_Le_temps_GF\/241562887.jpg\" src=\"data:image\/svg+xml,%3Csvg%20xmlns%3D%22http%3A%2F%2Fwww.w3.org%2F2000%2Fsvg%22%20width%3D%22150%22%20height%3D%22150%22%20viewBox%3D%220%200%20150%20150%22%3E%3C%2Fsvg%3E\" loading=\"eager\"><\/span><span class=\"fg-image-overlay\"><\/span><\/a><figcaption class=\"fg-caption\"><div class=\"fg-caption-inner\"><div class=\"fg-caption-title\">02- Le temps c'est de l'argent. Photo Guy Feltz<\/div><div class=\"fg-caption-desc\">Mate\u0301riel : Appareil : Canon EOS 5D MIII, objectif : 135mm f\/1.8 Torche 1000W a\u0300 quartz (elle a 50 ans quand j\u2019ai commence\u0301 au\nsuper 8) 2 pieds. Exif: 1\/160s f\/5.6 Focale : 135 mm Iso 100\nUne vielle sablie\u0300re et quelques \u20ac pose\u0301s sur un fond blanc en carton adosse\u0301 contre la porte d\u2019une armoire, e\u0301claire\u0301 par ma torche\nde1000w. apre\u0300s 80 photos d\u2019essai et un traitement en N&amp;B en postproduction.\nPhoto prise : l\u2019apre\u0300s-midi, sans flash.<\/div><\/div><\/figcaption><\/figure><div class=\"fg-loader\"><\/div><\/div><div class=\"fg-item fg-type-image fg-idle\"><figure class=\"fg-item-inner\"><a href=\"https:\/\/acligphoto.fr\/wp-content\/uploads\/2021\/03\/03_Le_temps_DR.jpg\" data-caption-title=\"03- le temps c&#039;est de l&#039;argent. Photo Didier Roehri\" data-caption-desc=\"La montre avec un effet de fondu pour montrer le temps qui s&#039;e\u0301coule et l&#039;argent avec me\u0302me quelques peluches du temps Fuji xt3 16\/80 1\/8sec iso 400 f8\" data-attachment-id=\"4690\" data-type=\"image\" class=\"fg-thumb\"><span class=\"fg-image-wrap\"><img decoding=\"async\" title=\"03- le temps c&#039;est de l&#039;argent. Photo Didier Roehri\" width=\"150\" height=\"150\" class=\"skip-lazy fg-image\" data-src-fg=\"https:\/\/acligphoto.fr\/wp-content\/uploads\/cache\/2021\/03\/03_Le_temps_DR\/434349355.jpg\" src=\"data:image\/svg+xml,%3Csvg%20xmlns%3D%22http%3A%2F%2Fwww.w3.org%2F2000%2Fsvg%22%20width%3D%22150%22%20height%3D%22150%22%20viewBox%3D%220%200%20150%20150%22%3E%3C%2Fsvg%3E\" loading=\"eager\"><\/span><span class=\"fg-image-overlay\"><\/span><\/a><figcaption class=\"fg-caption\"><div class=\"fg-caption-inner\"><div class=\"fg-caption-title\">03- le temps c'est de l'argent. Photo Didier Roehri<\/div><div class=\"fg-caption-desc\">La montre avec un effet de fondu pour montrer le temps qui s'e\u0301coule et l'argent avec me\u0302me quelques peluches du temps Fuji xt3 16\/80 1\/8sec iso 400 f8<\/div><\/div><\/figcaption><\/figure><div class=\"fg-loader\"><\/div><\/div><div class=\"fg-item fg-type-image fg-idle\"><figure class=\"fg-item-inner\"><a href=\"https:\/\/acligphoto.fr\/wp-content\/uploads\/2021\/03\/04_Le-Temps_AP.jpg\" data-caption-title=\"04 Le temps passe. Photo Albert Perrin\" data-caption-desc=\"Pour repre\u0301senter le temps qui passe j&#039;ai opte\u0301 pour le sablier photographie\u0301 durant les diffe\u0301rentes phases de l&#039;e\u0301coulement du sable pour finir par une de\u0301sinte\u0301gration du dernier sablier, le tout sur un arrie\u0300re-plan de ce gros tas de sable qu&#039;est la dune du Pilat. J&#039;ai ajoute\u0301 une phrase de Charles Trenet dans une de ses chansons ; Miss Emily (1938)\n&quot; Quoi que l&#039;on dise, quoi que l&#039;on fasse, le temps s&#039;enfuit et tout s&#039;efface.&quot;\nCanon PowerShot G15, Iso 80, Focale 6,1 mm, Ouverture F2,5, vitesse 1\/30 s.\" data-attachment-id=\"4691\" data-type=\"image\" class=\"fg-thumb\"><span class=\"fg-image-wrap\"><img decoding=\"async\" title=\"04 Le temps passe. Photo Albert Perrin\" width=\"150\" height=\"150\" class=\"skip-lazy fg-image\" data-src-fg=\"https:\/\/acligphoto.fr\/wp-content\/uploads\/cache\/2021\/03\/04_Le-Temps_AP\/1319272444.jpg\" src=\"data:image\/svg+xml,%3Csvg%20xmlns%3D%22http%3A%2F%2Fwww.w3.org%2F2000%2Fsvg%22%20width%3D%22150%22%20height%3D%22150%22%20viewBox%3D%220%200%20150%20150%22%3E%3C%2Fsvg%3E\" loading=\"eager\"><\/span><span class=\"fg-image-overlay\"><\/span><\/a><figcaption class=\"fg-caption\"><div class=\"fg-caption-inner\"><div class=\"fg-caption-title\">04 Le temps passe. Photo Albert Perrin<\/div><div class=\"fg-caption-desc\">Pour repre\u0301senter le temps qui passe j'ai opte\u0301 pour le sablier photographie\u0301 durant les diffe\u0301rentes phases de l'e\u0301coulement du sable pour finir par une de\u0301sinte\u0301gration du dernier sablier, le tout sur un arrie\u0300re-plan de ce gros tas de sable qu'est la dune du Pilat. J'ai ajoute\u0301 une phrase de Charles Trenet dans une de ses chansons ; Miss Emily (1938)\n\" Quoi que l'on dise, quoi que l'on fasse, le temps s'enfuit et tout s'efface.\"\nCanon PowerShot G15, Iso 80, Focale 6,1 mm, Ouverture F2,5, vitesse 1\/30 s.<\/div><\/div><\/figcaption><\/figure><div class=\"fg-loader\"><\/div><\/div><div class=\"fg-item fg-type-image fg-idle\"><figure class=\"fg-item-inner\"><a href=\"https:\/\/acligphoto.fr\/wp-content\/uploads\/2021\/03\/05_Le_Temps_BL.jpg\" data-caption-title=\"05- Le temps de l&#039;attente. Photo B\u00e9atrice Lacour\" data-caption-desc=\"Apre\u0300s avoir fait quelques photos sur ce the\u0300me avec divers sujets, j\u2019ai choisi le \u00ab temps de l\u2019attente \u00bb sur le quai du tram.\nLes exifs : J\u2019ai utilise\u0301 pour mon olympus M10, l\u2019objectif 40\/150 pour avoir du recul et pouvoir faire ma photo en toute discre\u0301tion : focale 116mm; ouverture f\/9, temps d\u2019exposition 1\/6\" data-attachment-id=\"4692\" data-type=\"image\" class=\"fg-thumb\"><span class=\"fg-image-wrap\"><img decoding=\"async\" title=\"05- Le temps de l&#039;attente. Photo B\u00e9atrice Lacour\" width=\"150\" height=\"150\" class=\"skip-lazy fg-image\" data-src-fg=\"https:\/\/acligphoto.fr\/wp-content\/uploads\/cache\/2021\/03\/05_Le_Temps_BL\/3527897559.jpg\" src=\"data:image\/svg+xml,%3Csvg%20xmlns%3D%22http%3A%2F%2Fwww.w3.org%2F2000%2Fsvg%22%20width%3D%22150%22%20height%3D%22150%22%20viewBox%3D%220%200%20150%20150%22%3E%3C%2Fsvg%3E\" loading=\"eager\"><\/span><span class=\"fg-image-overlay\"><\/span><\/a><figcaption class=\"fg-caption\"><div class=\"fg-caption-inner\"><div class=\"fg-caption-title\">05- Le temps de l'attente. Photo B\u00e9atrice Lacour<\/div><div class=\"fg-caption-desc\">Apre\u0300s avoir fait quelques photos sur ce the\u0300me avec divers sujets, j\u2019ai choisi le \u00ab temps de l\u2019attente \u00bb sur le quai du tram.\nLes exifs : J\u2019ai utilise\u0301 pour mon olympus M10, l\u2019objectif 40\/150 pour avoir du recul et pouvoir faire ma photo en toute discre\u0301tion : focale 116mm; ouverture f\/9, temps d\u2019exposition 1\/6<\/div><\/div><\/figcaption><\/figure><div class=\"fg-loader\"><\/div><\/div><div class=\"fg-item fg-type-image fg-idle\"><figure class=\"fg-item-inner\"><a href=\"https:\/\/acligphoto.fr\/wp-content\/uploads\/2021\/03\/06_Le_temps_AT.jpg\" data-caption-title=\"06- La montre \u00e0 gousset de mon grand-p\u00e8re maternel. Photo Alain Th\u00e9beault\" data-caption-desc=\"Prise de vue FUJI XT10 sur tre\u0301pied en manuel, Distance focale 53 mm. Exposition 1 seconde, Ouverture f 10, Iso 200, Fond papier\nnoir. Lumie\u0300re du jour &quot;le\u0301ger e\u0301clairage lampe frontal&quot;. Vignettage noir pour faire ressortir la montre.\" data-attachment-id=\"4693\" data-type=\"image\" class=\"fg-thumb\"><span class=\"fg-image-wrap\"><img decoding=\"async\" title=\"06- La montre \u00e0 gousset de mon grand-p\u00e8re maternel. Photo Alain Th\u00e9beault\" width=\"150\" height=\"150\" class=\"skip-lazy fg-image\" data-src-fg=\"https:\/\/acligphoto.fr\/wp-content\/uploads\/cache\/2021\/03\/06_Le_temps_AT\/223117898.jpg\" src=\"data:image\/svg+xml,%3Csvg%20xmlns%3D%22http%3A%2F%2Fwww.w3.org%2F2000%2Fsvg%22%20width%3D%22150%22%20height%3D%22150%22%20viewBox%3D%220%200%20150%20150%22%3E%3C%2Fsvg%3E\" loading=\"eager\"><\/span><span class=\"fg-image-overlay\"><\/span><\/a><figcaption class=\"fg-caption\"><div class=\"fg-caption-inner\"><div class=\"fg-caption-title\">06- La montre \u00e0 gousset de mon grand-p\u00e8re maternel. Photo Alain Th\u00e9beault<\/div><div class=\"fg-caption-desc\">Prise de vue FUJI XT10 sur tre\u0301pied en manuel, Distance focale 53 mm. Exposition 1 seconde, Ouverture f 10, Iso 200, Fond papier\nnoir. Lumie\u0300re du jour \"le\u0301ger e\u0301clairage lampe frontal\". Vignettage noir pour faire ressortir la montre.<\/div><\/div><\/figcaption><\/figure><div class=\"fg-loader\"><\/div><\/div><div class=\"fg-item fg-type-image fg-idle\"><figure class=\"fg-item-inner\"><a href=\"https:\/\/acligphoto.fr\/wp-content\/uploads\/2021\/03\/07_Le_temps_Armand.jpg\" data-caption-title=\"07- Un voyage dans le temps. Photo Armand Troestler\" data-caption-desc=\"De\u0301tail de la cour inte\u0301rieure de la maison dite Zorn de Bulach au 120 Grand Rue a\u0300 Strasbourg.\nL&#039;e\u0301tat des murs et l&#039;antenne de te\u0301le\u0301vision nous rappellent certes le temps qui passe mais le charme de cette maison aristocratique qui date du de\u0301but du 16e\u0300me sie\u0300cle ope\u0300re toujours et sait attiser notre imagination.\nLe temps n&#039;y change rien !\" data-attachment-id=\"4694\" data-type=\"image\" class=\"fg-thumb\"><span class=\"fg-image-wrap\"><img decoding=\"async\" title=\"07- Un voyage dans le temps. Photo Armand Troestler\" width=\"150\" height=\"150\" class=\"skip-lazy fg-image\" data-src-fg=\"https:\/\/acligphoto.fr\/wp-content\/uploads\/cache\/2021\/03\/07_Le_temps_Armand\/3937135068.jpg\" src=\"data:image\/svg+xml,%3Csvg%20xmlns%3D%22http%3A%2F%2Fwww.w3.org%2F2000%2Fsvg%22%20width%3D%22150%22%20height%3D%22150%22%20viewBox%3D%220%200%20150%20150%22%3E%3C%2Fsvg%3E\" loading=\"eager\"><\/span><span class=\"fg-image-overlay\"><\/span><\/a><figcaption class=\"fg-caption\"><div class=\"fg-caption-inner\"><div class=\"fg-caption-title\">07- Un voyage dans le temps. Photo Armand Troestler<\/div><div class=\"fg-caption-desc\">De\u0301tail de la cour inte\u0301rieure de la maison dite Zorn de Bulach au 120 Grand Rue a\u0300 Strasbourg.\nL'e\u0301tat des murs et l'antenne de te\u0301le\u0301vision nous rappellent certes le temps qui passe mais le charme de cette maison aristocratique qui date du de\u0301but du 16e\u0300me sie\u0300cle ope\u0300re toujours et sait attiser notre imagination.\nLe temps n'y change rien !<\/div><\/div><\/figcaption><\/figure><div class=\"fg-loader\"><\/div><\/div><div class=\"fg-item fg-type-image fg-idle\"><figure class=\"fg-item-inner\"><a href=\"https:\/\/acligphoto.fr\/wp-content\/uploads\/2021\/03\/08_Le_temps_MB.jpg\" data-caption-title=\"08- Le temps. Photo de Michel Bintz\" data-caption-desc=\"L&#039;ide\u0301e m&#039;est venue apre\u0300s avoir visionne\u0301 un tuto sur le focus stacking chez Olympus.\nPas de rail, pas de bonnette, les 15 photos sont assemble\u0301es directement dans le boi\u0302tier, un EM1 mark II avec l&#039;objectif 12-40mm 1:2,8. J&#039;ai juste rajoute\u0301 deux petites leds.\nLe re\u0301sultat est satisfaisant et a\u0300 mon gou\u0302t...pour l&#039;instant.\" data-attachment-id=\"4695\" data-type=\"image\" class=\"fg-thumb\"><span class=\"fg-image-wrap\"><img decoding=\"async\" title=\"08- Le temps. Photo de Michel Bintz\" width=\"150\" height=\"150\" class=\"skip-lazy fg-image\" data-src-fg=\"https:\/\/acligphoto.fr\/wp-content\/uploads\/cache\/2021\/03\/08_Le_temps_MB\/4104025016.jpg\" src=\"data:image\/svg+xml,%3Csvg%20xmlns%3D%22http%3A%2F%2Fwww.w3.org%2F2000%2Fsvg%22%20width%3D%22150%22%20height%3D%22150%22%20viewBox%3D%220%200%20150%20150%22%3E%3C%2Fsvg%3E\" loading=\"eager\"><\/span><span class=\"fg-image-overlay\"><\/span><\/a><figcaption class=\"fg-caption\"><div class=\"fg-caption-inner\"><div class=\"fg-caption-title\">08- Le temps. Photo de Michel Bintz<\/div><div class=\"fg-caption-desc\">L'ide\u0301e m'est venue apre\u0300s avoir visionne\u0301 un tuto sur le focus stacking chez Olympus.\nPas de rail, pas de bonnette, les 15 photos sont assemble\u0301es directement dans le boi\u0302tier, un EM1 mark II avec l'objectif 12-40mm 1:2,8. J'ai juste rajoute\u0301 deux petites leds.\nLe re\u0301sultat est satisfaisant et a\u0300 mon gou\u0302t...pour l'instant.<\/div><\/div><\/figcaption><\/figure><div class=\"fg-loader\"><\/div><\/div><div class=\"fg-item fg-type-image fg-idle\"><figure class=\"fg-item-inner\"><a href=\"https:\/\/acligphoto.fr\/wp-content\/uploads\/2021\/03\/09_Le_temps_FM.jpg\" data-caption-title=\"09- L&#039;heure du beau temps. Photo Francis Motsch\" data-caption-desc=\"Cela ne fait pas Tic-Tac, mais cela indique l&#039;heure par beau temps. Appareil Nikon D800, ouverture \/5,6, vitesse 1\/200, Iso- 200,\" data-attachment-id=\"4696\" data-type=\"image\" class=\"fg-thumb\"><span class=\"fg-image-wrap\"><img decoding=\"async\" title=\"09- L&#039;heure du beau temps. Photo Francis Motsch\" width=\"150\" height=\"150\" class=\"skip-lazy fg-image\" data-src-fg=\"https:\/\/acligphoto.fr\/wp-content\/uploads\/cache\/2021\/03\/09_Le_temps_FM\/2035384121.jpg\" src=\"data:image\/svg+xml,%3Csvg%20xmlns%3D%22http%3A%2F%2Fwww.w3.org%2F2000%2Fsvg%22%20width%3D%22150%22%20height%3D%22150%22%20viewBox%3D%220%200%20150%20150%22%3E%3C%2Fsvg%3E\" loading=\"eager\"><\/span><span class=\"fg-image-overlay\"><\/span><\/a><figcaption class=\"fg-caption\"><div class=\"fg-caption-inner\"><div class=\"fg-caption-title\">09- L'heure du beau temps. Photo Francis Motsch<\/div><div class=\"fg-caption-desc\">Cela ne fait pas Tic-Tac, mais cela indique l'heure par beau temps. Appareil Nikon D800, ouverture \/5,6, vitesse 1\/200, Iso- 200,<\/div><\/div><\/figcaption><\/figure><div class=\"fg-loader\"><\/div><\/div><div class=\"fg-item fg-type-image fg-idle\"><figure class=\"fg-item-inner\"><a href=\"https:\/\/acligphoto.fr\/wp-content\/uploads\/2021\/03\/10_Le_temps_LD.jpg\" data-caption-title=\"10-  il fut un temps ! que les moins de 20 ans ne pouvaient pas connaitre !!! Photo Louis Doerr\" data-caption-desc=\"Photo re\u0301alise\u0301e avec un tre\u0301pied, 2 e\u0301clairages late\u0301raux, tre\u0300s faible e\u0301clairage\nPour ne pas avoir des lumie\u0300res parasitaires.\" data-attachment-id=\"4697\" data-type=\"image\" class=\"fg-thumb\"><span class=\"fg-image-wrap\"><img decoding=\"async\" title=\"10-  il fut un temps ! que les moins de 20 ans ne pouvaient pas connaitre !!! Photo Louis Doerr\" width=\"150\" height=\"150\" class=\"skip-lazy fg-image\" data-src-fg=\"https:\/\/acligphoto.fr\/wp-content\/uploads\/cache\/2021\/03\/10_Le_temps_LD\/4209120884.jpg\" src=\"data:image\/svg+xml,%3Csvg%20xmlns%3D%22http%3A%2F%2Fwww.w3.org%2F2000%2Fsvg%22%20width%3D%22150%22%20height%3D%22150%22%20viewBox%3D%220%200%20150%20150%22%3E%3C%2Fsvg%3E\" loading=\"eager\"><\/span><span class=\"fg-image-overlay\"><\/span><\/a><figcaption class=\"fg-caption\"><div class=\"fg-caption-inner\"><div class=\"fg-caption-title\">10-  il fut un temps ! que les moins de 20 ans ne pouvaient pas connaitre !!! Photo Louis Doerr<\/div><div class=\"fg-caption-desc\">Photo re\u0301alise\u0301e avec un tre\u0301pied, 2 e\u0301clairages late\u0301raux, tre\u0300s faible e\u0301clairage\nPour ne pas avoir des lumie\u0300res parasitaires.<\/div><\/div><\/figcaption><\/figure><div class=\"fg-loader\"><\/div><\/div><div class=\"fg-item fg-type-image fg-idle\"><figure class=\"fg-item-inner\"><a href=\"https:\/\/acligphoto.fr\/wp-content\/uploads\/2021\/03\/11_Le_temps_AH.jpg\" data-caption-title=\"11- &quot;Bru\u0302ler son temps&quot; Photo Alain Hamdi\" data-caption-desc=\"J&#039;ai perdu mon temps a\u0300 contempler le bois bruler. j&#039;ai fais cette photo avec un temps de pose long. j&#039;ai pris le temps de la faire !\nExif: Nikon D600, Iso 50, Compensation exposition -2.7, Distance focale 170mm, Ouverture F\/5.6, Temps d&#039;exposition 4 secondes Sans flash avec un tre\u0301pied\" data-attachment-id=\"4698\" data-type=\"image\" class=\"fg-thumb\"><span class=\"fg-image-wrap\"><img decoding=\"async\" title=\"11- &quot;Bru\u0302ler son temps&quot; Photo Alain Hamdi\" width=\"150\" height=\"150\" class=\"skip-lazy fg-image\" data-src-fg=\"https:\/\/acligphoto.fr\/wp-content\/uploads\/cache\/2021\/03\/11_Le_temps_AH\/677216391.jpg\" src=\"data:image\/svg+xml,%3Csvg%20xmlns%3D%22http%3A%2F%2Fwww.w3.org%2F2000%2Fsvg%22%20width%3D%22150%22%20height%3D%22150%22%20viewBox%3D%220%200%20150%20150%22%3E%3C%2Fsvg%3E\" loading=\"eager\"><\/span><span class=\"fg-image-overlay\"><\/span><\/a><figcaption class=\"fg-caption\"><div class=\"fg-caption-inner\"><div class=\"fg-caption-title\">11- \"Bru\u0302ler son temps\" Photo Alain Hamdi<\/div><div class=\"fg-caption-desc\">J'ai perdu mon temps a\u0300 contempler le bois bruler. j'ai fais cette photo avec un temps de pose long. j'ai pris le temps de la faire !\nExif: Nikon D600, Iso 50, Compensation exposition -2.7, Distance focale 170mm, Ouverture F\/5.6, Temps d'exposition 4 secondes Sans flash avec un tre\u0301pied<\/div><\/div><\/figcaption><\/figure><div class=\"fg-loader\"><\/div><\/div><div class=\"fg-item fg-type-image fg-idle\"><figure class=\"fg-item-inner\"><a href=\"https:\/\/acligphoto.fr\/wp-content\/uploads\/2021\/03\/12_Le_temps_FR.jpg\" data-caption-title=\"12- les aiguilles du temps. Photo Florence R\u00e9mi\" data-caption-desc=\"Prise de vue macro du cadran d\u2019une ancienne montre a\u0300 gousset pour femme date\u0301e 1920, probablement celle d\u2019une de mes ai\u0308eules ! Utilisation d\u2019une lumie\u0300re de studio, prise de vue en macro.\" data-attachment-id=\"4699\" data-type=\"image\" class=\"fg-thumb\"><span class=\"fg-image-wrap\"><img decoding=\"async\" title=\"12- les aiguilles du temps. Photo Florence R\u00e9mi\" width=\"150\" height=\"150\" class=\"skip-lazy fg-image\" data-src-fg=\"https:\/\/acligphoto.fr\/wp-content\/uploads\/cache\/2021\/03\/12_Le_temps_FR\/1616518133.jpg\" src=\"data:image\/svg+xml,%3Csvg%20xmlns%3D%22http%3A%2F%2Fwww.w3.org%2F2000%2Fsvg%22%20width%3D%22150%22%20height%3D%22150%22%20viewBox%3D%220%200%20150%20150%22%3E%3C%2Fsvg%3E\" loading=\"eager\"><\/span><span class=\"fg-image-overlay\"><\/span><\/a><figcaption class=\"fg-caption\"><div class=\"fg-caption-inner\"><div class=\"fg-caption-title\">12- les aiguilles du temps. Photo Florence R\u00e9mi<\/div><div class=\"fg-caption-desc\">Prise de vue macro du cadran d\u2019une ancienne montre a\u0300 gousset pour femme date\u0301e 1920, probablement celle d\u2019une de mes ai\u0308eules ! Utilisation d\u2019une lumie\u0300re de studio, prise de vue en macro.<\/div><\/div><\/figcaption><\/figure><div class=\"fg-loader\"><\/div><\/div><div class=\"fg-item fg-type-image fg-idle\"><figure class=\"fg-item-inner\"><a href=\"https:\/\/acligphoto.fr\/wp-content\/uploads\/2021\/03\/14_Le_temps_LM.jpeg\" data-caption-title=\"14. 3 montres. Lisa Molaro\" data-caption-desc=\"Il s\u2019agit de 3 photos prises en inte\u0301rieur a\u0300 la lumie\u0300re ambiante avec un petit montage sur LR. Elles ont e\u0301te\u0301 faites en ISO 320 122 mm en F5\/6 et 1\/25 s\" data-attachment-id=\"4700\" data-type=\"image\" class=\"fg-thumb\"><span class=\"fg-image-wrap\"><img decoding=\"async\" title=\"14. 3 montres. Lisa Molaro\" width=\"150\" height=\"150\" class=\"skip-lazy fg-image\" data-src-fg=\"https:\/\/acligphoto.fr\/wp-content\/uploads\/cache\/2021\/03\/14_Le_temps_LM\/2491426280.jpeg\" src=\"data:image\/svg+xml,%3Csvg%20xmlns%3D%22http%3A%2F%2Fwww.w3.org%2F2000%2Fsvg%22%20width%3D%22150%22%20height%3D%22150%22%20viewBox%3D%220%200%20150%20150%22%3E%3C%2Fsvg%3E\" loading=\"eager\"><\/span><span class=\"fg-image-overlay\"><\/span><\/a><figcaption class=\"fg-caption\"><div class=\"fg-caption-inner\"><div class=\"fg-caption-title\">14. 3 montres. Lisa Molaro<\/div><div class=\"fg-caption-desc\">Il s\u2019agit de 3 photos prises en inte\u0301rieur a\u0300 la lumie\u0300re ambiante avec un petit montage sur LR. Elles ont e\u0301te\u0301 faites en ISO 320 122 mm en F5\/6 et 1\/25 s<\/div><\/div><\/figcaption><\/figure><div class=\"fg-loader\"><\/div><\/div><\/div>\n\n","protected":false},"excerpt":{"rendered":"","protected":false},"author":1,"featured_media":4688,"comment_status":"closed","ping_status":"open","sticky":false,"template":"","format":"image","meta":{"_bbp_topic_count":0,"_bbp_reply_count":0,"_bbp_total_topic_count":0,"_bbp_total_reply_count":0,"_bbp_voice_count":0,"_bbp_anonymous_reply_count":0,"_bbp_topic_count_hidden":0,"_bbp_reply_count_hidden":0,"_bbp_forum_subforum_count":0,"footnotes":""},"categories":[7],"tags":[],"class_list":["post-4701","post","type-post","status-publish","format-image","has-post-thumbnail","hentry","category-vie-de-latelier","post_format-post-format-image"],"_links":{"self":[{"href":"https:\/\/acligphoto.fr\/index.php?rest_route=\/wp\/v2\/posts\/4701","targetHints":{"allow":["GET"]}}],"collection":[{"href":"https:\/\/acligphoto.fr\/index.php?rest_route=\/wp\/v2\/posts"}],"about":[{"href":"https:\/\/acligphoto.fr\/index.php?rest_route=\/wp\/v2\/types\/post"}],"author":[{"embeddable":true,"href":"https:\/\/acligphoto.fr\/index.php?rest_route=\/wp\/v2\/users\/1"}],"replies":[{"embeddable":true,"href":"https:\/\/acligphoto.fr\/index.php?rest_route=%2Fwp%2Fv2%2Fcomments&post=4701"}],"version-history":[{"count":1,"href":"https:\/\/acligphoto.fr\/index.php?rest_route=\/wp\/v2\/posts\/4701\/revisions"}],"predecessor-version":[{"id":4702,"href":"https:\/\/acligphoto.fr\/index.php?rest_route=\/wp\/v2\/posts\/4701\/revisions\/4702"}],"wp:featuredmedia":[{"embeddable":true,"href":"https:\/\/acligphoto.fr\/index.php?rest_route=\/wp\/v2\/media\/4688"}],"wp:attachment":[{"href":"https:\/\/acligphoto.fr\/index.php?rest_route=%2Fwp%2Fv2%2Fmedia&parent=4701"}],"wp:term":[{"taxonomy":"category","embeddable":true,"href":"https:\/\/acligphoto.fr\/index.php?rest_route=%2Fwp%2Fv2%2Fcategories&post=4701"},{"taxonomy":"post_tag","embeddable":true,"href":"https:\/\/acligphoto.fr\/index.php?rest_route=%2Fwp%2Fv2%2Ftags&post=4701"}],"curies":[{"name":"wp","href":"https:\/\/api.w.org\/{rel}","templated":true}]}}