{"id":3925,"date":"2021-01-05T17:25:16","date_gmt":"2021-01-05T16:25:16","guid":{"rendered":"https:\/\/acligphoto.fr\/?p=3925"},"modified":"2021-01-05T17:31:33","modified_gmt":"2021-01-05T16:31:33","slug":"raconte-ta-photo-episode-xi-le-livre","status":"publish","type":"post","link":"https:\/\/acligphoto.fr\/?p=3925","title":{"rendered":"Raconte ta photo, \u00e9pisode XI : Le livre"},"content":{"rendered":"<style type=\"text\/css\">\n#foogallery-gallery-3907 .fg-image { width: 150px; }\n#foogallery-gallery-3907 { --fg-gutter: 10px; }<\/style>\n\t\t\t<div class=\"foogallery foogallery-container foogallery-default foogallery-lightbox-foobox fg-center fg-default fg-ready fg-light fg-border-thin fg-shadow-outline fg-loading-default fg-loaded-fade-in fg-caption-hover fg-hover-fade fg-hover-zoom\" id=\"foogallery-gallery-3907\" data-foogallery=\"{&quot;item&quot;:{&quot;showCaptionTitle&quot;:true,&quot;showCaptionDescription&quot;:true},&quot;lazy&quot;:true}\" style=\"--fg-title-line-clamp: 0; --fg-description-line-clamp: 0;\" >\n\t<div class=\"fg-item fg-type-image fg-idle\"><figure class=\"fg-item-inner\"><a href=\"https:\/\/acligphoto.fr\/wp-content\/uploads\/2021\/01\/01_Livre_Francis.jpg\" data-caption-title=\"Compostelle. Photo : Francis\" data-caption-desc=\"Photo prise avec mon D800, f\/8, vitesse 1:200e\u0300me, ISO-320, distance focale 70mm\" data-attachment-id=\"3908\" data-type=\"image\" class=\"fg-thumb\"><span class=\"fg-image-wrap\"><img decoding=\"async\" title=\"Compostelle. Photo : Francis\" width=\"150\" height=\"150\" class=\"skip-lazy fg-image\" data-src-fg=\"https:\/\/acligphoto.fr\/wp-content\/uploads\/cache\/2021\/01\/01_Livre_Francis\/739329273.jpg\" src=\"data:image\/svg+xml,%3Csvg%20xmlns%3D%22http%3A%2F%2Fwww.w3.org%2F2000%2Fsvg%22%20width%3D%22150%22%20height%3D%22150%22%20viewBox%3D%220%200%20150%20150%22%3E%3C%2Fsvg%3E\" loading=\"eager\"><\/span><span class=\"fg-image-overlay\"><\/span><\/a><figcaption class=\"fg-caption\"><div class=\"fg-caption-inner\"><div class=\"fg-caption-title\">Compostelle. Photo : Francis<\/div><div class=\"fg-caption-desc\">Photo prise avec mon D800, f\/8, vitesse 1:200e\u0300me, ISO-320, distance focale 70mm<\/div><\/div><\/figcaption><\/figure><div class=\"fg-loader\"><\/div><\/div><div class=\"fg-item fg-type-image fg-idle\"><figure class=\"fg-item-inner\"><a href=\"https:\/\/acligphoto.fr\/wp-content\/uploads\/2021\/01\/02_Livre_ChristianS.jpg\" data-caption-title=\"Ancien manuscrit. Photo : Christian S.\" data-caption-desc=\"La photo a e\u0301te\u0301 prise dans l&#039;une de la dizaine de bibliothe\u0300ques a\u0300 Chinguetti dans le de\u0301sert mauritanien. On peut y lire sur un panneau : \u00ab le savoir est une fortune qui n&#039;appauvrit pas celui qui en offre \u00bb. Dans cette ville, grand lieu de passage historique, on trouve plus de 3000 ouvrages relatifs au Coran, la science, la litte\u0301rature ; les premiers sont date\u0301s du 9e\u0300me sie\u0300cle.\nPas de lumie\u0300re dans une pie\u0300ce sombre, 1\/20\u00b0s a\u0300 3200 iso ,19mn pour un capteur micro 4\/3\nPhoto : Christian Sauter\" data-attachment-id=\"3909\" data-type=\"image\" class=\"fg-thumb\"><span class=\"fg-image-wrap\"><img decoding=\"async\" title=\"Ancien manuscrit. Photo : Christian S.\" width=\"150\" height=\"150\" class=\"skip-lazy fg-image\" data-src-fg=\"https:\/\/acligphoto.fr\/wp-content\/uploads\/cache\/2021\/01\/02_Livre_ChristianS\/2083370442.jpg\" src=\"data:image\/svg+xml,%3Csvg%20xmlns%3D%22http%3A%2F%2Fwww.w3.org%2F2000%2Fsvg%22%20width%3D%22150%22%20height%3D%22150%22%20viewBox%3D%220%200%20150%20150%22%3E%3C%2Fsvg%3E\" loading=\"eager\"><\/span><span class=\"fg-image-overlay\"><\/span><\/a><figcaption class=\"fg-caption\"><div class=\"fg-caption-inner\"><div class=\"fg-caption-title\">Ancien manuscrit. Photo : Christian S.<\/div><div class=\"fg-caption-desc\">La photo a e\u0301te\u0301 prise dans l'une de la dizaine de bibliothe\u0300ques a\u0300 Chinguetti dans le de\u0301sert mauritanien. On peut y lire sur un panneau : \u00ab le savoir est une fortune qui n'appauvrit pas celui qui en offre \u00bb. Dans cette ville, grand lieu de passage historique, on trouve plus de 3000 ouvrages relatifs au Coran, la science, la litte\u0301rature ; les premiers sont date\u0301s du 9e\u0300me sie\u0300cle.\nPas de lumie\u0300re dans une pie\u0300ce sombre, 1\/20\u00b0s a\u0300 3200 iso ,19mn pour un capteur micro 4\/3\nPhoto : Christian Sauter<\/div><\/div><\/figcaption><\/figure><div class=\"fg-loader\"><\/div><\/div><div class=\"fg-item fg-type-image fg-idle\"><figure class=\"fg-item-inner\"><a href=\"https:\/\/acligphoto.fr\/wp-content\/uploads\/2021\/01\/03_livre_Armand.jpg\" data-caption-title=\"Une photo de livres. Photo : Armand\" data-caption-desc=\"Cette fois-ci, je raconte ma photo en vers (et contre tout &amp;#x1f60a;). Et a\u0300 photo triste, poe\u0301sie triste. (c\u0327a c\u2019est vrai, c\u2019est pas du Hugo)\nVoici ce que m\u2019inspire ma photo prise a\u0300 l\u2019Ecomuse\u0301e d\u2019Ungersheim (et un peu \u00ab travaille\u0301e \u00bb) : deux petits rimaillages humoristico-nostalgiques.\nBonne lecture !\n1) Vrais livres ? Faux livres ?\nVrais faux livres ? Faux vrais livres ?\nLivres de muse\u0301e ou muse\u0301e du livre ?\nQuand les livres ne sont plus que lignes et couleurs Et nous montrent leur dos,\nJ\u2019en fais juste une photo.\n2) Range\u0301s comme des soldats Sur des e\u0301tage\u0300res en bois,\nPas un ne bouge\nMe\u0302me pas un rouge,\nQuelle tristesse ! Quel ennui ! C\u0327a manque de poe\u0301sie !\" data-attachment-id=\"3910\" data-type=\"image\" class=\"fg-thumb\"><span class=\"fg-image-wrap\"><img decoding=\"async\" title=\"Une photo de livres. Photo : Armand\" width=\"150\" height=\"150\" class=\"skip-lazy fg-image\" data-src-fg=\"https:\/\/acligphoto.fr\/wp-content\/uploads\/cache\/2021\/01\/03_livre_Armand\/731754461.jpg\" src=\"data:image\/svg+xml,%3Csvg%20xmlns%3D%22http%3A%2F%2Fwww.w3.org%2F2000%2Fsvg%22%20width%3D%22150%22%20height%3D%22150%22%20viewBox%3D%220%200%20150%20150%22%3E%3C%2Fsvg%3E\" loading=\"eager\"><\/span><span class=\"fg-image-overlay\"><\/span><\/a><figcaption class=\"fg-caption\"><div class=\"fg-caption-inner\"><div class=\"fg-caption-title\">Une photo de livres. Photo : Armand<\/div><div class=\"fg-caption-desc\">Cette fois-ci, je raconte ma photo en vers (et contre tout &#x1f60a;). Et a\u0300 photo triste, poe\u0301sie triste. (c\u0327a c\u2019est vrai, c\u2019est pas du Hugo)\nVoici ce que m\u2019inspire ma photo prise a\u0300 l\u2019Ecomuse\u0301e d\u2019Ungersheim (et un peu \u00ab travaille\u0301e \u00bb) : deux petits rimaillages humoristico-nostalgiques.\nBonne lecture !\n1) Vrais livres ? Faux livres ?\nVrais faux livres ? Faux vrais livres ?\nLivres de muse\u0301e ou muse\u0301e du livre ?\nQuand les livres ne sont plus que lignes et couleurs Et nous montrent leur dos,\nJ\u2019en fais juste une photo.\n2) Range\u0301s comme des soldats Sur des e\u0301tage\u0300res en bois,\nPas un ne bouge\nMe\u0302me pas un rouge,\nQuelle tristesse ! Quel ennui ! C\u0327a manque de poe\u0301sie !<\/div><\/div><\/figcaption><\/figure><div class=\"fg-loader\"><\/div><\/div><div class=\"fg-item fg-type-image fg-idle\"><figure class=\"fg-item-inner\"><a href=\"https:\/\/acligphoto.fr\/wp-content\/uploads\/2021\/01\/04_Livre_Guy.jpg\" data-caption-title=\"Le savoir est la seule richesse que l\u2019on peut distribuer sans risque de se ruiner. Photo Guy\" data-caption-desc=\"\u00ab la fondation Ahmed Mahmoud \u00bb\n \nTitre :\nLieu a\u0300 : Bibliothe\u0300que\nMate\u0301riel : Appareil : Canon EOS 5D M3, objectif : 24-70 f2.8, objectif : 24-70 mm, le boitier e\u0301tant en plein\nde Chinguetti - Mauritanie\nformat.\nExif: 1\/200s, f\/6.3, Focale : 65 mm, Iso 1600.\nPhoto prise : l\u2019apre\u0300s-midi, sans flash.\nPour les mauritaniens, Chinguetti est une des grandes villes saintes de l\u2019Islam, au me\u0302me titre que la\nMecque, Me\u0301dine ou Je\u0301rusalem.\nVille d\u2019e\u0301rudits, Chinguetti compte encore aujourd\u2019hui 12 bibliothe\u0300ques familiales, ve\u0301ritables tre\u0301sors\nlitte\u0301raires menace\u0301s par la destruction du a\u0300 l\u2019ensablement.\nLes plus vieux manuscrits dateraient du XIe sie\u0300cle. Re\u0301dige\u0301es pour certains sur des peaux de gazelles a\u0300 l\u2019aide\nde plantes (vert), d\u2019indigo (bleu), d\u2019oxyde de fer (rouge), de charbon (noir) et de gomme arabique pour\nfixer l\u2019e\u0301criture, les ouvrages traitent de l\u2019Islam, mais beaucoup parlent aussi de science ou de litte\u0301rature.\" data-attachment-id=\"3911\" data-type=\"image\" class=\"fg-thumb\"><span class=\"fg-image-wrap\"><img decoding=\"async\" title=\"Le savoir est la seule richesse que l\u2019on peut distribuer sans risque de se ruiner. Photo Guy\" width=\"150\" height=\"150\" class=\"skip-lazy fg-image\" data-src-fg=\"https:\/\/acligphoto.fr\/wp-content\/uploads\/cache\/2021\/01\/04_Livre_Guy\/392892596.jpg\" src=\"data:image\/svg+xml,%3Csvg%20xmlns%3D%22http%3A%2F%2Fwww.w3.org%2F2000%2Fsvg%22%20width%3D%22150%22%20height%3D%22150%22%20viewBox%3D%220%200%20150%20150%22%3E%3C%2Fsvg%3E\" loading=\"eager\"><\/span><span class=\"fg-image-overlay\"><\/span><\/a><figcaption class=\"fg-caption\"><div class=\"fg-caption-inner\"><div class=\"fg-caption-title\">Le savoir est la seule richesse que l\u2019on peut distribuer sans risque de se ruiner. Photo Guy<\/div><div class=\"fg-caption-desc\">\u00ab la fondation Ahmed Mahmoud \u00bb\n \nTitre :\nLieu a\u0300 : Bibliothe\u0300que\nMate\u0301riel : Appareil : Canon EOS 5D M3, objectif : 24-70 f2.8, objectif : 24-70 mm, le boitier e\u0301tant en plein\nde Chinguetti - Mauritanie\nformat.\nExif: 1\/200s, f\/6.3, Focale : 65 mm, Iso 1600.\nPhoto prise : l\u2019apre\u0300s-midi, sans flash.\nPour les mauritaniens, Chinguetti est une des grandes villes saintes de l\u2019Islam, au me\u0302me titre que la\nMecque, Me\u0301dine ou Je\u0301rusalem.\nVille d\u2019e\u0301rudits, Chinguetti compte encore aujourd\u2019hui 12 bibliothe\u0300ques familiales, ve\u0301ritables tre\u0301sors\nlitte\u0301raires menace\u0301s par la destruction du a\u0300 l\u2019ensablement.\nLes plus vieux manuscrits dateraient du XIe sie\u0300cle. Re\u0301dige\u0301es pour certains sur des peaux de gazelles a\u0300 l\u2019aide\nde plantes (vert), d\u2019indigo (bleu), d\u2019oxyde de fer (rouge), de charbon (noir) et de gomme arabique pour\nfixer l\u2019e\u0301criture, les ouvrages traitent de l\u2019Islam, mais beaucoup parlent aussi de science ou de litte\u0301rature.<\/div><\/div><\/figcaption><\/figure><div class=\"fg-loader\"><\/div><\/div><div class=\"fg-item fg-type-image fg-idle\"><figure class=\"fg-item-inner\"><a href=\"https:\/\/acligphoto.fr\/wp-content\/uploads\/2021\/01\/05_Livre_Lisa.jpeg\" data-caption-title=\"J&#039;aime lire. photo : Lisa\" data-caption-desc=\"Voici ma photo, qui m\u2019a pris un certain temps pour la re\u0301aliser, pas tant pour le shooting, mais pluto\u0302t pour la re\u0301alisation de la mise en sce\u0300ne, mais ce the\u0300me m\u2019a beaucoup inspire\u0301e.\nISO 200, 38 mm, F 5\/0, 1\/30 s\nFond noir et deux petits spots pour un e\u0301clairage plus ou moins minimaliste.\" data-attachment-id=\"3912\" data-type=\"image\" class=\"fg-thumb\"><span class=\"fg-image-wrap\"><img decoding=\"async\" title=\"J&#039;aime lire. photo : Lisa\" width=\"150\" height=\"150\" class=\"skip-lazy fg-image\" data-src-fg=\"https:\/\/acligphoto.fr\/wp-content\/uploads\/cache\/2021\/01\/05_Livre_Lisa\/2272917609.jpeg\" src=\"data:image\/svg+xml,%3Csvg%20xmlns%3D%22http%3A%2F%2Fwww.w3.org%2F2000%2Fsvg%22%20width%3D%22150%22%20height%3D%22150%22%20viewBox%3D%220%200%20150%20150%22%3E%3C%2Fsvg%3E\" loading=\"eager\"><\/span><span class=\"fg-image-overlay\"><\/span><\/a><figcaption class=\"fg-caption\"><div class=\"fg-caption-inner\"><div class=\"fg-caption-title\">J'aime lire. photo : Lisa<\/div><div class=\"fg-caption-desc\">Voici ma photo, qui m\u2019a pris un certain temps pour la re\u0301aliser, pas tant pour le shooting, mais pluto\u0302t pour la re\u0301alisation de la mise en sce\u0300ne, mais ce the\u0300me m\u2019a beaucoup inspire\u0301e.\nISO 200, 38 mm, F 5\/0, 1\/30 s\nFond noir et deux petits spots pour un e\u0301clairage plus ou moins minimaliste.<\/div><\/div><\/figcaption><\/figure><div class=\"fg-loader\"><\/div><\/div><div class=\"fg-item fg-type-image fg-idle\"><figure class=\"fg-item-inner\"><a href=\"https:\/\/acligphoto.fr\/wp-content\/uploads\/2021\/01\/06_Livre_Jose\u0301.jpg\" data-caption-title=\"Politique du livre. Photo : Jos\u00e9\" data-caption-desc=\"Petit extrait de la zone politique de ma bibliothe\u0300que avec une pub involontaire a\u0300 l&#039;arrie\u0300re. Focale:5 - vitesse: 1\/60e\u0300me - ISO 400 - distance focale :35 - usage du flash\" data-attachment-id=\"3913\" data-type=\"image\" class=\"fg-thumb\"><span class=\"fg-image-wrap\"><img decoding=\"async\" title=\"Politique du livre. Photo : Jos\u00e9\" width=\"150\" height=\"150\" class=\"skip-lazy fg-image\" data-src-fg=\"https:\/\/acligphoto.fr\/wp-content\/uploads\/cache\/2021\/01\/06_Livre_Jose\u0301\/603719815.jpg\" src=\"data:image\/svg+xml,%3Csvg%20xmlns%3D%22http%3A%2F%2Fwww.w3.org%2F2000%2Fsvg%22%20width%3D%22150%22%20height%3D%22150%22%20viewBox%3D%220%200%20150%20150%22%3E%3C%2Fsvg%3E\" loading=\"eager\"><\/span><span class=\"fg-image-overlay\"><\/span><\/a><figcaption class=\"fg-caption\"><div class=\"fg-caption-inner\"><div class=\"fg-caption-title\">Politique du livre. Photo : Jos\u00e9<\/div><div class=\"fg-caption-desc\">Petit extrait de la zone politique de ma bibliothe\u0300que avec une pub involontaire a\u0300 l'arrie\u0300re. Focale:5 - vitesse: 1\/60e\u0300me - ISO 400 - distance focale :35 - usage du flash<\/div><\/div><\/figcaption><\/figure><div class=\"fg-loader\"><\/div><\/div><div class=\"fg-item fg-type-image fg-idle\"><figure class=\"fg-item-inner\"><a href=\"https:\/\/acligphoto.fr\/wp-content\/uploads\/2021\/01\/07_Livre_GilbertW.jpeg\" data-caption-title=\"Entretien. Photo : Gilbert W\" data-caption-desc=\"Il s\u2019agit de l\u2019entretien et de la restauration des livres anciens dans les re\u0301serves de la BNU de Strasbourg. A noter que le port du masque y est la re\u0300gle depuis toujours.\nPriorite\u0301 : ouverture, Vitesse : 1\/25e, F\/8, Iso : 1100\nFocale : 24 mm (objectif Nikkor FX 24-85 mm), WB : Auto, Compensation expo : -1,5\" data-attachment-id=\"3914\" data-type=\"image\" class=\"fg-thumb\"><span class=\"fg-image-wrap\"><img decoding=\"async\" title=\"Entretien. Photo : Gilbert W\" width=\"150\" height=\"150\" class=\"skip-lazy fg-image\" data-src-fg=\"https:\/\/acligphoto.fr\/wp-content\/uploads\/cache\/2021\/01\/07_Livre_GilbertW\/2679352241.jpeg\" src=\"data:image\/svg+xml,%3Csvg%20xmlns%3D%22http%3A%2F%2Fwww.w3.org%2F2000%2Fsvg%22%20width%3D%22150%22%20height%3D%22150%22%20viewBox%3D%220%200%20150%20150%22%3E%3C%2Fsvg%3E\" loading=\"eager\"><\/span><span class=\"fg-image-overlay\"><\/span><\/a><figcaption class=\"fg-caption\"><div class=\"fg-caption-inner\"><div class=\"fg-caption-title\">Entretien. Photo : Gilbert W<\/div><div class=\"fg-caption-desc\">Il s\u2019agit de l\u2019entretien et de la restauration des livres anciens dans les re\u0301serves de la BNU de Strasbourg. A noter que le port du masque y est la re\u0300gle depuis toujours.\nPriorite\u0301 : ouverture, Vitesse : 1\/25e, F\/8, Iso : 1100\nFocale : 24 mm (objectif Nikkor FX 24-85 mm), WB : Auto, Compensation expo : -1,5<\/div><\/div><\/figcaption><\/figure><div class=\"fg-loader\"><\/div><\/div><div class=\"fg-item fg-type-image fg-idle\"><figure class=\"fg-item-inner\"><a href=\"https:\/\/acligphoto.fr\/wp-content\/uploads\/2021\/01\/08_Livre_Alan.jpg\" data-caption-title=\"Livres au Palais du Luxembourg (S\u00e9nat) Photo Alan.\" data-caption-desc=\"Le palais du Luxembourg e\u0301tant affecte\u0301 au Se\u0301nat de la IIIe Re\u0301publique, le besoin de locaux conduit a\u0300 transfe\u0301rer le muse\u0301e dans un autre ba\u0302timent, rue de Vaugirard, et a\u0300 transformer en 1887 la galerie Est en annexe de la bibliothe\u0300que. Sont alors installe\u0301s, sur toute la hauteur des murs, des rayonnages en che\u0302ne (deux kilome\u0300tres au total) accessibles par une galerie en fer forge\u0301, dans lesquels sont aujourd&#039;hui conserve\u0301s pre\u0300s de 57 000 ouvrages.\nLa porte s&#039;ouvre sur l&#039;impressionnante galerie annexe de la bibliothe\u0300que : cinquante me\u0300tres de long, dix de large et douze de haut. Ici n&#039;est tole\u0301re\u0301e aucune visite. 57.000 des 370.000 ouvrages que posse\u0300de le se\u0301nat y sont conserve\u0301s sur d&#039;imposantes e\u0301tage\u0300res en che\u0302ne. \u00ab Ce sont des livres anciens des XIX et XX sie\u0300cles. \u00bb Et aucun roman. \u00ab Nous sommes un centre d&#039;information et de documentation pour les se\u0301nateurs.\n\u00bbPrise de vue faite lors de la visite du Se\u0301nat prise de vue sans flash (pas d&#039;autorisation) Ouverture f3,2, Vitesse 1\/125s, iso 6400, focale 18 mm, appareil photo FUJI XT 10\nPrise de vue: S\u00e9nat EN 2016\" data-attachment-id=\"3915\" data-type=\"image\" class=\"fg-thumb\"><span class=\"fg-image-wrap\"><img decoding=\"async\" title=\"Livres au Palais du Luxembourg (S\u00e9nat) Photo Alan.\" width=\"150\" height=\"150\" class=\"skip-lazy fg-image\" data-src-fg=\"https:\/\/acligphoto.fr\/wp-content\/uploads\/cache\/2021\/01\/08_Livre_Alan\/225757881.jpg\" src=\"data:image\/svg+xml,%3Csvg%20xmlns%3D%22http%3A%2F%2Fwww.w3.org%2F2000%2Fsvg%22%20width%3D%22150%22%20height%3D%22150%22%20viewBox%3D%220%200%20150%20150%22%3E%3C%2Fsvg%3E\" loading=\"eager\"><\/span><span class=\"fg-image-overlay\"><\/span><\/a><figcaption class=\"fg-caption\"><div class=\"fg-caption-inner\"><div class=\"fg-caption-title\">Livres au Palais du Luxembourg (S\u00e9nat) Photo Alan.<\/div><div class=\"fg-caption-desc\">Le palais du Luxembourg e\u0301tant affecte\u0301 au Se\u0301nat de la IIIe Re\u0301publique, le besoin de locaux conduit a\u0300 transfe\u0301rer le muse\u0301e dans un autre ba\u0302timent, rue de Vaugirard, et a\u0300 transformer en 1887 la galerie Est en annexe de la bibliothe\u0300que. Sont alors installe\u0301s, sur toute la hauteur des murs, des rayonnages en che\u0302ne (deux kilome\u0300tres au total) accessibles par une galerie en fer forge\u0301, dans lesquels sont aujourd'hui conserve\u0301s pre\u0300s de 57 000 ouvrages.\nLa porte s'ouvre sur l'impressionnante galerie annexe de la bibliothe\u0300que : cinquante me\u0300tres de long, dix de large et douze de haut. Ici n'est tole\u0301re\u0301e aucune visite. 57.000 des 370.000 ouvrages que posse\u0300de le se\u0301nat y sont conserve\u0301s sur d'imposantes e\u0301tage\u0300res en che\u0302ne. \u00ab Ce sont des livres anciens des XIX et XX sie\u0300cles. \u00bb Et aucun roman. \u00ab Nous sommes un centre d'information et de documentation pour les se\u0301nateurs.\n\u00bbPrise de vue faite lors de la visite du Se\u0301nat prise de vue sans flash (pas d'autorisation) Ouverture f3,2, Vitesse 1\/125s, iso 6400, focale 18 mm, appareil photo FUJI XT 10\nPrise de vue: S\u00e9nat EN 2016<\/div><\/div><\/figcaption><\/figure><div class=\"fg-loader\"><\/div><\/div><div class=\"fg-item fg-type-image fg-idle\"><figure class=\"fg-item-inner\"><a href=\"https:\/\/acligphoto.fr\/wp-content\/uploads\/2021\/01\/09_Livre_Thomas.jpg\" data-caption-title=\"Le livre: une lumie\u0300re dans l&#039;obscurite\u0301. photo : Thomas\" data-caption-desc=\"Et qui mieux que Victor Hugo pour trouver les bonnes paroles... &quot;La lumie\u0300re est dans le livre. Ouvrez le livre tout grand. Laissez-le rayonner, laissez-le faire. Qui que vous soyez qui voulez cultiver, vivifier, e\u0301difier, attendrir, apaiser, mettez des livres partout.&quot;\" data-attachment-id=\"3916\" data-type=\"image\" class=\"fg-thumb\"><span class=\"fg-image-wrap\"><img decoding=\"async\" title=\"Le livre: une lumie\u0300re dans l&#039;obscurite\u0301. photo : Thomas\" width=\"150\" height=\"150\" class=\"skip-lazy fg-image\" data-src-fg=\"https:\/\/acligphoto.fr\/wp-content\/uploads\/cache\/2021\/01\/09_Livre_Thomas\/769456446.jpg\" src=\"data:image\/svg+xml,%3Csvg%20xmlns%3D%22http%3A%2F%2Fwww.w3.org%2F2000%2Fsvg%22%20width%3D%22150%22%20height%3D%22150%22%20viewBox%3D%220%200%20150%20150%22%3E%3C%2Fsvg%3E\" loading=\"eager\"><\/span><span class=\"fg-image-overlay\"><\/span><\/a><figcaption class=\"fg-caption\"><div class=\"fg-caption-inner\"><div class=\"fg-caption-title\">Le livre: une lumie\u0300re dans l'obscurite\u0301. photo : Thomas<\/div><div class=\"fg-caption-desc\">Et qui mieux que Victor Hugo pour trouver les bonnes paroles... \"La lumie\u0300re est dans le livre. Ouvrez le livre tout grand. Laissez-le rayonner, laissez-le faire. Qui que vous soyez qui voulez cultiver, vivifier, e\u0301difier, attendrir, apaiser, mettez des livres partout.\"<\/div><\/div><\/figcaption><\/figure><div class=\"fg-loader\"><\/div><\/div><div class=\"fg-item fg-type-image fg-idle\"><figure class=\"fg-item-inner\"><a href=\"https:\/\/acligphoto.fr\/wp-content\/uploads\/2021\/01\/10_Livre_Louis.jpg\" data-caption-title=\"Bibliothe\u0300que Sainte Genevie\u0300ve Paris. Photo : Louis\" data-caption-desc=\"Visite prive\u0301e de la Bibliothe\u0300que Sainte Genevie\u0300ve, a\u0300 Paris, Prise de vue a\u0300 main leve\u0301e, 1\/13 ,iso 200 \/ 5\/6\" data-attachment-id=\"3917\" data-type=\"image\" class=\"fg-thumb\"><span class=\"fg-image-wrap\"><img decoding=\"async\" title=\"Bibliothe\u0300que Sainte Genevie\u0300ve Paris. Photo : Louis\" width=\"150\" height=\"150\" class=\"skip-lazy fg-image\" data-src-fg=\"https:\/\/acligphoto.fr\/wp-content\/uploads\/cache\/2021\/01\/10_Livre_Louis\/375912221.jpg\" src=\"data:image\/svg+xml,%3Csvg%20xmlns%3D%22http%3A%2F%2Fwww.w3.org%2F2000%2Fsvg%22%20width%3D%22150%22%20height%3D%22150%22%20viewBox%3D%220%200%20150%20150%22%3E%3C%2Fsvg%3E\" loading=\"eager\"><\/span><span class=\"fg-image-overlay\"><\/span><\/a><figcaption class=\"fg-caption\"><div class=\"fg-caption-inner\"><div class=\"fg-caption-title\">Bibliothe\u0300que Sainte Genevie\u0300ve Paris. Photo : Louis<\/div><div class=\"fg-caption-desc\">Visite prive\u0301e de la Bibliothe\u0300que Sainte Genevie\u0300ve, a\u0300 Paris, Prise de vue a\u0300 main leve\u0301e, 1\/13 ,iso 200 \/ 5\/6<\/div><\/div><\/figcaption><\/figure><div class=\"fg-loader\"><\/div><\/div><div class=\"fg-item fg-type-image fg-idle\"><figure class=\"fg-item-inner\"><a href=\"https:\/\/acligphoto.fr\/wp-content\/uploads\/2021\/01\/11_Livre_GilbertDM.jpeg\" data-caption-title=\"Ceci n\u2019est pas un e-book ! photo : Gilbert de M\" data-caption-desc=\"Le confinement laisse malgre\u0301 tout des possibilite\u0301s pour la cre\u0301ativite\u0301 et en particulier pour faire de la \u2018\u2019photo en chambre\u2019\u2019. J\u2019ai choisi pour ce the\u0300me \u2018\u2019livre\u2019\u2019 de mettre en sce\u0300ne ici un livre ancien qui aurait pu appartenir a\u0300 un entomologiste ou a\u0300 un botaniste.\nOlympus E-M1MarkII \/ focale 70 mm \/ ouverture f\/8 \/ vitesse 1\/5 e\u0300me\/ programme haute de\u0301finition olympus \/ APN sur pied \/ e\u0301clairage naturel\/ traitement DXO.\" data-attachment-id=\"3918\" data-type=\"image\" class=\"fg-thumb\"><span class=\"fg-image-wrap\"><img decoding=\"async\" title=\"Ceci n\u2019est pas un e-book ! photo : Gilbert de M\" width=\"150\" height=\"150\" class=\"skip-lazy fg-image\" data-src-fg=\"https:\/\/acligphoto.fr\/wp-content\/uploads\/cache\/2021\/01\/11_Livre_GilbertDM\/1074323592.jpeg\" src=\"data:image\/svg+xml,%3Csvg%20xmlns%3D%22http%3A%2F%2Fwww.w3.org%2F2000%2Fsvg%22%20width%3D%22150%22%20height%3D%22150%22%20viewBox%3D%220%200%20150%20150%22%3E%3C%2Fsvg%3E\" loading=\"eager\"><\/span><span class=\"fg-image-overlay\"><\/span><\/a><figcaption class=\"fg-caption\"><div class=\"fg-caption-inner\"><div class=\"fg-caption-title\">Ceci n\u2019est pas un e-book ! photo : Gilbert de M<\/div><div class=\"fg-caption-desc\">Le confinement laisse malgre\u0301 tout des possibilite\u0301s pour la cre\u0301ativite\u0301 et en particulier pour faire de la \u2018\u2019photo en chambre\u2019\u2019. J\u2019ai choisi pour ce the\u0300me \u2018\u2019livre\u2019\u2019 de mettre en sce\u0300ne ici un livre ancien qui aurait pu appartenir a\u0300 un entomologiste ou a\u0300 un botaniste.\nOlympus E-M1MarkII \/ focale 70 mm \/ ouverture f\/8 \/ vitesse 1\/5 e\u0300me\/ programme haute de\u0301finition olympus \/ APN sur pied \/ e\u0301clairage naturel\/ traitement DXO.<\/div><\/div><\/figcaption><\/figure><div class=\"fg-loader\"><\/div><\/div><div class=\"fg-item fg-type-image fg-idle\"><figure class=\"fg-item-inner\"><a href=\"https:\/\/acligphoto.fr\/wp-content\/uploads\/2021\/01\/12_Livre_Be\u0301atrice.jpg\" data-caption-title=\"E\u0301critures centenaires. Photo : B\u00e9atrice L\" data-attachment-id=\"3919\" data-type=\"image\" class=\"fg-thumb\"><span class=\"fg-image-wrap\"><img decoding=\"async\" title=\"E\u0301critures centenaires. Photo : B\u00e9atrice L\" width=\"150\" height=\"150\" class=\"skip-lazy fg-image\" data-src-fg=\"https:\/\/acligphoto.fr\/wp-content\/uploads\/cache\/2021\/01\/12_Livre_Be\u0301atrice\/1618959101.jpg\" src=\"data:image\/svg+xml,%3Csvg%20xmlns%3D%22http%3A%2F%2Fwww.w3.org%2F2000%2Fsvg%22%20width%3D%22150%22%20height%3D%22150%22%20viewBox%3D%220%200%20150%20150%22%3E%3C%2Fsvg%3E\" loading=\"eager\"><\/span><span class=\"fg-image-overlay\"><\/span><\/a><figcaption class=\"fg-caption\"><div class=\"fg-caption-inner\"><div class=\"fg-caption-title\">E\u0301critures centenaires. Photo : B\u00e9atrice L<\/div><\/div><\/figcaption><\/figure><div class=\"fg-loader\"><\/div><\/div><div class=\"fg-item fg-type-image fg-idle\"><figure class=\"fg-item-inner\"><a href=\"https:\/\/acligphoto.fr\/wp-content\/uploads\/2021\/01\/13_Livre_Florence.jpg\" data-caption-title=\"Livre et forme. Florence R\" data-caption-desc=\"J\u2019ai mis en sce\u0300ne ce livre en l\u2019ouvrant tout simplement. Le choix de le prendre de face lui donne la forme d\u2019un arc de cercle ressemblant a\u0300 un accorde\u0301onJ\nTraitement sur ligthroom puis sur passage en noir et blanc avec Silver Efex Pro.\nIso 400 (prise de vue en inte\u0301rieur avec une lampe studio), f\/7,1, 1\/25e\u0300me s a\u0300 52mm.\" data-attachment-id=\"3920\" data-type=\"image\" class=\"fg-thumb\"><span class=\"fg-image-wrap\"><img decoding=\"async\" title=\"Livre et forme. Florence R\" width=\"150\" height=\"150\" class=\"skip-lazy fg-image\" data-src-fg=\"https:\/\/acligphoto.fr\/wp-content\/uploads\/cache\/2021\/01\/13_Livre_Florence\/2470740863.jpg\" src=\"data:image\/svg+xml,%3Csvg%20xmlns%3D%22http%3A%2F%2Fwww.w3.org%2F2000%2Fsvg%22%20width%3D%22150%22%20height%3D%22150%22%20viewBox%3D%220%200%20150%20150%22%3E%3C%2Fsvg%3E\" loading=\"eager\"><\/span><span class=\"fg-image-overlay\"><\/span><\/a><figcaption class=\"fg-caption\"><div class=\"fg-caption-inner\"><div class=\"fg-caption-title\">Livre et forme. Florence R<\/div><div class=\"fg-caption-desc\">J\u2019ai mis en sce\u0300ne ce livre en l\u2019ouvrant tout simplement. Le choix de le prendre de face lui donne la forme d\u2019un arc de cercle ressemblant a\u0300 un accorde\u0301onJ\nTraitement sur ligthroom puis sur passage en noir et blanc avec Silver Efex Pro.\nIso 400 (prise de vue en inte\u0301rieur avec une lampe studio), f\/7,1, 1\/25e\u0300me s a\u0300 52mm.<\/div><\/div><\/figcaption><\/figure><div class=\"fg-loader\"><\/div><\/div><div class=\"fg-item fg-type-image fg-idle\"><figure class=\"fg-item-inner\"><a href=\"https:\/\/acligphoto.fr\/wp-content\/uploads\/2021\/01\/14_Livre_Albert.jpg\" data-caption-title=\"Etal bouquiniste place Kl\u00e9ber. Photo : Albert P.\" data-caption-desc=\"Voila\u0300 non pas un livre mais tout un e\u0301tal rempli de livres photographie\u0301s au marche\u0301 de la place Kle\u0301ber a\u0300 Strasbourg le 13 de\u0301cembre 2020. APN utilise\u0301 : Canon PowerShot G15, Iso 400 Focale 6,1 mm Ouverture F1,8, vitesse 1\/30 s\" data-attachment-id=\"3921\" data-type=\"image\" class=\"fg-thumb\"><span class=\"fg-image-wrap\"><img decoding=\"async\" title=\"Etal bouquiniste place Kl\u00e9ber. Photo : Albert P.\" width=\"150\" height=\"150\" class=\"skip-lazy fg-image\" data-src-fg=\"https:\/\/acligphoto.fr\/wp-content\/uploads\/cache\/2021\/01\/14_Livre_Albert\/3403695960.jpg\" src=\"data:image\/svg+xml,%3Csvg%20xmlns%3D%22http%3A%2F%2Fwww.w3.org%2F2000%2Fsvg%22%20width%3D%22150%22%20height%3D%22150%22%20viewBox%3D%220%200%20150%20150%22%3E%3C%2Fsvg%3E\" loading=\"eager\"><\/span><span class=\"fg-image-overlay\"><\/span><\/a><figcaption class=\"fg-caption\"><div class=\"fg-caption-inner\"><div class=\"fg-caption-title\">Etal bouquiniste place Kl\u00e9ber. Photo : Albert P.<\/div><div class=\"fg-caption-desc\">Voila\u0300 non pas un livre mais tout un e\u0301tal rempli de livres photographie\u0301s au marche\u0301 de la place Kle\u0301ber a\u0300 Strasbourg le 13 de\u0301cembre 2020. APN utilise\u0301 : Canon PowerShot G15, Iso 400 Focale 6,1 mm Ouverture F1,8, vitesse 1\/30 s<\/div><\/div><\/figcaption><\/figure><div class=\"fg-loader\"><\/div><\/div><div class=\"fg-item fg-type-image fg-idle\"><figure class=\"fg-item-inner\"><a href=\"https:\/\/acligphoto.fr\/wp-content\/uploads\/2021\/01\/15_Livre_Rachel.jpg\" data-caption-title=\"Lecture et prebytie, La tresse de Laetitia Colombani. Photo : Rachel\" data-caption-desc=\"f4 iso 500 expo 1\/80 seconde\" data-attachment-id=\"3922\" data-type=\"image\" class=\"fg-thumb\"><span class=\"fg-image-wrap\"><img decoding=\"async\" title=\"Lecture et prebytie, La tresse de Laetitia Colombani. Photo : Rachel\" width=\"150\" height=\"150\" class=\"skip-lazy fg-image\" data-src-fg=\"https:\/\/acligphoto.fr\/wp-content\/uploads\/cache\/2021\/01\/15_Livre_Rachel\/3009844584.jpg\" src=\"data:image\/svg+xml,%3Csvg%20xmlns%3D%22http%3A%2F%2Fwww.w3.org%2F2000%2Fsvg%22%20width%3D%22150%22%20height%3D%22150%22%20viewBox%3D%220%200%20150%20150%22%3E%3C%2Fsvg%3E\" loading=\"eager\"><\/span><span class=\"fg-image-overlay\"><\/span><\/a><figcaption class=\"fg-caption\"><div class=\"fg-caption-inner\"><div class=\"fg-caption-title\">Lecture et prebytie, La tresse de Laetitia Colombani. Photo : Rachel<\/div><div class=\"fg-caption-desc\">f4 iso 500 expo 1\/80 seconde<\/div><\/div><\/figcaption><\/figure><div class=\"fg-loader\"><\/div><\/div><div class=\"fg-item fg-type-image fg-idle\"><figure class=\"fg-item-inner\"><a href=\"https:\/\/acligphoto.fr\/wp-content\/uploads\/2021\/01\/Raconte-ta-photo-12-20.jpg\" data-caption-title=\"Librairie &quot;Acqua Alta&quot;. Photo : Michel Bintz\" data-caption-desc=\"\u00c0 Venise la librairie l&#039;Acqua Alta est un repaire pour bibliophiles, au raz de l&#039;eau.\nElle est tr\u00e8s souvent inond\u00e9e d&#039;o\u00f9 son nom : &quot;L&#039;acqua alta est la p\u00e9riode d&#039;inondation de Venise pour cause de mar\u00e9es entre l&#039;automne et le d\u00e9but du printemps&quot;.\nCette librairie cr\u00e9\u00e9e par Luigi Frizzo en 2004 est consid\u00e9r\u00e9e comme une des plus belles au monde.\nEt au fond de ce lieu magique, une cour faite de livres et un escalier en bouquins permettent d&#039;avoir en haut une vue sur un des innombrables canaux de Venise.\n\nPhoto prise en mars 2016 - Nikon D300 - 24\/70 f.2,8 - 31 mm - ISO1600 - f.6,7\n\nRetravaill\u00e9e avec Lightroom et Photoshop\" data-attachment-id=\"3946\" data-type=\"image\" class=\"fg-thumb\"><span class=\"fg-image-wrap\"><img decoding=\"async\" title=\"Librairie &quot;Acqua Alta&quot;. Photo : Michel Bintz\" width=\"150\" height=\"150\" class=\"skip-lazy fg-image\" data-src-fg=\"https:\/\/acligphoto.fr\/wp-content\/uploads\/cache\/2021\/01\/Raconte-ta-photo-12-20\/2322265064.jpg\" src=\"data:image\/svg+xml,%3Csvg%20xmlns%3D%22http%3A%2F%2Fwww.w3.org%2F2000%2Fsvg%22%20width%3D%22150%22%20height%3D%22150%22%20viewBox%3D%220%200%20150%20150%22%3E%3C%2Fsvg%3E\" loading=\"eager\"><\/span><span class=\"fg-image-overlay\"><\/span><\/a><figcaption class=\"fg-caption\"><div class=\"fg-caption-inner\"><div class=\"fg-caption-title\">Librairie \"Acqua Alta\". Photo : Michel Bintz<\/div><div class=\"fg-caption-desc\">\u00c0 Venise la librairie l'Acqua Alta est un repaire pour bibliophiles, au raz de l'eau.\nElle est tr\u00e8s souvent inond\u00e9e d'o\u00f9 son nom : \"L'acqua alta est la p\u00e9riode d'inondation de Venise pour cause de mar\u00e9es entre l'automne et le d\u00e9but du printemps\".\nCette librairie cr\u00e9\u00e9e par Luigi Frizzo en 2004 est consid\u00e9r\u00e9e comme une des plus belles au monde.\nEt au fond de ce lieu magique, une cour faite de livres et un escalier en bouquins permettent d'avoir en haut une vue sur un des innombrables canaux de Venise.\n\nPhoto prise en mars 2016 - Nikon D300 - 24\/70 f.2,8 - 31 mm - ISO1600 - f.6,7\n\nRetravaill\u00e9e avec Lightroom et Photoshop<\/div><\/div><\/figcaption><\/figure><div class=\"fg-loader\"><\/div><\/div><\/div>\n\n","protected":false},"excerpt":{"rendered":"","protected":false},"author":1,"featured_media":3918,"comment_status":"closed","ping_status":"open","sticky":false,"template":"","format":"image","meta":{"_bbp_topic_count":0,"_bbp_reply_count":0,"_bbp_total_topic_count":0,"_bbp_total_reply_count":0,"_bbp_voice_count":0,"_bbp_anonymous_reply_count":0,"_bbp_topic_count_hidden":0,"_bbp_reply_count_hidden":0,"_bbp_forum_subforum_count":0,"footnotes":""},"categories":[7],"tags":[],"class_list":["post-3925","post","type-post","status-publish","format-image","has-post-thumbnail","hentry","category-vie-de-latelier","post_format-post-format-image"],"_links":{"self":[{"href":"https:\/\/acligphoto.fr\/index.php?rest_route=\/wp\/v2\/posts\/3925","targetHints":{"allow":["GET"]}}],"collection":[{"href":"https:\/\/acligphoto.fr\/index.php?rest_route=\/wp\/v2\/posts"}],"about":[{"href":"https:\/\/acligphoto.fr\/index.php?rest_route=\/wp\/v2\/types\/post"}],"author":[{"embeddable":true,"href":"https:\/\/acligphoto.fr\/index.php?rest_route=\/wp\/v2\/users\/1"}],"replies":[{"embeddable":true,"href":"https:\/\/acligphoto.fr\/index.php?rest_route=%2Fwp%2Fv2%2Fcomments&post=3925"}],"version-history":[{"count":2,"href":"https:\/\/acligphoto.fr\/index.php?rest_route=\/wp\/v2\/posts\/3925\/revisions"}],"predecessor-version":[{"id":3927,"href":"https:\/\/acligphoto.fr\/index.php?rest_route=\/wp\/v2\/posts\/3925\/revisions\/3927"}],"wp:featuredmedia":[{"embeddable":true,"href":"https:\/\/acligphoto.fr\/index.php?rest_route=\/wp\/v2\/media\/3918"}],"wp:attachment":[{"href":"https:\/\/acligphoto.fr\/index.php?rest_route=%2Fwp%2Fv2%2Fmedia&parent=3925"}],"wp:term":[{"taxonomy":"category","embeddable":true,"href":"https:\/\/acligphoto.fr\/index.php?rest_route=%2Fwp%2Fv2%2Fcategories&post=3925"},{"taxonomy":"post_tag","embeddable":true,"href":"https:\/\/acligphoto.fr\/index.php?rest_route=%2Fwp%2Fv2%2Ftags&post=3925"}],"curies":[{"name":"wp","href":"https:\/\/api.w.org\/{rel}","templated":true}]}}