{"id":3419,"date":"2020-11-16T18:11:00","date_gmt":"2020-11-16T17:11:00","guid":{"rendered":"https:\/\/acligphoto.fr\/?p=3419"},"modified":"2020-11-16T18:16:31","modified_gmt":"2020-11-16T17:16:31","slug":"photo-club-dachenheim-lexpo-virtuelle","status":"publish","type":"post","link":"https:\/\/acligphoto.fr\/?p=3419","title":{"rendered":"Photo club d&rsquo;Achenheim, L&rsquo;expo virtuelle."},"content":{"rendered":"\n<h4 class=\"wp-block-heading\">Le Photo Club Achenheim s\u2019invite chez vous !<\/h4>\n\n\n\n<h3 class=\"wp-block-heading\">Malgr\u00e9 le confinement de ce printemps, les membres du<strong> Photo Club Achenheim<\/strong> ne sont pas rest\u00e9s inactifs. Cette exposition t\u00e9moigne du dynamisme du club, qui malgr\u00e9 les mesures sanitaires, a continu\u00e9 lors de rencontres par visioconf\u00e9rences, \u00e0 d\u00e9battre, cr\u00e9er et partager des images. C\u2019est une partie de ce travail qui vous est pr\u00e9sent\u00e9e dans cette exposition virtuelle.<\/h3>\n\n\n\n<figure class=\"wp-block-image size-large\"><a href=\"https:\/\/photoclubachenheim.fr\/luminance-virtuelle\/\" target=\"_blank\" rel=\"noopener noreferrer\"><img loading=\"lazy\" decoding=\"async\" width=\"994\" height=\"321\" src=\"https:\/\/acligphoto.fr\/wp-content\/uploads\/2020\/11\/Capture-de\u0301cran-2020-11-16-a\u0300-18.00.25.jpg\" alt=\"\" class=\"wp-image-3420\" srcset=\"https:\/\/acligphoto.fr\/wp-content\/uploads\/2020\/11\/Capture-de\u0301cran-2020-11-16-a\u0300-18.00.25.jpg 994w, https:\/\/acligphoto.fr\/wp-content\/uploads\/2020\/11\/Capture-de\u0301cran-2020-11-16-a\u0300-18.00.25-300x97.jpg 300w, https:\/\/acligphoto.fr\/wp-content\/uploads\/2020\/11\/Capture-de\u0301cran-2020-11-16-a\u0300-18.00.25-768x248.jpg 768w\" sizes=\"auto, (max-width: 994px) 100vw, 994px\" \/><\/a><\/figure>\n\n\n\n<p>\u00ae <em>La photo illustrant l&rsquo;article est d&rsquo;Isabelle Eglin <\/em><\/p>\n","protected":false},"excerpt":{"rendered":"<p>Le Photo Club Achenheim s\u2019invite chez vous ! Malgr\u00e9 le confinement de ce printemps, les membres du Photo Club Achenheim ne sont pas rest\u00e9s inactifs. Cette exposition t\u00e9moigne du dynamisme du club, qui malgr\u00e9 les mesures sanitaires, a continu\u00e9 lors de rencontres par visioconf\u00e9rences, \u00e0 d\u00e9battre, cr\u00e9er et partager des images. C\u2019est une partie de&#8230; <\/p>\n<div class=\"link-more\"><a href=\"https:\/\/acligphoto.fr\/?p=3419\">Lire plus<\/a><\/div>\n","protected":false},"author":1,"featured_media":3423,"comment_status":"closed","ping_status":"open","sticky":false,"template":"","format":"standard","meta":{"_bbp_topic_count":0,"_bbp_reply_count":0,"_bbp_total_topic_count":0,"_bbp_total_reply_count":0,"_bbp_voice_count":0,"_bbp_anonymous_reply_count":0,"_bbp_topic_count_hidden":0,"_bbp_reply_count_hidden":0,"_bbp_forum_subforum_count":0,"footnotes":""},"categories":[2],"tags":[],"class_list":["post-3419","post","type-post","status-publish","format-standard","has-post-thumbnail","hentry","category-exposition"],"_links":{"self":[{"href":"https:\/\/acligphoto.fr\/index.php?rest_route=\/wp\/v2\/posts\/3419","targetHints":{"allow":["GET"]}}],"collection":[{"href":"https:\/\/acligphoto.fr\/index.php?rest_route=\/wp\/v2\/posts"}],"about":[{"href":"https:\/\/acligphoto.fr\/index.php?rest_route=\/wp\/v2\/types\/post"}],"author":[{"embeddable":true,"href":"https:\/\/acligphoto.fr\/index.php?rest_route=\/wp\/v2\/users\/1"}],"replies":[{"embeddable":true,"href":"https:\/\/acligphoto.fr\/index.php?rest_route=%2Fwp%2Fv2%2Fcomments&post=3419"}],"version-history":[{"count":2,"href":"https:\/\/acligphoto.fr\/index.php?rest_route=\/wp\/v2\/posts\/3419\/revisions"}],"predecessor-version":[{"id":3424,"href":"https:\/\/acligphoto.fr\/index.php?rest_route=\/wp\/v2\/posts\/3419\/revisions\/3424"}],"wp:featuredmedia":[{"embeddable":true,"href":"https:\/\/acligphoto.fr\/index.php?rest_route=\/wp\/v2\/media\/3423"}],"wp:attachment":[{"href":"https:\/\/acligphoto.fr\/index.php?rest_route=%2Fwp%2Fv2%2Fmedia&parent=3419"}],"wp:term":[{"taxonomy":"category","embeddable":true,"href":"https:\/\/acligphoto.fr\/index.php?rest_route=%2Fwp%2Fv2%2Fcategories&post=3419"},{"taxonomy":"post_tag","embeddable":true,"href":"https:\/\/acligphoto.fr\/index.php?rest_route=%2Fwp%2Fv2%2Ftags&post=3419"}],"curies":[{"name":"wp","href":"https:\/\/api.w.org\/{rel}","templated":true}]}}