{"id":3390,"date":"2020-11-14T11:29:15","date_gmt":"2020-11-14T10:29:15","guid":{"rendered":"https:\/\/acligphoto.fr\/?p=3390"},"modified":"2020-12-01T10:19:36","modified_gmt":"2020-12-01T09:19:36","slug":"raconte-ta-photo-episode-ix-courbes","status":"publish","type":"post","link":"https:\/\/acligphoto.fr\/?p=3390","title":{"rendered":"Raconte ta photo, \u00e9pisode IX : Courbes"},"content":{"rendered":"<style type=\"text\/css\">\n#foogallery-gallery-3376 .fg-image { width: 150px; }\n#foogallery-gallery-3376 { --fg-gutter: 10px; }<\/style>\n\t\t\t<div class=\"foogallery foogallery-container foogallery-default foogallery-lightbox-foobox fg-center fg-default fg-ready fg-light fg-border-thin fg-shadow-outline fg-loading-default fg-loaded-fade-in fg-caption-hover fg-hover-fade fg-hover-zoom\" id=\"foogallery-gallery-3376\" data-foogallery=\"{&quot;item&quot;:{&quot;showCaptionTitle&quot;:true,&quot;showCaptionDescription&quot;:true},&quot;lazy&quot;:true}\" style=\"--fg-title-line-clamp: 0; --fg-description-line-clamp: 0;\" >\n\t<div class=\"fg-item fg-type-image fg-idle\"><figure class=\"fg-item-inner\"><a href=\"https:\/\/acligphoto.fr\/wp-content\/uploads\/2020\/11\/DSC1858-1.jpeg\" data-caption-title=\"00 \u00e7a pique !\" data-caption-desc=\"ISO 250 F3,5  15\/1 \u00bbs\n\nLongue h\u00e9sitation entre faire de la couture et faire une photo pour Flo,\nLe dilemme est de taille, mais pourquoi ne pas faire les deux, alors me voil\u00e0 lanc\u00e9e dans un jeu d\u2019aiguilles pour former une courbe. Auteur Lisa M.\" data-attachment-id=\"3402\" data-type=\"image\" class=\"fg-thumb\"><span class=\"fg-image-wrap\"><img decoding=\"async\" title=\"00 \u00e7a pique !\" width=\"150\" height=\"150\" class=\"skip-lazy fg-image\" data-src-fg=\"https:\/\/acligphoto.fr\/wp-content\/uploads\/cache\/2020\/11\/DSC1858-1\/2268682245.jpeg\" src=\"data:image\/svg+xml,%3Csvg%20xmlns%3D%22http%3A%2F%2Fwww.w3.org%2F2000%2Fsvg%22%20width%3D%22150%22%20height%3D%22150%22%20viewBox%3D%220%200%20150%20150%22%3E%3C%2Fsvg%3E\" loading=\"eager\"><\/span><span class=\"fg-image-overlay\"><\/span><\/a><figcaption class=\"fg-caption\"><div class=\"fg-caption-inner\"><div class=\"fg-caption-title\">00 \u00e7a pique !<\/div><div class=\"fg-caption-desc\">ISO 250 F3,5  15\/1 \u00bbs\n\nLongue h\u00e9sitation entre faire de la couture et faire une photo pour Flo,\nLe dilemme est de taille, mais pourquoi ne pas faire les deux, alors me voil\u00e0 lanc\u00e9e dans un jeu d\u2019aiguilles pour former une courbe. Auteur Lisa M.<\/div><\/div><\/figcaption><\/figure><div class=\"fg-loader\"><\/div><\/div><div class=\"fg-item fg-type-image fg-idle\"><figure class=\"fg-item-inner\"><a href=\"https:\/\/acligphoto.fr\/wp-content\/uploads\/2020\/11\/01-courbe_Jose\u0301.jpg\" data-caption-title=\"01 Courbes pour enfants\" data-caption-desc=\"Petite photo de &quot;courbes&quot; au parc des jeux au Friedel a\u0300 Illkirch. Iso 80 - 1\/250 e\u0300me -f\/5\nAuteur : Jos\u00e9\" data-attachment-id=\"3379\" data-type=\"image\" class=\"fg-thumb\"><span class=\"fg-image-wrap\"><img decoding=\"async\" title=\"01 Courbes pour enfants\" width=\"150\" height=\"150\" class=\"skip-lazy fg-image\" data-src-fg=\"https:\/\/acligphoto.fr\/wp-content\/uploads\/cache\/2020\/11\/01-courbe_Jose\u0301\/1464187565.jpg\" src=\"data:image\/svg+xml,%3Csvg%20xmlns%3D%22http%3A%2F%2Fwww.w3.org%2F2000%2Fsvg%22%20width%3D%22150%22%20height%3D%22150%22%20viewBox%3D%220%200%20150%20150%22%3E%3C%2Fsvg%3E\" loading=\"eager\"><\/span><span class=\"fg-image-overlay\"><\/span><\/a><figcaption class=\"fg-caption\"><div class=\"fg-caption-inner\"><div class=\"fg-caption-title\">01 Courbes pour enfants<\/div><div class=\"fg-caption-desc\">Petite photo de \"courbes\" au parc des jeux au Friedel a\u0300 Illkirch. Iso 80 - 1\/250 e\u0300me -f\/5\nAuteur : Jos\u00e9<\/div><\/div><\/figcaption><\/figure><div class=\"fg-loader\"><\/div><\/div><div class=\"fg-item fg-type-image fg-idle\"><figure class=\"fg-item-inner\"><a href=\"https:\/\/acligphoto.fr\/wp-content\/uploads\/2020\/11\/02-courbe_Francis.jpg\" data-caption-title=\"02 Compl\u00e8tement cintr\u00e9\" data-caption-desc=\"Glen canyon dam bridge : Prise de vue re\u0301alise\u0301e au lac Powel aux Etats-Unis. Appareil Nikon D800, zoom 24-70m\/m, Iso- 200, Focale f\/11, distance focale 42m\/m, vitesse :1\/250e\u0300me\nAuteur : Francis M.\" data-attachment-id=\"3380\" data-type=\"image\" class=\"fg-thumb\"><span class=\"fg-image-wrap\"><img decoding=\"async\" title=\"02 Compl\u00e8tement cintr\u00e9\" width=\"150\" height=\"150\" class=\"skip-lazy fg-image\" data-src-fg=\"https:\/\/acligphoto.fr\/wp-content\/uploads\/cache\/2020\/11\/02-courbe_Francis\/2272846752.jpg\" src=\"data:image\/svg+xml,%3Csvg%20xmlns%3D%22http%3A%2F%2Fwww.w3.org%2F2000%2Fsvg%22%20width%3D%22150%22%20height%3D%22150%22%20viewBox%3D%220%200%20150%20150%22%3E%3C%2Fsvg%3E\" loading=\"eager\"><\/span><span class=\"fg-image-overlay\"><\/span><\/a><figcaption class=\"fg-caption\"><div class=\"fg-caption-inner\"><div class=\"fg-caption-title\">02 Compl\u00e8tement cintr\u00e9<\/div><div class=\"fg-caption-desc\">Glen canyon dam bridge : Prise de vue re\u0301alise\u0301e au lac Powel aux Etats-Unis. Appareil Nikon D800, zoom 24-70m\/m, Iso- 200, Focale f\/11, distance focale 42m\/m, vitesse :1\/250e\u0300me\nAuteur : Francis M.<\/div><\/div><\/figcaption><\/figure><div class=\"fg-loader\"><\/div><\/div><div class=\"fg-item fg-type-image fg-idle\"><figure class=\"fg-item-inner\"><a href=\"https:\/\/acligphoto.fr\/wp-content\/uploads\/2020\/11\/03-courbe_ChristianS.jpg\" data-caption-title=\"03 L&#039;\u0153il\" data-caption-desc=\"Je suis toujours attire\u0301 par l&#039;escalier. C&#039;est un formidable terrain de jeux.\nJ&#039;exploite ici son graphisme en sous face, le rendu de la matie\u0300re, et me\u0302me un co\u0302te\u0301 un peu minimaliste. Son titre est &quot;l\u2019\u0153il&quot;. (Mot utilise\u0301 en architecture)\nBien su\u0302r, bravo au concepteur et au constructeur ayant particulie\u0300rement re\u0301ussi cet ouvrage que l&#039;on trouve au muse\u0301e Unterlinden a\u0300 Colmar.\nBoitier plein format, 1\/50\u00b0, f.14 iso 6400.\nAuteur : Christian S.\" data-attachment-id=\"3381\" data-type=\"image\" class=\"fg-thumb\"><span class=\"fg-image-wrap\"><img decoding=\"async\" title=\"03 L&#039;\u0153il\" width=\"150\" height=\"150\" class=\"skip-lazy fg-image\" data-src-fg=\"https:\/\/acligphoto.fr\/wp-content\/uploads\/cache\/2020\/11\/03-courbe_ChristianS\/2459932593.jpg\" src=\"data:image\/svg+xml,%3Csvg%20xmlns%3D%22http%3A%2F%2Fwww.w3.org%2F2000%2Fsvg%22%20width%3D%22150%22%20height%3D%22150%22%20viewBox%3D%220%200%20150%20150%22%3E%3C%2Fsvg%3E\" loading=\"eager\"><\/span><span class=\"fg-image-overlay\"><\/span><\/a><figcaption class=\"fg-caption\"><div class=\"fg-caption-inner\"><div class=\"fg-caption-title\">03 L'\u0153il<\/div><div class=\"fg-caption-desc\">Je suis toujours attire\u0301 par l'escalier. C'est un formidable terrain de jeux.\nJ'exploite ici son graphisme en sous face, le rendu de la matie\u0300re, et me\u0302me un co\u0302te\u0301 un peu minimaliste. Son titre est \"l\u2019\u0153il\". (Mot utilise\u0301 en architecture)\nBien su\u0302r, bravo au concepteur et au constructeur ayant particulie\u0300rement re\u0301ussi cet ouvrage que l'on trouve au muse\u0301e Unterlinden a\u0300 Colmar.\nBoitier plein format, 1\/50\u00b0, f.14 iso 6400.\nAuteur : Christian S.<\/div><\/div><\/figcaption><\/figure><div class=\"fg-loader\"><\/div><\/div><div class=\"fg-item fg-type-image fg-idle\"><figure class=\"fg-item-inner\"><a href=\"https:\/\/acligphoto.fr\/wp-content\/uploads\/2020\/11\/04-courbe_Armand.jpg\" data-caption-title=\"04 L&#039;\u0153il II\" data-caption-desc=\"J\u2019aime les courbes...et pas que dans mes photos !\nJ\u2019aime la ge\u0301ome\u0301trie...seulement dans mes photos !\nMa photo me fait penser entres autres a\u0300 quelque tableau cubiste.\nCet escalier me\u0300ne d\u2019ailleurs dans la nouvelle partie du muse\u0301e Unterlinden ou\u0300 on trouve...des tableaux cubistes.\nIl est a\u0300 mes yeux un petit chef-d\u2019\u0153uvre aussi avec ses courbes e\u0301le\u0301gantes et sensuelles d\u2019ou\u0300 cette photo \u00ab en passant \u00bb, la famille attendant de pouvoir l\u2019emprunter!\nPhoto faite a\u0300 main leve\u0301e avec mon compact Sony RX 100 \/ M3 (Exifs pour les curieux: f : 2.8 ; 1\/30e\u0300 ; iso 320 ; focale 9mm e\u0301quiv. 24mm) Auteur Armand T.\" data-attachment-id=\"3382\" data-type=\"image\" class=\"fg-thumb\"><span class=\"fg-image-wrap\"><img decoding=\"async\" title=\"04 L&#039;\u0153il II\" width=\"150\" height=\"150\" class=\"skip-lazy fg-image\" data-src-fg=\"https:\/\/acligphoto.fr\/wp-content\/uploads\/cache\/2020\/11\/04-courbe_Armand\/173588463.jpg\" src=\"data:image\/svg+xml,%3Csvg%20xmlns%3D%22http%3A%2F%2Fwww.w3.org%2F2000%2Fsvg%22%20width%3D%22150%22%20height%3D%22150%22%20viewBox%3D%220%200%20150%20150%22%3E%3C%2Fsvg%3E\" loading=\"eager\"><\/span><span class=\"fg-image-overlay\"><\/span><\/a><figcaption class=\"fg-caption\"><div class=\"fg-caption-inner\"><div class=\"fg-caption-title\">04 L'\u0153il II<\/div><div class=\"fg-caption-desc\">J\u2019aime les courbes...et pas que dans mes photos !\nJ\u2019aime la ge\u0301ome\u0301trie...seulement dans mes photos !\nMa photo me fait penser entres autres a\u0300 quelque tableau cubiste.\nCet escalier me\u0300ne d\u2019ailleurs dans la nouvelle partie du muse\u0301e Unterlinden ou\u0300 on trouve...des tableaux cubistes.\nIl est a\u0300 mes yeux un petit chef-d\u2019\u0153uvre aussi avec ses courbes e\u0301le\u0301gantes et sensuelles d\u2019ou\u0300 cette photo \u00ab en passant \u00bb, la famille attendant de pouvoir l\u2019emprunter!\nPhoto faite a\u0300 main leve\u0301e avec mon compact Sony RX 100 \/ M3 (Exifs pour les curieux: f : 2.8 ; 1\/30e\u0300 ; iso 320 ; focale 9mm e\u0301quiv. 24mm) Auteur Armand T.<\/div><\/div><\/figcaption><\/figure><div class=\"fg-loader\"><\/div><\/div><div class=\"fg-item fg-type-image fg-idle\"><figure class=\"fg-item-inner\"><a href=\"https:\/\/acligphoto.fr\/wp-content\/uploads\/2020\/11\/05-courbe_Rachel.jpg\" data-caption-title=\"05 L&#039;escalier de la Biblioth\u00e8que Universitaire de Strasbourg\" data-caption-desc=\"Vue en contre plonge\u0301e de l&#039;escalier se trouvant a\u0300 la Bibliothe\u0300que nationale et universitaire de Strasbourg. 1\/30 sec. F\/14 18 mm iso 100\nAuteur : Rachel F.\" data-attachment-id=\"3383\" data-type=\"image\" class=\"fg-thumb\"><span class=\"fg-image-wrap\"><img decoding=\"async\" title=\"05 L&#039;escalier de la Biblioth\u00e8que Universitaire de Strasbourg\" width=\"150\" height=\"150\" class=\"skip-lazy fg-image\" data-src-fg=\"https:\/\/acligphoto.fr\/wp-content\/uploads\/cache\/2020\/11\/05-courbe_Rachel\/3404929998.jpg\" src=\"data:image\/svg+xml,%3Csvg%20xmlns%3D%22http%3A%2F%2Fwww.w3.org%2F2000%2Fsvg%22%20width%3D%22150%22%20height%3D%22150%22%20viewBox%3D%220%200%20150%20150%22%3E%3C%2Fsvg%3E\" loading=\"eager\"><\/span><span class=\"fg-image-overlay\"><\/span><\/a><figcaption class=\"fg-caption\"><div class=\"fg-caption-inner\"><div class=\"fg-caption-title\">05 L'escalier de la Biblioth\u00e8que Universitaire de Strasbourg<\/div><div class=\"fg-caption-desc\">Vue en contre plonge\u0301e de l'escalier se trouvant a\u0300 la Bibliothe\u0300que nationale et universitaire de Strasbourg. 1\/30 sec. F\/14 18 mm iso 100\nAuteur : Rachel F.<\/div><\/div><\/figcaption><\/figure><div class=\"fg-loader\"><\/div><\/div><div class=\"fg-item fg-type-image fg-idle\"><figure class=\"fg-item-inner\"><a href=\"https:\/\/acligphoto.fr\/wp-content\/uploads\/2020\/11\/06-courbe_Florence.jpg\" data-caption-title=\"06 Mur courb\u00e9\" data-caption-desc=\"Mur de l\u2019escalier inte\u0301rieur du muse\u0301e Vitra en Allemagne. Muse\u0301e design d\u2019ameublement et d\u2019architecture. Iso 200, f\/4,5, 1\/250 s, 50 mm. Traitement noir et blanc avec Silver effex pro.\n Auteur Florence R.\" data-attachment-id=\"3384\" data-type=\"image\" class=\"fg-thumb\"><span class=\"fg-image-wrap\"><img decoding=\"async\" title=\"06 Mur courb\u00e9\" width=\"150\" height=\"150\" class=\"skip-lazy fg-image\" data-src-fg=\"https:\/\/acligphoto.fr\/wp-content\/uploads\/cache\/2020\/11\/06-courbe_Florence\/827838411.jpg\" src=\"data:image\/svg+xml,%3Csvg%20xmlns%3D%22http%3A%2F%2Fwww.w3.org%2F2000%2Fsvg%22%20width%3D%22150%22%20height%3D%22150%22%20viewBox%3D%220%200%20150%20150%22%3E%3C%2Fsvg%3E\" loading=\"eager\"><\/span><span class=\"fg-image-overlay\"><\/span><\/a><figcaption class=\"fg-caption\"><div class=\"fg-caption-inner\"><div class=\"fg-caption-title\">06 Mur courb\u00e9<\/div><div class=\"fg-caption-desc\">Mur de l\u2019escalier inte\u0301rieur du muse\u0301e Vitra en Allemagne. Muse\u0301e design d\u2019ameublement et d\u2019architecture. Iso 200, f\/4,5, 1\/250 s, 50 mm. Traitement noir et blanc avec Silver effex pro.\n Auteur Florence R.<\/div><\/div><\/figcaption><\/figure><div class=\"fg-loader\"><\/div><\/div><div class=\"fg-item fg-type-image fg-idle\"><figure class=\"fg-item-inner\"><a href=\"https:\/\/acligphoto.fr\/wp-content\/uploads\/2020\/11\/07-courbe_Alan.jpg\" data-caption-title=\"07 Extrait fac\u0327ade immeuble Volkskunst   Strasbourg\" data-caption-desc=\"Ouverture f 4,5, Vitesse 1\/25s, iso 100, focale 65 mm, prise de vue le 17\/10\/2020 Appareil photo Canon 5D --- Objectif canon 24-70 - f\/2,8\nExtrait partie fac\u0327ade - redressement de la perspective - traitement mono Silver Eflex- et valorisation architecturale de la brique rouge et ferronnerie vert pastel. Auteur : Alan, qui a joint \u00e0 sa photo tout l&#039;historique du batiment. Ceux qui sont int\u00e9ress\u00e9s peuvent le lui demander. Excellente information \u00e9galement sur le ArchiWiki : https:\/\/www.archi-wiki.org rechercher 24 rue br\u00fbl\u00e9e Strasbourg\" data-attachment-id=\"3385\" data-type=\"image\" class=\"fg-thumb\"><span class=\"fg-image-wrap\"><img decoding=\"async\" title=\"07 Extrait fac\u0327ade immeuble Volkskunst   Strasbourg\" width=\"150\" height=\"150\" class=\"skip-lazy fg-image\" data-src-fg=\"https:\/\/acligphoto.fr\/wp-content\/uploads\/cache\/2020\/11\/07-courbe_Alan\/2385517951.jpg\" src=\"data:image\/svg+xml,%3Csvg%20xmlns%3D%22http%3A%2F%2Fwww.w3.org%2F2000%2Fsvg%22%20width%3D%22150%22%20height%3D%22150%22%20viewBox%3D%220%200%20150%20150%22%3E%3C%2Fsvg%3E\" loading=\"eager\"><\/span><span class=\"fg-image-overlay\"><\/span><\/a><figcaption class=\"fg-caption\"><div class=\"fg-caption-inner\"><div class=\"fg-caption-title\">07 Extrait fac\u0327ade immeuble Volkskunst   Strasbourg<\/div><div class=\"fg-caption-desc\">Ouverture f 4,5, Vitesse 1\/25s, iso 100, focale 65 mm, prise de vue le 17\/10\/2020 Appareil photo Canon 5D --- Objectif canon 24-70 - f\/2,8\nExtrait partie fac\u0327ade - redressement de la perspective - traitement mono Silver Eflex- et valorisation architecturale de la brique rouge et ferronnerie vert pastel. Auteur : Alan, qui a joint \u00e0 sa photo tout l'historique du batiment. Ceux qui sont int\u00e9ress\u00e9s peuvent le lui demander. Excellente information \u00e9galement sur le ArchiWiki : https:\/\/www.archi-wiki.org rechercher 24 rue br\u00fbl\u00e9e Strasbourg<\/div><\/div><\/figcaption><\/figure><div class=\"fg-loader\"><\/div><\/div><div class=\"fg-item fg-type-image fg-idle\"><figure class=\"fg-item-inner\"><a href=\"https:\/\/acligphoto.fr\/wp-content\/uploads\/2020\/11\/08-courbe_Louis.jpg\" data-caption-title=\"08 Automne \u00e0 Durbach\" data-caption-desc=\"olympus, 1\/50 e\u0300me, 200 Iso, objectif 40\/150\nPhotos prises dans le vignoble allemand a\u0300 Durbach, pe\u0301riode d&#039;automne ou les couleurs sont magnifiques. Auteur : Louis D.\" data-attachment-id=\"3386\" data-type=\"image\" class=\"fg-thumb\"><span class=\"fg-image-wrap\"><img decoding=\"async\" title=\"08 Automne \u00e0 Durbach\" width=\"150\" height=\"150\" class=\"skip-lazy fg-image\" data-src-fg=\"https:\/\/acligphoto.fr\/wp-content\/uploads\/cache\/2020\/11\/08-courbe_Louis\/1128440596.jpg\" src=\"data:image\/svg+xml,%3Csvg%20xmlns%3D%22http%3A%2F%2Fwww.w3.org%2F2000%2Fsvg%22%20width%3D%22150%22%20height%3D%22150%22%20viewBox%3D%220%200%20150%20150%22%3E%3C%2Fsvg%3E\" loading=\"eager\"><\/span><span class=\"fg-image-overlay\"><\/span><\/a><figcaption class=\"fg-caption\"><div class=\"fg-caption-inner\"><div class=\"fg-caption-title\">08 Automne \u00e0 Durbach<\/div><div class=\"fg-caption-desc\">olympus, 1\/50 e\u0300me, 200 Iso, objectif 40\/150\nPhotos prises dans le vignoble allemand a\u0300 Durbach, pe\u0301riode d'automne ou les couleurs sont magnifiques. Auteur : Louis D.<\/div><\/div><\/figcaption><\/figure><div class=\"fg-loader\"><\/div><\/div><div class=\"fg-item fg-type-image fg-idle\"><figure class=\"fg-item-inner\"><a href=\"https:\/\/acligphoto.fr\/wp-content\/uploads\/2020\/11\/09-courbe_Daniel.jpg\" data-caption-title=\"09 Jambiya\" data-caption-desc=\"Pour le the\u0300me des courbes j&#039;ai pris la photo de ce &quot;Jambiya&quot; qui en arabe veut dire poignard recourbe\u0301, j&#039;admire le travail artisanal et artistique de cet objet.\nPrise de vue : Canon Eos 5d, Objectif 24-70, Ouverture 2.8, Vitesse 1\/60, iso 500, lumie\u0300re du jour.\nAuteur : Daniel B.\" data-attachment-id=\"3387\" data-type=\"image\" class=\"fg-thumb\"><span class=\"fg-image-wrap\"><img decoding=\"async\" title=\"09 Jambiya\" width=\"150\" height=\"150\" class=\"skip-lazy fg-image\" data-src-fg=\"https:\/\/acligphoto.fr\/wp-content\/uploads\/cache\/2020\/11\/09-courbe_Daniel\/2897884869.jpg\" src=\"data:image\/svg+xml,%3Csvg%20xmlns%3D%22http%3A%2F%2Fwww.w3.org%2F2000%2Fsvg%22%20width%3D%22150%22%20height%3D%22150%22%20viewBox%3D%220%200%20150%20150%22%3E%3C%2Fsvg%3E\" loading=\"eager\"><\/span><span class=\"fg-image-overlay\"><\/span><\/a><figcaption class=\"fg-caption\"><div class=\"fg-caption-inner\"><div class=\"fg-caption-title\">09 Jambiya<\/div><div class=\"fg-caption-desc\">Pour le the\u0300me des courbes j'ai pris la photo de ce \"Jambiya\" qui en arabe veut dire poignard recourbe\u0301, j'admire le travail artisanal et artistique de cet objet.\nPrise de vue : Canon Eos 5d, Objectif 24-70, Ouverture 2.8, Vitesse 1\/60, iso 500, lumie\u0300re du jour.\nAuteur : Daniel B.<\/div><\/div><\/figcaption><\/figure><div class=\"fg-loader\"><\/div><\/div><div class=\"fg-item fg-type-image fg-idle\"><figure class=\"fg-item-inner\"><a href=\"https:\/\/acligphoto.fr\/wp-content\/uploads\/2020\/11\/10-courbe_Didier.jpg\" data-caption-title=\"10 Sculpture\" data-caption-desc=\"Sculpture prise dans le parc d&#039;Offenburg, xt3, 100em de sec, focale 31, iso 200. Auteur : Didier R.\" data-attachment-id=\"3388\" data-type=\"image\" class=\"fg-thumb\"><span class=\"fg-image-wrap\"><img decoding=\"async\" title=\"10 Sculpture\" width=\"150\" height=\"150\" class=\"skip-lazy fg-image\" data-src-fg=\"https:\/\/acligphoto.fr\/wp-content\/uploads\/cache\/2020\/11\/10-courbe_Didier\/4098690123.jpg\" src=\"data:image\/svg+xml,%3Csvg%20xmlns%3D%22http%3A%2F%2Fwww.w3.org%2F2000%2Fsvg%22%20width%3D%22150%22%20height%3D%22150%22%20viewBox%3D%220%200%20150%20150%22%3E%3C%2Fsvg%3E\" loading=\"eager\"><\/span><span class=\"fg-image-overlay\"><\/span><\/a><figcaption class=\"fg-caption\"><div class=\"fg-caption-inner\"><div class=\"fg-caption-title\">10 Sculpture<\/div><div class=\"fg-caption-desc\">Sculpture prise dans le parc d'Offenburg, xt3, 100em de sec, focale 31, iso 200. Auteur : Didier R.<\/div><\/div><\/figcaption><\/figure><div class=\"fg-loader\"><\/div><\/div><div class=\"fg-item fg-type-image fg-idle\"><figure class=\"fg-item-inner\"><a href=\"https:\/\/acligphoto.fr\/wp-content\/uploads\/2020\/11\/11Courbes_Albert.jpg\" data-caption-title=\"11 Des courbes \u00e0 en donner le tournis\u00a0!\" data-caption-desc=\"APN\u00a0utilis\u00e9 : Bridge Panasonic DMC-FZ50 \nPhoto prise en 2011 au parc du Pourtales \u00e0 main lev\u00e9e, \nIso200,  Focale 35 mm, Ouverture F 5.6,  vitesse\u00a01\/50 s\nAuteur Albert P.\" data-attachment-id=\"3389\" data-type=\"image\" class=\"fg-thumb\"><span class=\"fg-image-wrap\"><img decoding=\"async\" title=\"11 Des courbes \u00e0 en donner le tournis\u00a0!\" width=\"150\" height=\"150\" class=\"skip-lazy fg-image\" data-src-fg=\"https:\/\/acligphoto.fr\/wp-content\/uploads\/cache\/2020\/11\/11Courbes_Albert\/2687257082.jpg\" src=\"data:image\/svg+xml,%3Csvg%20xmlns%3D%22http%3A%2F%2Fwww.w3.org%2F2000%2Fsvg%22%20width%3D%22150%22%20height%3D%22150%22%20viewBox%3D%220%200%20150%20150%22%3E%3C%2Fsvg%3E\" loading=\"eager\"><\/span><span class=\"fg-image-overlay\"><\/span><\/a><figcaption class=\"fg-caption\"><div class=\"fg-caption-inner\"><div class=\"fg-caption-title\">11 Des courbes \u00e0 en donner le tournis\u00a0!<\/div><div class=\"fg-caption-desc\">APN\u00a0utilis\u00e9 : Bridge Panasonic DMC-FZ50 \nPhoto prise en 2011 au parc du Pourtales \u00e0 main lev\u00e9e, \nIso200,  Focale 35 mm, Ouverture F 5.6,  vitesse\u00a01\/50 s\nAuteur Albert P.<\/div><\/div><\/figcaption><\/figure><div class=\"fg-loader\"><\/div><\/div><div class=\"fg-item fg-type-image fg-idle\"><figure class=\"fg-item-inner\"><a href=\"https:\/\/acligphoto.fr\/wp-content\/uploads\/2020\/11\/DSC3969.jpg\" data-caption-title=\"12. L&#039;escalier de la BU\" data-caption-desc=\"Auteur : Robert K.\" data-attachment-id=\"3378\" data-type=\"image\" class=\"fg-thumb\"><span class=\"fg-image-wrap\"><img decoding=\"async\" title=\"12. L&#039;escalier de la BU\" width=\"150\" height=\"150\" class=\"skip-lazy fg-image\" data-src-fg=\"https:\/\/acligphoto.fr\/wp-content\/uploads\/cache\/2020\/11\/DSC3969\/3304961529.jpg\" src=\"data:image\/svg+xml,%3Csvg%20xmlns%3D%22http%3A%2F%2Fwww.w3.org%2F2000%2Fsvg%22%20width%3D%22150%22%20height%3D%22150%22%20viewBox%3D%220%200%20150%20150%22%3E%3C%2Fsvg%3E\" loading=\"eager\"><\/span><span class=\"fg-image-overlay\"><\/span><\/a><figcaption class=\"fg-caption\"><div class=\"fg-caption-inner\"><div class=\"fg-caption-title\">12. L'escalier de la BU<\/div><div class=\"fg-caption-desc\">Auteur : Robert K.<\/div><\/div><\/figcaption><\/figure><div class=\"fg-loader\"><\/div><\/div><div class=\"fg-item fg-type-image fg-idle\"><figure class=\"fg-item-inner\"><a href=\"https:\/\/acligphoto.fr\/wp-content\/uploads\/2020\/11\/IMG_20201103_093949.jpg\" data-caption-title=\"13 Courbe automnale\" data-caption-desc=\"Sur le chemin de ma sortie journali\u00e8re de confin\u00e9. Photo extraite de mon album &quot;une photo par jour du re-confinement&quot;.  jour 3 prise avec mon t\u00e9l\u00e9phone pas trop intelligent. Auteur Fran\u00e7ois S.\" data-attachment-id=\"3392\" data-type=\"image\" class=\"fg-thumb\"><span class=\"fg-image-wrap\"><img decoding=\"async\" title=\"13 Courbe automnale\" width=\"150\" height=\"150\" class=\"skip-lazy fg-image\" data-src-fg=\"https:\/\/acligphoto.fr\/wp-content\/uploads\/cache\/2020\/11\/IMG_20201103_093949\/1263298540.jpg\" src=\"data:image\/svg+xml,%3Csvg%20xmlns%3D%22http%3A%2F%2Fwww.w3.org%2F2000%2Fsvg%22%20width%3D%22150%22%20height%3D%22150%22%20viewBox%3D%220%200%20150%20150%22%3E%3C%2Fsvg%3E\" loading=\"eager\"><\/span><span class=\"fg-image-overlay\"><\/span><\/a><figcaption class=\"fg-caption\"><div class=\"fg-caption-inner\"><div class=\"fg-caption-title\">13 Courbe automnale<\/div><div class=\"fg-caption-desc\">Sur le chemin de ma sortie journali\u00e8re de confin\u00e9. Photo extraite de mon album \"une photo par jour du re-confinement\".  jour 3 prise avec mon t\u00e9l\u00e9phone pas trop intelligent. Auteur Fran\u00e7ois S.<\/div><\/div><\/figcaption><\/figure><div class=\"fg-loader\"><\/div><\/div><div class=\"fg-item fg-type-image fg-idle\"><figure class=\"fg-item-inner\"><a href=\"https:\/\/acligphoto.fr\/wp-content\/uploads\/2020\/11\/IMG_3207.jpg\" data-caption-title=\"14 Le cri de Munch\" data-caption-desc=\"Cette installation exprime la douleur des personnes et des proches pour le drame pass\u00e9 l\u00e0, \u00e7a s&#039;appelle le cri de \u2018\u2019 Munch\u2019\u2019. \nAuteur : Gilbert de M\" data-attachment-id=\"3403\" data-type=\"image\" class=\"fg-thumb\"><span class=\"fg-image-wrap\"><img decoding=\"async\" title=\"14 Le cri de Munch\" width=\"150\" height=\"150\" class=\"skip-lazy fg-image\" data-src-fg=\"https:\/\/acligphoto.fr\/wp-content\/uploads\/cache\/2020\/11\/IMG_3207\/3202118854.jpg\" src=\"data:image\/svg+xml,%3Csvg%20xmlns%3D%22http%3A%2F%2Fwww.w3.org%2F2000%2Fsvg%22%20width%3D%22150%22%20height%3D%22150%22%20viewBox%3D%220%200%20150%20150%22%3E%3C%2Fsvg%3E\" loading=\"eager\"><\/span><span class=\"fg-image-overlay\"><\/span><\/a><figcaption class=\"fg-caption\"><div class=\"fg-caption-inner\"><div class=\"fg-caption-title\">14 Le cri de Munch<\/div><div class=\"fg-caption-desc\">Cette installation exprime la douleur des personnes et des proches pour le drame pass\u00e9 l\u00e0, \u00e7a s'appelle le cri de \u2018\u2019 Munch\u2019\u2019. \nAuteur : Gilbert de M<\/div><\/div><\/figcaption><\/figure><div class=\"fg-loader\"><\/div><\/div><\/div>\n\n","protected":false},"excerpt":{"rendered":"","protected":false},"author":1,"featured_media":3387,"comment_status":"closed","ping_status":"open","sticky":false,"template":"","format":"image","meta":{"_bbp_topic_count":0,"_bbp_reply_count":0,"_bbp_total_topic_count":0,"_bbp_total_reply_count":0,"_bbp_voice_count":0,"_bbp_anonymous_reply_count":0,"_bbp_topic_count_hidden":0,"_bbp_reply_count_hidden":0,"_bbp_forum_subforum_count":0,"footnotes":""},"categories":[7],"tags":[],"class_list":["post-3390","post","type-post","status-publish","format-image","has-post-thumbnail","hentry","category-vie-de-latelier","post_format-post-format-image"],"_links":{"self":[{"href":"https:\/\/acligphoto.fr\/index.php?rest_route=\/wp\/v2\/posts\/3390","targetHints":{"allow":["GET"]}}],"collection":[{"href":"https:\/\/acligphoto.fr\/index.php?rest_route=\/wp\/v2\/posts"}],"about":[{"href":"https:\/\/acligphoto.fr\/index.php?rest_route=\/wp\/v2\/types\/post"}],"author":[{"embeddable":true,"href":"https:\/\/acligphoto.fr\/index.php?rest_route=\/wp\/v2\/users\/1"}],"replies":[{"embeddable":true,"href":"https:\/\/acligphoto.fr\/index.php?rest_route=%2Fwp%2Fv2%2Fcomments&post=3390"}],"version-history":[{"count":1,"href":"https:\/\/acligphoto.fr\/index.php?rest_route=\/wp\/v2\/posts\/3390\/revisions"}],"predecessor-version":[{"id":3391,"href":"https:\/\/acligphoto.fr\/index.php?rest_route=\/wp\/v2\/posts\/3390\/revisions\/3391"}],"wp:featuredmedia":[{"embeddable":true,"href":"https:\/\/acligphoto.fr\/index.php?rest_route=\/wp\/v2\/media\/3387"}],"wp:attachment":[{"href":"https:\/\/acligphoto.fr\/index.php?rest_route=%2Fwp%2Fv2%2Fmedia&parent=3390"}],"wp:term":[{"taxonomy":"category","embeddable":true,"href":"https:\/\/acligphoto.fr\/index.php?rest_route=%2Fwp%2Fv2%2Fcategories&post=3390"},{"taxonomy":"post_tag","embeddable":true,"href":"https:\/\/acligphoto.fr\/index.php?rest_route=%2Fwp%2Fv2%2Ftags&post=3390"}],"curies":[{"name":"wp","href":"https:\/\/api.w.org\/{rel}","templated":true}]}}