{"id":2086,"date":"2020-06-09T17:51:55","date_gmt":"2020-06-09T15:51:55","guid":{"rendered":"https:\/\/acligphoto.fr\/?p=2086"},"modified":"2020-09-12T13:16:09","modified_gmt":"2020-09-12T11:16:09","slug":"nikos-aliagas-ses-photos-a-strasbourg","status":"publish","type":"post","link":"https:\/\/acligphoto.fr\/?p=2086","title":{"rendered":"Nikos Aliagas : Ses photos \u00e0 Strasbourg"},"content":{"rendered":"\n<p>Nikos Aliagas (l\u2019animateur t\u00e9l\u00e9 de \u2018\u2019The Voice\u2019\u2019) n\u2019en est pas \u00e0 son coup d\u2019essai, il nous propose ici des portraits et des sc\u00e8nes du quotidien de son pays d\u2019origine, la Gr\u00e8ce en des grands formats en noir et blanc.&nbsp;<\/p>\n\n\n\n<p>Dans&nbsp; un espace brut, industriel et d\u00e9cal\u00e9 de cette salle d\u2019exposition, ces portraits g\u00e9ants attestent de la capacit\u00e9 de ce photographe \u00e0 nous faire sentir de tr\u00e8s pr\u00e8s toute la rudesse de la vie de ces \u2018\u2019petites gens\u2019\u2019&nbsp;<\/p>\n\n\n\n<p>\u00e0 voir pour les photos et pour cette galerie \u00e9trange\u2026<\/p>\n\n\n\n<p><a rel=\"noreferrer noopener\" href=\"https:\/\/www.aedaen.com\/la-galerie\/\" target=\"_blank\">Galerie <strong>AEDAEN<\/strong><\/a> 1A rue des aveugles <strong>Strasbourg<\/strong> (attention dates modifi\u00e9es, expo en cours actuellement))<\/p>\n\n\n\n<p>Aper\u00e7u de l&rsquo;expo : photos de Gilbert de Murcia<\/p>\n\n\n\n<figure class=\"wp-block-image size-large\"><img loading=\"lazy\" decoding=\"async\" width=\"1280\" height=\"916\" src=\"https:\/\/acligphoto.fr\/wp-content\/uploads\/2020\/06\/IMG_0713.jpeg\" alt=\"\" class=\"wp-image-2090\" srcset=\"https:\/\/acligphoto.fr\/wp-content\/uploads\/2020\/06\/IMG_0713.jpeg 1280w, https:\/\/acligphoto.fr\/wp-content\/uploads\/2020\/06\/IMG_0713-300x215.jpeg 300w, https:\/\/acligphoto.fr\/wp-content\/uploads\/2020\/06\/IMG_0713-768x550.jpeg 768w\" sizes=\"auto, (max-width: 1280px) 100vw, 1280px\" \/><figcaption>Nikos Aliagas, Photos \u00e0 la galerie AEDAEN (Strasbourg)<\/figcaption><\/figure>\n\n\n\n<figure class=\"wp-block-image size-large\"><img loading=\"lazy\" decoding=\"async\" width=\"1280\" height=\"884\" src=\"https:\/\/acligphoto.fr\/wp-content\/uploads\/2020\/06\/IMG_0712.jpeg\" alt=\"\" class=\"wp-image-2089\" srcset=\"https:\/\/acligphoto.fr\/wp-content\/uploads\/2020\/06\/IMG_0712.jpeg 1280w, https:\/\/acligphoto.fr\/wp-content\/uploads\/2020\/06\/IMG_0712-300x207.jpeg 300w, https:\/\/acligphoto.fr\/wp-content\/uploads\/2020\/06\/IMG_0712-768x530.jpeg 768w\" sizes=\"auto, (max-width: 1280px) 100vw, 1280px\" \/><figcaption>Nikos Aliagas, Photos \u00e0 la galerie AEDAEN (Strasbourg)<\/figcaption><\/figure>\n\n\n\n<figure class=\"wp-block-image size-large\"><img loading=\"lazy\" decoding=\"async\" width=\"1280\" height=\"834\" src=\"https:\/\/acligphoto.fr\/wp-content\/uploads\/2020\/06\/IMG_0711.jpeg\" alt=\"\" class=\"wp-image-2088\" srcset=\"https:\/\/acligphoto.fr\/wp-content\/uploads\/2020\/06\/IMG_0711.jpeg 1280w, https:\/\/acligphoto.fr\/wp-content\/uploads\/2020\/06\/IMG_0711-300x195.jpeg 300w, https:\/\/acligphoto.fr\/wp-content\/uploads\/2020\/06\/IMG_0711-768x500.jpeg 768w\" sizes=\"auto, (max-width: 1280px) 100vw, 1280px\" \/><figcaption>Nikos Aliagas, Photos \u00e0 la galerie AEDAEN (Strasbourg)<\/figcaption><\/figure>\n","protected":false},"excerpt":{"rendered":"<p>Nikos Aliagas (l\u2019animateur t\u00e9l\u00e9 de \u2018\u2019The Voice\u2019\u2019) n\u2019en est pas \u00e0 son coup d\u2019essai, il nous propose ici des portraits et des sc\u00e8nes du quotidien de son pays d\u2019origine, la Gr\u00e8ce en des grands formats en noir et blanc.&nbsp; Dans&nbsp; un espace brut, industriel et d\u00e9cal\u00e9 de cette salle d\u2019exposition, ces portraits g\u00e9ants attestent de&#8230; <\/p>\n<div class=\"link-more\"><a href=\"https:\/\/acligphoto.fr\/?p=2086\">Lire plus<\/a><\/div>\n","protected":false},"author":1,"featured_media":2091,"comment_status":"closed","ping_status":"open","sticky":false,"template":"","format":"standard","meta":{"_bbp_topic_count":0,"_bbp_reply_count":0,"_bbp_total_topic_count":0,"_bbp_total_reply_count":0,"_bbp_voice_count":0,"_bbp_anonymous_reply_count":0,"_bbp_topic_count_hidden":0,"_bbp_reply_count_hidden":0,"_bbp_forum_subforum_count":0,"footnotes":""},"categories":[2],"tags":[],"class_list":["post-2086","post","type-post","status-publish","format-standard","has-post-thumbnail","hentry","category-exposition"],"_links":{"self":[{"href":"https:\/\/acligphoto.fr\/index.php?rest_route=\/wp\/v2\/posts\/2086","targetHints":{"allow":["GET"]}}],"collection":[{"href":"https:\/\/acligphoto.fr\/index.php?rest_route=\/wp\/v2\/posts"}],"about":[{"href":"https:\/\/acligphoto.fr\/index.php?rest_route=\/wp\/v2\/types\/post"}],"author":[{"embeddable":true,"href":"https:\/\/acligphoto.fr\/index.php?rest_route=\/wp\/v2\/users\/1"}],"replies":[{"embeddable":true,"href":"https:\/\/acligphoto.fr\/index.php?rest_route=%2Fwp%2Fv2%2Fcomments&post=2086"}],"version-history":[{"count":5,"href":"https:\/\/acligphoto.fr\/index.php?rest_route=\/wp\/v2\/posts\/2086\/revisions"}],"predecessor-version":[{"id":2103,"href":"https:\/\/acligphoto.fr\/index.php?rest_route=\/wp\/v2\/posts\/2086\/revisions\/2103"}],"wp:featuredmedia":[{"embeddable":true,"href":"https:\/\/acligphoto.fr\/index.php?rest_route=\/wp\/v2\/media\/2091"}],"wp:attachment":[{"href":"https:\/\/acligphoto.fr\/index.php?rest_route=%2Fwp%2Fv2%2Fmedia&parent=2086"}],"wp:term":[{"taxonomy":"category","embeddable":true,"href":"https:\/\/acligphoto.fr\/index.php?rest_route=%2Fwp%2Fv2%2Fcategories&post=2086"},{"taxonomy":"post_tag","embeddable":true,"href":"https:\/\/acligphoto.fr\/index.php?rest_route=%2Fwp%2Fv2%2Ftags&post=2086"}],"curies":[{"name":"wp","href":"https:\/\/api.w.org\/{rel}","templated":true}]}}