{"id":17212,"date":"2026-03-22T10:45:49","date_gmt":"2026-03-22T09:45:49","guid":{"rendered":"https:\/\/acligphoto.fr\/?p=17212"},"modified":"2026-03-22T10:45:58","modified_gmt":"2026-03-22T09:45:58","slug":"raconte-ta-photo-episode-105","status":"publish","type":"post","link":"https:\/\/acligphoto.fr\/?p=17212","title":{"rendered":"Raconte ta photo, \u00e9pisode 105"},"content":{"rendered":"\n<p class=\"has-large-font-size\">Triptyque<\/p>\n\n\n<style type=\"text\/css\">\n#foogallery-gallery-17231 .fg-image { width: 270px; }\n#foogallery-gallery-17231 { --fg-gutter: 10px; }<\/style>\n\t\t\t<div class=\"foogallery foogallery-container foogallery-default foogallery-lightbox-foogallery fg-center fg-default fg-ready fg-light fg-shadow-medium fg-loading-default fg-loaded-fade-in fg-preset fg-brad fg-preset-small fg-preset fg-brad fg-preset-small\" id=\"foogallery-gallery-17231\" data-foogallery=\"{&quot;item&quot;:{&quot;showCaptionTitle&quot;:true,&quot;showCaptionDescription&quot;:true},&quot;lazy&quot;:true}\" data-foogallery-lightbox=\"{&quot;thumbs&quot;:&quot;bottom&quot;,&quot;thumbsCaptions&quot;:false,&quot;thumbsBestFit&quot;:false,&quot;thumbsSmall&quot;:false,&quot;thumbsCaptionsAlign&quot;:&quot;default&quot;,&quot;info&quot;:&quot;bottom&quot;,&quot;infoVisible&quot;:true,&quot;infoOverlay&quot;:true,&quot;infoAlign&quot;:&quot;default&quot;,&quot;transition&quot;:&quot;fade&quot;,&quot;hoverButtons&quot;:false,&quot;fitMedia&quot;:false,&quot;noScrollbars&quot;:true,&quot;preserveButtonSpace&quot;:true,&quot;buttons&quot;:{&quot;fullscreen&quot;:true,&quot;info&quot;:true,&quot;thumbs&quot;:false},&quot;video&quot;:{&quot;autoPlay&quot;:true}}\" style=\"--fg-title-line-clamp: 1; --fg-description-line-clamp: 2;\" >\n\t<div class=\"fg-item fg-type-image fg-idle\"><figure class=\"fg-item-inner\"><a href=\"https:\/\/acligphoto.fr\/wp-content\/uploads\/2026\/03\/16_Triptyque_Daniel.jpg\" data-caption-title=\"Photo de Daniel\" data-caption-desc=\"Photo du Parinacota prise en 2023 c\u2019est un volcan au nord du Chili il correspond \u00e0 un c\u00f4ne parfait, culminant \u00e0 plus de 6000 m. C\u2019est un assemblage de 2 photos prises au 25 mm\" data-attachment-id=\"17230\" data-type=\"image\" class=\"fg-thumb\"><span class=\"fg-image-wrap\"><img fetchpriority=\"high\" decoding=\"async\" title=\"Photo de Daniel\" width=\"270\" height=\"230\" class=\"skip-lazy fg-image\" data-src-fg=\"https:\/\/acligphoto.fr\/wp-content\/uploads\/cache\/2026\/03\/16_Triptyque_Daniel\/2967226404.jpg\" src=\"data:image\/svg+xml,%3Csvg%20xmlns%3D%22http%3A%2F%2Fwww.w3.org%2F2000%2Fsvg%22%20width%3D%22270%22%20height%3D%22230%22%20viewBox%3D%220%200%20270%20230%22%3E%3C%2Fsvg%3E\" loading=\"eager\"><\/span><span class=\"fg-image-overlay\"><\/span><\/a><figcaption class=\"fg-caption\"><div class=\"fg-caption-inner\"><div class=\"fg-caption-title\">Photo de Daniel<\/div><div class=\"fg-caption-desc\">Photo du Parinacota prise en 2023 c\u2019est un volcan au nord du Chili il correspond \u00e0 un c\u00f4ne parfait, culminant \u00e0 plus de 6000 m. C\u2019est un assemblage de 2 photos prises au 25 mm<\/div><\/div><\/figcaption><\/figure><div class=\"fg-loader\"><\/div><\/div><div class=\"fg-item fg-type-image fg-idle\"><figure class=\"fg-item-inner\"><a href=\"https:\/\/acligphoto.fr\/wp-content\/uploads\/2026\/03\/15_Triptyque_Louis.jpg\" data-caption-title=\"Photo de Louis\" data-attachment-id=\"17229\" data-type=\"image\" class=\"fg-thumb\"><span class=\"fg-image-wrap\"><img decoding=\"async\" title=\"Photo de Louis\" width=\"270\" height=\"230\" class=\"skip-lazy fg-image\" data-src-fg=\"https:\/\/acligphoto.fr\/wp-content\/uploads\/cache\/2026\/03\/15_Triptyque_Louis\/4082874404.jpg\" src=\"data:image\/svg+xml,%3Csvg%20xmlns%3D%22http%3A%2F%2Fwww.w3.org%2F2000%2Fsvg%22%20width%3D%22270%22%20height%3D%22230%22%20viewBox%3D%220%200%20270%20230%22%3E%3C%2Fsvg%3E\" loading=\"eager\"><\/span><span class=\"fg-image-overlay\"><\/span><\/a><figcaption class=\"fg-caption\"><div class=\"fg-caption-inner\"><div class=\"fg-caption-title\">Photo de Louis<\/div><\/div><\/figcaption><\/figure><div class=\"fg-loader\"><\/div><\/div><div class=\"fg-item fg-type-image fg-idle\"><figure class=\"fg-item-inner\"><a href=\"https:\/\/acligphoto.fr\/wp-content\/uploads\/2026\/03\/14_Triptyque_Pascale.jpg\" data-caption-title=\"Photo de Pascale, Titre : \u00ab An\u00e9mone sylvie en triptyque \u00bb\" data-attachment-id=\"17228\" data-type=\"image\" class=\"fg-thumb\"><span class=\"fg-image-wrap\"><img decoding=\"async\" title=\"Photo de Pascale, Titre : \u00ab An\u00e9mone sylvie en triptyque \u00bb\" width=\"270\" height=\"230\" class=\"skip-lazy fg-image\" data-src-fg=\"https:\/\/acligphoto.fr\/wp-content\/uploads\/cache\/2026\/03\/14_Triptyque_Pascale\/1828780800.jpg\" src=\"data:image\/svg+xml,%3Csvg%20xmlns%3D%22http%3A%2F%2Fwww.w3.org%2F2000%2Fsvg%22%20width%3D%22270%22%20height%3D%22230%22%20viewBox%3D%220%200%20270%20230%22%3E%3C%2Fsvg%3E\" loading=\"eager\"><\/span><span class=\"fg-image-overlay\"><\/span><\/a><figcaption class=\"fg-caption\"><div class=\"fg-caption-inner\"><div class=\"fg-caption-title\">Photo de Pascale, Titre : \u00ab An\u00e9mone sylvie en triptyque \u00bb<\/div><\/div><\/figcaption><\/figure><div class=\"fg-loader\"><\/div><\/div><div class=\"fg-item fg-type-image fg-idle\"><figure class=\"fg-item-inner\"><a href=\"https:\/\/acligphoto.fr\/wp-content\/uploads\/2026\/03\/13_Triptyque_Alan.jpg\" data-caption-title=\"Photo de Alan\" data-attachment-id=\"17227\" data-type=\"image\" class=\"fg-thumb\"><span class=\"fg-image-wrap\"><img decoding=\"async\" title=\"Photo de Alan\" width=\"270\" height=\"230\" class=\"skip-lazy fg-image\" data-src-fg=\"https:\/\/acligphoto.fr\/wp-content\/uploads\/cache\/2026\/03\/13_Triptyque_Alan\/1331698570.jpg\" src=\"data:image\/svg+xml,%3Csvg%20xmlns%3D%22http%3A%2F%2Fwww.w3.org%2F2000%2Fsvg%22%20width%3D%22270%22%20height%3D%22230%22%20viewBox%3D%220%200%20270%20230%22%3E%3C%2Fsvg%3E\" loading=\"eager\"><\/span><span class=\"fg-image-overlay\"><\/span><\/a><figcaption class=\"fg-caption\"><div class=\"fg-caption-inner\"><div class=\"fg-caption-title\">Photo de Alan<\/div><\/div><\/figcaption><\/figure><div class=\"fg-loader\"><\/div><\/div><div class=\"fg-item fg-type-image fg-idle\"><figure class=\"fg-item-inner\"><a href=\"https:\/\/acligphoto.fr\/wp-content\/uploads\/2026\/03\/12_Triptyque_Gerard.jpg\" data-caption-title=\"Photo de G\u00e9rard\" data-caption-desc=\"Un triptyque de trois tableaux aux couleurs chaudes, accroch\u00e9 juste au-dessus de nos t\u00eates\nde lit. Les formes et les feuilles stylis\u00e9es apportent une touche de chaleur et rendent l\u2019espace\nplus accueillant.\" data-attachment-id=\"17226\" data-type=\"image\" class=\"fg-thumb\"><span class=\"fg-image-wrap\"><img decoding=\"async\" title=\"Photo de G\u00e9rard\" width=\"270\" height=\"230\" class=\"skip-lazy fg-image\" data-src-fg=\"https:\/\/acligphoto.fr\/wp-content\/uploads\/cache\/2026\/03\/12_Triptyque_Gerard\/2117082549.jpg\" src=\"data:image\/svg+xml,%3Csvg%20xmlns%3D%22http%3A%2F%2Fwww.w3.org%2F2000%2Fsvg%22%20width%3D%22270%22%20height%3D%22230%22%20viewBox%3D%220%200%20270%20230%22%3E%3C%2Fsvg%3E\" loading=\"eager\"><\/span><span class=\"fg-image-overlay\"><\/span><\/a><figcaption class=\"fg-caption\"><div class=\"fg-caption-inner\"><div class=\"fg-caption-title\">Photo de G\u00e9rard<\/div><div class=\"fg-caption-desc\">Un triptyque de trois tableaux aux couleurs chaudes, accroch\u00e9 juste au-dessus de nos t\u00eates\nde lit. Les formes et les feuilles stylis\u00e9es apportent une touche de chaleur et rendent l\u2019espace\nplus accueillant.<\/div><\/div><\/figcaption><\/figure><div class=\"fg-loader\"><\/div><\/div><div class=\"fg-item fg-type-image fg-idle\"><figure class=\"fg-item-inner\"><a href=\"https:\/\/acligphoto.fr\/wp-content\/uploads\/2026\/03\/11a_Triptyque_Gilbert.jpeg\" data-caption-title=\"Photo de Gilbert\" data-attachment-id=\"17225\" data-type=\"image\" class=\"fg-thumb\"><span class=\"fg-image-wrap\"><img decoding=\"async\" title=\"Photo de Gilbert\" width=\"270\" height=\"230\" class=\"skip-lazy fg-image\" data-src-fg=\"https:\/\/acligphoto.fr\/wp-content\/uploads\/cache\/2026\/03\/11a_Triptyque_Gilbert\/3774722127.jpeg\" src=\"data:image\/svg+xml,%3Csvg%20xmlns%3D%22http%3A%2F%2Fwww.w3.org%2F2000%2Fsvg%22%20width%3D%22270%22%20height%3D%22230%22%20viewBox%3D%220%200%20270%20230%22%3E%3C%2Fsvg%3E\" loading=\"eager\"><\/span><span class=\"fg-image-overlay\"><\/span><\/a><figcaption class=\"fg-caption\"><div class=\"fg-caption-inner\"><div class=\"fg-caption-title\">Photo de Gilbert<\/div><\/div><\/figcaption><\/figure><div class=\"fg-loader\"><\/div><\/div><div class=\"fg-item fg-type-image fg-idle\"><figure class=\"fg-item-inner\"><a href=\"https:\/\/acligphoto.fr\/wp-content\/uploads\/2026\/03\/11_Triptyque_Gilbert.jpeg\" data-caption-title=\"Photo de Gilbert\" data-caption-desc=\"Deux triptyques sur l\u2019Ill et ses quais :\nRenseignements pris sur le net, j\u2019ai compris qu\u2019un triptyque pouvait \u00eatre aussi une photo\nd\u00e9coup\u00e9e en trois parties, c\u2019est ce que j\u2019ai fait sur deux photos prises (avec mon iPhone) l\u2019une\nvers l\u2019ouest (Quai des Bateliers) et l\u2019autre vers l\u2019est (Quai des p\u00eacheurs). Le d\u00e9coupage a \u00e9t\u00e9\nfait dans le logiciel d\u2019\u00e9criture \u2018\u2019Pages\u2019\u2019 du Mac puis export\u00e9 ensuite dans le logiciel \u2018\u2019Images\u2019\u2019\ntoujours du Mac o\u00f9 il devient un jpeg haute r\u00e9solution !! J\u2019en connais qui vont hurler de rire\u2026.\" data-attachment-id=\"17224\" data-type=\"image\" class=\"fg-thumb\"><span class=\"fg-image-wrap\"><img decoding=\"async\" title=\"Photo de Gilbert\" width=\"270\" height=\"230\" class=\"skip-lazy fg-image\" data-src-fg=\"https:\/\/acligphoto.fr\/wp-content\/uploads\/cache\/2026\/03\/11_Triptyque_Gilbert\/3623094743.jpeg\" src=\"data:image\/svg+xml,%3Csvg%20xmlns%3D%22http%3A%2F%2Fwww.w3.org%2F2000%2Fsvg%22%20width%3D%22270%22%20height%3D%22230%22%20viewBox%3D%220%200%20270%20230%22%3E%3C%2Fsvg%3E\" loading=\"eager\"><\/span><span class=\"fg-image-overlay\"><\/span><\/a><figcaption class=\"fg-caption\"><div class=\"fg-caption-inner\"><div class=\"fg-caption-title\">Photo de Gilbert<\/div><div class=\"fg-caption-desc\">Deux triptyques sur l\u2019Ill et ses quais :\nRenseignements pris sur le net, j\u2019ai compris qu\u2019un triptyque pouvait \u00eatre aussi une photo\nd\u00e9coup\u00e9e en trois parties, c\u2019est ce que j\u2019ai fait sur deux photos prises (avec mon iPhone) l\u2019une\nvers l\u2019ouest (Quai des Bateliers) et l\u2019autre vers l\u2019est (Quai des p\u00eacheurs). Le d\u00e9coupage a \u00e9t\u00e9\nfait dans le logiciel d\u2019\u00e9criture \u2018\u2019Pages\u2019\u2019 du Mac puis export\u00e9 ensuite dans le logiciel \u2018\u2019Images\u2019\u2019\ntoujours du Mac o\u00f9 il devient un jpeg haute r\u00e9solution !! J\u2019en connais qui vont hurler de rire\u2026.<\/div><\/div><\/figcaption><\/figure><div class=\"fg-loader\"><\/div><\/div><div class=\"fg-item fg-type-image fg-idle\"><figure class=\"fg-item-inner\"><a href=\"https:\/\/acligphoto.fr\/wp-content\/uploads\/2026\/03\/10_Triptyque-Armand.jpg\" data-caption-title=\"Photo de Armand\" data-caption-desc=\"Des machines, des tuyaux, du feu : c\u2019est V\u00f6lklingen.\" data-attachment-id=\"17223\" data-type=\"image\" class=\"fg-thumb\"><span class=\"fg-image-wrap\"><img decoding=\"async\" title=\"Photo de Armand\" width=\"270\" height=\"230\" class=\"skip-lazy fg-image\" data-src-fg=\"https:\/\/acligphoto.fr\/wp-content\/uploads\/cache\/2026\/03\/10_Triptyque-Armand\/1482565671.jpg\" src=\"data:image\/svg+xml,%3Csvg%20xmlns%3D%22http%3A%2F%2Fwww.w3.org%2F2000%2Fsvg%22%20width%3D%22270%22%20height%3D%22230%22%20viewBox%3D%220%200%20270%20230%22%3E%3C%2Fsvg%3E\" loading=\"eager\"><\/span><span class=\"fg-image-overlay\"><\/span><\/a><figcaption class=\"fg-caption\"><div class=\"fg-caption-inner\"><div class=\"fg-caption-title\">Photo de Armand<\/div><div class=\"fg-caption-desc\">Des machines, des tuyaux, du feu : c\u2019est V\u00f6lklingen.<\/div><\/div><\/figcaption><\/figure><div class=\"fg-loader\"><\/div><\/div><div class=\"fg-item fg-type-image fg-idle\"><figure class=\"fg-item-inner\"><a href=\"https:\/\/acligphoto.fr\/wp-content\/uploads\/2026\/03\/09_Triptyque_Robert.jpg\" data-caption-title=\"Photo de Robert, Titre : \u00ab L&#039;arbre blanc de Montpelier \u00bb\" data-attachment-id=\"17222\" data-type=\"image\" class=\"fg-thumb\"><span class=\"fg-image-wrap\"><img decoding=\"async\" title=\"Photo de Robert, Titre : \u00ab L&#039;arbre blanc de Montpelier \u00bb\" width=\"270\" height=\"230\" class=\"skip-lazy fg-image\" data-src-fg=\"https:\/\/acligphoto.fr\/wp-content\/uploads\/cache\/2026\/03\/09_Triptyque_Robert\/3562361354.jpg\" src=\"data:image\/svg+xml,%3Csvg%20xmlns%3D%22http%3A%2F%2Fwww.w3.org%2F2000%2Fsvg%22%20width%3D%22270%22%20height%3D%22230%22%20viewBox%3D%220%200%20270%20230%22%3E%3C%2Fsvg%3E\" loading=\"eager\"><\/span><span class=\"fg-image-overlay\"><\/span><\/a><figcaption class=\"fg-caption\"><div class=\"fg-caption-inner\"><div class=\"fg-caption-title\">Photo de Robert, Titre : \u00ab L&rsquo;arbre blanc de Montpelier \u00bb<\/div><\/div><\/figcaption><\/figure><div class=\"fg-loader\"><\/div><\/div><div class=\"fg-item fg-type-image fg-idle\"><figure class=\"fg-item-inner\"><a href=\"https:\/\/acligphoto.fr\/wp-content\/uploads\/2026\/03\/08_Triptyque-Vincent.jpg\" data-caption-title=\"Photo de Vincent\" data-caption-desc=\"Grosse d\u00e9ception. La saison des amours commence par la c\u00e9r\u00e9monie de l&#039;offrande. Si la\nfemelle refuse le cadeau, c&#039;est rat\u00e9, il faudra r\u00e9essayer. Sterne royale \u2013 S\u00e9n\u00e9gal\" data-attachment-id=\"17221\" data-type=\"image\" class=\"fg-thumb\"><span class=\"fg-image-wrap\"><img decoding=\"async\" title=\"Photo de Vincent\" width=\"270\" height=\"230\" class=\"skip-lazy fg-image\" data-src-fg=\"https:\/\/acligphoto.fr\/wp-content\/uploads\/cache\/2026\/03\/08_Triptyque-Vincent\/1305784783.jpg\" src=\"data:image\/svg+xml,%3Csvg%20xmlns%3D%22http%3A%2F%2Fwww.w3.org%2F2000%2Fsvg%22%20width%3D%22270%22%20height%3D%22230%22%20viewBox%3D%220%200%20270%20230%22%3E%3C%2Fsvg%3E\" loading=\"eager\"><\/span><span class=\"fg-image-overlay\"><\/span><\/a><figcaption class=\"fg-caption\"><div class=\"fg-caption-inner\"><div class=\"fg-caption-title\">Photo de Vincent<\/div><div class=\"fg-caption-desc\">Grosse d\u00e9ception. La saison des amours commence par la c\u00e9r\u00e9monie de l&rsquo;offrande. Si la\nfemelle refuse le cadeau, c&rsquo;est rat\u00e9, il faudra r\u00e9essayer. Sterne royale \u2013 S\u00e9n\u00e9gal<\/div><\/div><\/figcaption><\/figure><div class=\"fg-loader\"><\/div><\/div><div class=\"fg-item fg-type-image fg-idle\"><figure class=\"fg-item-inner\"><a href=\"https:\/\/acligphoto.fr\/wp-content\/uploads\/2026\/03\/07_Trityque_Remi.jpg\" data-caption-title=\"Photo de R\u00e9mi, Titre : \u00ab Vestiges du pass\u00e9. \u00bb\" data-caption-desc=\"Ces grues rappellent le pass\u00e9 portuaire du lieu. Aujourd\u2019hui la presqu\u2019\u00eele Malraux s\u2019est\ntransform\u00e9 en lieu de vie : la plus importante m\u00e9diath\u00e8que de Strasbourg, une r\u00e9sidence\n\u00e9tudiante, un b\u00e2timent avec des restaurants et des appartements. En \u00e9t\u00e9, les Docks d\u2019\u00e9t\u00e9\ntransforment le bassin en plage pour tous.\" data-attachment-id=\"17220\" data-type=\"image\" class=\"fg-thumb\"><span class=\"fg-image-wrap\"><img decoding=\"async\" title=\"Photo de R\u00e9mi, Titre : \u00ab Vestiges du pass\u00e9. \u00bb\" width=\"270\" height=\"230\" class=\"skip-lazy fg-image\" data-src-fg=\"https:\/\/acligphoto.fr\/wp-content\/uploads\/cache\/2026\/03\/07_Trityque_Remi\/3917916584.jpg\" src=\"data:image\/svg+xml,%3Csvg%20xmlns%3D%22http%3A%2F%2Fwww.w3.org%2F2000%2Fsvg%22%20width%3D%22270%22%20height%3D%22230%22%20viewBox%3D%220%200%20270%20230%22%3E%3C%2Fsvg%3E\" loading=\"eager\"><\/span><span class=\"fg-image-overlay\"><\/span><\/a><figcaption class=\"fg-caption\"><div class=\"fg-caption-inner\"><div class=\"fg-caption-title\">Photo de R\u00e9mi, Titre : \u00ab Vestiges du pass\u00e9. \u00bb<\/div><div class=\"fg-caption-desc\">Ces grues rappellent le pass\u00e9 portuaire du lieu. Aujourd\u2019hui la presqu\u2019\u00eele Malraux s\u2019est\ntransform\u00e9 en lieu de vie : la plus importante m\u00e9diath\u00e8que de Strasbourg, une r\u00e9sidence\n\u00e9tudiante, un b\u00e2timent avec des restaurants et des appartements. En \u00e9t\u00e9, les Docks d\u2019\u00e9t\u00e9\ntransforment le bassin en plage pour tous.<\/div><\/div><\/figcaption><\/figure><div class=\"fg-loader\"><\/div><\/div><div class=\"fg-item fg-type-image fg-idle\"><figure class=\"fg-item-inner\"><a href=\"https:\/\/acligphoto.fr\/wp-content\/uploads\/2026\/03\/06_Triptyque_JL.jpg\" data-caption-title=\"Photo de Jean-Louis\" data-caption-desc=\"Sur le sentier des g\u00e9ants. Lutzelhouse. Mais aussi mon premier triptyque.\" data-attachment-id=\"17219\" data-type=\"image\" class=\"fg-thumb\"><span class=\"fg-image-wrap\"><img decoding=\"async\" title=\"Photo de Jean-Louis\" width=\"270\" height=\"230\" class=\"skip-lazy fg-image\" data-src-fg=\"https:\/\/acligphoto.fr\/wp-content\/uploads\/cache\/2026\/03\/06_Triptyque_JL\/2223750675.jpg\" src=\"data:image\/svg+xml,%3Csvg%20xmlns%3D%22http%3A%2F%2Fwww.w3.org%2F2000%2Fsvg%22%20width%3D%22270%22%20height%3D%22230%22%20viewBox%3D%220%200%20270%20230%22%3E%3C%2Fsvg%3E\" loading=\"eager\"><\/span><span class=\"fg-image-overlay\"><\/span><\/a><figcaption class=\"fg-caption\"><div class=\"fg-caption-inner\"><div class=\"fg-caption-title\">Photo de Jean-Louis<\/div><div class=\"fg-caption-desc\">Sur le sentier des g\u00e9ants. Lutzelhouse. Mais aussi mon premier triptyque.<\/div><\/div><\/figcaption><\/figure><div class=\"fg-loader\"><\/div><\/div><div class=\"fg-item fg-type-image fg-idle\"><figure class=\"fg-item-inner\"><a href=\"https:\/\/acligphoto.fr\/wp-content\/uploads\/2026\/03\/05_Triptyque_Francis.jpg\" data-caption-title=\"Photo de Francis, Titre: \u00ab D\u00e9ambulation dans les rues de Rosheim lors du Carnaval \u00bb\" data-attachment-id=\"17218\" data-type=\"image\" class=\"fg-thumb\"><span class=\"fg-image-wrap\"><img decoding=\"async\" title=\"Photo de Francis, Titre: \u00ab D\u00e9ambulation dans les rues de Rosheim lors du Carnaval \u00bb\" width=\"270\" height=\"230\" class=\"skip-lazy fg-image\" data-src-fg=\"https:\/\/acligphoto.fr\/wp-content\/uploads\/cache\/2026\/03\/05_Triptyque_Francis\/1728172525.jpg\" src=\"data:image\/svg+xml,%3Csvg%20xmlns%3D%22http%3A%2F%2Fwww.w3.org%2F2000%2Fsvg%22%20width%3D%22270%22%20height%3D%22230%22%20viewBox%3D%220%200%20270%20230%22%3E%3C%2Fsvg%3E\" loading=\"eager\"><\/span><span class=\"fg-image-overlay\"><\/span><\/a><figcaption class=\"fg-caption\"><div class=\"fg-caption-inner\"><div class=\"fg-caption-title\">Photo de Francis, Titre: \u00ab D\u00e9ambulation dans les rues de Rosheim lors du Carnaval \u00bb<\/div><\/div><\/figcaption><\/figure><div class=\"fg-loader\"><\/div><\/div><div class=\"fg-item fg-type-image fg-idle\"><figure class=\"fg-item-inner\"><a href=\"https:\/\/acligphoto.fr\/wp-content\/uploads\/2026\/03\/04_Triptyque_Iza.jpg\" data-caption-title=\"Photo de Iza, Titre : &quot;Extrait d&#039;Alfons MUCHA&quot;.\" data-caption-desc=\"Cet artiste allie les motifs floraux luxuriants et l&#039;\u00e9l\u00e9gance f\u00e9minine dans une symphonie visuelle exceptionnelle. Il utilise un large \u00e9ventail de couleurs vives et les d\u00e9tails d\u00e9licats de chaque \u0153uvre captivent le regard. J&#039;aime beaucoup alors c&#039;est un plaisir de le partager.\" data-attachment-id=\"17217\" data-type=\"image\" class=\"fg-thumb\"><span class=\"fg-image-wrap\"><img decoding=\"async\" title=\"Photo de Iza, Titre : &quot;Extrait d&#039;Alfons MUCHA&quot;.\" width=\"270\" height=\"230\" class=\"skip-lazy fg-image\" data-src-fg=\"https:\/\/acligphoto.fr\/wp-content\/uploads\/cache\/2026\/03\/04_Triptyque_Iza\/1281169717.jpg\" src=\"data:image\/svg+xml,%3Csvg%20xmlns%3D%22http%3A%2F%2Fwww.w3.org%2F2000%2Fsvg%22%20width%3D%22270%22%20height%3D%22230%22%20viewBox%3D%220%200%20270%20230%22%3E%3C%2Fsvg%3E\" loading=\"eager\"><\/span><span class=\"fg-image-overlay\"><\/span><\/a><figcaption class=\"fg-caption\"><div class=\"fg-caption-inner\"><div class=\"fg-caption-title\">Photo de Iza, Titre : \u00ab\u00a0Extrait d&rsquo;Alfons MUCHA\u00a0\u00bb.<\/div><div class=\"fg-caption-desc\">Cet artiste allie les motifs floraux luxuriants et l&rsquo;\u00e9l\u00e9gance f\u00e9minine dans une symphonie visuelle exceptionnelle. Il utilise un large \u00e9ventail de couleurs vives et les d\u00e9tails d\u00e9licats de chaque \u0153uvre captivent le regard. J&rsquo;aime beaucoup alors c&rsquo;est un plaisir de le partager.<\/div><\/div><\/figcaption><\/figure><div class=\"fg-loader\"><\/div><\/div><div class=\"fg-item fg-type-image fg-idle\"><figure class=\"fg-item-inner\"><a href=\"https:\/\/acligphoto.fr\/wp-content\/uploads\/2026\/03\/03_Triptyque_Lisa.jpg\" data-caption-title=\"Photo de Lisa, Titre : \u00ab Je sors et j&#039;arrive. \u00bb\" data-caption-desc=\"Photos r\u00e9alis\u00e9es tr\u00e8s r\u00e9cemment en stage photo. A d\u00e9faut de neige on passe les photos en noir et blanc.\" data-attachment-id=\"17216\" data-type=\"image\" class=\"fg-thumb\"><span class=\"fg-image-wrap\"><img decoding=\"async\" title=\"Photo de Lisa, Titre : \u00ab Je sors et j&#039;arrive. \u00bb\" width=\"270\" height=\"230\" class=\"skip-lazy fg-image\" data-src-fg=\"https:\/\/acligphoto.fr\/wp-content\/uploads\/cache\/2026\/03\/03_Triptyque_Lisa\/1675044108.jpg\" src=\"data:image\/svg+xml,%3Csvg%20xmlns%3D%22http%3A%2F%2Fwww.w3.org%2F2000%2Fsvg%22%20width%3D%22270%22%20height%3D%22230%22%20viewBox%3D%220%200%20270%20230%22%3E%3C%2Fsvg%3E\" loading=\"eager\"><\/span><span class=\"fg-image-overlay\"><\/span><\/a><figcaption class=\"fg-caption\"><div class=\"fg-caption-inner\"><div class=\"fg-caption-title\">Photo de Lisa, Titre : \u00ab Je sors et j&rsquo;arrive. \u00bb<\/div><div class=\"fg-caption-desc\">Photos r\u00e9alis\u00e9es tr\u00e8s r\u00e9cemment en stage photo. A d\u00e9faut de neige on passe les photos en noir et blanc.<\/div><\/div><\/figcaption><\/figure><div class=\"fg-loader\"><\/div><\/div><div class=\"fg-item fg-type-image fg-idle\"><figure class=\"fg-item-inner\"><a href=\"https:\/\/acligphoto.fr\/wp-content\/uploads\/2026\/03\/02_Triptyque_GuyB.jpg\" data-caption-title=\"Photo de Guy B\" data-caption-desc=\"Les photos parlent d&#039;elles m\u00eame, alors rions car le rire est contagieux.\" data-attachment-id=\"17215\" data-type=\"image\" class=\"fg-thumb\"><span class=\"fg-image-wrap\"><img decoding=\"async\" title=\"Photo de Guy B\" width=\"270\" height=\"230\" class=\"skip-lazy fg-image\" data-src-fg=\"https:\/\/acligphoto.fr\/wp-content\/uploads\/cache\/2026\/03\/02_Triptyque_GuyB\/2469175042.jpg\" src=\"data:image\/svg+xml,%3Csvg%20xmlns%3D%22http%3A%2F%2Fwww.w3.org%2F2000%2Fsvg%22%20width%3D%22270%22%20height%3D%22230%22%20viewBox%3D%220%200%20270%20230%22%3E%3C%2Fsvg%3E\" loading=\"eager\"><\/span><span class=\"fg-image-overlay\"><\/span><\/a><figcaption class=\"fg-caption\"><div class=\"fg-caption-inner\"><div class=\"fg-caption-title\">Photo de Guy B<\/div><div class=\"fg-caption-desc\">Les photos parlent d&rsquo;elles m\u00eame, alors rions car le rire est contagieux.<\/div><\/div><\/figcaption><\/figure><div class=\"fg-loader\"><\/div><\/div><div class=\"fg-item fg-type-image fg-idle\"><figure class=\"fg-item-inner\"><a href=\"https:\/\/acligphoto.fr\/wp-content\/uploads\/2026\/03\/01_Triptyque_Michel.jpg\" data-caption-title=\"Photo de Michel\" data-attachment-id=\"17214\" data-type=\"image\" class=\"fg-thumb\"><span class=\"fg-image-wrap\"><img decoding=\"async\" title=\"Photo de Michel\" width=\"270\" height=\"230\" class=\"skip-lazy fg-image\" data-src-fg=\"https:\/\/acligphoto.fr\/wp-content\/uploads\/cache\/2026\/03\/01_Triptyque_Michel\/816141269.jpg\" src=\"data:image\/svg+xml,%3Csvg%20xmlns%3D%22http%3A%2F%2Fwww.w3.org%2F2000%2Fsvg%22%20width%3D%22270%22%20height%3D%22230%22%20viewBox%3D%220%200%20270%20230%22%3E%3C%2Fsvg%3E\" loading=\"eager\"><\/span><span class=\"fg-image-overlay\"><\/span><\/a><figcaption class=\"fg-caption\"><div class=\"fg-caption-inner\"><div class=\"fg-caption-title\">Photo de Michel<\/div><\/div><\/figcaption><\/figure><div class=\"fg-loader\"><\/div><\/div><\/div>\n","protected":false},"excerpt":{"rendered":"<p>Triptyque<\/p>\n","protected":false},"author":27,"featured_media":17215,"comment_status":"closed","ping_status":"open","sticky":true,"template":"","format":"standard","meta":{"_bbp_topic_count":0,"_bbp_reply_count":0,"_bbp_total_topic_count":0,"_bbp_total_reply_count":0,"_bbp_voice_count":0,"_bbp_anonymous_reply_count":0,"_bbp_topic_count_hidden":0,"_bbp_reply_count_hidden":0,"_bbp_forum_subforum_count":0,"footnotes":""},"categories":[7],"tags":[],"class_list":["post-17212","post","type-post","status-publish","format-standard","has-post-thumbnail","hentry","category-vie-de-latelier"],"_links":{"self":[{"href":"https:\/\/acligphoto.fr\/index.php?rest_route=\/wp\/v2\/posts\/17212","targetHints":{"allow":["GET"]}}],"collection":[{"href":"https:\/\/acligphoto.fr\/index.php?rest_route=\/wp\/v2\/posts"}],"about":[{"href":"https:\/\/acligphoto.fr\/index.php?rest_route=\/wp\/v2\/types\/post"}],"author":[{"embeddable":true,"href":"https:\/\/acligphoto.fr\/index.php?rest_route=\/wp\/v2\/users\/27"}],"replies":[{"embeddable":true,"href":"https:\/\/acligphoto.fr\/index.php?rest_route=%2Fwp%2Fv2%2Fcomments&post=17212"}],"version-history":[{"count":2,"href":"https:\/\/acligphoto.fr\/index.php?rest_route=\/wp\/v2\/posts\/17212\/revisions"}],"predecessor-version":[{"id":17232,"href":"https:\/\/acligphoto.fr\/index.php?rest_route=\/wp\/v2\/posts\/17212\/revisions\/17232"}],"wp:featuredmedia":[{"embeddable":true,"href":"https:\/\/acligphoto.fr\/index.php?rest_route=\/wp\/v2\/media\/17215"}],"wp:attachment":[{"href":"https:\/\/acligphoto.fr\/index.php?rest_route=%2Fwp%2Fv2%2Fmedia&parent=17212"}],"wp:term":[{"taxonomy":"category","embeddable":true,"href":"https:\/\/acligphoto.fr\/index.php?rest_route=%2Fwp%2Fv2%2Fcategories&post=17212"},{"taxonomy":"post_tag","embeddable":true,"href":"https:\/\/acligphoto.fr\/index.php?rest_route=%2Fwp%2Fv2%2Ftags&post=17212"}],"curies":[{"name":"wp","href":"https:\/\/api.w.org\/{rel}","templated":true}]}}