{"id":17155,"date":"2026-03-11T09:21:28","date_gmt":"2026-03-11T08:21:28","guid":{"rendered":"https:\/\/acligphoto.fr\/?p=17155"},"modified":"2026-03-11T09:23:13","modified_gmt":"2026-03-11T08:23:13","slug":"expo-lingolsheim","status":"publish","type":"post","link":"https:\/\/acligphoto.fr\/?p=17155","title":{"rendered":"EXPO Lingolsheim"},"content":{"rendered":"\n<ul class=\"wp-block-list\">\n<li>Foyer Saint-Joseph<\/li>\n<\/ul>\n\n\n\n<p>Samedi 14 mars de 13 \u00e0 18 h<br>Dimanche 15 mars de 10 \u00e0 17 h<br>Foyer Saint\u2011Joseph \u2013 1 rue de l\u2019\u00c9cole \u00e0 Lingolsheim<\/p>\n\n\n\n<p>Entr\u00e9e libre \u2013 Tous publics (acc\u00e8s PMR)<\/p>\n\n\n\n<p><strong>AU PROGRAMME :<\/strong><br>\u27a9 Une diversit\u00e9 de regards : paysages, portraits, photo de rue, nature, abstraction, etc.<br>\u27a9 Un diaporama captivant : projection des oeuvres en grand format pour prolonger cette exp\u00e9rience visuelle.<br>\u27a9 Une buvette conviviale : pause gourmande autour d\u2019un verre ou d\u2019une collation.<br>Venez \u00e0 la rencontre des artistes, partagez vos impressions et repartez avec un souvenir visuel inoubliable.<\/p>\n\n\n\n<p><\/p>\n","protected":false},"excerpt":{"rendered":"<p>Samedi 14 mars de 13 \u00e0 18 hDimanche 15 mars de 10 \u00e0 17 hFoyer Saint\u2011Joseph \u2013 1 rue de l\u2019\u00c9cole \u00e0 Lingolsheim Entr\u00e9e libre \u2013 Tous publics (acc\u00e8s PMR) AU PROGRAMME :\u27a9 Une diversit\u00e9 de regards : paysages, portraits, photo de rue, nature, abstraction, etc.\u27a9 Un diaporama captivant : projection des oeuvres en grand&#8230; <\/p>\n<div class=\"link-more\"><a href=\"https:\/\/acligphoto.fr\/?p=17155\">Lire plus<\/a><\/div>\n","protected":false},"author":1,"featured_media":17156,"comment_status":"closed","ping_status":"open","sticky":true,"template":"","format":"image","meta":{"_bbp_topic_count":0,"_bbp_reply_count":0,"_bbp_total_topic_count":0,"_bbp_total_reply_count":0,"_bbp_voice_count":0,"_bbp_anonymous_reply_count":0,"_bbp_topic_count_hidden":0,"_bbp_reply_count_hidden":0,"_bbp_forum_subforum_count":0,"footnotes":""},"categories":[2],"tags":[],"class_list":["post-17155","post","type-post","status-publish","format-image","has-post-thumbnail","hentry","category-exposition","post_format-post-format-image"],"_links":{"self":[{"href":"https:\/\/acligphoto.fr\/index.php?rest_route=\/wp\/v2\/posts\/17155","targetHints":{"allow":["GET"]}}],"collection":[{"href":"https:\/\/acligphoto.fr\/index.php?rest_route=\/wp\/v2\/posts"}],"about":[{"href":"https:\/\/acligphoto.fr\/index.php?rest_route=\/wp\/v2\/types\/post"}],"author":[{"embeddable":true,"href":"https:\/\/acligphoto.fr\/index.php?rest_route=\/wp\/v2\/users\/1"}],"replies":[{"embeddable":true,"href":"https:\/\/acligphoto.fr\/index.php?rest_route=%2Fwp%2Fv2%2Fcomments&post=17155"}],"version-history":[{"count":1,"href":"https:\/\/acligphoto.fr\/index.php?rest_route=\/wp\/v2\/posts\/17155\/revisions"}],"predecessor-version":[{"id":17157,"href":"https:\/\/acligphoto.fr\/index.php?rest_route=\/wp\/v2\/posts\/17155\/revisions\/17157"}],"wp:featuredmedia":[{"embeddable":true,"href":"https:\/\/acligphoto.fr\/index.php?rest_route=\/wp\/v2\/media\/17156"}],"wp:attachment":[{"href":"https:\/\/acligphoto.fr\/index.php?rest_route=%2Fwp%2Fv2%2Fmedia&parent=17155"}],"wp:term":[{"taxonomy":"category","embeddable":true,"href":"https:\/\/acligphoto.fr\/index.php?rest_route=%2Fwp%2Fv2%2Fcategories&post=17155"},{"taxonomy":"post_tag","embeddable":true,"href":"https:\/\/acligphoto.fr\/index.php?rest_route=%2Fwp%2Fv2%2Ftags&post=17155"}],"curies":[{"name":"wp","href":"https:\/\/api.w.org\/{rel}","templated":true}]}}