{"id":16817,"date":"2026-02-07T17:17:45","date_gmt":"2026-02-07T16:17:45","guid":{"rendered":"https:\/\/acligphoto.fr\/?p=16817"},"modified":"2026-02-07T17:18:04","modified_gmt":"2026-02-07T16:18:04","slug":"raconte-ta-photo-episode-102","status":"publish","type":"post","link":"https:\/\/acligphoto.fr\/?p=16817","title":{"rendered":"Raconte ta photo, \u00e9pisode 102"},"content":{"rendered":"\n<p class=\"has-large-font-size\">Les motifs<\/p>\n\n\n<style type=\"text\/css\">\n#foogallery-gallery-16834 .fg-image { width: 270px; }\n#foogallery-gallery-16834 { --fg-gutter: 10px; }<\/style>\n\t\t\t<div class=\"foogallery foogallery-container foogallery-default foogallery-lightbox-foogallery fg-center fg-default fg-ready fg-light fg-shadow-medium fg-loading-default fg-loaded-fade-in fg-preset fg-brad fg-preset-small fg-preset fg-brad fg-preset-small\" id=\"foogallery-gallery-16834\" data-foogallery=\"{&quot;item&quot;:{&quot;showCaptionTitle&quot;:true,&quot;showCaptionDescription&quot;:true},&quot;lazy&quot;:true}\" data-foogallery-lightbox=\"{&quot;thumbs&quot;:&quot;bottom&quot;,&quot;thumbsCaptions&quot;:false,&quot;thumbsBestFit&quot;:false,&quot;thumbsSmall&quot;:false,&quot;thumbsCaptionsAlign&quot;:&quot;default&quot;,&quot;info&quot;:&quot;bottom&quot;,&quot;infoVisible&quot;:true,&quot;infoOverlay&quot;:true,&quot;infoAlign&quot;:&quot;default&quot;,&quot;transition&quot;:&quot;fade&quot;,&quot;hoverButtons&quot;:false,&quot;fitMedia&quot;:false,&quot;noScrollbars&quot;:true,&quot;preserveButtonSpace&quot;:true,&quot;buttons&quot;:{&quot;fullscreen&quot;:true,&quot;info&quot;:true,&quot;thumbs&quot;:false},&quot;video&quot;:{&quot;autoPlay&quot;:true}}\" style=\"--fg-title-line-clamp: 1; --fg-description-line-clamp: 2;\" >\n\t<div class=\"fg-item fg-type-image fg-idle\"><figure class=\"fg-item-inner\"><a href=\"https:\/\/acligphoto.fr\/wp-content\/uploads\/2026\/02\/14_Motifs_Pascale.jpg\" data-caption-title=\"Photo de Pascale\" data-caption-desc=\"Les motifs de la robe du chat : Ils se r\u00e9pondent et se r\u00e9p\u00e8tent. Ils sont parfaits. C\u2019est mon Billy.\" data-attachment-id=\"16833\" data-type=\"image\" class=\"fg-thumb\"><span class=\"fg-image-wrap\"><img fetchpriority=\"high\" decoding=\"async\" title=\"Photo de Pascale\" width=\"270\" height=\"230\" class=\"skip-lazy fg-image\" data-src-fg=\"https:\/\/acligphoto.fr\/wp-content\/uploads\/cache\/2026\/02\/14_Motifs_Pascale\/4042618259.jpg\" src=\"data:image\/svg+xml,%3Csvg%20xmlns%3D%22http%3A%2F%2Fwww.w3.org%2F2000%2Fsvg%22%20width%3D%22270%22%20height%3D%22230%22%20viewBox%3D%220%200%20270%20230%22%3E%3C%2Fsvg%3E\" loading=\"eager\"><\/span><span class=\"fg-image-overlay\"><\/span><\/a><figcaption class=\"fg-caption\"><div class=\"fg-caption-inner\"><div class=\"fg-caption-title\">Photo de Pascale<\/div><div class=\"fg-caption-desc\">Les motifs de la robe du chat : Ils se r\u00e9pondent et se r\u00e9p\u00e8tent. Ils sont parfaits. C\u2019est mon Billy.<\/div><\/div><\/figcaption><\/figure><div class=\"fg-loader\"><\/div><\/div><div class=\"fg-item fg-type-image fg-idle\"><figure class=\"fg-item-inner\"><a href=\"https:\/\/acligphoto.fr\/wp-content\/uploads\/2026\/02\/13_Motifs_Lisa.jpg\" data-caption-title=\"Photo de Lisa\" data-caption-desc=\"Une photo de circonstance \u00e0 l&#039;approche de la St Valentin. Photo prise le long du Rhin en mai\n2025 lors d&#039;une balade \u00e0 v\u00e9lo. Je ne savais pas encore ce que je pourrais bien en faire de ce\nclich\u00e9, et bien voil\u00e0 c&#039;est fait.\" data-attachment-id=\"16832\" data-type=\"image\" class=\"fg-thumb\"><span class=\"fg-image-wrap\"><img decoding=\"async\" title=\"Photo de Lisa\" width=\"270\" height=\"230\" class=\"skip-lazy fg-image\" data-src-fg=\"https:\/\/acligphoto.fr\/wp-content\/uploads\/cache\/2026\/02\/13_Motifs_Lisa\/4166322830.jpg\" src=\"data:image\/svg+xml,%3Csvg%20xmlns%3D%22http%3A%2F%2Fwww.w3.org%2F2000%2Fsvg%22%20width%3D%22270%22%20height%3D%22230%22%20viewBox%3D%220%200%20270%20230%22%3E%3C%2Fsvg%3E\" loading=\"eager\"><\/span><span class=\"fg-image-overlay\"><\/span><\/a><figcaption class=\"fg-caption\"><div class=\"fg-caption-inner\"><div class=\"fg-caption-title\">Photo de Lisa<\/div><div class=\"fg-caption-desc\">Une photo de circonstance \u00e0 l&rsquo;approche de la St Valentin. Photo prise le long du Rhin en mai\n2025 lors d&rsquo;une balade \u00e0 v\u00e9lo. Je ne savais pas encore ce que je pourrais bien en faire de ce\nclich\u00e9, et bien voil\u00e0 c&rsquo;est fait.<\/div><\/div><\/figcaption><\/figure><div class=\"fg-loader\"><\/div><\/div><div class=\"fg-item fg-type-image fg-idle\"><figure class=\"fg-item-inner\"><a href=\"https:\/\/acligphoto.fr\/wp-content\/uploads\/2026\/02\/12a_Motifs_Gilbert.jpg\" data-caption-title=\"Photo de Gilbert\" data-caption-desc=\"Plafond de la synagogue de Prague. Photo prise lors d\u2019un court s\u00e9jour dans cette tr\u00e8s belle capitale\" data-attachment-id=\"16831\" data-type=\"image\" class=\"fg-thumb\"><span class=\"fg-image-wrap\"><img decoding=\"async\" title=\"Photo de Gilbert\" width=\"270\" height=\"230\" class=\"skip-lazy fg-image\" data-src-fg=\"https:\/\/acligphoto.fr\/wp-content\/uploads\/cache\/2026\/02\/12a_Motifs_Gilbert\/3568117854.jpg\" src=\"data:image\/svg+xml,%3Csvg%20xmlns%3D%22http%3A%2F%2Fwww.w3.org%2F2000%2Fsvg%22%20width%3D%22270%22%20height%3D%22230%22%20viewBox%3D%220%200%20270%20230%22%3E%3C%2Fsvg%3E\" loading=\"eager\"><\/span><span class=\"fg-image-overlay\"><\/span><\/a><figcaption class=\"fg-caption\"><div class=\"fg-caption-inner\"><div class=\"fg-caption-title\">Photo de Gilbert<\/div><div class=\"fg-caption-desc\">Plafond de la synagogue de Prague. Photo prise lors d\u2019un court s\u00e9jour dans cette tr\u00e8s belle capitale<\/div><\/div><\/figcaption><\/figure><div class=\"fg-loader\"><\/div><\/div><div class=\"fg-item fg-type-image fg-idle\"><figure class=\"fg-item-inner\"><a href=\"https:\/\/acligphoto.fr\/wp-content\/uploads\/2026\/02\/12_Motifs_Gilbert.jpeg\" data-caption-title=\"Photo de Gilbert\" data-caption-desc=\"Azulejos sous les balcons dans une rue \u00e0 Cadaqu\u00e8s: Issu du mot arabe al-zuleij, qui\nsignifie \u00ab pierre polie \u00bb, l\u2019azulejo renvoie \u00e0 une p\u00e9riode o\u00f9 quasiment toute la p\u00e9ninsule\nIb\u00e9rique \u00e9tait sous domination musulmane et portait le nom d\u2019Al-Andalus \u2013 une p\u00e9riode qui\na d\u00e9but\u00e9 en 711 et dur\u00e9 pr\u00e8s de huit cent ans, jusqu\u2019\u00e0 la prise de Grenade, en 1492.\" data-attachment-id=\"16830\" data-type=\"image\" class=\"fg-thumb\"><span class=\"fg-image-wrap\"><img decoding=\"async\" title=\"Photo de Gilbert\" width=\"270\" height=\"230\" class=\"skip-lazy fg-image\" data-src-fg=\"https:\/\/acligphoto.fr\/wp-content\/uploads\/cache\/2026\/02\/12_Motifs_Gilbert\/265315189.jpeg\" src=\"data:image\/svg+xml,%3Csvg%20xmlns%3D%22http%3A%2F%2Fwww.w3.org%2F2000%2Fsvg%22%20width%3D%22270%22%20height%3D%22230%22%20viewBox%3D%220%200%20270%20230%22%3E%3C%2Fsvg%3E\" loading=\"eager\"><\/span><span class=\"fg-image-overlay\"><\/span><\/a><figcaption class=\"fg-caption\"><div class=\"fg-caption-inner\"><div class=\"fg-caption-title\">Photo de Gilbert<\/div><div class=\"fg-caption-desc\">Azulejos sous les balcons dans une rue \u00e0 Cadaqu\u00e8s: Issu du mot arabe al-zuleij, qui\nsignifie \u00ab pierre polie \u00bb, l\u2019azulejo renvoie \u00e0 une p\u00e9riode o\u00f9 quasiment toute la p\u00e9ninsule\nIb\u00e9rique \u00e9tait sous domination musulmane et portait le nom d\u2019Al-Andalus \u2013 une p\u00e9riode qui\na d\u00e9but\u00e9 en 711 et dur\u00e9 pr\u00e8s de huit cent ans, jusqu\u2019\u00e0 la prise de Grenade, en 1492.<\/div><\/div><\/figcaption><\/figure><div class=\"fg-loader\"><\/div><\/div><div class=\"fg-item fg-type-image fg-idle\"><figure class=\"fg-item-inner\"><a href=\"https:\/\/acligphoto.fr\/wp-content\/uploads\/2026\/02\/11_Motifs_Daniel.jpg\" data-caption-title=\"Photo de Daniel\" data-caption-desc=\"En Bolivie dans le Salar d\u2019Uyuni un carrelage blanc de polygones de sel. Ces figures\ng\u00e9om\u00e9triques se dessinent spontan\u00e9ment. Prise de vue au coucher du soleil o\u00f9 elles sont\nplus marqu\u00e9es.\" data-attachment-id=\"16829\" data-type=\"image\" class=\"fg-thumb\"><span class=\"fg-image-wrap\"><img decoding=\"async\" title=\"Photo de Daniel\" width=\"270\" height=\"230\" class=\"skip-lazy fg-image\" data-src-fg=\"https:\/\/acligphoto.fr\/wp-content\/uploads\/cache\/2026\/02\/11_Motifs_Daniel\/4260419461.jpg\" src=\"data:image\/svg+xml,%3Csvg%20xmlns%3D%22http%3A%2F%2Fwww.w3.org%2F2000%2Fsvg%22%20width%3D%22270%22%20height%3D%22230%22%20viewBox%3D%220%200%20270%20230%22%3E%3C%2Fsvg%3E\" loading=\"eager\"><\/span><span class=\"fg-image-overlay\"><\/span><\/a><figcaption class=\"fg-caption\"><div class=\"fg-caption-inner\"><div class=\"fg-caption-title\">Photo de Daniel<\/div><div class=\"fg-caption-desc\">En Bolivie dans le Salar d\u2019Uyuni un carrelage blanc de polygones de sel. Ces figures\ng\u00e9om\u00e9triques se dessinent spontan\u00e9ment. Prise de vue au coucher du soleil o\u00f9 elles sont\nplus marqu\u00e9es.<\/div><\/div><\/figcaption><\/figure><div class=\"fg-loader\"><\/div><\/div><div class=\"fg-item fg-type-image fg-idle\"><figure class=\"fg-item-inner\"><a href=\"https:\/\/acligphoto.fr\/wp-content\/uploads\/2026\/02\/10_Motifs_Robert.jpg\" data-caption-title=\"Photo de Robert\" data-caption-desc=\"Photo prise en 2017 d&#039;un tronc de bois flott\u00e9 sur une plage abandonn\u00e9e de la Cr\u00eate.\" data-attachment-id=\"16828\" data-type=\"image\" class=\"fg-thumb\"><span class=\"fg-image-wrap\"><img decoding=\"async\" title=\"Photo de Robert\" width=\"270\" height=\"230\" class=\"skip-lazy fg-image\" data-src-fg=\"https:\/\/acligphoto.fr\/wp-content\/uploads\/cache\/2026\/02\/10_Motifs_Robert\/1968330954.jpg\" src=\"data:image\/svg+xml,%3Csvg%20xmlns%3D%22http%3A%2F%2Fwww.w3.org%2F2000%2Fsvg%22%20width%3D%22270%22%20height%3D%22230%22%20viewBox%3D%220%200%20270%20230%22%3E%3C%2Fsvg%3E\" loading=\"eager\"><\/span><span class=\"fg-image-overlay\"><\/span><\/a><figcaption class=\"fg-caption\"><div class=\"fg-caption-inner\"><div class=\"fg-caption-title\">Photo de Robert<\/div><div class=\"fg-caption-desc\">Photo prise en 2017 d&rsquo;un tronc de bois flott\u00e9 sur une plage abandonn\u00e9e de la Cr\u00eate.<\/div><\/div><\/figcaption><\/figure><div class=\"fg-loader\"><\/div><\/div><div class=\"fg-item fg-type-image fg-idle\"><figure class=\"fg-item-inner\"><a href=\"https:\/\/acligphoto.fr\/wp-content\/uploads\/2026\/02\/09_Motifs_Alan.jpg\" data-caption-title=\"Photo de Alan, Titre : \u00ab Motifs d&#039;architecture \u00bb\" data-caption-desc=\"Photo prise \u00e0 Rennes\" data-attachment-id=\"16827\" data-type=\"image\" class=\"fg-thumb\"><span class=\"fg-image-wrap\"><img decoding=\"async\" title=\"Photo de Alan, Titre : \u00ab Motifs d&#039;architecture \u00bb\" width=\"270\" height=\"230\" class=\"skip-lazy fg-image\" data-src-fg=\"https:\/\/acligphoto.fr\/wp-content\/uploads\/cache\/2026\/02\/09_Motifs_Alan\/2079865453.jpg\" src=\"data:image\/svg+xml,%3Csvg%20xmlns%3D%22http%3A%2F%2Fwww.w3.org%2F2000%2Fsvg%22%20width%3D%22270%22%20height%3D%22230%22%20viewBox%3D%220%200%20270%20230%22%3E%3C%2Fsvg%3E\" loading=\"eager\"><\/span><span class=\"fg-image-overlay\"><\/span><\/a><figcaption class=\"fg-caption\"><div class=\"fg-caption-inner\"><div class=\"fg-caption-title\">Photo de Alan, Titre : \u00ab Motifs d&rsquo;architecture \u00bb<\/div><div class=\"fg-caption-desc\">Photo prise \u00e0 Rennes<\/div><\/div><\/figcaption><\/figure><div class=\"fg-loader\"><\/div><\/div><div class=\"fg-item fg-type-image fg-idle\"><figure class=\"fg-item-inner\"><a href=\"https:\/\/acligphoto.fr\/wp-content\/uploads\/2026\/02\/08_Motifs_Remi.jpg\" data-caption-title=\"Photo de R\u00e9mi\" data-caption-desc=\"Le motif de ces pav\u00e9s m\u2019a toujours fait penser \u00e0 un verre \u00e0 bi\u00e8re. J\u2019ai donc concr\u00e9tis\u00e9 ma\nvision et \u00e7a marche. Donc une fois le montage termin\u00e9, je l\u2019ai bu la bi\u00e8re.\" data-attachment-id=\"16826\" data-type=\"image\" class=\"fg-thumb\"><span class=\"fg-image-wrap\"><img decoding=\"async\" title=\"Photo de R\u00e9mi\" width=\"270\" height=\"230\" class=\"skip-lazy fg-image\" data-src-fg=\"https:\/\/acligphoto.fr\/wp-content\/uploads\/cache\/2026\/02\/08_Motifs_Remi\/654324952.jpg\" src=\"data:image\/svg+xml,%3Csvg%20xmlns%3D%22http%3A%2F%2Fwww.w3.org%2F2000%2Fsvg%22%20width%3D%22270%22%20height%3D%22230%22%20viewBox%3D%220%200%20270%20230%22%3E%3C%2Fsvg%3E\" loading=\"eager\"><\/span><span class=\"fg-image-overlay\"><\/span><\/a><figcaption class=\"fg-caption\"><div class=\"fg-caption-inner\"><div class=\"fg-caption-title\">Photo de R\u00e9mi<\/div><div class=\"fg-caption-desc\">Le motif de ces pav\u00e9s m\u2019a toujours fait penser \u00e0 un verre \u00e0 bi\u00e8re. J\u2019ai donc concr\u00e9tis\u00e9 ma\nvision et \u00e7a marche. Donc une fois le montage termin\u00e9, je l\u2019ai bu la bi\u00e8re.<\/div><\/div><\/figcaption><\/figure><div class=\"fg-loader\"><\/div><\/div><div class=\"fg-item fg-type-image fg-idle\"><figure class=\"fg-item-inner\"><a href=\"https:\/\/acligphoto.fr\/wp-content\/uploads\/2026\/02\/07_Motifs_Francis.jpg\" data-caption-title=\"Photo de Francis\" data-caption-desc=\"Il s&#039;agit d&#039;une sculpture agr\u00e9mentant une fontaine pr\u00e8s d&#039;une plage Normande.\" data-attachment-id=\"16825\" data-type=\"image\" class=\"fg-thumb\"><span class=\"fg-image-wrap\"><img decoding=\"async\" title=\"Photo de Francis\" width=\"270\" height=\"230\" class=\"skip-lazy fg-image\" data-src-fg=\"https:\/\/acligphoto.fr\/wp-content\/uploads\/cache\/2026\/02\/07_Motifs_Francis\/2984536311.jpg\" src=\"data:image\/svg+xml,%3Csvg%20xmlns%3D%22http%3A%2F%2Fwww.w3.org%2F2000%2Fsvg%22%20width%3D%22270%22%20height%3D%22230%22%20viewBox%3D%220%200%20270%20230%22%3E%3C%2Fsvg%3E\" loading=\"eager\"><\/span><span class=\"fg-image-overlay\"><\/span><\/a><figcaption class=\"fg-caption\"><div class=\"fg-caption-inner\"><div class=\"fg-caption-title\">Photo de Francis<\/div><div class=\"fg-caption-desc\">Il s&rsquo;agit d&rsquo;une sculpture agr\u00e9mentant une fontaine pr\u00e8s d&rsquo;une plage Normande.<\/div><\/div><\/figcaption><\/figure><div class=\"fg-loader\"><\/div><\/div><div class=\"fg-item fg-type-image fg-idle\"><figure class=\"fg-item-inner\"><a href=\"https:\/\/acligphoto.fr\/wp-content\/uploads\/2026\/02\/06_Motifs_Armand.jpg\" data-caption-title=\"Photo de Armand\" data-caption-desc=\"Quand on manque de motifs ou de motivation, il faut se rendre dans l\u2019Alhambra \u00e0 Grenade. Trouvailles en pagaille garanties.\" data-attachment-id=\"16824\" data-type=\"image\" class=\"fg-thumb\"><span class=\"fg-image-wrap\"><img decoding=\"async\" title=\"Photo de Armand\" width=\"270\" height=\"230\" class=\"skip-lazy fg-image\" data-src-fg=\"https:\/\/acligphoto.fr\/wp-content\/uploads\/cache\/2026\/02\/06_Motifs_Armand\/1375172166.jpg\" src=\"data:image\/svg+xml,%3Csvg%20xmlns%3D%22http%3A%2F%2Fwww.w3.org%2F2000%2Fsvg%22%20width%3D%22270%22%20height%3D%22230%22%20viewBox%3D%220%200%20270%20230%22%3E%3C%2Fsvg%3E\" loading=\"eager\"><\/span><span class=\"fg-image-overlay\"><\/span><\/a><figcaption class=\"fg-caption\"><div class=\"fg-caption-inner\"><div class=\"fg-caption-title\">Photo de Armand<\/div><div class=\"fg-caption-desc\">Quand on manque de motifs ou de motivation, il faut se rendre dans l\u2019Alhambra \u00e0 Grenade. Trouvailles en pagaille garanties.<\/div><\/div><\/figcaption><\/figure><div class=\"fg-loader\"><\/div><\/div><div class=\"fg-item fg-type-image fg-idle\"><figure class=\"fg-item-inner\"><a href=\"https:\/\/acligphoto.fr\/wp-content\/uploads\/2026\/02\/05_Motifs_Louis.jpg\" data-caption-title=\"Photo de Louis\" data-caption-desc=\"Photo r\u00e9alis\u00e9e sur le toit du philharmonique de Paris.\" data-attachment-id=\"16823\" data-type=\"image\" class=\"fg-thumb\"><span class=\"fg-image-wrap\"><img decoding=\"async\" title=\"Photo de Louis\" width=\"270\" height=\"230\" class=\"skip-lazy fg-image\" data-src-fg=\"https:\/\/acligphoto.fr\/wp-content\/uploads\/cache\/2026\/02\/05_Motifs_Louis\/1522439343.jpg\" src=\"data:image\/svg+xml,%3Csvg%20xmlns%3D%22http%3A%2F%2Fwww.w3.org%2F2000%2Fsvg%22%20width%3D%22270%22%20height%3D%22230%22%20viewBox%3D%220%200%20270%20230%22%3E%3C%2Fsvg%3E\" loading=\"eager\"><\/span><span class=\"fg-image-overlay\"><\/span><\/a><figcaption class=\"fg-caption\"><div class=\"fg-caption-inner\"><div class=\"fg-caption-title\">Photo de Louis<\/div><div class=\"fg-caption-desc\">Photo r\u00e9alis\u00e9e sur le toit du philharmonique de Paris.<\/div><\/div><\/figcaption><\/figure><div class=\"fg-loader\"><\/div><\/div><div class=\"fg-item fg-type-image fg-idle\"><figure class=\"fg-item-inner\"><a href=\"https:\/\/acligphoto.fr\/wp-content\/uploads\/2026\/02\/04_Motifs_Iza.jpg\" data-caption-title=\"Photo de Iza\" data-caption-desc=\"Aujourd&#039;hui...\nFocus sur une feuille solitaire\nCompl\u00e8tement dess\u00e9ch\u00e9e\nComme suspendue dans les airs sur une brindille. La voici dupliqu\u00e9e avec G&#039;Mic (filtre MOTIF). Je joue avec les couleurs sur PSE et le tour est jou\u00e9 pour un joli motif.\" data-attachment-id=\"16822\" data-type=\"image\" class=\"fg-thumb\"><span class=\"fg-image-wrap\"><img decoding=\"async\" title=\"Photo de Iza\" width=\"270\" height=\"230\" class=\"skip-lazy fg-image\" data-src-fg=\"https:\/\/acligphoto.fr\/wp-content\/uploads\/cache\/2026\/02\/04_Motifs_Iza\/1857596101.jpg\" src=\"data:image\/svg+xml,%3Csvg%20xmlns%3D%22http%3A%2F%2Fwww.w3.org%2F2000%2Fsvg%22%20width%3D%22270%22%20height%3D%22230%22%20viewBox%3D%220%200%20270%20230%22%3E%3C%2Fsvg%3E\" loading=\"eager\"><\/span><span class=\"fg-image-overlay\"><\/span><\/a><figcaption class=\"fg-caption\"><div class=\"fg-caption-inner\"><div class=\"fg-caption-title\">Photo de Iza<\/div><div class=\"fg-caption-desc\">Aujourd&rsquo;hui&#8230;\nFocus sur une feuille solitaire\nCompl\u00e8tement dess\u00e9ch\u00e9e\nComme suspendue dans les airs sur une brindille. La voici dupliqu\u00e9e avec G&rsquo;Mic (filtre MOTIF). Je joue avec les couleurs sur PSE et le tour est jou\u00e9 pour un joli motif.<\/div><\/div><\/figcaption><\/figure><div class=\"fg-loader\"><\/div><\/div><div class=\"fg-item fg-type-image fg-idle\"><figure class=\"fg-item-inner\"><a href=\"https:\/\/acligphoto.fr\/wp-content\/uploads\/2026\/02\/03_Motifs_GuyB.jpg\" data-caption-title=\"Photo de Guy B.\" data-caption-desc=\"Photo r\u00e9alis\u00e9e \u00e0 G\u00e9rardmer au lendemain de notre derni\u00e8re r\u00e9union pl\u00e9ni\u00e8re. Un haut lieu\nde la lingerie, seule la couleur \u00e9gaye la monotonie des motifs.\" data-attachment-id=\"16821\" data-type=\"image\" class=\"fg-thumb\"><span class=\"fg-image-wrap\"><img decoding=\"async\" title=\"Photo de Guy B.\" width=\"270\" height=\"230\" class=\"skip-lazy fg-image\" data-src-fg=\"https:\/\/acligphoto.fr\/wp-content\/uploads\/cache\/2026\/02\/03_Motifs_GuyB\/3812752198.jpg\" src=\"data:image\/svg+xml,%3Csvg%20xmlns%3D%22http%3A%2F%2Fwww.w3.org%2F2000%2Fsvg%22%20width%3D%22270%22%20height%3D%22230%22%20viewBox%3D%220%200%20270%20230%22%3E%3C%2Fsvg%3E\" loading=\"eager\"><\/span><span class=\"fg-image-overlay\"><\/span><\/a><figcaption class=\"fg-caption\"><div class=\"fg-caption-inner\"><div class=\"fg-caption-title\">Photo de Guy B.<\/div><div class=\"fg-caption-desc\">Photo r\u00e9alis\u00e9e \u00e0 G\u00e9rardmer au lendemain de notre derni\u00e8re r\u00e9union pl\u00e9ni\u00e8re. Un haut lieu\nde la lingerie, seule la couleur \u00e9gaye la monotonie des motifs.<\/div><\/div><\/figcaption><\/figure><div class=\"fg-loader\"><\/div><\/div><div class=\"fg-item fg-type-image fg-idle\"><figure class=\"fg-item-inner\"><a href=\"https:\/\/acligphoto.fr\/wp-content\/uploads\/2026\/02\/02_Motifs_JL.jpg\" data-caption-title=\"Photo de Jean-Louis\" data-caption-desc=\"Motif d&#039;azulejos retrouv\u00e9 tant au Maroc qu&#039;en Andalousie.\" data-attachment-id=\"16820\" data-type=\"image\" class=\"fg-thumb\"><span class=\"fg-image-wrap\"><img decoding=\"async\" title=\"Photo de Jean-Louis\" width=\"270\" height=\"230\" class=\"skip-lazy fg-image\" data-src-fg=\"https:\/\/acligphoto.fr\/wp-content\/uploads\/cache\/2026\/02\/02_Motifs_JL\/4051467102.jpg\" src=\"data:image\/svg+xml,%3Csvg%20xmlns%3D%22http%3A%2F%2Fwww.w3.org%2F2000%2Fsvg%22%20width%3D%22270%22%20height%3D%22230%22%20viewBox%3D%220%200%20270%20230%22%3E%3C%2Fsvg%3E\" loading=\"eager\"><\/span><span class=\"fg-image-overlay\"><\/span><\/a><figcaption class=\"fg-caption\"><div class=\"fg-caption-inner\"><div class=\"fg-caption-title\">Photo de Jean-Louis<\/div><div class=\"fg-caption-desc\">Motif d&rsquo;azulejos retrouv\u00e9 tant au Maroc qu&rsquo;en Andalousie.<\/div><\/div><\/figcaption><\/figure><div class=\"fg-loader\"><\/div><\/div><div class=\"fg-item fg-type-image fg-idle\"><figure class=\"fg-item-inner\"><a href=\"https:\/\/acligphoto.fr\/wp-content\/uploads\/2026\/02\/01_Motifs_Vincent.jpg\" data-caption-title=\"Photo de Vincent\" data-caption-desc=\"La nature est une in\u00e9puisable source d\u2019inspiration. De nombreux motifs repr\u00e9sentant des fleurs ou des v\u00e9g\u00e9taux se retrouvent sur nos tissus ou nos papiers peints. Euphorbe h\u00e9risson \u2013 Cr\u00eate.\" data-attachment-id=\"16819\" data-type=\"image\" class=\"fg-thumb\"><span class=\"fg-image-wrap\"><img decoding=\"async\" title=\"Photo de Vincent\" width=\"270\" height=\"230\" class=\"skip-lazy fg-image\" data-src-fg=\"https:\/\/acligphoto.fr\/wp-content\/uploads\/cache\/2026\/02\/01_Motifs_Vincent\/2659711937.jpg\" src=\"data:image\/svg+xml,%3Csvg%20xmlns%3D%22http%3A%2F%2Fwww.w3.org%2F2000%2Fsvg%22%20width%3D%22270%22%20height%3D%22230%22%20viewBox%3D%220%200%20270%20230%22%3E%3C%2Fsvg%3E\" loading=\"eager\"><\/span><span class=\"fg-image-overlay\"><\/span><\/a><figcaption class=\"fg-caption\"><div class=\"fg-caption-inner\"><div class=\"fg-caption-title\">Photo de Vincent<\/div><div class=\"fg-caption-desc\">La nature est une in\u00e9puisable source d\u2019inspiration. De nombreux motifs repr\u00e9sentant des fleurs ou des v\u00e9g\u00e9taux se retrouvent sur nos tissus ou nos papiers peints. Euphorbe h\u00e9risson \u2013 Cr\u00eate.<\/div><\/div><\/figcaption><\/figure><div class=\"fg-loader\"><\/div><\/div><\/div>\n","protected":false},"excerpt":{"rendered":"<p>Les motifs<\/p>\n","protected":false},"author":27,"featured_media":16819,"comment_status":"closed","ping_status":"open","sticky":true,"template":"","format":"standard","meta":{"_bbp_topic_count":0,"_bbp_reply_count":0,"_bbp_total_topic_count":0,"_bbp_total_reply_count":0,"_bbp_voice_count":0,"_bbp_anonymous_reply_count":0,"_bbp_topic_count_hidden":0,"_bbp_reply_count_hidden":0,"_bbp_forum_subforum_count":0,"footnotes":""},"categories":[7],"tags":[],"class_list":["post-16817","post","type-post","status-publish","format-standard","has-post-thumbnail","hentry","category-vie-de-latelier"],"_links":{"self":[{"href":"https:\/\/acligphoto.fr\/index.php?rest_route=\/wp\/v2\/posts\/16817","targetHints":{"allow":["GET"]}}],"collection":[{"href":"https:\/\/acligphoto.fr\/index.php?rest_route=\/wp\/v2\/posts"}],"about":[{"href":"https:\/\/acligphoto.fr\/index.php?rest_route=\/wp\/v2\/types\/post"}],"author":[{"embeddable":true,"href":"https:\/\/acligphoto.fr\/index.php?rest_route=\/wp\/v2\/users\/27"}],"replies":[{"embeddable":true,"href":"https:\/\/acligphoto.fr\/index.php?rest_route=%2Fwp%2Fv2%2Fcomments&post=16817"}],"version-history":[{"count":2,"href":"https:\/\/acligphoto.fr\/index.php?rest_route=\/wp\/v2\/posts\/16817\/revisions"}],"predecessor-version":[{"id":16836,"href":"https:\/\/acligphoto.fr\/index.php?rest_route=\/wp\/v2\/posts\/16817\/revisions\/16836"}],"wp:featuredmedia":[{"embeddable":true,"href":"https:\/\/acligphoto.fr\/index.php?rest_route=\/wp\/v2\/media\/16819"}],"wp:attachment":[{"href":"https:\/\/acligphoto.fr\/index.php?rest_route=%2Fwp%2Fv2%2Fmedia&parent=16817"}],"wp:term":[{"taxonomy":"category","embeddable":true,"href":"https:\/\/acligphoto.fr\/index.php?rest_route=%2Fwp%2Fv2%2Fcategories&post=16817"},{"taxonomy":"post_tag","embeddable":true,"href":"https:\/\/acligphoto.fr\/index.php?rest_route=%2Fwp%2Fv2%2Ftags&post=16817"}],"curies":[{"name":"wp","href":"https:\/\/api.w.org\/{rel}","templated":true}]}}