{"id":16660,"date":"2026-01-10T16:00:39","date_gmt":"2026-01-10T15:00:39","guid":{"rendered":"https:\/\/acligphoto.fr\/?p=16660"},"modified":"2026-01-10T16:00:56","modified_gmt":"2026-01-10T15:00:56","slug":"raconte-ta-photo-episode-100","status":"publish","type":"post","link":"https:\/\/acligphoto.fr\/?p=16660","title":{"rendered":"Raconte ta photo, \u00e9pisode 100"},"content":{"rendered":"\n<p class=\"has-large-font-size\">Depuis ta fen\u00eatre<\/p>\n\n\n<style type=\"text\/css\">\n#foogallery-gallery-16675 .fg-image { width: 270px; }\n#foogallery-gallery-16675 { --fg-gutter: 10px; }<\/style>\n\t\t\t<div class=\"foogallery foogallery-container foogallery-default foogallery-lightbox-foogallery fg-center fg-default fg-ready fg-light fg-shadow-medium fg-loading-default fg-loaded-fade-in fg-preset fg-brad fg-preset-small fg-preset fg-brad fg-preset-small\" id=\"foogallery-gallery-16675\" data-foogallery=\"{&quot;item&quot;:{&quot;showCaptionTitle&quot;:true,&quot;showCaptionDescription&quot;:true},&quot;lazy&quot;:true}\" data-foogallery-lightbox=\"{&quot;thumbs&quot;:&quot;bottom&quot;,&quot;thumbsCaptions&quot;:false,&quot;thumbsBestFit&quot;:false,&quot;thumbsSmall&quot;:false,&quot;thumbsCaptionsAlign&quot;:&quot;default&quot;,&quot;info&quot;:&quot;bottom&quot;,&quot;infoVisible&quot;:true,&quot;infoOverlay&quot;:true,&quot;infoAlign&quot;:&quot;default&quot;,&quot;transition&quot;:&quot;fade&quot;,&quot;hoverButtons&quot;:false,&quot;fitMedia&quot;:false,&quot;noScrollbars&quot;:true,&quot;preserveButtonSpace&quot;:true,&quot;buttons&quot;:{&quot;fullscreen&quot;:true,&quot;info&quot;:true,&quot;thumbs&quot;:false},&quot;video&quot;:{&quot;autoPlay&quot;:true}}\" style=\"--fg-title-line-clamp: 0; --fg-description-line-clamp: 0;\" >\n\t<div class=\"fg-item fg-type-image fg-idle\"><figure class=\"fg-item-inner\"><a href=\"https:\/\/acligphoto.fr\/wp-content\/uploads\/2026\/01\/13_Fenetre_Daniel.jpg\" data-caption-title=\"Photo de Daniel\" data-caption-desc=\"Photo prise avec le portable un soir de juillet 2025, le ciel \u00e9tait si particulier que je n\u2019ai pas r\u00e9sist\u00e9 \u00e0 un couch\u00e9 de soleil.\" data-attachment-id=\"16674\" data-type=\"image\" class=\"fg-thumb\"><span class=\"fg-image-wrap\"><img fetchpriority=\"high\" decoding=\"async\" title=\"Photo de Daniel\" width=\"270\" height=\"230\" class=\"skip-lazy fg-image\" data-src-fg=\"https:\/\/acligphoto.fr\/wp-content\/uploads\/cache\/2026\/01\/13_Fenetre_Daniel\/483659017.jpg\" src=\"data:image\/svg+xml,%3Csvg%20xmlns%3D%22http%3A%2F%2Fwww.w3.org%2F2000%2Fsvg%22%20width%3D%22270%22%20height%3D%22230%22%20viewBox%3D%220%200%20270%20230%22%3E%3C%2Fsvg%3E\" loading=\"eager\"><\/span><span class=\"fg-image-overlay\"><\/span><\/a><figcaption class=\"fg-caption\"><div class=\"fg-caption-inner\"><div class=\"fg-caption-title\">Photo de Daniel<\/div><div class=\"fg-caption-desc\">Photo prise avec le portable un soir de juillet 2025, le ciel \u00e9tait si particulier que je n\u2019ai pas r\u00e9sist\u00e9 \u00e0 un couch\u00e9 de soleil.<\/div><\/div><\/figcaption><\/figure><div class=\"fg-loader\"><\/div><\/div><div class=\"fg-item fg-type-image fg-idle\"><figure class=\"fg-item-inner\"><a href=\"https:\/\/acligphoto.fr\/wp-content\/uploads\/2026\/01\/12_Fenetre_Robert.jpg\" data-caption-title=\"Photo de Robert\" data-caption-desc=\"Photo prise dans la salle de bain il y a quelques jours, la neige pos\u00e9e sur le v\u00e9lux obstrue la vue vers l&#039;ext\u00e9rieur, je n&#039;y voie rien.\" data-attachment-id=\"16673\" data-type=\"image\" class=\"fg-thumb\"><span class=\"fg-image-wrap\"><img decoding=\"async\" title=\"Photo de Robert\" width=\"270\" height=\"230\" class=\"skip-lazy fg-image\" data-src-fg=\"https:\/\/acligphoto.fr\/wp-content\/uploads\/cache\/2026\/01\/12_Fenetre_Robert\/1030768066.jpg\" src=\"data:image\/svg+xml,%3Csvg%20xmlns%3D%22http%3A%2F%2Fwww.w3.org%2F2000%2Fsvg%22%20width%3D%22270%22%20height%3D%22230%22%20viewBox%3D%220%200%20270%20230%22%3E%3C%2Fsvg%3E\" loading=\"eager\"><\/span><span class=\"fg-image-overlay\"><\/span><\/a><figcaption class=\"fg-caption\"><div class=\"fg-caption-inner\"><div class=\"fg-caption-title\">Photo de Robert<\/div><div class=\"fg-caption-desc\">Photo prise dans la salle de bain il y a quelques jours, la neige pos\u00e9e sur le v\u00e9lux obstrue la vue vers l&rsquo;ext\u00e9rieur, je n&rsquo;y voie rien.<\/div><\/div><\/figcaption><\/figure><div class=\"fg-loader\"><\/div><\/div><div class=\"fg-item fg-type-image fg-idle\"><figure class=\"fg-item-inner\"><a href=\"https:\/\/acligphoto.fr\/wp-content\/uploads\/2026\/01\/11_Fenetre_Vincent.jpg\" data-caption-title=\"Photo de Vincent\" data-caption-desc=\"Photo r\u00e9alis\u00e9e le 15 janvier 2021 \u00e0 7h40 de mon balcon (qui comporte une fen\u00eatre) \u00e0 Oberhausbergen.\" data-attachment-id=\"16672\" data-type=\"image\" class=\"fg-thumb\"><span class=\"fg-image-wrap\"><img decoding=\"async\" title=\"Photo de Vincent\" width=\"270\" height=\"230\" class=\"skip-lazy fg-image\" data-src-fg=\"https:\/\/acligphoto.fr\/wp-content\/uploads\/cache\/2026\/01\/11_Fenetre_Vincent\/4004769436.jpg\" src=\"data:image\/svg+xml,%3Csvg%20xmlns%3D%22http%3A%2F%2Fwww.w3.org%2F2000%2Fsvg%22%20width%3D%22270%22%20height%3D%22230%22%20viewBox%3D%220%200%20270%20230%22%3E%3C%2Fsvg%3E\" loading=\"eager\"><\/span><span class=\"fg-image-overlay\"><\/span><\/a><figcaption class=\"fg-caption\"><div class=\"fg-caption-inner\"><div class=\"fg-caption-title\">Photo de Vincent<\/div><div class=\"fg-caption-desc\">Photo r\u00e9alis\u00e9e le 15 janvier 2021 \u00e0 7h40 de mon balcon (qui comporte une fen\u00eatre) \u00e0 Oberhausbergen.<\/div><\/div><\/figcaption><\/figure><div class=\"fg-loader\"><\/div><\/div><div class=\"fg-item fg-type-image fg-idle\"><figure class=\"fg-item-inner\"><a href=\"https:\/\/acligphoto.fr\/wp-content\/uploads\/2026\/01\/10_Fenetre_Gilbert.jpg\" data-caption-title=\"Photo de Gilbert\" data-caption-desc=\"Depuis ma fen\u00eatre, je photographie bien des situations cocasses, scabreuses, des concerts improvis\u00e9s, des ruptures amoureuses ou encore des \u00e9tudiants \u00e9m\u00e9ch\u00e9s qui se jettent dans l&#039;Ill dans le simple appareil \u00e0 4h du matin\u2026 J\u2019ai choisi de pr\u00e9senter cette photo plus cool, de deux \u00e9l\u00e9gantes qui se selfichaient r\u00e9ciproquement sur le quai en face\u2026\" data-attachment-id=\"16671\" data-type=\"image\" class=\"fg-thumb\"><span class=\"fg-image-wrap\"><img decoding=\"async\" title=\"Photo de Gilbert\" width=\"270\" height=\"230\" class=\"skip-lazy fg-image\" data-src-fg=\"https:\/\/acligphoto.fr\/wp-content\/uploads\/cache\/2026\/01\/10_Fenetre_Gilbert\/3962030508.jpg\" src=\"data:image\/svg+xml,%3Csvg%20xmlns%3D%22http%3A%2F%2Fwww.w3.org%2F2000%2Fsvg%22%20width%3D%22270%22%20height%3D%22230%22%20viewBox%3D%220%200%20270%20230%22%3E%3C%2Fsvg%3E\" loading=\"eager\"><\/span><span class=\"fg-image-overlay\"><\/span><\/a><figcaption class=\"fg-caption\"><div class=\"fg-caption-inner\"><div class=\"fg-caption-title\">Photo de Gilbert<\/div><div class=\"fg-caption-desc\">Depuis ma fen\u00eatre, je photographie bien des situations cocasses, scabreuses, des concerts improvis\u00e9s, des ruptures amoureuses ou encore des \u00e9tudiants \u00e9m\u00e9ch\u00e9s qui se jettent dans l&rsquo;Ill dans le simple appareil \u00e0 4h du matin\u2026 J\u2019ai choisi de pr\u00e9senter cette photo plus cool, de deux \u00e9l\u00e9gantes qui se selfichaient r\u00e9ciproquement sur le quai en face\u2026<\/div><\/div><\/figcaption><\/figure><div class=\"fg-loader\"><\/div><\/div><div class=\"fg-item fg-type-image fg-idle\"><figure class=\"fg-item-inner\"><a href=\"https:\/\/acligphoto.fr\/wp-content\/uploads\/2026\/01\/09_Fenetre_Armand.jpg\" data-caption-title=\"Photo de Armand\" data-caption-desc=\"Un jour, en regardant \u00e0 travers les stores v\u00e9nitiens du bureau, j\u2019ai vu notre voisin, d\u00e9guis\u00e9 en spationaute, nettoyer la fa\u00e7ade de sa maison \u00e0 l\u2019eau de javel. Inutile de pr\u00e9ciser que j\u2019ai pr\u00e9f\u00e9r\u00e9 ne pas ouvrir la fen\u00eatre !\" data-attachment-id=\"16670\" data-type=\"image\" class=\"fg-thumb\"><span class=\"fg-image-wrap\"><img decoding=\"async\" title=\"Photo de Armand\" width=\"270\" height=\"230\" class=\"skip-lazy fg-image\" data-src-fg=\"https:\/\/acligphoto.fr\/wp-content\/uploads\/cache\/2026\/01\/09_Fenetre_Armand\/1791226329.jpg\" src=\"data:image\/svg+xml,%3Csvg%20xmlns%3D%22http%3A%2F%2Fwww.w3.org%2F2000%2Fsvg%22%20width%3D%22270%22%20height%3D%22230%22%20viewBox%3D%220%200%20270%20230%22%3E%3C%2Fsvg%3E\" loading=\"eager\"><\/span><span class=\"fg-image-overlay\"><\/span><\/a><figcaption class=\"fg-caption\"><div class=\"fg-caption-inner\"><div class=\"fg-caption-title\">Photo de Armand<\/div><div class=\"fg-caption-desc\">Un jour, en regardant \u00e0 travers les stores v\u00e9nitiens du bureau, j\u2019ai vu notre voisin, d\u00e9guis\u00e9 en spationaute, nettoyer la fa\u00e7ade de sa maison \u00e0 l\u2019eau de javel. Inutile de pr\u00e9ciser que j\u2019ai pr\u00e9f\u00e9r\u00e9 ne pas ouvrir la fen\u00eatre !<\/div><\/div><\/figcaption><\/figure><div class=\"fg-loader\"><\/div><\/div><div class=\"fg-item fg-type-image fg-idle\"><figure class=\"fg-item-inner\"><a href=\"https:\/\/acligphoto.fr\/wp-content\/uploads\/2026\/01\/08_Fenetre_Lisa.jpg\" data-caption-title=\"Photo de Lisa. Titre : \u00ab visite surprise \u00bb\" data-caption-desc=\"Petite visite de l&#039;un des chats du village, sans doute avait-il l&#039;habitude de passer voir ce qui se passe, ou peut \u00eatre voulait-il une petite collation.\" data-attachment-id=\"16669\" data-type=\"image\" class=\"fg-thumb\"><span class=\"fg-image-wrap\"><img decoding=\"async\" title=\"Photo de Lisa. Titre : \u00ab visite surprise \u00bb\" width=\"270\" height=\"230\" class=\"skip-lazy fg-image\" data-src-fg=\"https:\/\/acligphoto.fr\/wp-content\/uploads\/cache\/2026\/01\/08_Fenetre_Lisa\/2680521219.jpg\" src=\"data:image\/svg+xml,%3Csvg%20xmlns%3D%22http%3A%2F%2Fwww.w3.org%2F2000%2Fsvg%22%20width%3D%22270%22%20height%3D%22230%22%20viewBox%3D%220%200%20270%20230%22%3E%3C%2Fsvg%3E\" loading=\"eager\"><\/span><span class=\"fg-image-overlay\"><\/span><\/a><figcaption class=\"fg-caption\"><div class=\"fg-caption-inner\"><div class=\"fg-caption-title\">Photo de Lisa. Titre : \u00ab visite surprise \u00bb<\/div><div class=\"fg-caption-desc\">Petite visite de l&rsquo;un des chats du village, sans doute avait-il l&rsquo;habitude de passer voir ce qui se passe, ou peut \u00eatre voulait-il une petite collation.<\/div><\/div><\/figcaption><\/figure><div class=\"fg-loader\"><\/div><\/div><div class=\"fg-item fg-type-image fg-idle\"><figure class=\"fg-item-inner\"><a href=\"https:\/\/acligphoto.fr\/wp-content\/uploads\/2026\/01\/07_Fenetre_Pascale.jpeg\" data-caption-title=\"Photo de Pascale. Titre : \u00ab Panique chez les \u00e9tourneaux \u00bb\" data-caption-desc=\"En octobre, les \u00e9tourneaux se retrouvent sur ce saule que je voie de ma fen\u00eatre. J\u2019ai pris mon 200-500 mm et j\u2019ai attendu que les \u00e9tourneaux s\u2019envolent pour prendre la photo !\nCette photo a \u00e9t\u00e9 s\u00e9lectionn\u00e9e et imprim\u00e9e dans le livre de Patrick Goujon : les plus belles images de l\u2019ann\u00e9e \u00ab Oiseaux&quot; 2025 !\" data-attachment-id=\"16668\" data-type=\"image\" class=\"fg-thumb\"><span class=\"fg-image-wrap\"><img decoding=\"async\" title=\"Photo de Pascale. Titre : \u00ab Panique chez les \u00e9tourneaux \u00bb\" width=\"270\" height=\"230\" class=\"skip-lazy fg-image\" data-src-fg=\"https:\/\/acligphoto.fr\/wp-content\/uploads\/cache\/2026\/01\/07_Fenetre_Pascale\/2841846737.jpeg\" src=\"data:image\/svg+xml,%3Csvg%20xmlns%3D%22http%3A%2F%2Fwww.w3.org%2F2000%2Fsvg%22%20width%3D%22270%22%20height%3D%22230%22%20viewBox%3D%220%200%20270%20230%22%3E%3C%2Fsvg%3E\" loading=\"eager\"><\/span><span class=\"fg-image-overlay\"><\/span><\/a><figcaption class=\"fg-caption\"><div class=\"fg-caption-inner\"><div class=\"fg-caption-title\">Photo de Pascale. Titre : \u00ab Panique chez les \u00e9tourneaux \u00bb<\/div><div class=\"fg-caption-desc\">En octobre, les \u00e9tourneaux se retrouvent sur ce saule que je voie de ma fen\u00eatre. J\u2019ai pris mon 200-500 mm et j\u2019ai attendu que les \u00e9tourneaux s\u2019envolent pour prendre la photo !\nCette photo a \u00e9t\u00e9 s\u00e9lectionn\u00e9e et imprim\u00e9e dans le livre de Patrick Goujon : les plus belles images de l\u2019ann\u00e9e \u00ab Oiseaux\u00a0\u00bb 2025 !<\/div><\/div><\/figcaption><\/figure><div class=\"fg-loader\"><\/div><\/div><div class=\"fg-item fg-type-image fg-idle\"><figure class=\"fg-item-inner\"><a href=\"https:\/\/acligphoto.fr\/wp-content\/uploads\/2026\/01\/06_Fenetre_Louis.jpg\" data-caption-title=\"Photo de Louis\" data-attachment-id=\"16667\" data-type=\"image\" class=\"fg-thumb\"><span class=\"fg-image-wrap\"><img decoding=\"async\" title=\"Photo de Louis\" width=\"270\" height=\"230\" class=\"skip-lazy fg-image\" data-src-fg=\"https:\/\/acligphoto.fr\/wp-content\/uploads\/cache\/2026\/01\/06_Fenetre_Louis\/1659035260.jpg\" src=\"data:image\/svg+xml,%3Csvg%20xmlns%3D%22http%3A%2F%2Fwww.w3.org%2F2000%2Fsvg%22%20width%3D%22270%22%20height%3D%22230%22%20viewBox%3D%220%200%20270%20230%22%3E%3C%2Fsvg%3E\" loading=\"eager\"><\/span><span class=\"fg-image-overlay\"><\/span><\/a><figcaption class=\"fg-caption\"><div class=\"fg-caption-inner\"><div class=\"fg-caption-title\">Photo de Louis<\/div><\/div><\/figcaption><\/figure><div class=\"fg-loader\"><\/div><\/div><div class=\"fg-item fg-type-image fg-idle\"><figure class=\"fg-item-inner\"><a href=\"https:\/\/acligphoto.fr\/wp-content\/uploads\/2026\/01\/05_Fenetre_Albert.jpg\" data-caption-title=\"Photo de Albert\" data-caption-desc=\"Photo prise depuis ma fen\u00eatre pendant l&#039;\u00e9lagage par des cordistes des peupliers en face de chez moi.\" data-attachment-id=\"16666\" data-type=\"image\" class=\"fg-thumb\"><span class=\"fg-image-wrap\"><img decoding=\"async\" title=\"Photo de Albert\" width=\"270\" height=\"230\" class=\"skip-lazy fg-image\" data-src-fg=\"https:\/\/acligphoto.fr\/wp-content\/uploads\/cache\/2026\/01\/05_Fenetre_Albert\/3711866486.jpg\" src=\"data:image\/svg+xml,%3Csvg%20xmlns%3D%22http%3A%2F%2Fwww.w3.org%2F2000%2Fsvg%22%20width%3D%22270%22%20height%3D%22230%22%20viewBox%3D%220%200%20270%20230%22%3E%3C%2Fsvg%3E\" loading=\"eager\"><\/span><span class=\"fg-image-overlay\"><\/span><\/a><figcaption class=\"fg-caption\"><div class=\"fg-caption-inner\"><div class=\"fg-caption-title\">Photo de Albert<\/div><div class=\"fg-caption-desc\">Photo prise depuis ma fen\u00eatre pendant l&rsquo;\u00e9lagage par des cordistes des peupliers en face de chez moi.<\/div><\/div><\/figcaption><\/figure><div class=\"fg-loader\"><\/div><\/div><div class=\"fg-item fg-type-image fg-idle\"><figure class=\"fg-item-inner\"><a href=\"https:\/\/acligphoto.fr\/wp-content\/uploads\/2026\/01\/04_Fenetre_GuyB.jpg\" data-caption-title=\"Photo de Guy B.\" data-caption-desc=\"C&#039;est vrai que les fen\u00eatres nous guettent, ouvertes ou ferm\u00e9es elles nous intriguent. Alors chaque matin c&#039;est un rituel nous ouvrons les volets et apercevons une autre fen\u00eatre \u00e9clair\u00e9e, celle des voisins, \u00e7a rassure.\" data-attachment-id=\"16665\" data-type=\"image\" class=\"fg-thumb\"><span class=\"fg-image-wrap\"><img decoding=\"async\" title=\"Photo de Guy B.\" width=\"270\" height=\"230\" class=\"skip-lazy fg-image\" data-src-fg=\"https:\/\/acligphoto.fr\/wp-content\/uploads\/cache\/2026\/01\/04_Fenetre_GuyB\/1526450649.jpg\" src=\"data:image\/svg+xml,%3Csvg%20xmlns%3D%22http%3A%2F%2Fwww.w3.org%2F2000%2Fsvg%22%20width%3D%22270%22%20height%3D%22230%22%20viewBox%3D%220%200%20270%20230%22%3E%3C%2Fsvg%3E\" loading=\"eager\"><\/span><span class=\"fg-image-overlay\"><\/span><\/a><figcaption class=\"fg-caption\"><div class=\"fg-caption-inner\"><div class=\"fg-caption-title\">Photo de Guy B.<\/div><div class=\"fg-caption-desc\">C&rsquo;est vrai que les fen\u00eatres nous guettent, ouvertes ou ferm\u00e9es elles nous intriguent. Alors chaque matin c&rsquo;est un rituel nous ouvrons les volets et apercevons une autre fen\u00eatre \u00e9clair\u00e9e, celle des voisins, \u00e7a rassure.<\/div><\/div><\/figcaption><\/figure><div class=\"fg-loader\"><\/div><\/div><div class=\"fg-item fg-type-image fg-idle\"><figure class=\"fg-item-inner\"><a href=\"https:\/\/acligphoto.fr\/wp-content\/uploads\/2026\/01\/03_Fenetre_Gerard.jpg\" data-caption-title=\"Photo de G\u00e9rard\" data-caption-desc=\"Photo d&#039;archive de cette perruche bagu\u00e9e qui s\u2019est pos\u00e9e sur le rebord de ma fen\u00eatre, j&#039;ai profit\u00e9 de cette visite inhabituelle pour lui donner des graines et la prendre en photo. Elle est encore rest\u00e9e une bonne 1\/2 heure dans mon jardin avant de dispara\u00eetre.\" data-attachment-id=\"16664\" data-type=\"image\" class=\"fg-thumb\"><span class=\"fg-image-wrap\"><img decoding=\"async\" title=\"Photo de G\u00e9rard\" width=\"270\" height=\"230\" class=\"skip-lazy fg-image\" data-src-fg=\"https:\/\/acligphoto.fr\/wp-content\/uploads\/cache\/2026\/01\/03_Fenetre_Gerard\/2240202631.jpg\" src=\"data:image\/svg+xml,%3Csvg%20xmlns%3D%22http%3A%2F%2Fwww.w3.org%2F2000%2Fsvg%22%20width%3D%22270%22%20height%3D%22230%22%20viewBox%3D%220%200%20270%20230%22%3E%3C%2Fsvg%3E\" loading=\"eager\"><\/span><span class=\"fg-image-overlay\"><\/span><\/a><figcaption class=\"fg-caption\"><div class=\"fg-caption-inner\"><div class=\"fg-caption-title\">Photo de G\u00e9rard<\/div><div class=\"fg-caption-desc\">Photo d&rsquo;archive de cette perruche bagu\u00e9e qui s\u2019est pos\u00e9e sur le rebord de ma fen\u00eatre, j&rsquo;ai profit\u00e9 de cette visite inhabituelle pour lui donner des graines et la prendre en photo. Elle est encore rest\u00e9e une bonne 1\/2 heure dans mon jardin avant de dispara\u00eetre.<\/div><\/div><\/figcaption><\/figure><div class=\"fg-loader\"><\/div><\/div><div class=\"fg-item fg-type-image fg-idle\"><figure class=\"fg-item-inner\"><a href=\"https:\/\/acligphoto.fr\/wp-content\/uploads\/2026\/01\/02_Fenetre_Remi.jpg\" data-caption-title=\"Photo de R\u00e9mi\" data-caption-desc=\"Cette photo a \u00e9t\u00e9 prise depuis mon canap\u00e9, un jour de beau temps \u00e0 l&#039;heure o\u00f9 le soleil se couche. Quand il y a un tel spectacle, je n&#039;ai qu&#039;une envie, m&#039;assoir et contempler la fin de journ\u00e9e, en esp\u00e9rant en avoir une autre le lendemain.\" data-attachment-id=\"16663\" data-type=\"image\" class=\"fg-thumb\"><span class=\"fg-image-wrap\"><img decoding=\"async\" title=\"Photo de R\u00e9mi\" width=\"270\" height=\"230\" class=\"skip-lazy fg-image\" data-src-fg=\"https:\/\/acligphoto.fr\/wp-content\/uploads\/cache\/2026\/01\/02_Fenetre_Remi\/114421644.jpg\" src=\"data:image\/svg+xml,%3Csvg%20xmlns%3D%22http%3A%2F%2Fwww.w3.org%2F2000%2Fsvg%22%20width%3D%22270%22%20height%3D%22230%22%20viewBox%3D%220%200%20270%20230%22%3E%3C%2Fsvg%3E\" loading=\"eager\"><\/span><span class=\"fg-image-overlay\"><\/span><\/a><figcaption class=\"fg-caption\"><div class=\"fg-caption-inner\"><div class=\"fg-caption-title\">Photo de R\u00e9mi<\/div><div class=\"fg-caption-desc\">Cette photo a \u00e9t\u00e9 prise depuis mon canap\u00e9, un jour de beau temps \u00e0 l&rsquo;heure o\u00f9 le soleil se couche. Quand il y a un tel spectacle, je n&rsquo;ai qu&rsquo;une envie, m&rsquo;assoir et contempler la fin de journ\u00e9e, en esp\u00e9rant en avoir une autre le lendemain.<\/div><\/div><\/figcaption><\/figure><div class=\"fg-loader\"><\/div><\/div><div class=\"fg-item fg-type-image fg-idle\"><figure class=\"fg-item-inner\"><a href=\"https:\/\/acligphoto.fr\/wp-content\/uploads\/2026\/01\/01_Fenetre_JClaude.jpg\" data-caption-title=\"Photo de Jean-Claude\" data-caption-desc=\"En attendant le camion poubelle, un v\u00e9lo passe avec la &quot;plubelle&quot;......\" data-attachment-id=\"16662\" data-type=\"image\" class=\"fg-thumb\"><span class=\"fg-image-wrap\"><img decoding=\"async\" title=\"Photo de Jean-Claude\" width=\"270\" height=\"230\" class=\"skip-lazy fg-image\" data-src-fg=\"https:\/\/acligphoto.fr\/wp-content\/uploads\/cache\/2026\/01\/01_Fenetre_JClaude\/3861494146.jpg\" src=\"data:image\/svg+xml,%3Csvg%20xmlns%3D%22http%3A%2F%2Fwww.w3.org%2F2000%2Fsvg%22%20width%3D%22270%22%20height%3D%22230%22%20viewBox%3D%220%200%20270%20230%22%3E%3C%2Fsvg%3E\" loading=\"eager\"><\/span><span class=\"fg-image-overlay\"><\/span><\/a><figcaption class=\"fg-caption\"><div class=\"fg-caption-inner\"><div class=\"fg-caption-title\">Photo de Jean-Claude<\/div><div class=\"fg-caption-desc\">En attendant le camion poubelle, un v\u00e9lo passe avec la \u00ab\u00a0plubelle\u00a0\u00bb&#8230;&#8230;<\/div><\/div><\/figcaption><\/figure><div class=\"fg-loader\"><\/div><\/div><\/div>\n","protected":false},"excerpt":{"rendered":"<p>Depuis ta fen\u00eatre<\/p>\n","protected":false},"author":27,"featured_media":16668,"comment_status":"closed","ping_status":"open","sticky":true,"template":"","format":"standard","meta":{"_bbp_topic_count":0,"_bbp_reply_count":0,"_bbp_total_topic_count":0,"_bbp_total_reply_count":0,"_bbp_voice_count":0,"_bbp_anonymous_reply_count":0,"_bbp_topic_count_hidden":0,"_bbp_reply_count_hidden":0,"_bbp_forum_subforum_count":0,"footnotes":""},"categories":[7],"tags":[],"class_list":["post-16660","post","type-post","status-publish","format-standard","has-post-thumbnail","hentry","category-vie-de-latelier"],"_links":{"self":[{"href":"https:\/\/acligphoto.fr\/index.php?rest_route=\/wp\/v2\/posts\/16660","targetHints":{"allow":["GET"]}}],"collection":[{"href":"https:\/\/acligphoto.fr\/index.php?rest_route=\/wp\/v2\/posts"}],"about":[{"href":"https:\/\/acligphoto.fr\/index.php?rest_route=\/wp\/v2\/types\/post"}],"author":[{"embeddable":true,"href":"https:\/\/acligphoto.fr\/index.php?rest_route=\/wp\/v2\/users\/27"}],"replies":[{"embeddable":true,"href":"https:\/\/acligphoto.fr\/index.php?rest_route=%2Fwp%2Fv2%2Fcomments&post=16660"}],"version-history":[{"count":2,"href":"https:\/\/acligphoto.fr\/index.php?rest_route=\/wp\/v2\/posts\/16660\/revisions"}],"predecessor-version":[{"id":16676,"href":"https:\/\/acligphoto.fr\/index.php?rest_route=\/wp\/v2\/posts\/16660\/revisions\/16676"}],"wp:featuredmedia":[{"embeddable":true,"href":"https:\/\/acligphoto.fr\/index.php?rest_route=\/wp\/v2\/media\/16668"}],"wp:attachment":[{"href":"https:\/\/acligphoto.fr\/index.php?rest_route=%2Fwp%2Fv2%2Fmedia&parent=16660"}],"wp:term":[{"taxonomy":"category","embeddable":true,"href":"https:\/\/acligphoto.fr\/index.php?rest_route=%2Fwp%2Fv2%2Fcategories&post=16660"},{"taxonomy":"post_tag","embeddable":true,"href":"https:\/\/acligphoto.fr\/index.php?rest_route=%2Fwp%2Fv2%2Ftags&post=16660"}],"curies":[{"name":"wp","href":"https:\/\/api.w.org\/{rel}","templated":true}]}}