{"id":16030,"date":"2025-10-19T16:41:48","date_gmt":"2025-10-19T14:41:48","guid":{"rendered":"https:\/\/acligphoto.fr\/?p=16030"},"modified":"2025-10-19T16:41:48","modified_gmt":"2025-10-19T14:41:48","slug":"raconte-ta-photo-episode-95","status":"publish","type":"post","link":"https:\/\/acligphoto.fr\/?p=16030","title":{"rendered":"Raconte ta photo, \u00e9pisode 95"},"content":{"rendered":"\n<p class=\"has-large-font-size\">Format carr\u00e9<\/p>\n\n\n<style type=\"text\/css\">\n#foogallery-gallery-16053 .fg-image { width: 150px; }\n#foogallery-gallery-16053 { --fg-gutter: 10px; }<\/style>\n\t\t\t<div class=\"foogallery foogallery-container foogallery-default foogallery-lightbox-foogallery fg-center fg-default fg-ready fg-light fg-border-thin fg-shadow-outline fg-loading-default fg-loaded-fade-in fg-caption-hover fg-hover-fade fg-hover-zoom\" id=\"foogallery-gallery-16053\" data-foogallery=\"{&quot;item&quot;:{&quot;showCaptionTitle&quot;:true,&quot;showCaptionDescription&quot;:true},&quot;lazy&quot;:true}\" data-foogallery-lightbox=\"{&quot;thumbs&quot;:&quot;bottom&quot;,&quot;thumbsCaptions&quot;:false,&quot;thumbsBestFit&quot;:false,&quot;thumbsSmall&quot;:false,&quot;thumbsCaptionsAlign&quot;:&quot;default&quot;,&quot;info&quot;:&quot;bottom&quot;,&quot;infoVisible&quot;:true,&quot;infoOverlay&quot;:true,&quot;infoAlign&quot;:&quot;default&quot;,&quot;transition&quot;:&quot;fade&quot;,&quot;hoverButtons&quot;:false,&quot;fitMedia&quot;:false,&quot;noScrollbars&quot;:true,&quot;preserveButtonSpace&quot;:true,&quot;buttons&quot;:{&quot;fullscreen&quot;:true,&quot;info&quot;:true,&quot;thumbs&quot;:false},&quot;video&quot;:{&quot;autoPlay&quot;:true}}\" style=\"--fg-title-line-clamp: 0; --fg-description-line-clamp: 0;\" >\n\t<div class=\"fg-item fg-type-image fg-idle\"><figure class=\"fg-item-inner\"><a href=\"https:\/\/acligphoto.fr\/wp-content\/uploads\/2025\/10\/15-Carre_Gerard.jpeg\" data-caption-title=\"Photo de G\u00e9rard, Titre : &quot; Automne en reflet &quot;\" data-attachment-id=\"16052\" data-type=\"image\" class=\"fg-thumb\"><span class=\"fg-image-wrap\"><img decoding=\"async\" title=\"Photo de G\u00e9rard, Titre : &quot; Automne en reflet &quot;\" width=\"150\" height=\"150\" class=\"skip-lazy fg-image\" data-src-fg=\"https:\/\/acligphoto.fr\/wp-content\/uploads\/cache\/2025\/10\/15-Carre_Gerard\/2519709356.jpeg\" src=\"data:image\/svg+xml,%3Csvg%20xmlns%3D%22http%3A%2F%2Fwww.w3.org%2F2000%2Fsvg%22%20width%3D%22150%22%20height%3D%22150%22%20viewBox%3D%220%200%20150%20150%22%3E%3C%2Fsvg%3E\" loading=\"eager\"><\/span><span class=\"fg-image-overlay\"><\/span><\/a><figcaption class=\"fg-caption\"><div class=\"fg-caption-inner\"><div class=\"fg-caption-title\">Photo de G\u00e9rard, Titre : \u00a0\u00bb Automne en reflet \u00ab\u00a0<\/div><\/div><\/figcaption><\/figure><div class=\"fg-loader\"><\/div><\/div><div class=\"fg-item fg-type-image fg-idle\"><figure class=\"fg-item-inner\"><a href=\"https:\/\/acligphoto.fr\/wp-content\/uploads\/2025\/10\/17a_Carre_Robert.jpg\" data-caption-title=\"Photo de Robert\" data-caption-desc=\"Photo originale du Gibbon\" data-attachment-id=\"16051\" data-type=\"image\" class=\"fg-thumb\"><span class=\"fg-image-wrap\"><img decoding=\"async\" title=\"Photo de Robert\" width=\"150\" height=\"150\" class=\"skip-lazy fg-image\" data-src-fg=\"https:\/\/acligphoto.fr\/wp-content\/uploads\/cache\/2025\/10\/17a_Carre_Robert\/276135001.jpg\" src=\"data:image\/svg+xml,%3Csvg%20xmlns%3D%22http%3A%2F%2Fwww.w3.org%2F2000%2Fsvg%22%20width%3D%22150%22%20height%3D%22150%22%20viewBox%3D%220%200%20150%20150%22%3E%3C%2Fsvg%3E\" loading=\"eager\"><\/span><span class=\"fg-image-overlay\"><\/span><\/a><figcaption class=\"fg-caption\"><div class=\"fg-caption-inner\"><div class=\"fg-caption-title\">Photo de Robert<\/div><div class=\"fg-caption-desc\">Photo originale du Gibbon<\/div><\/div><\/figcaption><\/figure><div class=\"fg-loader\"><\/div><\/div><div class=\"fg-item fg-type-image fg-idle\"><figure class=\"fg-item-inner\"><a href=\"https:\/\/acligphoto.fr\/wp-content\/uploads\/2025\/10\/17_Carre_Robert.jpg\" data-caption-title=\"Photo de Robert\" data-caption-desc=\"Photo prise y a quelques jours au Parc de St Croix. J&#039;ai choisi de mettre ce portrait de\nGibbon au format carr\u00e9, pour mettre en valeur son regard.\" data-attachment-id=\"16050\" data-type=\"image\" class=\"fg-thumb\"><span class=\"fg-image-wrap\"><img decoding=\"async\" title=\"Photo de Robert\" width=\"150\" height=\"150\" class=\"skip-lazy fg-image\" data-src-fg=\"https:\/\/acligphoto.fr\/wp-content\/uploads\/cache\/2025\/10\/17_Carre_Robert\/340410043.jpg\" src=\"data:image\/svg+xml,%3Csvg%20xmlns%3D%22http%3A%2F%2Fwww.w3.org%2F2000%2Fsvg%22%20width%3D%22150%22%20height%3D%22150%22%20viewBox%3D%220%200%20150%20150%22%3E%3C%2Fsvg%3E\" loading=\"eager\"><\/span><span class=\"fg-image-overlay\"><\/span><\/a><figcaption class=\"fg-caption\"><div class=\"fg-caption-inner\"><div class=\"fg-caption-title\">Photo de Robert<\/div><div class=\"fg-caption-desc\">Photo prise y a quelques jours au Parc de St Croix. J&rsquo;ai choisi de mettre ce portrait de\nGibbon au format carr\u00e9, pour mettre en valeur son regard.<\/div><\/div><\/figcaption><\/figure><div class=\"fg-loader\"><\/div><\/div><div class=\"fg-item fg-type-image fg-idle\"><figure class=\"fg-item-inner\"><a href=\"https:\/\/acligphoto.fr\/wp-content\/uploads\/2025\/10\/16_Carre_Louis.jpg\" data-caption-title=\"Photo de Louis\" data-caption-desc=\"Photo prise la semaine derni\u00e8re \u00e0 Paris du c\u00f4t\u00e9 de la Villette.\" data-attachment-id=\"16049\" data-type=\"image\" class=\"fg-thumb\"><span class=\"fg-image-wrap\"><img decoding=\"async\" title=\"Photo de Louis\" width=\"150\" height=\"150\" class=\"skip-lazy fg-image\" data-src-fg=\"https:\/\/acligphoto.fr\/wp-content\/uploads\/cache\/2025\/10\/16_Carre_Louis\/3877315486.jpg\" src=\"data:image\/svg+xml,%3Csvg%20xmlns%3D%22http%3A%2F%2Fwww.w3.org%2F2000%2Fsvg%22%20width%3D%22150%22%20height%3D%22150%22%20viewBox%3D%220%200%20150%20150%22%3E%3C%2Fsvg%3E\" loading=\"eager\"><\/span><span class=\"fg-image-overlay\"><\/span><\/a><figcaption class=\"fg-caption\"><div class=\"fg-caption-inner\"><div class=\"fg-caption-title\">Photo de Louis<\/div><div class=\"fg-caption-desc\">Photo prise la semaine derni\u00e8re \u00e0 Paris du c\u00f4t\u00e9 de la Villette.<\/div><\/div><\/figcaption><\/figure><div class=\"fg-loader\"><\/div><\/div><div class=\"fg-item fg-type-image fg-idle\"><figure class=\"fg-item-inner\"><a href=\"https:\/\/acligphoto.fr\/wp-content\/uploads\/2025\/10\/14_Carre_Lisa.jpg\" data-caption-title=\"Photo de Lisa\" data-caption-desc=\"Photo prise \u00e0 Francfort au mois de mai avec une \u00e9quipe de gais lurons.\nIl s&#039;agit de la tour Goethe vue du dessous. Ce sont des carr\u00e9s dans un format carr\u00e9.\" data-attachment-id=\"16047\" data-type=\"image\" class=\"fg-thumb\"><span class=\"fg-image-wrap\"><img decoding=\"async\" title=\"Photo de Lisa\" width=\"150\" height=\"150\" class=\"skip-lazy fg-image\" data-src-fg=\"https:\/\/acligphoto.fr\/wp-content\/uploads\/cache\/2025\/10\/14_Carre_Lisa\/3494310162.jpg\" src=\"data:image\/svg+xml,%3Csvg%20xmlns%3D%22http%3A%2F%2Fwww.w3.org%2F2000%2Fsvg%22%20width%3D%22150%22%20height%3D%22150%22%20viewBox%3D%220%200%20150%20150%22%3E%3C%2Fsvg%3E\" loading=\"eager\"><\/span><span class=\"fg-image-overlay\"><\/span><\/a><figcaption class=\"fg-caption\"><div class=\"fg-caption-inner\"><div class=\"fg-caption-title\">Photo de Lisa<\/div><div class=\"fg-caption-desc\">Photo prise \u00e0 Francfort au mois de mai avec une \u00e9quipe de gais lurons.\nIl s&rsquo;agit de la tour Goethe vue du dessous. Ce sont des carr\u00e9s dans un format carr\u00e9.<\/div><\/div><\/figcaption><\/figure><div class=\"fg-loader\"><\/div><\/div><div class=\"fg-item fg-type-image fg-idle\"><figure class=\"fg-item-inner\"><a href=\"https:\/\/acligphoto.fr\/wp-content\/uploads\/2025\/10\/13_Carre_Pascale.jpg\" data-caption-title=\"Photo de Pascale\" data-caption-desc=\"Jeu de lumi\u00e8re en for\u00eat\" data-attachment-id=\"16046\" data-type=\"image\" class=\"fg-thumb\"><span class=\"fg-image-wrap\"><img decoding=\"async\" title=\"Photo de Pascale\" width=\"150\" height=\"150\" class=\"skip-lazy fg-image\" data-src-fg=\"https:\/\/acligphoto.fr\/wp-content\/uploads\/cache\/2025\/10\/13_Carre_Pascale\/51618119.jpg\" src=\"data:image\/svg+xml,%3Csvg%20xmlns%3D%22http%3A%2F%2Fwww.w3.org%2F2000%2Fsvg%22%20width%3D%22150%22%20height%3D%22150%22%20viewBox%3D%220%200%20150%20150%22%3E%3C%2Fsvg%3E\" loading=\"eager\"><\/span><span class=\"fg-image-overlay\"><\/span><\/a><figcaption class=\"fg-caption\"><div class=\"fg-caption-inner\"><div class=\"fg-caption-title\">Photo de Pascale<\/div><div class=\"fg-caption-desc\">Jeu de lumi\u00e8re en for\u00eat<\/div><\/div><\/figcaption><\/figure><div class=\"fg-loader\"><\/div><\/div><div class=\"fg-item fg-type-image fg-idle\"><figure class=\"fg-item-inner\"><a href=\"https:\/\/acligphoto.fr\/wp-content\/uploads\/2025\/10\/12_Carre_JL.jpg\" data-caption-title=\"Photo de Jean-Louis, Titre : \u00ab Lumi\u00e8re D&#039;automne. \u00bb\" data-attachment-id=\"16045\" data-type=\"image\" class=\"fg-thumb\"><span class=\"fg-image-wrap\"><img decoding=\"async\" title=\"Photo de Jean-Louis, Titre : \u00ab Lumi\u00e8re D&#039;automne. \u00bb\" width=\"150\" height=\"150\" class=\"skip-lazy fg-image\" data-src-fg=\"https:\/\/acligphoto.fr\/wp-content\/uploads\/cache\/2025\/10\/12_Carre_JL\/3671439935.jpg\" src=\"data:image\/svg+xml,%3Csvg%20xmlns%3D%22http%3A%2F%2Fwww.w3.org%2F2000%2Fsvg%22%20width%3D%22150%22%20height%3D%22150%22%20viewBox%3D%220%200%20150%20150%22%3E%3C%2Fsvg%3E\" loading=\"eager\"><\/span><span class=\"fg-image-overlay\"><\/span><\/a><figcaption class=\"fg-caption\"><div class=\"fg-caption-inner\"><div class=\"fg-caption-title\">Photo de Jean-Louis, Titre : \u00ab Lumi\u00e8re D&rsquo;automne. \u00bb<\/div><\/div><\/figcaption><\/figure><div class=\"fg-loader\"><\/div><\/div><div class=\"fg-item fg-type-image fg-idle\"><figure class=\"fg-item-inner\"><a href=\"https:\/\/acligphoto.fr\/wp-content\/uploads\/2025\/10\/11c_Carre_Jose.jpg\" data-caption-title=\"Photo de Jos\u00e9\" data-attachment-id=\"16044\" data-type=\"image\" class=\"fg-thumb\"><span class=\"fg-image-wrap\"><img decoding=\"async\" title=\"Photo de Jos\u00e9\" width=\"150\" height=\"150\" class=\"skip-lazy fg-image\" data-src-fg=\"https:\/\/acligphoto.fr\/wp-content\/uploads\/cache\/2025\/10\/11c_Carre_Jose\/1097883551.jpg\" src=\"data:image\/svg+xml,%3Csvg%20xmlns%3D%22http%3A%2F%2Fwww.w3.org%2F2000%2Fsvg%22%20width%3D%22150%22%20height%3D%22150%22%20viewBox%3D%220%200%20150%20150%22%3E%3C%2Fsvg%3E\" loading=\"eager\"><\/span><span class=\"fg-image-overlay\"><\/span><\/a><figcaption class=\"fg-caption\"><div class=\"fg-caption-inner\"><div class=\"fg-caption-title\">Photo de Jos\u00e9<\/div><\/div><\/figcaption><\/figure><div class=\"fg-loader\"><\/div><\/div><div class=\"fg-item fg-type-image fg-idle\"><figure class=\"fg-item-inner\"><a href=\"https:\/\/acligphoto.fr\/wp-content\/uploads\/2025\/10\/11b_Carre_Jose.jpg\" data-caption-title=\"Photo de Jos\u00e9\" data-attachment-id=\"16043\" data-type=\"image\" class=\"fg-thumb\"><span class=\"fg-image-wrap\"><img decoding=\"async\" title=\"Photo de Jos\u00e9\" width=\"150\" height=\"150\" class=\"skip-lazy fg-image\" data-src-fg=\"https:\/\/acligphoto.fr\/wp-content\/uploads\/cache\/2025\/10\/11b_Carre_Jose\/3449687869.jpg\" src=\"data:image\/svg+xml,%3Csvg%20xmlns%3D%22http%3A%2F%2Fwww.w3.org%2F2000%2Fsvg%22%20width%3D%22150%22%20height%3D%22150%22%20viewBox%3D%220%200%20150%20150%22%3E%3C%2Fsvg%3E\" loading=\"eager\"><\/span><span class=\"fg-image-overlay\"><\/span><\/a><figcaption class=\"fg-caption\"><div class=\"fg-caption-inner\"><div class=\"fg-caption-title\">Photo de Jos\u00e9<\/div><\/div><\/figcaption><\/figure><div class=\"fg-loader\"><\/div><\/div><div class=\"fg-item fg-type-image fg-idle\"><figure class=\"fg-item-inner\"><a href=\"https:\/\/acligphoto.fr\/wp-content\/uploads\/2025\/10\/11a_Carre_Jose.jpg\" data-caption-title=\"Photo de Jos\u00e9\" data-attachment-id=\"16042\" data-type=\"image\" class=\"fg-thumb\"><span class=\"fg-image-wrap\"><img decoding=\"async\" title=\"Photo de Jos\u00e9\" width=\"150\" height=\"150\" class=\"skip-lazy fg-image\" data-src-fg=\"https:\/\/acligphoto.fr\/wp-content\/uploads\/cache\/2025\/10\/11a_Carre_Jose\/1890045802.jpg\" src=\"data:image\/svg+xml,%3Csvg%20xmlns%3D%22http%3A%2F%2Fwww.w3.org%2F2000%2Fsvg%22%20width%3D%22150%22%20height%3D%22150%22%20viewBox%3D%220%200%20150%20150%22%3E%3C%2Fsvg%3E\" loading=\"eager\"><\/span><span class=\"fg-image-overlay\"><\/span><\/a><figcaption class=\"fg-caption\"><div class=\"fg-caption-inner\"><div class=\"fg-caption-title\">Photo de Jos\u00e9<\/div><\/div><\/figcaption><\/figure><div class=\"fg-loader\"><\/div><\/div><div class=\"fg-item fg-type-image fg-idle\"><figure class=\"fg-item-inner\"><a href=\"https:\/\/acligphoto.fr\/wp-content\/uploads\/2025\/10\/10_Carre_Pascal.jpg\" data-caption-title=\"Photo de Pascal, Titre : \u00ab Carr\u00e9ment carr\u00e9 \u00bb\" data-attachment-id=\"16041\" data-type=\"image\" class=\"fg-thumb\"><span class=\"fg-image-wrap\"><img decoding=\"async\" title=\"Photo de Pascal, Titre : \u00ab Carr\u00e9ment carr\u00e9 \u00bb\" width=\"150\" height=\"150\" class=\"skip-lazy fg-image\" data-src-fg=\"https:\/\/acligphoto.fr\/wp-content\/uploads\/cache\/2025\/10\/10_Carre_Pascal\/3811469172.jpg\" src=\"data:image\/svg+xml,%3Csvg%20xmlns%3D%22http%3A%2F%2Fwww.w3.org%2F2000%2Fsvg%22%20width%3D%22150%22%20height%3D%22150%22%20viewBox%3D%220%200%20150%20150%22%3E%3C%2Fsvg%3E\" loading=\"eager\"><\/span><span class=\"fg-image-overlay\"><\/span><\/a><figcaption class=\"fg-caption\"><div class=\"fg-caption-inner\"><div class=\"fg-caption-title\">Photo de Pascal, Titre : \u00ab Carr\u00e9ment carr\u00e9 \u00bb<\/div><\/div><\/figcaption><\/figure><div class=\"fg-loader\"><\/div><\/div><div class=\"fg-item fg-type-image fg-idle\"><figure class=\"fg-item-inner\"><a href=\"https:\/\/acligphoto.fr\/wp-content\/uploads\/2025\/10\/09_Carre_Klaudia.jpg\" data-caption-title=\"Photo de Klaudia, Titre : \u00ab Carr\u00e9ment carr\u00e9 \u00bb\" data-caption-desc=\"On me dit souvent d\u2019un ton admiratif : les allemands sont carr\u00e9s ! Voici la preuve !\nPhoto prise au K\u00f6nigsbau Stuttgart.\" data-attachment-id=\"16040\" data-type=\"image\" class=\"fg-thumb\"><span class=\"fg-image-wrap\"><img decoding=\"async\" title=\"Photo de Klaudia, Titre : \u00ab Carr\u00e9ment carr\u00e9 \u00bb\" width=\"150\" height=\"150\" class=\"skip-lazy fg-image\" data-src-fg=\"https:\/\/acligphoto.fr\/wp-content\/uploads\/cache\/2025\/10\/09_Carre_Klaudia\/2453768416.jpg\" src=\"data:image\/svg+xml,%3Csvg%20xmlns%3D%22http%3A%2F%2Fwww.w3.org%2F2000%2Fsvg%22%20width%3D%22150%22%20height%3D%22150%22%20viewBox%3D%220%200%20150%20150%22%3E%3C%2Fsvg%3E\" loading=\"eager\"><\/span><span class=\"fg-image-overlay\"><\/span><\/a><figcaption class=\"fg-caption\"><div class=\"fg-caption-inner\"><div class=\"fg-caption-title\">Photo de Klaudia, Titre : \u00ab Carr\u00e9ment carr\u00e9 \u00bb<\/div><div class=\"fg-caption-desc\">On me dit souvent d\u2019un ton admiratif : les allemands sont carr\u00e9s ! Voici la preuve !\nPhoto prise au K\u00f6nigsbau Stuttgart.<\/div><\/div><\/figcaption><\/figure><div class=\"fg-loader\"><\/div><\/div><div class=\"fg-item fg-type-image fg-idle\"><figure class=\"fg-item-inner\"><a href=\"https:\/\/acligphoto.fr\/wp-content\/uploads\/2025\/10\/08_Carre_Remi.jpg\" data-caption-title=\"Photo de R\u00e9mi\" data-caption-desc=\"Pendant le br\u00e2me, un peu de repos, \u00e7a ne fait pas de mal.\" data-attachment-id=\"16039\" data-type=\"image\" class=\"fg-thumb\"><span class=\"fg-image-wrap\"><img decoding=\"async\" title=\"Photo de R\u00e9mi\" width=\"150\" height=\"150\" class=\"skip-lazy fg-image\" data-src-fg=\"https:\/\/acligphoto.fr\/wp-content\/uploads\/cache\/2025\/10\/08_Carre_Remi\/540233443.jpg\" src=\"data:image\/svg+xml,%3Csvg%20xmlns%3D%22http%3A%2F%2Fwww.w3.org%2F2000%2Fsvg%22%20width%3D%22150%22%20height%3D%22150%22%20viewBox%3D%220%200%20150%20150%22%3E%3C%2Fsvg%3E\" loading=\"eager\"><\/span><span class=\"fg-image-overlay\"><\/span><\/a><figcaption class=\"fg-caption\"><div class=\"fg-caption-inner\"><div class=\"fg-caption-title\">Photo de R\u00e9mi<\/div><div class=\"fg-caption-desc\">Pendant le br\u00e2me, un peu de repos, \u00e7a ne fait pas de mal.<\/div><\/div><\/figcaption><\/figure><div class=\"fg-loader\"><\/div><\/div><div class=\"fg-item fg-type-image fg-idle\"><figure class=\"fg-item-inner\"><a href=\"https:\/\/acligphoto.fr\/wp-content\/uploads\/2025\/10\/07_Carre_Gilbert.jpg\" data-caption-title=\"Photo de Gilbert, Titre : \u00ab Fen\u00eatre rustique \u00bb\" data-caption-desc=\"Il m\u2019arrive de plus en plus de passer au format \u2018\u2019carr\u00e9\u2019\u2019 pour \u00e9viter le cadrage (ou le\nrecadrage) acad\u00e9mique des 4\/3. Ici, en carr\u00e9, on est totalement libre, on \u00e9limine plus\nfacilement tout ce qui n\u2019est pas esth\u00e9tique. C\u2019est le cas dans cette photo, prise dans une\nvieille ferme d\u2019altitude dans les Alpes autrichiennes...\" data-attachment-id=\"16038\" data-type=\"image\" class=\"fg-thumb\"><span class=\"fg-image-wrap\"><img decoding=\"async\" title=\"Photo de Gilbert, Titre : \u00ab Fen\u00eatre rustique \u00bb\" width=\"150\" height=\"150\" class=\"skip-lazy fg-image\" data-src-fg=\"https:\/\/acligphoto.fr\/wp-content\/uploads\/cache\/2025\/10\/07_Carre_Gilbert\/513492612.jpg\" src=\"data:image\/svg+xml,%3Csvg%20xmlns%3D%22http%3A%2F%2Fwww.w3.org%2F2000%2Fsvg%22%20width%3D%22150%22%20height%3D%22150%22%20viewBox%3D%220%200%20150%20150%22%3E%3C%2Fsvg%3E\" loading=\"eager\"><\/span><span class=\"fg-image-overlay\"><\/span><\/a><figcaption class=\"fg-caption\"><div class=\"fg-caption-inner\"><div class=\"fg-caption-title\">Photo de Gilbert, Titre : \u00ab Fen\u00eatre rustique \u00bb<\/div><div class=\"fg-caption-desc\">Il m\u2019arrive de plus en plus de passer au format \u2018\u2019carr\u00e9\u2019\u2019 pour \u00e9viter le cadrage (ou le\nrecadrage) acad\u00e9mique des 4\/3. Ici, en carr\u00e9, on est totalement libre, on \u00e9limine plus\nfacilement tout ce qui n\u2019est pas esth\u00e9tique. C\u2019est le cas dans cette photo, prise dans une\nvieille ferme d\u2019altitude dans les Alpes autrichiennes&#8230;<\/div><\/div><\/figcaption><\/figure><div class=\"fg-loader\"><\/div><\/div><div class=\"fg-item fg-type-image fg-idle\"><figure class=\"fg-item-inner\"><a href=\"https:\/\/acligphoto.fr\/wp-content\/uploads\/2025\/10\/06_Carre_Armand.jpg\" data-caption-title=\"Photo de Armand\" data-attachment-id=\"16037\" data-type=\"image\" class=\"fg-thumb\"><span class=\"fg-image-wrap\"><img decoding=\"async\" title=\"Photo de Armand\" width=\"150\" height=\"150\" class=\"skip-lazy fg-image\" data-src-fg=\"https:\/\/acligphoto.fr\/wp-content\/uploads\/cache\/2025\/10\/06_Carre_Armand\/2343406293.jpg\" src=\"data:image\/svg+xml,%3Csvg%20xmlns%3D%22http%3A%2F%2Fwww.w3.org%2F2000%2Fsvg%22%20width%3D%22150%22%20height%3D%22150%22%20viewBox%3D%220%200%20150%20150%22%3E%3C%2Fsvg%3E\" loading=\"eager\"><\/span><span class=\"fg-image-overlay\"><\/span><\/a><figcaption class=\"fg-caption\"><div class=\"fg-caption-inner\"><div class=\"fg-caption-title\">Photo de Armand<\/div><\/div><\/figcaption><\/figure><div class=\"fg-loader\"><\/div><\/div><div class=\"fg-item fg-type-image fg-idle\"><figure class=\"fg-item-inner\"><a href=\"https:\/\/acligphoto.fr\/wp-content\/uploads\/2025\/10\/05_Carre_GuyB.jpg\" data-caption-title=\"Photo de Guy B.\" data-caption-desc=\"Une interpr\u00e9tation de la quadrature du cercle...enfin presque.\" data-attachment-id=\"16036\" data-type=\"image\" class=\"fg-thumb\"><span class=\"fg-image-wrap\"><img decoding=\"async\" title=\"Photo de Guy B.\" width=\"150\" height=\"150\" class=\"skip-lazy fg-image\" data-src-fg=\"https:\/\/acligphoto.fr\/wp-content\/uploads\/cache\/2025\/10\/05_Carre_GuyB\/2870936941.jpg\" src=\"data:image\/svg+xml,%3Csvg%20xmlns%3D%22http%3A%2F%2Fwww.w3.org%2F2000%2Fsvg%22%20width%3D%22150%22%20height%3D%22150%22%20viewBox%3D%220%200%20150%20150%22%3E%3C%2Fsvg%3E\" loading=\"eager\"><\/span><span class=\"fg-image-overlay\"><\/span><\/a><figcaption class=\"fg-caption\"><div class=\"fg-caption-inner\"><div class=\"fg-caption-title\">Photo de Guy B.<\/div><div class=\"fg-caption-desc\">Une interpr\u00e9tation de la quadrature du cercle&#8230;enfin presque.<\/div><\/div><\/figcaption><\/figure><div class=\"fg-loader\"><\/div><\/div><div class=\"fg-item fg-type-image fg-idle\"><figure class=\"fg-item-inner\"><a href=\"https:\/\/acligphoto.fr\/wp-content\/uploads\/2025\/10\/04_Carre_Iza.jpg\" data-caption-title=\"Photo de Iza\" data-caption-desc=\"En visite dominicale \u00e0 la Ferme biotope d&#039;Isa et Yvon Herzog \u00e0 Mittelbergheim\u2026\nNous y avons rencontr\u00e9 une dizaine d&#039;artistes et visit\u00e9 le jardin assez atypique, je dois le\nsouligner. Nous avons adopt\u00e9 quelques cyclamens et une jolie succulente (cactus) miniature\nqui m&#039;a inspir\u00e9e pour le th\u00e8me &quot;Format carr\u00e9&quot; qu&#039;ont propos\u00e9 Louis et Florence.\nLe format carr\u00e9 se pr\u00eate merveilleusement au jeu de la sym\u00e9trie, des formes g\u00e9om\u00e9triques.\nEnsuite je me suis amus\u00e9e avec les couleurs comme l&#039;aurait sans doute fait un \u00e9l\u00e8ve de\nJohannes Itten. J&#039;esp\u00e8re que cette photo vous plaira.\" data-attachment-id=\"16035\" data-type=\"image\" class=\"fg-thumb\"><span class=\"fg-image-wrap\"><img decoding=\"async\" title=\"Photo de Iza\" width=\"150\" height=\"150\" class=\"skip-lazy fg-image\" data-src-fg=\"https:\/\/acligphoto.fr\/wp-content\/uploads\/cache\/2025\/10\/04_Carre_Iza\/939688663.jpg\" src=\"data:image\/svg+xml,%3Csvg%20xmlns%3D%22http%3A%2F%2Fwww.w3.org%2F2000%2Fsvg%22%20width%3D%22150%22%20height%3D%22150%22%20viewBox%3D%220%200%20150%20150%22%3E%3C%2Fsvg%3E\" loading=\"eager\"><\/span><span class=\"fg-image-overlay\"><\/span><\/a><figcaption class=\"fg-caption\"><div class=\"fg-caption-inner\"><div class=\"fg-caption-title\">Photo de Iza<\/div><div class=\"fg-caption-desc\">En visite dominicale \u00e0 la Ferme biotope d&rsquo;Isa et Yvon Herzog \u00e0 Mittelbergheim\u2026\nNous y avons rencontr\u00e9 une dizaine d&rsquo;artistes et visit\u00e9 le jardin assez atypique, je dois le\nsouligner. Nous avons adopt\u00e9 quelques cyclamens et une jolie succulente (cactus) miniature\nqui m&rsquo;a inspir\u00e9e pour le th\u00e8me \u00ab\u00a0Format carr\u00e9\u00a0\u00bb qu&rsquo;ont propos\u00e9 Louis et Florence.\nLe format carr\u00e9 se pr\u00eate merveilleusement au jeu de la sym\u00e9trie, des formes g\u00e9om\u00e9triques.\nEnsuite je me suis amus\u00e9e avec les couleurs comme l&rsquo;aurait sans doute fait un \u00e9l\u00e8ve de\nJohannes Itten. J&rsquo;esp\u00e8re que cette photo vous plaira.<\/div><\/div><\/figcaption><\/figure><div class=\"fg-loader\"><\/div><\/div><div class=\"fg-item fg-type-image fg-idle\"><figure class=\"fg-item-inner\"><a href=\"https:\/\/acligphoto.fr\/wp-content\/uploads\/2025\/10\/03_Carre_Vincent.jpg\" data-caption-title=\"Photo de Vincent, Titre : &quot;La t\u00eate au carr\u00e9&quot;\" data-attachment-id=\"16034\" data-type=\"image\" class=\"fg-thumb\"><span class=\"fg-image-wrap\"><img decoding=\"async\" title=\"Photo de Vincent, Titre : &quot;La t\u00eate au carr\u00e9&quot;\" width=\"150\" height=\"150\" class=\"skip-lazy fg-image\" data-src-fg=\"https:\/\/acligphoto.fr\/wp-content\/uploads\/cache\/2025\/10\/03_Carre_Vincent\/617059464.jpg\" src=\"data:image\/svg+xml,%3Csvg%20xmlns%3D%22http%3A%2F%2Fwww.w3.org%2F2000%2Fsvg%22%20width%3D%22150%22%20height%3D%22150%22%20viewBox%3D%220%200%20150%20150%22%3E%3C%2Fsvg%3E\" loading=\"eager\"><\/span><span class=\"fg-image-overlay\"><\/span><\/a><figcaption class=\"fg-caption\"><div class=\"fg-caption-inner\"><div class=\"fg-caption-title\">Photo de Vincent, Titre : \u00ab\u00a0La t\u00eate au carr\u00e9\u00a0\u00bb<\/div><\/div><\/figcaption><\/figure><div class=\"fg-loader\"><\/div><\/div><div class=\"fg-item fg-type-image fg-idle\"><figure class=\"fg-item-inner\"><a href=\"https:\/\/acligphoto.fr\/wp-content\/uploads\/2025\/10\/02_Carre_Thierry.jpg\" data-caption-title=\"Photo de Thierry\" data-caption-desc=\"J\u2019ai choisi cette photo car elle \u00e9tait bien carr\u00e9e et le contraste des couleurs me semblait\nint\u00e9ressant, il s&#039;agit d&#039;une peinture hyperr\u00e9aliste d&#039;une orchid\u00e9e faite par Marc Quinn\nactuellement expos\u00e9e au Mus\u00e9e Wurth\" data-attachment-id=\"16033\" data-type=\"image\" class=\"fg-thumb\"><span class=\"fg-image-wrap\"><img decoding=\"async\" title=\"Photo de Thierry\" width=\"150\" height=\"150\" class=\"skip-lazy fg-image\" data-src-fg=\"https:\/\/acligphoto.fr\/wp-content\/uploads\/cache\/2025\/10\/02_Carre_Thierry\/4013518950.jpg\" src=\"data:image\/svg+xml,%3Csvg%20xmlns%3D%22http%3A%2F%2Fwww.w3.org%2F2000%2Fsvg%22%20width%3D%22150%22%20height%3D%22150%22%20viewBox%3D%220%200%20150%20150%22%3E%3C%2Fsvg%3E\" loading=\"eager\"><\/span><span class=\"fg-image-overlay\"><\/span><\/a><figcaption class=\"fg-caption\"><div class=\"fg-caption-inner\"><div class=\"fg-caption-title\">Photo de Thierry<\/div><div class=\"fg-caption-desc\">J\u2019ai choisi cette photo car elle \u00e9tait bien carr\u00e9e et le contraste des couleurs me semblait\nint\u00e9ressant, il s&rsquo;agit d&rsquo;une peinture hyperr\u00e9aliste d&rsquo;une orchid\u00e9e faite par Marc Quinn\nactuellement expos\u00e9e au Mus\u00e9e Wurth<\/div><\/div><\/figcaption><\/figure><div class=\"fg-loader\"><\/div><\/div><div class=\"fg-item fg-type-image fg-idle\"><figure class=\"fg-item-inner\"><a href=\"https:\/\/acligphoto.fr\/wp-content\/uploads\/2025\/10\/01_Carre_Albert.jpg\" data-caption-title=\"Photo de Albert\" data-caption-desc=\"Une image au format carr\u00e9 repr\u00e9sentant un objet solide en trois dimensions, un cube qui\nest un parall\u00e9l\u00e9pip\u00e8de dont les 6 faces sont carr\u00e9es.\" data-attachment-id=\"16032\" data-type=\"image\" class=\"fg-thumb\"><span class=\"fg-image-wrap\"><img decoding=\"async\" title=\"Photo de Albert\" width=\"150\" height=\"150\" class=\"skip-lazy fg-image\" data-src-fg=\"https:\/\/acligphoto.fr\/wp-content\/uploads\/cache\/2025\/10\/01_Carre_Albert\/1111200245.jpg\" src=\"data:image\/svg+xml,%3Csvg%20xmlns%3D%22http%3A%2F%2Fwww.w3.org%2F2000%2Fsvg%22%20width%3D%22150%22%20height%3D%22150%22%20viewBox%3D%220%200%20150%20150%22%3E%3C%2Fsvg%3E\" loading=\"eager\"><\/span><span class=\"fg-image-overlay\"><\/span><\/a><figcaption class=\"fg-caption\"><div class=\"fg-caption-inner\"><div class=\"fg-caption-title\">Photo de Albert<\/div><div class=\"fg-caption-desc\">Une image au format carr\u00e9 repr\u00e9sentant un objet solide en trois dimensions, un cube qui\nest un parall\u00e9l\u00e9pip\u00e8de dont les 6 faces sont carr\u00e9es.<\/div><\/div><\/figcaption><\/figure><div class=\"fg-loader\"><\/div><\/div><\/div>\n","protected":false},"excerpt":{"rendered":"<p>Format carr\u00e9<\/p>\n","protected":false},"author":27,"featured_media":16040,"comment_status":"closed","ping_status":"open","sticky":true,"template":"","format":"standard","meta":{"_bbp_topic_count":0,"_bbp_reply_count":0,"_bbp_total_topic_count":0,"_bbp_total_reply_count":0,"_bbp_voice_count":0,"_bbp_anonymous_reply_count":0,"_bbp_topic_count_hidden":0,"_bbp_reply_count_hidden":0,"_bbp_forum_subforum_count":0,"footnotes":""},"categories":[7],"tags":[],"class_list":["post-16030","post","type-post","status-publish","format-standard","has-post-thumbnail","hentry","category-vie-de-latelier"],"_links":{"self":[{"href":"https:\/\/acligphoto.fr\/index.php?rest_route=\/wp\/v2\/posts\/16030","targetHints":{"allow":["GET"]}}],"collection":[{"href":"https:\/\/acligphoto.fr\/index.php?rest_route=\/wp\/v2\/posts"}],"about":[{"href":"https:\/\/acligphoto.fr\/index.php?rest_route=\/wp\/v2\/types\/post"}],"author":[{"embeddable":true,"href":"https:\/\/acligphoto.fr\/index.php?rest_route=\/wp\/v2\/users\/27"}],"replies":[{"embeddable":true,"href":"https:\/\/acligphoto.fr\/index.php?rest_route=%2Fwp%2Fv2%2Fcomments&post=16030"}],"version-history":[{"count":2,"href":"https:\/\/acligphoto.fr\/index.php?rest_route=\/wp\/v2\/posts\/16030\/revisions"}],"predecessor-version":[{"id":16055,"href":"https:\/\/acligphoto.fr\/index.php?rest_route=\/wp\/v2\/posts\/16030\/revisions\/16055"}],"wp:featuredmedia":[{"embeddable":true,"href":"https:\/\/acligphoto.fr\/index.php?rest_route=\/wp\/v2\/media\/16040"}],"wp:attachment":[{"href":"https:\/\/acligphoto.fr\/index.php?rest_route=%2Fwp%2Fv2%2Fmedia&parent=16030"}],"wp:term":[{"taxonomy":"category","embeddable":true,"href":"https:\/\/acligphoto.fr\/index.php?rest_route=%2Fwp%2Fv2%2Fcategories&post=16030"},{"taxonomy":"post_tag","embeddable":true,"href":"https:\/\/acligphoto.fr\/index.php?rest_route=%2Fwp%2Fv2%2Ftags&post=16030"}],"curies":[{"name":"wp","href":"https:\/\/api.w.org\/{rel}","templated":true}]}}