{"id":15888,"date":"2025-09-22T22:30:20","date_gmt":"2025-09-22T20:30:20","guid":{"rendered":"https:\/\/acligphoto.fr\/?p=15888"},"modified":"2025-09-22T22:30:20","modified_gmt":"2025-09-22T20:30:20","slug":"raconte-ta-photo-episode-93","status":"publish","type":"post","link":"https:\/\/acligphoto.fr\/?p=15888","title":{"rendered":"Raconte ta photo, \u00e9pisode 93"},"content":{"rendered":"\n<p class=\"has-large-font-size\">Instantan\u00e9 de vacances<\/p>\n\n\n<style type=\"text\/css\">\n#foogallery-gallery-15903 .fg-image { width: 150px; }\n#foogallery-gallery-15903 { --fg-gutter: 10px; }<\/style>\n\t\t\t<div class=\"foogallery foogallery-container foogallery-default foogallery-lightbox-foogallery fg-center fg-default fg-ready fg-light fg-border-thin fg-shadow-outline fg-loading-default fg-loaded-fade-in fg-caption-hover fg-hover-fade fg-hover-zoom\" id=\"foogallery-gallery-15903\" data-foogallery=\"{&quot;item&quot;:{&quot;showCaptionTitle&quot;:true,&quot;showCaptionDescription&quot;:true},&quot;lazy&quot;:true}\" data-foogallery-lightbox=\"{&quot;thumbs&quot;:&quot;bottom&quot;,&quot;thumbsCaptions&quot;:false,&quot;thumbsBestFit&quot;:false,&quot;thumbsSmall&quot;:false,&quot;thumbsCaptionsAlign&quot;:&quot;default&quot;,&quot;info&quot;:&quot;bottom&quot;,&quot;infoVisible&quot;:true,&quot;infoOverlay&quot;:true,&quot;infoAlign&quot;:&quot;default&quot;,&quot;transition&quot;:&quot;fade&quot;,&quot;hoverButtons&quot;:false,&quot;fitMedia&quot;:false,&quot;noScrollbars&quot;:true,&quot;preserveButtonSpace&quot;:true,&quot;buttons&quot;:{&quot;fullscreen&quot;:true,&quot;info&quot;:true,&quot;thumbs&quot;:false},&quot;video&quot;:{&quot;autoPlay&quot;:true}}\" style=\"--fg-title-line-clamp: 0; --fg-description-line-clamp: 0;\" >\n\t<div class=\"fg-item fg-type-image fg-idle\"><figure class=\"fg-item-inner\"><a href=\"https:\/\/acligphoto.fr\/wp-content\/uploads\/2025\/09\/13_Vacances_Lisa.jpg\" data-caption-title=\"Photo de Lisa\" data-caption-desc=\"Une photo prise t\u00f4t le matin, un peu avant 7 H et apr\u00e8s avoir grimp\u00e9 sur un d\u00e9nivel\u00e9 d&#039;une\ncinquantaine de m\u00e8tres, pour atteindre cette grotte. C&#039;\u00e9tait \u00e0 l&#039;occasion d&#039;un stage photo\ndans les Dolomites. J&#039;ai essay\u00e9 d&#039;appliquer au mieux les conseils que l&#039;on nous a indiqu\u00e9. Donc j&#039;ai utilis\u00e9 un mode manuel \u00e0 ISO 200 f8 et 1\/60 s. Je n&#039;avais pas de tr\u00e9pied \u00e0 ce moment-l\u00e0. La photo a \u00e9t\u00e9 post trait\u00e9e avec un filtre radial pour \u00e9claircir partiellement le haut de l&#039;image.\" data-attachment-id=\"15902\" data-type=\"image\" class=\"fg-thumb\"><span class=\"fg-image-wrap\"><img decoding=\"async\" title=\"Photo de Lisa\" width=\"150\" height=\"150\" class=\"skip-lazy fg-image\" data-src-fg=\"https:\/\/acligphoto.fr\/wp-content\/uploads\/cache\/2025\/09\/13_Vacances_Lisa\/2919175974.jpg\" src=\"data:image\/svg+xml,%3Csvg%20xmlns%3D%22http%3A%2F%2Fwww.w3.org%2F2000%2Fsvg%22%20width%3D%22150%22%20height%3D%22150%22%20viewBox%3D%220%200%20150%20150%22%3E%3C%2Fsvg%3E\" loading=\"eager\"><\/span><span class=\"fg-image-overlay\"><\/span><\/a><figcaption class=\"fg-caption\"><div class=\"fg-caption-inner\"><div class=\"fg-caption-title\">Photo de Lisa<\/div><div class=\"fg-caption-desc\">Une photo prise t\u00f4t le matin, un peu avant 7 H et apr\u00e8s avoir grimp\u00e9 sur un d\u00e9nivel\u00e9 d&rsquo;une\ncinquantaine de m\u00e8tres, pour atteindre cette grotte. C&rsquo;\u00e9tait \u00e0 l&rsquo;occasion d&rsquo;un stage photo\ndans les Dolomites. J&rsquo;ai essay\u00e9 d&rsquo;appliquer au mieux les conseils que l&rsquo;on nous a indiqu\u00e9. Donc j&rsquo;ai utilis\u00e9 un mode manuel \u00e0 ISO 200 f8 et 1\/60 s. Je n&rsquo;avais pas de tr\u00e9pied \u00e0 ce moment-l\u00e0. La photo a \u00e9t\u00e9 post trait\u00e9e avec un filtre radial pour \u00e9claircir partiellement le haut de l&rsquo;image.<\/div><\/div><\/figcaption><\/figure><div class=\"fg-loader\"><\/div><\/div><div class=\"fg-item fg-type-image fg-idle\"><figure class=\"fg-item-inner\"><a href=\"https:\/\/acligphoto.fr\/wp-content\/uploads\/2025\/09\/12_Vacances_Armand.jpg\" data-caption-title=\"Photo de Armand\" data-caption-desc=\"A Cassis, une terrasse avec vue sur l\u2019arri\u00e8re- pays.\" data-attachment-id=\"15901\" data-type=\"image\" class=\"fg-thumb\"><span class=\"fg-image-wrap\"><img decoding=\"async\" title=\"Photo de Armand\" width=\"150\" height=\"150\" class=\"skip-lazy fg-image\" data-src-fg=\"https:\/\/acligphoto.fr\/wp-content\/uploads\/cache\/2025\/09\/12_Vacances_Armand\/2729084669.jpg\" src=\"data:image\/svg+xml,%3Csvg%20xmlns%3D%22http%3A%2F%2Fwww.w3.org%2F2000%2Fsvg%22%20width%3D%22150%22%20height%3D%22150%22%20viewBox%3D%220%200%20150%20150%22%3E%3C%2Fsvg%3E\" loading=\"eager\"><\/span><span class=\"fg-image-overlay\"><\/span><\/a><figcaption class=\"fg-caption\"><div class=\"fg-caption-inner\"><div class=\"fg-caption-title\">Photo de Armand<\/div><div class=\"fg-caption-desc\">A Cassis, une terrasse avec vue sur l\u2019arri\u00e8re- pays.<\/div><\/div><\/figcaption><\/figure><div class=\"fg-loader\"><\/div><\/div><div class=\"fg-item fg-type-image fg-idle\"><figure class=\"fg-item-inner\"><a href=\"https:\/\/acligphoto.fr\/wp-content\/uploads\/2025\/09\/11_Vacances_Remi.jpg\" data-caption-title=\"Photo de R\u00e9mi\" data-caption-desc=\"Carte postale de S\u00e8te o\u00f9 j&#039;ai bien recharg\u00e9 les batteries pour cette nouvelle saison\nphotographique.\" data-attachment-id=\"15900\" data-type=\"image\" class=\"fg-thumb\"><span class=\"fg-image-wrap\"><img decoding=\"async\" title=\"Photo de R\u00e9mi\" width=\"150\" height=\"150\" class=\"skip-lazy fg-image\" data-src-fg=\"https:\/\/acligphoto.fr\/wp-content\/uploads\/cache\/2025\/09\/11_Vacances_Remi\/4193533505.jpg\" src=\"data:image\/svg+xml,%3Csvg%20xmlns%3D%22http%3A%2F%2Fwww.w3.org%2F2000%2Fsvg%22%20width%3D%22150%22%20height%3D%22150%22%20viewBox%3D%220%200%20150%20150%22%3E%3C%2Fsvg%3E\" loading=\"eager\"><\/span><span class=\"fg-image-overlay\"><\/span><\/a><figcaption class=\"fg-caption\"><div class=\"fg-caption-inner\"><div class=\"fg-caption-title\">Photo de R\u00e9mi<\/div><div class=\"fg-caption-desc\">Carte postale de S\u00e8te o\u00f9 j&rsquo;ai bien recharg\u00e9 les batteries pour cette nouvelle saison\nphotographique.<\/div><\/div><\/figcaption><\/figure><div class=\"fg-loader\"><\/div><\/div><div class=\"fg-item fg-type-image fg-idle\"><figure class=\"fg-item-inner\"><a href=\"https:\/\/acligphoto.fr\/wp-content\/uploads\/2025\/09\/10_Vacances_Gerard.jpg\" data-caption-title=\"Photo de G\u00e9rard\" data-caption-desc=\"Photo souvenir de vacances prise \u00e0 Ischl, lors d\u2019un concert d\u2019un groupe autrichien \u00e0 2 752\nm\u00e8tres d\u2019altitude, avec pour d\u00e9cor les majestueux sommets du Tyrol. Cette image m\u2019a \u00e9t\u00e9\ninspir\u00e9e par le musicien et le reflet du paysage sur son instrument.\" data-attachment-id=\"15899\" data-type=\"image\" class=\"fg-thumb\"><span class=\"fg-image-wrap\"><img decoding=\"async\" title=\"Photo de G\u00e9rard\" width=\"150\" height=\"150\" class=\"skip-lazy fg-image\" data-src-fg=\"https:\/\/acligphoto.fr\/wp-content\/uploads\/cache\/2025\/09\/10_Vacances_Gerard\/2456874577.jpg\" src=\"data:image\/svg+xml,%3Csvg%20xmlns%3D%22http%3A%2F%2Fwww.w3.org%2F2000%2Fsvg%22%20width%3D%22150%22%20height%3D%22150%22%20viewBox%3D%220%200%20150%20150%22%3E%3C%2Fsvg%3E\" loading=\"eager\"><\/span><span class=\"fg-image-overlay\"><\/span><\/a><figcaption class=\"fg-caption\"><div class=\"fg-caption-inner\"><div class=\"fg-caption-title\">Photo de G\u00e9rard<\/div><div class=\"fg-caption-desc\">Photo souvenir de vacances prise \u00e0 Ischl, lors d\u2019un concert d\u2019un groupe autrichien \u00e0 2 752\nm\u00e8tres d\u2019altitude, avec pour d\u00e9cor les majestueux sommets du Tyrol. Cette image m\u2019a \u00e9t\u00e9\ninspir\u00e9e par le musicien et le reflet du paysage sur son instrument.<\/div><\/div><\/figcaption><\/figure><div class=\"fg-loader\"><\/div><\/div><div class=\"fg-item fg-type-image fg-idle\"><figure class=\"fg-item-inner\"><a href=\"https:\/\/acligphoto.fr\/wp-content\/uploads\/2025\/09\/09_Vacances_Robert.jpg\" data-caption-title=\"Photo de Robert\" data-attachment-id=\"15898\" data-type=\"image\" class=\"fg-thumb\"><span class=\"fg-image-wrap\"><img decoding=\"async\" title=\"Photo de Robert\" width=\"150\" height=\"150\" class=\"skip-lazy fg-image\" data-src-fg=\"https:\/\/acligphoto.fr\/wp-content\/uploads\/cache\/2025\/09\/09_Vacances_Robert\/4138620185.jpg\" src=\"data:image\/svg+xml,%3Csvg%20xmlns%3D%22http%3A%2F%2Fwww.w3.org%2F2000%2Fsvg%22%20width%3D%22150%22%20height%3D%22150%22%20viewBox%3D%220%200%20150%20150%22%3E%3C%2Fsvg%3E\" loading=\"eager\"><\/span><span class=\"fg-image-overlay\"><\/span><\/a><figcaption class=\"fg-caption\"><div class=\"fg-caption-inner\"><div class=\"fg-caption-title\">Photo de Robert<\/div><\/div><\/figcaption><\/figure><div class=\"fg-loader\"><\/div><\/div><div class=\"fg-item fg-type-image fg-idle\"><figure class=\"fg-item-inner\"><a href=\"https:\/\/acligphoto.fr\/wp-content\/uploads\/2025\/09\/08_Vacances_GuyF.jpg\" data-caption-title=\"Photo de Guy F. : Titre : \u00ab Point\u00e9 vers ? \u00bb\" data-caption-desc=\"Donn\u00e9es :\n\u00d8 Appareil Canon (les meilleurs) EOS 5D Mark III\n\u00d8 1\/100s \u00e0 F\/11 \u2013 iso 100 \u2013 24mm\nPhoto prise \u00e0 Ba\u00efkonour dans l\u2019enclave Russe au Kazakhstan en juin 2025. Le cosmodrome\nde Ba\u00efkonour (6 717km\u00b2), cr\u00e9\u00e9 en 1956, est une base de lancement russe situ\u00e9e au centre du Kazakhstan. Le centre de Ba\u00efkonour a \u00e9t\u00e9 choisi pour placer en orbite les\npremiers satellites artificiels puis le premier homme dans l&#039;espace. Ba\u00efkonour est le centre de lancement le plus actif de la plan\u00e8te. Une quinzaine de tirs ont lieu tous les ans. Le cosmodrome abrite des pas de tir op\u00e9rationnels pour les\nlanceurs Soyouz, Proton. C&#039;est \u00e9galement jusqu&#039;\u00e0 r\u00e9cemment un important site pour\nles missiles balistiques intercontinentaux.\" data-attachment-id=\"15897\" data-type=\"image\" class=\"fg-thumb\"><span class=\"fg-image-wrap\"><img decoding=\"async\" title=\"Photo de Guy F. : Titre : \u00ab Point\u00e9 vers ? \u00bb\" width=\"150\" height=\"150\" class=\"skip-lazy fg-image\" data-src-fg=\"https:\/\/acligphoto.fr\/wp-content\/uploads\/cache\/2025\/09\/08_Vacances_GuyF\/3602564874.jpg\" src=\"data:image\/svg+xml,%3Csvg%20xmlns%3D%22http%3A%2F%2Fwww.w3.org%2F2000%2Fsvg%22%20width%3D%22150%22%20height%3D%22150%22%20viewBox%3D%220%200%20150%20150%22%3E%3C%2Fsvg%3E\" loading=\"eager\"><\/span><span class=\"fg-image-overlay\"><\/span><\/a><figcaption class=\"fg-caption\"><div class=\"fg-caption-inner\"><div class=\"fg-caption-title\">Photo de Guy F. : Titre : \u00ab Point\u00e9 vers ? \u00bb<\/div><div class=\"fg-caption-desc\">Donn\u00e9es :\n\u00d8 Appareil Canon (les meilleurs) EOS 5D Mark III\n\u00d8 1\/100s \u00e0 F\/11 \u2013 iso 100 \u2013 24mm\nPhoto prise \u00e0 Ba\u00efkonour dans l\u2019enclave Russe au Kazakhstan en juin 2025. Le cosmodrome\nde Ba\u00efkonour (6 717km\u00b2), cr\u00e9\u00e9 en 1956, est une base de lancement russe situ\u00e9e au centre du Kazakhstan. Le centre de Ba\u00efkonour a \u00e9t\u00e9 choisi pour placer en orbite les\npremiers satellites artificiels puis le premier homme dans l&rsquo;espace. Ba\u00efkonour est le centre de lancement le plus actif de la plan\u00e8te. Une quinzaine de tirs ont lieu tous les ans. Le cosmodrome abrite des pas de tir op\u00e9rationnels pour les\nlanceurs Soyouz, Proton. C&rsquo;est \u00e9galement jusqu&rsquo;\u00e0 r\u00e9cemment un important site pour\nles missiles balistiques intercontinentaux.<\/div><\/div><\/figcaption><\/figure><div class=\"fg-loader\"><\/div><\/div><div class=\"fg-item fg-type-image fg-idle\"><figure class=\"fg-item-inner\"><a href=\"https:\/\/acligphoto.fr\/wp-content\/uploads\/2025\/09\/07_Vacances_Michel.jpg\" data-caption-title=\"Photo de Michel\" data-attachment-id=\"15896\" data-type=\"image\" class=\"fg-thumb\"><span class=\"fg-image-wrap\"><img decoding=\"async\" title=\"Photo de Michel\" width=\"150\" height=\"150\" class=\"skip-lazy fg-image\" data-src-fg=\"https:\/\/acligphoto.fr\/wp-content\/uploads\/cache\/2025\/09\/07_Vacances_Michel\/3555177896.jpg\" src=\"data:image\/svg+xml,%3Csvg%20xmlns%3D%22http%3A%2F%2Fwww.w3.org%2F2000%2Fsvg%22%20width%3D%22150%22%20height%3D%22150%22%20viewBox%3D%220%200%20150%20150%22%3E%3C%2Fsvg%3E\" loading=\"eager\"><\/span><span class=\"fg-image-overlay\"><\/span><\/a><figcaption class=\"fg-caption\"><div class=\"fg-caption-inner\"><div class=\"fg-caption-title\">Photo de Michel<\/div><\/div><\/figcaption><\/figure><div class=\"fg-loader\"><\/div><\/div><div class=\"fg-item fg-type-image fg-idle\"><figure class=\"fg-item-inner\"><a href=\"https:\/\/acligphoto.fr\/wp-content\/uploads\/2025\/09\/06_Vacances_Gilbert.jpeg\" data-caption-title=\"Photo de Gilbert : Titre: \u00ab D\u00e9lire de fin de s\u00e9jour au Village-Vacances de Lou Capitelle (Ard\u00e8che) \u00bb\" data-attachment-id=\"15895\" data-type=\"image\" class=\"fg-thumb\"><span class=\"fg-image-wrap\"><img decoding=\"async\" title=\"Photo de Gilbert : Titre: \u00ab D\u00e9lire de fin de s\u00e9jour au Village-Vacances de Lou Capitelle (Ard\u00e8che) \u00bb\" width=\"150\" height=\"150\" class=\"skip-lazy fg-image\" data-src-fg=\"https:\/\/acligphoto.fr\/wp-content\/uploads\/cache\/2025\/09\/06_Vacances_Gilbert\/2533008823.jpeg\" src=\"data:image\/svg+xml,%3Csvg%20xmlns%3D%22http%3A%2F%2Fwww.w3.org%2F2000%2Fsvg%22%20width%3D%22150%22%20height%3D%22150%22%20viewBox%3D%220%200%20150%20150%22%3E%3C%2Fsvg%3E\" loading=\"eager\"><\/span><span class=\"fg-image-overlay\"><\/span><\/a><figcaption class=\"fg-caption\"><div class=\"fg-caption-inner\"><div class=\"fg-caption-title\">Photo de Gilbert : Titre: \u00ab D\u00e9lire de fin de s\u00e9jour au Village-Vacances de Lou Capitelle (Ard\u00e8che) \u00bb<\/div><\/div><\/figcaption><\/figure><div class=\"fg-loader\"><\/div><\/div><div class=\"fg-item fg-type-image fg-idle\"><figure class=\"fg-item-inner\"><a href=\"https:\/\/acligphoto.fr\/wp-content\/uploads\/2025\/09\/05_Vacances_Louis.jpg\" data-caption-title=\"Photo de Louis : Titre : \u00ab La roche de Solutr\u00e9 \u00bb\" data-caption-desc=\"Fran\u00e7ois Mitterrand l\u2019a gravie r\u00e9guli\u00e8rement, chaque lundi de Pentec\u00f4te en compagnie de\nson \u00e9pouse, de sa famille et de ses amis. De 1945 au cr\u00e9puscule de sa vie\" data-attachment-id=\"15894\" data-type=\"image\" class=\"fg-thumb\"><span class=\"fg-image-wrap\"><img decoding=\"async\" title=\"Photo de Louis : Titre : \u00ab La roche de Solutr\u00e9 \u00bb\" width=\"150\" height=\"150\" class=\"skip-lazy fg-image\" data-src-fg=\"https:\/\/acligphoto.fr\/wp-content\/uploads\/cache\/2025\/09\/05_Vacances_Louis\/273003464.jpg\" src=\"data:image\/svg+xml,%3Csvg%20xmlns%3D%22http%3A%2F%2Fwww.w3.org%2F2000%2Fsvg%22%20width%3D%22150%22%20height%3D%22150%22%20viewBox%3D%220%200%20150%20150%22%3E%3C%2Fsvg%3E\" loading=\"eager\"><\/span><span class=\"fg-image-overlay\"><\/span><\/a><figcaption class=\"fg-caption\"><div class=\"fg-caption-inner\"><div class=\"fg-caption-title\">Photo de Louis : Titre : \u00ab La roche de Solutr\u00e9 \u00bb<\/div><div class=\"fg-caption-desc\">Fran\u00e7ois Mitterrand l\u2019a gravie r\u00e9guli\u00e8rement, chaque lundi de Pentec\u00f4te en compagnie de\nson \u00e9pouse, de sa famille et de ses amis. De 1945 au cr\u00e9puscule de sa vie<\/div><\/div><\/figcaption><\/figure><div class=\"fg-loader\"><\/div><\/div><div class=\"fg-item fg-type-image fg-idle\"><figure class=\"fg-item-inner\"><a href=\"https:\/\/acligphoto.fr\/wp-content\/uploads\/2025\/09\/04_Vacances_GuyB.jpg\" data-caption-title=\"Photo de Guy B.\" data-caption-desc=\"Mon instantan\u00e9e de vacances c&#039;est cette carte postale.\nAntibes juillet 2025, il y a le ciel, le soleil, les yachts. Sur le sable le monde en forme de\nfourmili\u00e8re et un peu plus haut le quai des milliardaires. Avec le soleil tout devient idyllique,\nrien ne manque, la carte postale est parfaite une forme de vacances dans un tourisme de masse.\" data-attachment-id=\"15893\" data-type=\"image\" class=\"fg-thumb\"><span class=\"fg-image-wrap\"><img decoding=\"async\" title=\"Photo de Guy B.\" width=\"150\" height=\"150\" class=\"skip-lazy fg-image\" data-src-fg=\"https:\/\/acligphoto.fr\/wp-content\/uploads\/cache\/2025\/09\/04_Vacances_GuyB\/3776096020.jpg\" src=\"data:image\/svg+xml,%3Csvg%20xmlns%3D%22http%3A%2F%2Fwww.w3.org%2F2000%2Fsvg%22%20width%3D%22150%22%20height%3D%22150%22%20viewBox%3D%220%200%20150%20150%22%3E%3C%2Fsvg%3E\" loading=\"eager\"><\/span><span class=\"fg-image-overlay\"><\/span><\/a><figcaption class=\"fg-caption\"><div class=\"fg-caption-inner\"><div class=\"fg-caption-title\">Photo de Guy B.<\/div><div class=\"fg-caption-desc\">Mon instantan\u00e9e de vacances c&rsquo;est cette carte postale.\nAntibes juillet 2025, il y a le ciel, le soleil, les yachts. Sur le sable le monde en forme de\nfourmili\u00e8re et un peu plus haut le quai des milliardaires. Avec le soleil tout devient idyllique,\nrien ne manque, la carte postale est parfaite une forme de vacances dans un tourisme de masse.<\/div><\/div><\/figcaption><\/figure><div class=\"fg-loader\"><\/div><\/div><div class=\"fg-item fg-type-image fg-idle\"><figure class=\"fg-item-inner\"><a href=\"https:\/\/acligphoto.fr\/wp-content\/uploads\/2025\/09\/03_Vacances_Iza.jpg\" data-caption-title=\"Photo de Iza\" data-caption-desc=\"Bapt\u00eame de l&#039;air pour Fred et moi cet \u00e9t\u00e9.\nD\u00e9part B\u00e2le Mulhouse ...\nDirection Toulouse\nIl fait toujours beau au-dessus des nuages !!!!\" data-attachment-id=\"15892\" data-type=\"image\" class=\"fg-thumb\"><span class=\"fg-image-wrap\"><img decoding=\"async\" title=\"Photo de Iza\" width=\"150\" height=\"150\" class=\"skip-lazy fg-image\" data-src-fg=\"https:\/\/acligphoto.fr\/wp-content\/uploads\/cache\/2025\/09\/03_Vacances_Iza\/733434215.jpg\" src=\"data:image\/svg+xml,%3Csvg%20xmlns%3D%22http%3A%2F%2Fwww.w3.org%2F2000%2Fsvg%22%20width%3D%22150%22%20height%3D%22150%22%20viewBox%3D%220%200%20150%20150%22%3E%3C%2Fsvg%3E\" loading=\"eager\"><\/span><span class=\"fg-image-overlay\"><\/span><\/a><figcaption class=\"fg-caption\"><div class=\"fg-caption-inner\"><div class=\"fg-caption-title\">Photo de Iza<\/div><div class=\"fg-caption-desc\">Bapt\u00eame de l&rsquo;air pour Fred et moi cet \u00e9t\u00e9.\nD\u00e9part B\u00e2le Mulhouse &#8230;\nDirection Toulouse\nIl fait toujours beau au-dessus des nuages !!!!<\/div><\/div><\/figcaption><\/figure><div class=\"fg-loader\"><\/div><\/div><div class=\"fg-item fg-type-image fg-idle\"><figure class=\"fg-item-inner\"><a href=\"https:\/\/acligphoto.fr\/wp-content\/uploads\/2025\/09\/02_Vacances_Albert.jpg\" data-caption-title=\"Photo de Albert : Titre : \u00ab Y en a dans l\u2019slip ! \u00bb\" data-attachment-id=\"15891\" data-type=\"image\" class=\"fg-thumb\"><span class=\"fg-image-wrap\"><img decoding=\"async\" title=\"Photo de Albert : Titre : \u00ab Y en a dans l\u2019slip ! \u00bb\" width=\"150\" height=\"150\" class=\"skip-lazy fg-image\" data-src-fg=\"https:\/\/acligphoto.fr\/wp-content\/uploads\/cache\/2025\/09\/02_Vacances_Albert\/1577899502.jpg\" src=\"data:image\/svg+xml,%3Csvg%20xmlns%3D%22http%3A%2F%2Fwww.w3.org%2F2000%2Fsvg%22%20width%3D%22150%22%20height%3D%22150%22%20viewBox%3D%220%200%20150%20150%22%3E%3C%2Fsvg%3E\" loading=\"eager\"><\/span><span class=\"fg-image-overlay\"><\/span><\/a><figcaption class=\"fg-caption\"><div class=\"fg-caption-inner\"><div class=\"fg-caption-title\">Photo de Albert : Titre : \u00ab Y en a dans l\u2019slip ! \u00bb<\/div><\/div><\/figcaption><\/figure><div class=\"fg-loader\"><\/div><\/div><div class=\"fg-item fg-type-image fg-idle\"><figure class=\"fg-item-inner\"><a href=\"https:\/\/acligphoto.fr\/wp-content\/uploads\/2025\/09\/01_Vacances_Jose.jpg\" data-caption-title=\"Photo de Jos\u00e9\" data-caption-desc=\"Instantan\u00e9 depuis le col des saisies sur le Mt Blanc enti\u00e8rement d\u00e9gag\u00e9 !\" data-attachment-id=\"15890\" data-type=\"image\" class=\"fg-thumb\"><span class=\"fg-image-wrap\"><img decoding=\"async\" title=\"Photo de Jos\u00e9\" width=\"150\" height=\"150\" class=\"skip-lazy fg-image\" data-src-fg=\"https:\/\/acligphoto.fr\/wp-content\/uploads\/cache\/2025\/09\/01_Vacances_Jose\/161396264.jpg\" src=\"data:image\/svg+xml,%3Csvg%20xmlns%3D%22http%3A%2F%2Fwww.w3.org%2F2000%2Fsvg%22%20width%3D%22150%22%20height%3D%22150%22%20viewBox%3D%220%200%20150%20150%22%3E%3C%2Fsvg%3E\" loading=\"eager\"><\/span><span class=\"fg-image-overlay\"><\/span><\/a><figcaption class=\"fg-caption\"><div class=\"fg-caption-inner\"><div class=\"fg-caption-title\">Photo de Jos\u00e9<\/div><div class=\"fg-caption-desc\">Instantan\u00e9 depuis le col des saisies sur le Mt Blanc enti\u00e8rement d\u00e9gag\u00e9 !<\/div><\/div><\/figcaption><\/figure><div class=\"fg-loader\"><\/div><\/div><\/div>\n","protected":false},"excerpt":{"rendered":"<p>Instantan\u00e9 de vacances<\/p>\n","protected":false},"author":27,"featured_media":15902,"comment_status":"closed","ping_status":"open","sticky":true,"template":"","format":"standard","meta":{"_bbp_topic_count":0,"_bbp_reply_count":0,"_bbp_total_topic_count":0,"_bbp_total_reply_count":0,"_bbp_voice_count":0,"_bbp_anonymous_reply_count":0,"_bbp_topic_count_hidden":0,"_bbp_reply_count_hidden":0,"_bbp_forum_subforum_count":0,"footnotes":""},"categories":[7],"tags":[],"class_list":["post-15888","post","type-post","status-publish","format-standard","has-post-thumbnail","hentry","category-vie-de-latelier"],"_links":{"self":[{"href":"https:\/\/acligphoto.fr\/index.php?rest_route=\/wp\/v2\/posts\/15888","targetHints":{"allow":["GET"]}}],"collection":[{"href":"https:\/\/acligphoto.fr\/index.php?rest_route=\/wp\/v2\/posts"}],"about":[{"href":"https:\/\/acligphoto.fr\/index.php?rest_route=\/wp\/v2\/types\/post"}],"author":[{"embeddable":true,"href":"https:\/\/acligphoto.fr\/index.php?rest_route=\/wp\/v2\/users\/27"}],"replies":[{"embeddable":true,"href":"https:\/\/acligphoto.fr\/index.php?rest_route=%2Fwp%2Fv2%2Fcomments&post=15888"}],"version-history":[{"count":2,"href":"https:\/\/acligphoto.fr\/index.php?rest_route=\/wp\/v2\/posts\/15888\/revisions"}],"predecessor-version":[{"id":15904,"href":"https:\/\/acligphoto.fr\/index.php?rest_route=\/wp\/v2\/posts\/15888\/revisions\/15904"}],"wp:featuredmedia":[{"embeddable":true,"href":"https:\/\/acligphoto.fr\/index.php?rest_route=\/wp\/v2\/media\/15902"}],"wp:attachment":[{"href":"https:\/\/acligphoto.fr\/index.php?rest_route=%2Fwp%2Fv2%2Fmedia&parent=15888"}],"wp:term":[{"taxonomy":"category","embeddable":true,"href":"https:\/\/acligphoto.fr\/index.php?rest_route=%2Fwp%2Fv2%2Fcategories&post=15888"},{"taxonomy":"post_tag","embeddable":true,"href":"https:\/\/acligphoto.fr\/index.php?rest_route=%2Fwp%2Fv2%2Ftags&post=15888"}],"curies":[{"name":"wp","href":"https:\/\/api.w.org\/{rel}","templated":true}]}}