{"id":15875,"date":"2025-09-22T17:07:32","date_gmt":"2025-09-22T15:07:32","guid":{"rendered":"https:\/\/acligphoto.fr\/?p=15875"},"modified":"2025-09-22T17:18:27","modified_gmt":"2025-09-22T15:18:27","slug":"festival-pixel-nature","status":"publish","type":"post","link":"https:\/\/acligphoto.fr\/?p=15875","title":{"rendered":"Festival Pixel-Nature"},"content":{"rendered":"\n<p>Une exposition de photos sur la nature pr\u00e9sent\u00e9e par une vingtaine d\u2019artistes pr\u00e9sents durant tout le week-end du 22 au 24 septembre dans la Cour de l\u2019H\u00f4tel de Ville.<\/p>\n\n\n\n<p>Photographe invit\u00e9 d&rsquo;honneur : <a href=\"https:\/\/www.benoistclouet.com\/\" target=\"_blank\" rel=\"noreferrer noopener\">Benoist Clouet<\/a> ( illustration de l&rsquo;article)<\/p>\n\n\n\n<p><a href=\"https:\/\/barr.fr\/festival-pixel-nature\/\" target=\"_blank\" rel=\"noreferrer noopener\">Voir les d\u00e9tails<\/a><\/p>\n\n\n\n<p><a href=\"https:\/\/acligphoto.fr\/wp-content\/uploads\/2025\/09\/afficheSalon14-NatWeb.jpg\" target=\"_blank\" rel=\"noreferrer noopener\">Voir l&rsquo;affich<\/a><a href=\"https:\/\/acligphoto.fr\/wp-content\/uploads\/2025\/09\/afficheSalon14-NatWeb.jpg\">e<\/a><\/p>\n","protected":false},"excerpt":{"rendered":"<p>Une exposition de photos sur la nature pr\u00e9sent\u00e9e par une vingtaine d\u2019artistes pr\u00e9sents durant tout le week-end du 22 au 24 septembre dans la Cour de l\u2019H\u00f4tel de Ville. Photographe invit\u00e9 d&rsquo;honneur : Benoist Clouet ( illustration de l&rsquo;article) Voir les d\u00e9tails Voir l&rsquo;affiche<\/p>\n","protected":false},"author":1,"featured_media":15884,"comment_status":"closed","ping_status":"open","sticky":true,"template":"","format":"image","meta":{"_bbp_topic_count":0,"_bbp_reply_count":0,"_bbp_total_topic_count":0,"_bbp_total_reply_count":0,"_bbp_voice_count":0,"_bbp_anonymous_reply_count":0,"_bbp_topic_count_hidden":0,"_bbp_reply_count_hidden":0,"_bbp_forum_subforum_count":0,"footnotes":""},"categories":[2],"tags":[],"class_list":["post-15875","post","type-post","status-publish","format-image","has-post-thumbnail","hentry","category-exposition","post_format-post-format-image"],"_links":{"self":[{"href":"https:\/\/acligphoto.fr\/index.php?rest_route=\/wp\/v2\/posts\/15875","targetHints":{"allow":["GET"]}}],"collection":[{"href":"https:\/\/acligphoto.fr\/index.php?rest_route=\/wp\/v2\/posts"}],"about":[{"href":"https:\/\/acligphoto.fr\/index.php?rest_route=\/wp\/v2\/types\/post"}],"author":[{"embeddable":true,"href":"https:\/\/acligphoto.fr\/index.php?rest_route=\/wp\/v2\/users\/1"}],"replies":[{"embeddable":true,"href":"https:\/\/acligphoto.fr\/index.php?rest_route=%2Fwp%2Fv2%2Fcomments&post=15875"}],"version-history":[{"count":6,"href":"https:\/\/acligphoto.fr\/index.php?rest_route=\/wp\/v2\/posts\/15875\/revisions"}],"predecessor-version":[{"id":15886,"href":"https:\/\/acligphoto.fr\/index.php?rest_route=\/wp\/v2\/posts\/15875\/revisions\/15886"}],"wp:featuredmedia":[{"embeddable":true,"href":"https:\/\/acligphoto.fr\/index.php?rest_route=\/wp\/v2\/media\/15884"}],"wp:attachment":[{"href":"https:\/\/acligphoto.fr\/index.php?rest_route=%2Fwp%2Fv2%2Fmedia&parent=15875"}],"wp:term":[{"taxonomy":"category","embeddable":true,"href":"https:\/\/acligphoto.fr\/index.php?rest_route=%2Fwp%2Fv2%2Fcategories&post=15875"},{"taxonomy":"post_tag","embeddable":true,"href":"https:\/\/acligphoto.fr\/index.php?rest_route=%2Fwp%2Fv2%2Ftags&post=15875"}],"curies":[{"name":"wp","href":"https:\/\/api.w.org\/{rel}","templated":true}]}}