{"id":15847,"date":"2025-09-20T18:10:21","date_gmt":"2025-09-20T16:10:21","guid":{"rendered":"https:\/\/acligphoto.fr\/?p=15847"},"modified":"2025-09-20T18:12:25","modified_gmt":"2025-09-20T16:12:25","slug":"les-cartes-postales-de-lete","status":"publish","type":"post","link":"https:\/\/acligphoto.fr\/?p=15847","title":{"rendered":"Les cartes postales de l&rsquo;\u00e9t\u00e9"},"content":{"rendered":"\n<style type=\"text\/css\">\n#foogallery-gallery-15602 .fg-image { width: 150px; }\n#foogallery-gallery-15602 { --fg-gutter: 10px; }<\/style>\n\t\t\t<div class=\"foogallery foogallery-container foogallery-default foogallery-lightbox-foogallery fg-center fg-default fg-ready fg-light fg-border-thin fg-shadow-outline fg-loading-default fg-loaded-fade-in fg-caption-hover fg-hover-fade fg-hover-zoom\" id=\"foogallery-gallery-15602\" data-foogallery=\"{&quot;item&quot;:{&quot;showCaptionTitle&quot;:true,&quot;showCaptionDescription&quot;:true},&quot;lazy&quot;:true}\" data-foogallery-lightbox=\"{&quot;thumbs&quot;:&quot;bottom&quot;,&quot;thumbsCaptions&quot;:false,&quot;thumbsBestFit&quot;:false,&quot;thumbsSmall&quot;:false,&quot;thumbsCaptionsAlign&quot;:&quot;default&quot;,&quot;info&quot;:&quot;bottom&quot;,&quot;infoVisible&quot;:true,&quot;infoOverlay&quot;:true,&quot;infoAlign&quot;:&quot;default&quot;,&quot;transition&quot;:&quot;fade&quot;,&quot;hoverButtons&quot;:false,&quot;fitMedia&quot;:false,&quot;noScrollbars&quot;:true,&quot;preserveButtonSpace&quot;:true,&quot;buttons&quot;:{&quot;fullscreen&quot;:true,&quot;info&quot;:true,&quot;thumbs&quot;:false},&quot;video&quot;:{&quot;autoPlay&quot;:true}}\" style=\"--fg-title-line-clamp: 0; --fg-description-line-clamp: 0;\" >\n\t<div class=\"fg-item fg-type-image fg-idle\"><figure class=\"fg-item-inner\"><a href=\"https:\/\/acligphoto.fr\/wp-content\/uploads\/2025\/07\/Lac-de-Carezza_IMG_E3920.jpg\" data-caption-title=\"N\u00b0 02 Lac de Carezza, Albert Perrin\" data-caption-desc=\"Salut amical du lac de Carezza (en italien : lago di Carezza, en allemand : Karersee) petit lac alpin situ\u00e9 dans le haut val d&#039;Ega \u00e0 1 534 m d&#039;altitude, dans la commune de Nova Levante, \u00e0 environ 25 km de Bolzano dans le Tyrol du Sud. Il est situ\u00e9 au milieu d&#039;une \u00e9paisse for\u00eat de sapins et sous les pentes du groupe du Latemar, qui se refl\u00e8te dans ses eaux cristallines.\" data-attachment-id=\"15656\" data-type=\"image\" class=\"fg-thumb\"><span class=\"fg-image-wrap\"><img decoding=\"async\" title=\"N\u00b0 02 Lac de Carezza, Albert Perrin\" width=\"150\" height=\"150\" class=\"skip-lazy fg-image\" data-src-fg=\"https:\/\/acligphoto.fr\/wp-content\/uploads\/cache\/2025\/07\/Lac-de-Carezza_IMG_E3920\/676135512.jpg\" src=\"data:image\/svg+xml,%3Csvg%20xmlns%3D%22http%3A%2F%2Fwww.w3.org%2F2000%2Fsvg%22%20width%3D%22150%22%20height%3D%22150%22%20viewBox%3D%220%200%20150%20150%22%3E%3C%2Fsvg%3E\" loading=\"eager\"><\/span><span class=\"fg-image-overlay\"><\/span><\/a><figcaption class=\"fg-caption\"><div class=\"fg-caption-inner\"><div class=\"fg-caption-title\">N\u00b0 02 Lac de Carezza, Albert Perrin<\/div><div class=\"fg-caption-desc\">Salut amical du lac de Carezza (en italien : lago di Carezza, en allemand : Karersee) petit lac alpin situ\u00e9 dans le haut val d'Ega \u00e0 1 534 m d'altitude, dans la commune de Nova Levante, \u00e0 environ 25 km de Bolzano dans le Tyrol du Sud. Il est situ\u00e9 au milieu d'une \u00e9paisse for\u00eat de sapins et sous les pentes du groupe du Latemar, qui se refl\u00e8te dans ses eaux cristallines.<\/div><\/div><\/figcaption><\/figure><div class=\"fg-loader\"><\/div><\/div><div class=\"fg-item fg-type-image fg-idle\"><figure class=\"fg-item-inner\"><a href=\"https:\/\/acligphoto.fr\/wp-content\/uploads\/2025\/08\/P8110424_DxO.jpg\" data-caption-title=\"N\u00b0 04 Claude Monet dans les Carri\u00e8res de lumi\u00e8res aux Baux-de-Provence\" data-caption-desc=\"Par Gilbert de Murcia\" data-attachment-id=\"15694\" data-type=\"image\" class=\"fg-thumb\"><span class=\"fg-image-wrap\"><img decoding=\"async\" title=\"N\u00b0 04 Claude Monet dans les Carri\u00e8res de lumi\u00e8res aux Baux-de-Provence\" width=\"150\" height=\"150\" class=\"skip-lazy fg-image\" data-src-fg=\"https:\/\/acligphoto.fr\/wp-content\/uploads\/cache\/2025\/08\/P8110424_DxO\/781628771.jpg\" src=\"data:image\/svg+xml,%3Csvg%20xmlns%3D%22http%3A%2F%2Fwww.w3.org%2F2000%2Fsvg%22%20width%3D%22150%22%20height%3D%22150%22%20viewBox%3D%220%200%20150%20150%22%3E%3C%2Fsvg%3E\" loading=\"eager\"><\/span><span class=\"fg-image-overlay\"><\/span><\/a><figcaption class=\"fg-caption\"><div class=\"fg-caption-inner\"><div class=\"fg-caption-title\">N\u00b0 04 Claude Monet dans les Carri\u00e8res de lumi\u00e8res aux Baux-de-Provence<\/div><div class=\"fg-caption-desc\">Par Gilbert de Murcia<\/div><\/div><\/figcaption><\/figure><div class=\"fg-loader\"><\/div><\/div><div class=\"fg-item fg-type-image fg-idle\"><figure class=\"fg-item-inner\"><a href=\"https:\/\/acligphoto.fr\/wp-content\/uploads\/2025\/08\/FXT56088.jpg\" data-caption-title=\"N\u00b0 13 Mulhouse. La cit\u00e9 de l&#039;automobile\" data-caption-desc=\"Des m\u00e9caniques nobles et color\u00e9es. Armand Troestler\" data-attachment-id=\"15721\" data-type=\"image\" class=\"fg-thumb\"><span class=\"fg-image-wrap\"><img decoding=\"async\" title=\"N\u00b0 13 Mulhouse. La cit\u00e9 de l&#039;automobile\" width=\"150\" height=\"150\" class=\"skip-lazy fg-image\" data-src-fg=\"https:\/\/acligphoto.fr\/wp-content\/uploads\/cache\/2025\/08\/FXT56088\/3960845847.jpg\" src=\"data:image\/svg+xml,%3Csvg%20xmlns%3D%22http%3A%2F%2Fwww.w3.org%2F2000%2Fsvg%22%20width%3D%22150%22%20height%3D%22150%22%20viewBox%3D%220%200%20150%20150%22%3E%3C%2Fsvg%3E\" loading=\"eager\"><\/span><span class=\"fg-image-overlay\"><\/span><\/a><figcaption class=\"fg-caption\"><div class=\"fg-caption-inner\"><div class=\"fg-caption-title\">N\u00b0 13 Mulhouse. La cit\u00e9 de l'automobile<\/div><div class=\"fg-caption-desc\">Des m\u00e9caniques nobles et color\u00e9es. Armand Troestler<\/div><\/div><\/figcaption><\/figure><div class=\"fg-loader\"><\/div><\/div><div class=\"fg-item fg-type-image fg-idle\"><figure class=\"fg-item-inner\"><a href=\"https:\/\/acligphoto.fr\/wp-content\/uploads\/2025\/08\/P8110351_DxO.jpg\" data-caption-title=\"N\u00b0 15 La chambre de Van Gogh \u00e0 l&#039;Hospice de St. Paul de Mausole\" data-caption-desc=\"Gilbert de Murcia\" data-attachment-id=\"15745\" data-type=\"image\" class=\"fg-thumb\"><span class=\"fg-image-wrap\"><img decoding=\"async\" title=\"N\u00b0 15 La chambre de Van Gogh \u00e0 l&#039;Hospice de St. Paul de Mausole\" width=\"150\" height=\"150\" class=\"skip-lazy fg-image\" data-src-fg=\"https:\/\/acligphoto.fr\/wp-content\/uploads\/cache\/2025\/08\/P8110351_DxO\/2737123083.jpg\" src=\"data:image\/svg+xml,%3Csvg%20xmlns%3D%22http%3A%2F%2Fwww.w3.org%2F2000%2Fsvg%22%20width%3D%22150%22%20height%3D%22150%22%20viewBox%3D%220%200%20150%20150%22%3E%3C%2Fsvg%3E\" loading=\"eager\"><\/span><span class=\"fg-image-overlay\"><\/span><\/a><figcaption class=\"fg-caption\"><div class=\"fg-caption-inner\"><div class=\"fg-caption-title\">N\u00b0 15 La chambre de Van Gogh \u00e0 l'Hospice de St. Paul de Mausole<\/div><div class=\"fg-caption-desc\">Gilbert de Murcia<\/div><\/div><\/figcaption><\/figure><div class=\"fg-loader\"><\/div><\/div><div class=\"fg-item fg-type-image fg-idle\"><figure class=\"fg-item-inner\"><a href=\"https:\/\/acligphoto.fr\/wp-content\/uploads\/2025\/08\/DSC_8173.jpg\" data-caption-title=\"N\u00b0 11 Aller plus haut\" data-caption-desc=\"Lisa Klauth\" data-attachment-id=\"15735\" data-type=\"image\" class=\"fg-thumb\"><span class=\"fg-image-wrap\"><img decoding=\"async\" title=\"N\u00b0 11 Aller plus haut\" width=\"150\" height=\"150\" class=\"skip-lazy fg-image\" data-src-fg=\"https:\/\/acligphoto.fr\/wp-content\/uploads\/cache\/2025\/08\/DSC_8173\/3179362836.jpg\" src=\"data:image\/svg+xml,%3Csvg%20xmlns%3D%22http%3A%2F%2Fwww.w3.org%2F2000%2Fsvg%22%20width%3D%22150%22%20height%3D%22150%22%20viewBox%3D%220%200%20150%20150%22%3E%3C%2Fsvg%3E\" loading=\"eager\"><\/span><span class=\"fg-image-overlay\"><\/span><\/a><figcaption class=\"fg-caption\"><div class=\"fg-caption-inner\"><div class=\"fg-caption-title\">N\u00b0 11 Aller plus haut<\/div><div class=\"fg-caption-desc\">Lisa Klauth<\/div><\/div><\/figcaption><\/figure><div class=\"fg-loader\"><\/div><\/div><div class=\"fg-item fg-type-image fg-idle\"><figure class=\"fg-item-inner\"><a href=\"https:\/\/acligphoto.fr\/wp-content\/uploads\/2025\/08\/FXT55891.jpg\" data-caption-title=\"N\u00b012 Le moulin \u00e0 l\u2019\u00c9comus\u00e9e d&#039;Ungersheim.\" data-caption-desc=\"Comme dans un tableau du XIX\u00e8 si\u00e8cle; un voyage dans le temps.. Armand Troestler\" data-attachment-id=\"15718\" data-type=\"image\" class=\"fg-thumb\"><span class=\"fg-image-wrap\"><img decoding=\"async\" title=\"N\u00b012 Le moulin \u00e0 l\u2019\u00c9comus\u00e9e d&#039;Ungersheim.\" width=\"150\" height=\"150\" class=\"skip-lazy fg-image\" data-src-fg=\"https:\/\/acligphoto.fr\/wp-content\/uploads\/cache\/2025\/08\/FXT55891\/1822786333.jpg\" src=\"data:image\/svg+xml,%3Csvg%20xmlns%3D%22http%3A%2F%2Fwww.w3.org%2F2000%2Fsvg%22%20width%3D%22150%22%20height%3D%22150%22%20viewBox%3D%220%200%20150%20150%22%3E%3C%2Fsvg%3E\" loading=\"eager\"><\/span><span class=\"fg-image-overlay\"><\/span><\/a><figcaption class=\"fg-caption\"><div class=\"fg-caption-inner\"><div class=\"fg-caption-title\">N\u00b012 Le moulin \u00e0 l\u2019\u00c9comus\u00e9e d'Ungersheim.<\/div><div class=\"fg-caption-desc\">Comme dans un tableau du XIX\u00e8 si\u00e8cle; un voyage dans le temps.. Armand Troestler<\/div><\/div><\/figcaption><\/figure><div class=\"fg-loader\"><\/div><\/div><div class=\"fg-item fg-type-image fg-idle\"><figure class=\"fg-item-inner\"><a href=\"https:\/\/acligphoto.fr\/wp-content\/uploads\/2025\/06\/2025-05-31-2-copie.jpg\" data-caption-title=\"N\u00b0 01  Parc \u00e0 moutons\" data-caption-desc=\"Francis Motsch\" data-attachment-id=\"15477\" data-type=\"image\" class=\"fg-thumb\"><span class=\"fg-image-wrap\"><img decoding=\"async\" title=\"N\u00b0 01  Parc \u00e0 moutons\" width=\"150\" height=\"150\" class=\"skip-lazy fg-image\" data-src-fg=\"https:\/\/acligphoto.fr\/wp-content\/uploads\/cache\/2025\/06\/2025-05-31-2-copie\/654464072.jpg\" src=\"data:image\/svg+xml,%3Csvg%20xmlns%3D%22http%3A%2F%2Fwww.w3.org%2F2000%2Fsvg%22%20width%3D%22150%22%20height%3D%22150%22%20viewBox%3D%220%200%20150%20150%22%3E%3C%2Fsvg%3E\" loading=\"eager\"><\/span><span class=\"fg-image-overlay\"><\/span><\/a><figcaption class=\"fg-caption\"><div class=\"fg-caption-inner\"><div class=\"fg-caption-title\">N\u00b0 01  Parc \u00e0 moutons<\/div><div class=\"fg-caption-desc\">Francis Motsch<\/div><\/div><\/figcaption><\/figure><div class=\"fg-loader\"><\/div><\/div><div class=\"fg-item fg-type-image fg-idle\"><figure class=\"fg-item-inner\"><a href=\"https:\/\/acligphoto.fr\/wp-content\/uploads\/2025\/08\/Grotte00004-copie.jpg\" data-caption-title=\"N\u00b006 Grotte\" data-caption-desc=\"Louis Doerr\" data-attachment-id=\"15709\" data-type=\"image\" class=\"fg-thumb\"><span class=\"fg-image-wrap\"><img decoding=\"async\" title=\"N\u00b006 Grotte\" width=\"150\" height=\"150\" class=\"skip-lazy fg-image\" data-src-fg=\"https:\/\/acligphoto.fr\/wp-content\/uploads\/cache\/2025\/08\/Grotte00004-copie\/297367476.jpg\" src=\"data:image\/svg+xml,%3Csvg%20xmlns%3D%22http%3A%2F%2Fwww.w3.org%2F2000%2Fsvg%22%20width%3D%22150%22%20height%3D%22150%22%20viewBox%3D%220%200%20150%20150%22%3E%3C%2Fsvg%3E\" loading=\"eager\"><\/span><span class=\"fg-image-overlay\"><\/span><\/a><figcaption class=\"fg-caption\"><div class=\"fg-caption-inner\"><div class=\"fg-caption-title\">N\u00b006 Grotte<\/div><div class=\"fg-caption-desc\">Louis Doerr<\/div><\/div><\/figcaption><\/figure><div class=\"fg-loader\"><\/div><\/div><div class=\"fg-item fg-type-image fg-idle\"><figure class=\"fg-item-inner\"><a href=\"https:\/\/acligphoto.fr\/wp-content\/uploads\/2025\/08\/250713_IZA_Photo-du-mois-_Train-de-la-Rhune.jpg\" data-caption-title=\"N\u00b0 09 Train \u00e0 cr\u00e9maill\u00e8re avec vue sur la Rhune. Pays basque\" data-caption-desc=\"Isabelle Zaninello\" data-attachment-id=\"15729\" data-type=\"image\" class=\"fg-thumb\"><span class=\"fg-image-wrap\"><img decoding=\"async\" title=\"N\u00b0 09 Train \u00e0 cr\u00e9maill\u00e8re avec vue sur la Rhune. Pays basque\" width=\"150\" height=\"150\" class=\"skip-lazy fg-image\" data-src-fg=\"https:\/\/acligphoto.fr\/wp-content\/uploads\/cache\/2025\/08\/250713_IZA_Photo-du-mois-_Train-de-la-Rhune\/3681576031.jpg\" src=\"data:image\/svg+xml,%3Csvg%20xmlns%3D%22http%3A%2F%2Fwww.w3.org%2F2000%2Fsvg%22%20width%3D%22150%22%20height%3D%22150%22%20viewBox%3D%220%200%20150%20150%22%3E%3C%2Fsvg%3E\" loading=\"eager\"><\/span><span class=\"fg-image-overlay\"><\/span><\/a><figcaption class=\"fg-caption\"><div class=\"fg-caption-inner\"><div class=\"fg-caption-title\">N\u00b0 09 Train \u00e0 cr\u00e9maill\u00e8re avec vue sur la Rhune. Pays basque<\/div><div class=\"fg-caption-desc\">Isabelle Zaninello<\/div><\/div><\/figcaption><\/figure><div class=\"fg-loader\"><\/div><\/div><div class=\"fg-item fg-type-image fg-idle\"><figure class=\"fg-item-inner\"><a href=\"https:\/\/acligphoto.fr\/wp-content\/uploads\/2025\/09\/Aout-2025.jpg\" data-caption-title=\"N\u00b014 : La rentr\u00e9e j&#039;m&#039;en balance...\" data-caption-desc=\"Michel Bintz\" data-attachment-id=\"15748\" data-type=\"image\" class=\"fg-thumb\"><span class=\"fg-image-wrap\"><img decoding=\"async\" title=\"N\u00b014 : La rentr\u00e9e j&#039;m&#039;en balance...\" width=\"150\" height=\"150\" class=\"skip-lazy fg-image\" data-src-fg=\"https:\/\/acligphoto.fr\/wp-content\/uploads\/cache\/2025\/09\/Aout-2025\/1728257046.jpg\" src=\"data:image\/svg+xml,%3Csvg%20xmlns%3D%22http%3A%2F%2Fwww.w3.org%2F2000%2Fsvg%22%20width%3D%22150%22%20height%3D%22150%22%20viewBox%3D%220%200%20150%20150%22%3E%3C%2Fsvg%3E\" loading=\"eager\"><\/span><span class=\"fg-image-overlay\"><\/span><\/a><figcaption class=\"fg-caption\"><div class=\"fg-caption-inner\"><div class=\"fg-caption-title\">N\u00b014 : La rentr\u00e9e j'm'en balance...<\/div><div class=\"fg-caption-desc\">Michel Bintz<\/div><\/div><\/figcaption><\/figure><div class=\"fg-loader\"><\/div><\/div><div class=\"fg-item fg-type-image fg-idle\"><figure class=\"fg-item-inner\"><a href=\"https:\/\/acligphoto.fr\/wp-content\/uploads\/2025\/09\/pour-ACLIG.jpg\" data-caption-title=\"N\u00b0 16 Une situation stressante....\" data-caption-desc=\"Photo prise lors d&#039;une visite au mus\u00e9e de l&#039;illusion avec ma petite fille. Non elle ne s&#039;est pas jet\u00e9e dans le vide par le balcon, c&#039;est un trucage.....\nThierry Potecher\" data-attachment-id=\"15754\" data-type=\"image\" class=\"fg-thumb\"><span class=\"fg-image-wrap\"><img decoding=\"async\" title=\"N\u00b0 16 Une situation stressante....\" width=\"150\" height=\"150\" class=\"skip-lazy fg-image\" data-src-fg=\"https:\/\/acligphoto.fr\/wp-content\/uploads\/cache\/2025\/09\/pour-ACLIG\/2737559422.jpg\" src=\"data:image\/svg+xml,%3Csvg%20xmlns%3D%22http%3A%2F%2Fwww.w3.org%2F2000%2Fsvg%22%20width%3D%22150%22%20height%3D%22150%22%20viewBox%3D%220%200%20150%20150%22%3E%3C%2Fsvg%3E\" loading=\"eager\"><\/span><span class=\"fg-image-overlay\"><\/span><\/a><figcaption class=\"fg-caption\"><div class=\"fg-caption-inner\"><div class=\"fg-caption-title\">N\u00b0 16 Une situation stressante....<\/div><div class=\"fg-caption-desc\">Photo prise lors d'une visite au mus\u00e9e de l'illusion avec ma petite fille. Non elle ne s'est pas jet\u00e9e dans le vide par le balcon, c'est un trucage.....\nThierry Potecher<\/div><\/div><\/figcaption><\/figure><div class=\"fg-loader\"><\/div><\/div><div class=\"fg-item fg-type-image fg-idle\"><figure class=\"fg-item-inner\"><a href=\"https:\/\/acligphoto.fr\/wp-content\/uploads\/2025\/08\/FXT55180.jpg\" data-caption-title=\"N\u00b0 03 Cassis, vue sur l&#039;entr\u00e9e du port depuis la plage du Bestouan\" data-caption-desc=\"Armand Troestler\" data-attachment-id=\"15681\" data-type=\"image\" class=\"fg-thumb\"><span class=\"fg-image-wrap\"><img decoding=\"async\" title=\"N\u00b0 03 Cassis, vue sur l&#039;entr\u00e9e du port depuis la plage du Bestouan\" width=\"150\" height=\"150\" class=\"skip-lazy fg-image\" data-src-fg=\"https:\/\/acligphoto.fr\/wp-content\/uploads\/cache\/2025\/08\/FXT55180\/1587672927.jpg\" src=\"data:image\/svg+xml,%3Csvg%20xmlns%3D%22http%3A%2F%2Fwww.w3.org%2F2000%2Fsvg%22%20width%3D%22150%22%20height%3D%22150%22%20viewBox%3D%220%200%20150%20150%22%3E%3C%2Fsvg%3E\" loading=\"eager\"><\/span><span class=\"fg-image-overlay\"><\/span><\/a><figcaption class=\"fg-caption\"><div class=\"fg-caption-inner\"><div class=\"fg-caption-title\">N\u00b0 03 Cassis, vue sur l'entr\u00e9e du port depuis la plage du Bestouan<\/div><div class=\"fg-caption-desc\">Armand Troestler<\/div><\/div><\/figcaption><\/figure><div class=\"fg-loader\"><\/div><\/div><div class=\"fg-item fg-type-image fg-idle\"><figure class=\"fg-item-inner\"><a href=\"https:\/\/acligphoto.fr\/wp-content\/uploads\/2025\/08\/MG_6967-V2-Atelier-photo.jpg\" data-caption-title=\"N\u00b007 Aigues-mortes\" data-caption-desc=\"R\u00e9mi Mut\" data-attachment-id=\"15712\" data-type=\"image\" class=\"fg-thumb\"><span class=\"fg-image-wrap\"><img decoding=\"async\" title=\"N\u00b007 Aigues-mortes\" width=\"150\" height=\"150\" class=\"skip-lazy fg-image\" data-src-fg=\"https:\/\/acligphoto.fr\/wp-content\/uploads\/cache\/2025\/08\/MG_6967-V2-Atelier-photo\/1893346294.jpg\" src=\"data:image\/svg+xml,%3Csvg%20xmlns%3D%22http%3A%2F%2Fwww.w3.org%2F2000%2Fsvg%22%20width%3D%22150%22%20height%3D%22150%22%20viewBox%3D%220%200%20150%20150%22%3E%3C%2Fsvg%3E\" loading=\"eager\"><\/span><span class=\"fg-image-overlay\"><\/span><\/a><figcaption class=\"fg-caption\"><div class=\"fg-caption-inner\"><div class=\"fg-caption-title\">N\u00b007 Aigues-mortes<\/div><div class=\"fg-caption-desc\">R\u00e9mi Mut<\/div><\/div><\/figcaption><\/figure><div class=\"fg-loader\"><\/div><\/div><div class=\"fg-item fg-type-image fg-idle\"><figure class=\"fg-item-inner\"><a href=\"https:\/\/acligphoto.fr\/wp-content\/uploads\/2025\/08\/DSCF2020-rec.jpg\" data-caption-title=\"N\u00b0 05 Passage \u00e0 l&#039;\u00e9cluse 76 sur le canal du Rh\u00f4ne au Rhin\" data-caption-desc=\"Fran\u00e7ois Spring\" data-attachment-id=\"15698\" data-type=\"image\" class=\"fg-thumb\"><span class=\"fg-image-wrap\"><img decoding=\"async\" title=\"N\u00b0 05 Passage \u00e0 l&#039;\u00e9cluse 76 sur le canal du Rh\u00f4ne au Rhin\" width=\"150\" height=\"150\" class=\"skip-lazy fg-image\" data-src-fg=\"https:\/\/acligphoto.fr\/wp-content\/uploads\/cache\/2025\/08\/DSCF2020-rec\/1559988937.jpg\" src=\"data:image\/svg+xml,%3Csvg%20xmlns%3D%22http%3A%2F%2Fwww.w3.org%2F2000%2Fsvg%22%20width%3D%22150%22%20height%3D%22150%22%20viewBox%3D%220%200%20150%20150%22%3E%3C%2Fsvg%3E\" loading=\"eager\"><\/span><span class=\"fg-image-overlay\"><\/span><\/a><figcaption class=\"fg-caption\"><div class=\"fg-caption-inner\"><div class=\"fg-caption-title\">N\u00b0 05 Passage \u00e0 l'\u00e9cluse 76 sur le canal du Rh\u00f4ne au Rhin<\/div><div class=\"fg-caption-desc\">Fran\u00e7ois Spring<\/div><\/div><\/figcaption><\/figure><div class=\"fg-loader\"><\/div><\/div><div class=\"fg-item fg-type-image fg-idle\"><figure class=\"fg-item-inner\"><a href=\"https:\/\/acligphoto.fr\/wp-content\/uploads\/2025\/08\/FXT55454.jpg\" data-caption-title=\"N\u00b008 La maison Adolph \u00e0 Colmar\" data-caption-desc=\"Armand Troestler\" data-attachment-id=\"15715\" data-type=\"image\" class=\"fg-thumb\"><span class=\"fg-image-wrap\"><img decoding=\"async\" title=\"N\u00b008 La maison Adolph \u00e0 Colmar\" width=\"150\" height=\"150\" class=\"skip-lazy fg-image\" data-src-fg=\"https:\/\/acligphoto.fr\/wp-content\/uploads\/cache\/2025\/08\/FXT55454\/2850297551.jpg\" src=\"data:image\/svg+xml,%3Csvg%20xmlns%3D%22http%3A%2F%2Fwww.w3.org%2F2000%2Fsvg%22%20width%3D%22150%22%20height%3D%22150%22%20viewBox%3D%220%200%20150%20150%22%3E%3C%2Fsvg%3E\" loading=\"eager\"><\/span><span class=\"fg-image-overlay\"><\/span><\/a><figcaption class=\"fg-caption\"><div class=\"fg-caption-inner\"><div class=\"fg-caption-title\">N\u00b008 La maison Adolph \u00e0 Colmar<\/div><div class=\"fg-caption-desc\">Armand Troestler<\/div><\/div><\/figcaption><\/figure><div class=\"fg-loader\"><\/div><\/div><div class=\"fg-item fg-type-image fg-idle\"><figure class=\"fg-item-inner\"><a href=\"https:\/\/acligphoto.fr\/wp-content\/uploads\/2025\/08\/2025717_gbie_LGM_Grasse-1538.jpg\" data-caption-title=\"N\u00b0 10 Escapades dans le vieux Nice\" data-caption-desc=\"Guy Biencourt\" data-attachment-id=\"15732\" data-type=\"image\" class=\"fg-thumb\"><span class=\"fg-image-wrap\"><img decoding=\"async\" title=\"N\u00b0 10 Escapades dans le vieux Nice\" width=\"150\" height=\"150\" class=\"skip-lazy fg-image\" data-src-fg=\"https:\/\/acligphoto.fr\/wp-content\/uploads\/cache\/2025\/08\/2025717_gbie_LGM_Grasse-1538\/3780583820.jpg\" src=\"data:image\/svg+xml,%3Csvg%20xmlns%3D%22http%3A%2F%2Fwww.w3.org%2F2000%2Fsvg%22%20width%3D%22150%22%20height%3D%22150%22%20viewBox%3D%220%200%20150%20150%22%3E%3C%2Fsvg%3E\" loading=\"eager\"><\/span><span class=\"fg-image-overlay\"><\/span><\/a><figcaption class=\"fg-caption\"><div class=\"fg-caption-inner\"><div class=\"fg-caption-title\">N\u00b0 10 Escapades dans le vieux Nice<\/div><div class=\"fg-caption-desc\">Guy Biencourt<\/div><\/div><\/figcaption><\/figure><div class=\"fg-loader\"><\/div><\/div><div class=\"fg-item fg-type-image fg-idle\"><figure class=\"fg-item-inner\"><a href=\"https:\/\/acligphoto.fr\/wp-content\/uploads\/2025\/09\/ClassementPhotos-dete-2025.jpg\" data-attachment-id=\"15846\" data-type=\"image\" class=\"fg-thumb\"><span class=\"fg-image-wrap\"><img decoding=\"async\" width=\"150\" height=\"150\" class=\"skip-lazy fg-image\" data-src-fg=\"https:\/\/acligphoto.fr\/wp-content\/uploads\/cache\/2025\/09\/ClassementPhotos-dete-2025\/1374977142.jpg\" src=\"data:image\/svg+xml,%3Csvg%20xmlns%3D%22http%3A%2F%2Fwww.w3.org%2F2000%2Fsvg%22%20width%3D%22150%22%20height%3D%22150%22%20viewBox%3D%220%200%20150%20150%22%3E%3C%2Fsvg%3E\" loading=\"eager\"><\/span><span class=\"fg-image-overlay\"><\/span><\/a><\/figure><div class=\"fg-loader\"><\/div><\/div><\/div>\n\n","protected":false},"excerpt":{"rendered":"","protected":false},"author":1,"featured_media":15656,"comment_status":"closed","ping_status":"open","sticky":true,"template":"","format":"image","meta":{"_bbp_topic_count":0,"_bbp_reply_count":0,"_bbp_total_topic_count":0,"_bbp_total_reply_count":0,"_bbp_voice_count":0,"_bbp_anonymous_reply_count":0,"_bbp_topic_count_hidden":0,"_bbp_reply_count_hidden":0,"_bbp_forum_subforum_count":0,"footnotes":""},"categories":[4],"tags":[],"class_list":["post-15847","post","type-post","status-publish","format-image","has-post-thumbnail","hentry","category-photo-du-mois","post_format-post-format-image"],"_links":{"self":[{"href":"https:\/\/acligphoto.fr\/index.php?rest_route=\/wp\/v2\/posts\/15847","targetHints":{"allow":["GET"]}}],"collection":[{"href":"https:\/\/acligphoto.fr\/index.php?rest_route=\/wp\/v2\/posts"}],"about":[{"href":"https:\/\/acligphoto.fr\/index.php?rest_route=\/wp\/v2\/types\/post"}],"author":[{"embeddable":true,"href":"https:\/\/acligphoto.fr\/index.php?rest_route=\/wp\/v2\/users\/1"}],"replies":[{"embeddable":true,"href":"https:\/\/acligphoto.fr\/index.php?rest_route=%2Fwp%2Fv2%2Fcomments&post=15847"}],"version-history":[{"count":2,"href":"https:\/\/acligphoto.fr\/index.php?rest_route=\/wp\/v2\/posts\/15847\/revisions"}],"predecessor-version":[{"id":15849,"href":"https:\/\/acligphoto.fr\/index.php?rest_route=\/wp\/v2\/posts\/15847\/revisions\/15849"}],"wp:featuredmedia":[{"embeddable":true,"href":"https:\/\/acligphoto.fr\/index.php?rest_route=\/wp\/v2\/media\/15656"}],"wp:attachment":[{"href":"https:\/\/acligphoto.fr\/index.php?rest_route=%2Fwp%2Fv2%2Fmedia&parent=15847"}],"wp:term":[{"taxonomy":"category","embeddable":true,"href":"https:\/\/acligphoto.fr\/index.php?rest_route=%2Fwp%2Fv2%2Fcategories&post=15847"},{"taxonomy":"post_tag","embeddable":true,"href":"https:\/\/acligphoto.fr\/index.php?rest_route=%2Fwp%2Fv2%2Ftags&post=15847"}],"curies":[{"name":"wp","href":"https:\/\/api.w.org\/{rel}","templated":true}]}}