{"id":15615,"date":"2025-06-30T12:38:53","date_gmt":"2025-06-30T10:38:53","guid":{"rendered":"https:\/\/acligphoto.fr\/?p=15615"},"modified":"2025-06-30T12:38:53","modified_gmt":"2025-06-30T10:38:53","slug":"raconte-ta-photo-episode-92","status":"publish","type":"post","link":"https:\/\/acligphoto.fr\/?p=15615","title":{"rendered":"Raconte ta photo, \u00e9pisode 92"},"content":{"rendered":"\n<p class=\"has-large-font-size\">Flou<\/p>\n\n\n<style type=\"text\/css\">\n#foogallery-gallery-15630 .fg-image { width: 150px; }\n#foogallery-gallery-15630 { --fg-gutter: 10px; }<\/style>\n\t\t\t<div class=\"foogallery foogallery-container foogallery-default foogallery-lightbox-foogallery fg-center fg-default fg-ready fg-light fg-border-thin fg-shadow-outline fg-loading-default fg-loaded-fade-in fg-caption-hover fg-hover-fade fg-hover-zoom\" id=\"foogallery-gallery-15630\" data-foogallery=\"{&quot;item&quot;:{&quot;showCaptionTitle&quot;:true,&quot;showCaptionDescription&quot;:true},&quot;lazy&quot;:true}\" data-foogallery-lightbox=\"{&quot;thumbs&quot;:&quot;bottom&quot;,&quot;thumbsCaptions&quot;:false,&quot;thumbsBestFit&quot;:false,&quot;thumbsSmall&quot;:false,&quot;thumbsCaptionsAlign&quot;:&quot;default&quot;,&quot;info&quot;:&quot;bottom&quot;,&quot;infoVisible&quot;:true,&quot;infoOverlay&quot;:true,&quot;infoAlign&quot;:&quot;default&quot;,&quot;transition&quot;:&quot;fade&quot;,&quot;hoverButtons&quot;:false,&quot;fitMedia&quot;:false,&quot;noScrollbars&quot;:true,&quot;preserveButtonSpace&quot;:true,&quot;buttons&quot;:{&quot;fullscreen&quot;:true,&quot;info&quot;:true,&quot;thumbs&quot;:false},&quot;video&quot;:{&quot;autoPlay&quot;:true}}\" style=\"--fg-title-line-clamp: 0; --fg-description-line-clamp: 0;\" >\n\t<div class=\"fg-item fg-type-image fg-idle\"><figure class=\"fg-item-inner\"><a href=\"https:\/\/acligphoto.fr\/wp-content\/uploads\/2025\/06\/13_Flou_Sebastien.jpg\" data-caption-title=\"Photo de S\u00e9bastien\" data-caption-desc=\"Eglise de Budir, bien connue en Islande. En marchant dans les alentours, changement de\nperspective pour repr\u00e9senter cette dame noire sous un autre angle et en d\u00e9calant la mise\nau point volontairement sur les hautes herbes.\" data-attachment-id=\"15629\" data-type=\"image\" class=\"fg-thumb\"><span class=\"fg-image-wrap\"><img decoding=\"async\" title=\"Photo de S\u00e9bastien\" width=\"150\" height=\"150\" class=\"skip-lazy fg-image\" data-src-fg=\"https:\/\/acligphoto.fr\/wp-content\/uploads\/cache\/2025\/06\/13_Flou_Sebastien\/3338331858.jpg\" src=\"data:image\/svg+xml,%3Csvg%20xmlns%3D%22http%3A%2F%2Fwww.w3.org%2F2000%2Fsvg%22%20width%3D%22150%22%20height%3D%22150%22%20viewBox%3D%220%200%20150%20150%22%3E%3C%2Fsvg%3E\" loading=\"eager\"><\/span><span class=\"fg-image-overlay\"><\/span><\/a><figcaption class=\"fg-caption\"><div class=\"fg-caption-inner\"><div class=\"fg-caption-title\">Photo de S\u00e9bastien<\/div><div class=\"fg-caption-desc\">Eglise de Budir, bien connue en Islande. En marchant dans les alentours, changement de\nperspective pour repr\u00e9senter cette dame noire sous un autre angle et en d\u00e9calant la mise\nau point volontairement sur les hautes herbes.<\/div><\/div><\/figcaption><\/figure><div class=\"fg-loader\"><\/div><\/div><div class=\"fg-item fg-type-image fg-idle\"><figure class=\"fg-item-inner\"><a href=\"https:\/\/acligphoto.fr\/wp-content\/uploads\/2025\/06\/12_Flou_Gerard.jpg\" data-caption-title=\"Photo de G\u00e9rard\" data-caption-desc=\"N&#039;\u00e9tant pas inspir\u00e9 pour le titre de cette photo j&#039;ai utilis\u00e9 l&#039;IA qui m&#039;a propos\u00e9 plusieurs alternatives dont celle-ci que j&#039;ai beaucoup appr\u00e9ci\u00e9.\nDans le calme d\u2019un matin ros\u00e9, la bourrache s\u2019\u00e9panouit \u2014 belle modeste aux p\u00e9tales\n\u00e9toil\u00e9s. Elle charme les abeilles autant que les chefs, glissant de la terre au festin sans perdre une once de sa gr\u00e2ce. Fleur comestible, elle apporte \u00e0 l\u2019assiette sa touche florale,\nsubtilement iod\u00e9e, comme un clin d\u2019\u0153il au jardin dont elle est n\u00e9e.\" data-attachment-id=\"15628\" data-type=\"image\" class=\"fg-thumb\"><span class=\"fg-image-wrap\"><img decoding=\"async\" title=\"Photo de G\u00e9rard\" width=\"150\" height=\"150\" class=\"skip-lazy fg-image\" data-src-fg=\"https:\/\/acligphoto.fr\/wp-content\/uploads\/cache\/2025\/06\/12_Flou_Gerard\/1194700633.jpg\" src=\"data:image\/svg+xml,%3Csvg%20xmlns%3D%22http%3A%2F%2Fwww.w3.org%2F2000%2Fsvg%22%20width%3D%22150%22%20height%3D%22150%22%20viewBox%3D%220%200%20150%20150%22%3E%3C%2Fsvg%3E\" loading=\"eager\"><\/span><span class=\"fg-image-overlay\"><\/span><\/a><figcaption class=\"fg-caption\"><div class=\"fg-caption-inner\"><div class=\"fg-caption-title\">Photo de G\u00e9rard<\/div><div class=\"fg-caption-desc\">N&rsquo;\u00e9tant pas inspir\u00e9 pour le titre de cette photo j&rsquo;ai utilis\u00e9 l&rsquo;IA qui m&rsquo;a propos\u00e9 plusieurs alternatives dont celle-ci que j&rsquo;ai beaucoup appr\u00e9ci\u00e9.\nDans le calme d\u2019un matin ros\u00e9, la bourrache s\u2019\u00e9panouit \u2014 belle modeste aux p\u00e9tales\n\u00e9toil\u00e9s. Elle charme les abeilles autant que les chefs, glissant de la terre au festin sans perdre une once de sa gr\u00e2ce. Fleur comestible, elle apporte \u00e0 l\u2019assiette sa touche florale,\nsubtilement iod\u00e9e, comme un clin d\u2019\u0153il au jardin dont elle est n\u00e9e.<\/div><\/div><\/figcaption><\/figure><div class=\"fg-loader\"><\/div><\/div><div class=\"fg-item fg-type-image fg-idle\"><figure class=\"fg-item-inner\"><a href=\"https:\/\/acligphoto.fr\/wp-content\/uploads\/2025\/06\/11_Flou_Sandrine.jpg\" data-caption-title=\"Photo de Sandrine\" data-caption-desc=\"La photographie animali\u00e8re se pr\u00eatre aux longues poses avec de jolies effets. Les tentatives\nsont nombreuses et souvent rat\u00e9es comme cette photo de grand t\u00e9tras en train de parader.\nMais je continue d&#039;essayer et j&#039;esp\u00e8re avoir un jour de belles photos floues.\" data-attachment-id=\"15627\" data-type=\"image\" class=\"fg-thumb\"><span class=\"fg-image-wrap\"><img decoding=\"async\" title=\"Photo de Sandrine\" width=\"150\" height=\"150\" class=\"skip-lazy fg-image\" data-src-fg=\"https:\/\/acligphoto.fr\/wp-content\/uploads\/cache\/2025\/06\/11_Flou_Sandrine\/865822235.jpg\" src=\"data:image\/svg+xml,%3Csvg%20xmlns%3D%22http%3A%2F%2Fwww.w3.org%2F2000%2Fsvg%22%20width%3D%22150%22%20height%3D%22150%22%20viewBox%3D%220%200%20150%20150%22%3E%3C%2Fsvg%3E\" loading=\"eager\"><\/span><span class=\"fg-image-overlay\"><\/span><\/a><figcaption class=\"fg-caption\"><div class=\"fg-caption-inner\"><div class=\"fg-caption-title\">Photo de Sandrine<\/div><div class=\"fg-caption-desc\">La photographie animali\u00e8re se pr\u00eatre aux longues poses avec de jolies effets. Les tentatives\nsont nombreuses et souvent rat\u00e9es comme cette photo de grand t\u00e9tras en train de parader.\nMais je continue d&rsquo;essayer et j&rsquo;esp\u00e8re avoir un jour de belles photos floues.<\/div><\/div><\/figcaption><\/figure><div class=\"fg-loader\"><\/div><\/div><div class=\"fg-item fg-type-image fg-idle\"><figure class=\"fg-item-inner\"><a href=\"https:\/\/acligphoto.fr\/wp-content\/uploads\/2025\/06\/10_Flou_Robert.jpg\" data-caption-title=\"Photo de Robert\" data-caption-desc=\"Pas facile de trouver une photo floue dans ma phototh\u00e8que, mais j&#039;ai trouv\u00e9 une photo\nr\u00e9cente que je n&#039;avais pas encore mise \u00e0 la poubelle. Effectivement cette chev\u00eache m&#039;a surprise lors de son envol \u00e0 une vitesse de 1\/160 \u00e8me.\" data-attachment-id=\"15626\" data-type=\"image\" class=\"fg-thumb\"><span class=\"fg-image-wrap\"><img decoding=\"async\" title=\"Photo de Robert\" width=\"150\" height=\"150\" class=\"skip-lazy fg-image\" data-src-fg=\"https:\/\/acligphoto.fr\/wp-content\/uploads\/cache\/2025\/06\/10_Flou_Robert\/2740703251.jpg\" src=\"data:image\/svg+xml,%3Csvg%20xmlns%3D%22http%3A%2F%2Fwww.w3.org%2F2000%2Fsvg%22%20width%3D%22150%22%20height%3D%22150%22%20viewBox%3D%220%200%20150%20150%22%3E%3C%2Fsvg%3E\" loading=\"eager\"><\/span><span class=\"fg-image-overlay\"><\/span><\/a><figcaption class=\"fg-caption\"><div class=\"fg-caption-inner\"><div class=\"fg-caption-title\">Photo de Robert<\/div><div class=\"fg-caption-desc\">Pas facile de trouver une photo floue dans ma phototh\u00e8que, mais j&rsquo;ai trouv\u00e9 une photo\nr\u00e9cente que je n&rsquo;avais pas encore mise \u00e0 la poubelle. Effectivement cette chev\u00eache m&rsquo;a surprise lors de son envol \u00e0 une vitesse de 1\/160 \u00e8me.<\/div><\/div><\/figcaption><\/figure><div class=\"fg-loader\"><\/div><\/div><div class=\"fg-item fg-type-image fg-idle\"><figure class=\"fg-item-inner\"><a href=\"https:\/\/acligphoto.fr\/wp-content\/uploads\/2025\/06\/09_Flou_Daniel.jpg\" data-caption-title=\"Photo de Daniel\" data-caption-desc=\"Pic de Magellan, la vitesse de prise de vue 1\/100\u00e8me ne suffit pas pour figer cet oiseau qui\ntambourine \u00e0 20 coups par seconde.\" data-attachment-id=\"15625\" data-type=\"image\" class=\"fg-thumb\"><span class=\"fg-image-wrap\"><img decoding=\"async\" title=\"Photo de Daniel\" width=\"150\" height=\"150\" class=\"skip-lazy fg-image\" data-src-fg=\"https:\/\/acligphoto.fr\/wp-content\/uploads\/cache\/2025\/06\/09_Flou_Daniel\/1820764173.jpg\" src=\"data:image\/svg+xml,%3Csvg%20xmlns%3D%22http%3A%2F%2Fwww.w3.org%2F2000%2Fsvg%22%20width%3D%22150%22%20height%3D%22150%22%20viewBox%3D%220%200%20150%20150%22%3E%3C%2Fsvg%3E\" loading=\"eager\"><\/span><span class=\"fg-image-overlay\"><\/span><\/a><figcaption class=\"fg-caption\"><div class=\"fg-caption-inner\"><div class=\"fg-caption-title\">Photo de Daniel<\/div><div class=\"fg-caption-desc\">Pic de Magellan, la vitesse de prise de vue 1\/100\u00e8me ne suffit pas pour figer cet oiseau qui\ntambourine \u00e0 20 coups par seconde.<\/div><\/div><\/figcaption><\/figure><div class=\"fg-loader\"><\/div><\/div><div class=\"fg-item fg-type-image fg-idle\"><figure class=\"fg-item-inner\"><a href=\"https:\/\/acligphoto.fr\/wp-content\/uploads\/2025\/06\/08_Flou_Jose.jpg\" data-caption-title=\"Photo de Jos\u00e9\" data-caption-desc=\"Petit montage apr\u00e8s d\u00e9tourage du joueur de trombone \u00e0 l&#039;aide de l&#039;IA et repositionnement\nsur la photo de base flout\u00e9e. Photo prise \u00e0 la vol\u00e9e en automatique lors des festivit\u00e9s des 10 ans de la VILL&#039;A \u00e0 Illkirch.\" data-attachment-id=\"15624\" data-type=\"image\" class=\"fg-thumb\"><span class=\"fg-image-wrap\"><img decoding=\"async\" title=\"Photo de Jos\u00e9\" width=\"150\" height=\"150\" class=\"skip-lazy fg-image\" data-src-fg=\"https:\/\/acligphoto.fr\/wp-content\/uploads\/cache\/2025\/06\/08_Flou_Jose\/3946005340.jpg\" src=\"data:image\/svg+xml,%3Csvg%20xmlns%3D%22http%3A%2F%2Fwww.w3.org%2F2000%2Fsvg%22%20width%3D%22150%22%20height%3D%22150%22%20viewBox%3D%220%200%20150%20150%22%3E%3C%2Fsvg%3E\" loading=\"eager\"><\/span><span class=\"fg-image-overlay\"><\/span><\/a><figcaption class=\"fg-caption\"><div class=\"fg-caption-inner\"><div class=\"fg-caption-title\">Photo de Jos\u00e9<\/div><div class=\"fg-caption-desc\">Petit montage apr\u00e8s d\u00e9tourage du joueur de trombone \u00e0 l&rsquo;aide de l&rsquo;IA et repositionnement\nsur la photo de base flout\u00e9e. Photo prise \u00e0 la vol\u00e9e en automatique lors des festivit\u00e9s des 10 ans de la VILL&rsquo;A \u00e0 Illkirch.<\/div><\/div><\/figcaption><\/figure><div class=\"fg-loader\"><\/div><\/div><div class=\"fg-item fg-type-image fg-idle\"><figure class=\"fg-item-inner\"><a href=\"https:\/\/acligphoto.fr\/wp-content\/uploads\/2025\/06\/07_Flou_Lisa.jpg\" data-caption-title=\"Photo de Lisa\" data-caption-desc=\"Il a fallu profiter de ce cours laps de temps d&#039;exposition de ZEUS, Il se mettait en mouvement\ntoutes les 10 minutes et pendant 1 minute seulement. Je n&#039;ai pas eu le loisir de pouvoir le\nphotographier sans personne \u00e0 ses c\u00f4t\u00e9s. ISO 100 f\/27 40 mm 1s (le temps \u00e9tait pluvieux)\" data-attachment-id=\"15623\" data-type=\"image\" class=\"fg-thumb\"><span class=\"fg-image-wrap\"><img decoding=\"async\" title=\"Photo de Lisa\" width=\"150\" height=\"150\" class=\"skip-lazy fg-image\" data-src-fg=\"https:\/\/acligphoto.fr\/wp-content\/uploads\/cache\/2025\/06\/07_Flou_Lisa\/265228780.jpg\" src=\"data:image\/svg+xml,%3Csvg%20xmlns%3D%22http%3A%2F%2Fwww.w3.org%2F2000%2Fsvg%22%20width%3D%22150%22%20height%3D%22150%22%20viewBox%3D%220%200%20150%20150%22%3E%3C%2Fsvg%3E\" loading=\"eager\"><\/span><span class=\"fg-image-overlay\"><\/span><\/a><figcaption class=\"fg-caption\"><div class=\"fg-caption-inner\"><div class=\"fg-caption-title\">Photo de Lisa<\/div><div class=\"fg-caption-desc\">Il a fallu profiter de ce cours laps de temps d&rsquo;exposition de ZEUS, Il se mettait en mouvement\ntoutes les 10 minutes et pendant 1 minute seulement. Je n&rsquo;ai pas eu le loisir de pouvoir le\nphotographier sans personne \u00e0 ses c\u00f4t\u00e9s. ISO 100 f\/27 40 mm 1s (le temps \u00e9tait pluvieux)<\/div><\/div><\/figcaption><\/figure><div class=\"fg-loader\"><\/div><\/div><div class=\"fg-item fg-type-image fg-idle\"><figure class=\"fg-item-inner\"><a href=\"https:\/\/acligphoto.fr\/wp-content\/uploads\/2025\/06\/06_Flou_GuyB.jpg\" data-caption-title=\"Photo de Guy B.\" data-caption-desc=\"Photo r\u00e9alis\u00e9e lors de notre derni\u00e8re sortie en mai \u00e0 Dompeter.\" data-attachment-id=\"15622\" data-type=\"image\" class=\"fg-thumb\"><span class=\"fg-image-wrap\"><img decoding=\"async\" title=\"Photo de Guy B.\" width=\"150\" height=\"150\" class=\"skip-lazy fg-image\" data-src-fg=\"https:\/\/acligphoto.fr\/wp-content\/uploads\/cache\/2025\/06\/06_Flou_GuyB\/3278494611.jpg\" src=\"data:image\/svg+xml,%3Csvg%20xmlns%3D%22http%3A%2F%2Fwww.w3.org%2F2000%2Fsvg%22%20width%3D%22150%22%20height%3D%22150%22%20viewBox%3D%220%200%20150%20150%22%3E%3C%2Fsvg%3E\" loading=\"eager\"><\/span><span class=\"fg-image-overlay\"><\/span><\/a><figcaption class=\"fg-caption\"><div class=\"fg-caption-inner\"><div class=\"fg-caption-title\">Photo de Guy B.<\/div><div class=\"fg-caption-desc\">Photo r\u00e9alis\u00e9e lors de notre derni\u00e8re sortie en mai \u00e0 Dompeter.<\/div><\/div><\/figcaption><\/figure><div class=\"fg-loader\"><\/div><\/div><div class=\"fg-item fg-type-image fg-idle\"><figure class=\"fg-item-inner\"><a href=\"https:\/\/acligphoto.fr\/wp-content\/uploads\/2025\/06\/05_Flou_Gilbert.jpeg\" data-caption-title=\"Photo de Gilbert, Titre : \u00ab derni\u00e8re r\u00e9p\u00e9tition. \u00bb\" data-caption-desc=\"Photo prise au cours de la \u2018\u2019g\u00e9n\u00e9rale\u2019\u2019 avant le spectacle \u2018\u2019Les Goldberg et la Danse\u2019\u2019 donn\u00e9 au Conservatoire de la Musique et de la danse de Strasbourg.\" data-attachment-id=\"15621\" data-type=\"image\" class=\"fg-thumb\"><span class=\"fg-image-wrap\"><img decoding=\"async\" title=\"Photo de Gilbert, Titre : \u00ab derni\u00e8re r\u00e9p\u00e9tition. \u00bb\" width=\"150\" height=\"150\" class=\"skip-lazy fg-image\" data-src-fg=\"https:\/\/acligphoto.fr\/wp-content\/uploads\/cache\/2025\/06\/05_Flou_Gilbert\/1425836046.jpeg\" src=\"data:image\/svg+xml,%3Csvg%20xmlns%3D%22http%3A%2F%2Fwww.w3.org%2F2000%2Fsvg%22%20width%3D%22150%22%20height%3D%22150%22%20viewBox%3D%220%200%20150%20150%22%3E%3C%2Fsvg%3E\" loading=\"eager\"><\/span><span class=\"fg-image-overlay\"><\/span><\/a><figcaption class=\"fg-caption\"><div class=\"fg-caption-inner\"><div class=\"fg-caption-title\">Photo de Gilbert, Titre : \u00ab derni\u00e8re r\u00e9p\u00e9tition. \u00bb<\/div><div class=\"fg-caption-desc\">Photo prise au cours de la \u2018\u2019g\u00e9n\u00e9rale\u2019\u2019 avant le spectacle \u2018\u2019Les Goldberg et la Danse\u2019\u2019 donn\u00e9 au Conservatoire de la Musique et de la danse de Strasbourg.<\/div><\/div><\/figcaption><\/figure><div class=\"fg-loader\"><\/div><\/div><div class=\"fg-item fg-type-image fg-idle\"><figure class=\"fg-item-inner\"><a href=\"https:\/\/acligphoto.fr\/wp-content\/uploads\/2025\/06\/04_Flou_Louis.jpg\" data-caption-title=\"Photo de Louis, Titre : \u00ab Le v\u00e9lo \u00bb\" data-caption-desc=\"Photo r\u00e9alis\u00e9e sur le quai des bateliers \u00e0 Strasbourg.\" data-attachment-id=\"15620\" data-type=\"image\" class=\"fg-thumb\"><span class=\"fg-image-wrap\"><img decoding=\"async\" title=\"Photo de Louis, Titre : \u00ab Le v\u00e9lo \u00bb\" width=\"150\" height=\"150\" class=\"skip-lazy fg-image\" data-src-fg=\"https:\/\/acligphoto.fr\/wp-content\/uploads\/cache\/2025\/06\/04_Flou_Louis\/3454467126.jpg\" src=\"data:image\/svg+xml,%3Csvg%20xmlns%3D%22http%3A%2F%2Fwww.w3.org%2F2000%2Fsvg%22%20width%3D%22150%22%20height%3D%22150%22%20viewBox%3D%220%200%20150%20150%22%3E%3C%2Fsvg%3E\" loading=\"eager\"><\/span><span class=\"fg-image-overlay\"><\/span><\/a><figcaption class=\"fg-caption\"><div class=\"fg-caption-inner\"><div class=\"fg-caption-title\">Photo de Louis, Titre : \u00ab Le v\u00e9lo \u00bb<\/div><div class=\"fg-caption-desc\">Photo r\u00e9alis\u00e9e sur le quai des bateliers \u00e0 Strasbourg.<\/div><\/div><\/figcaption><\/figure><div class=\"fg-loader\"><\/div><\/div><div class=\"fg-item fg-type-image fg-idle\"><figure class=\"fg-item-inner\"><a href=\"https:\/\/acligphoto.fr\/wp-content\/uploads\/2025\/06\/03_Flou_Remi.jpg\" data-caption-title=\"Photo de R\u00e9mi\" data-caption-desc=\"Premi\u00e8re photo avec un nouvel objectif, au petit matin, avec une lumi\u00e8re faible et sans r\u00e9fl\u00e9chir aux r\u00e9glages. Cette image n\u2019a rien de net, mais j\u2019aime de ce flou de mouvement et de fil\u00e9 qui montre le mouvement du cygne en plein vol.\" data-attachment-id=\"15619\" data-type=\"image\" class=\"fg-thumb\"><span class=\"fg-image-wrap\"><img decoding=\"async\" title=\"Photo de R\u00e9mi\" width=\"150\" height=\"150\" class=\"skip-lazy fg-image\" data-src-fg=\"https:\/\/acligphoto.fr\/wp-content\/uploads\/cache\/2025\/06\/03_Flou_Remi\/3364269787.jpg\" src=\"data:image\/svg+xml,%3Csvg%20xmlns%3D%22http%3A%2F%2Fwww.w3.org%2F2000%2Fsvg%22%20width%3D%22150%22%20height%3D%22150%22%20viewBox%3D%220%200%20150%20150%22%3E%3C%2Fsvg%3E\" loading=\"eager\"><\/span><span class=\"fg-image-overlay\"><\/span><\/a><figcaption class=\"fg-caption\"><div class=\"fg-caption-inner\"><div class=\"fg-caption-title\">Photo de R\u00e9mi<\/div><div class=\"fg-caption-desc\">Premi\u00e8re photo avec un nouvel objectif, au petit matin, avec une lumi\u00e8re faible et sans r\u00e9fl\u00e9chir aux r\u00e9glages. Cette image n\u2019a rien de net, mais j\u2019aime de ce flou de mouvement et de fil\u00e9 qui montre le mouvement du cygne en plein vol.<\/div><\/div><\/figcaption><\/figure><div class=\"fg-loader\"><\/div><\/div><div class=\"fg-item fg-type-image fg-idle\"><figure class=\"fg-item-inner\"><a href=\"https:\/\/acligphoto.fr\/wp-content\/uploads\/2025\/06\/02_Flou_Iza.jpg\" data-caption-title=\"Photo de Iza\" data-attachment-id=\"15618\" data-type=\"image\" class=\"fg-thumb\"><span class=\"fg-image-wrap\"><img decoding=\"async\" title=\"Photo de Iza\" width=\"150\" height=\"150\" class=\"skip-lazy fg-image\" data-src-fg=\"https:\/\/acligphoto.fr\/wp-content\/uploads\/cache\/2025\/06\/02_Flou_Iza\/2936726567.jpg\" src=\"data:image\/svg+xml,%3Csvg%20xmlns%3D%22http%3A%2F%2Fwww.w3.org%2F2000%2Fsvg%22%20width%3D%22150%22%20height%3D%22150%22%20viewBox%3D%220%200%20150%20150%22%3E%3C%2Fsvg%3E\" loading=\"eager\"><\/span><span class=\"fg-image-overlay\"><\/span><\/a><figcaption class=\"fg-caption\"><div class=\"fg-caption-inner\"><div class=\"fg-caption-title\">Photo de Iza<\/div><\/div><\/figcaption><\/figure><div class=\"fg-loader\"><\/div><\/div><div class=\"fg-item fg-type-image fg-idle\"><figure class=\"fg-item-inner\"><a href=\"https:\/\/acligphoto.fr\/wp-content\/uploads\/2025\/06\/01_Flou_Francis.jpg\" data-caption-title=\"Photo de Francis\" data-caption-desc=\"Cette photo a \u00e9t\u00e9 prise lors du Carnaval de Dunkerque. La foule \u00e9tait un peu excit\u00e9e, les\nbousculades fr\u00e9quentes ce qui explique le flou engendr\u00e9 sur le r\u00e9sultat final du clich\u00e9 qui\nillustre le th\u00e8me de la rubrique.\" data-attachment-id=\"15617\" data-type=\"image\" class=\"fg-thumb\"><span class=\"fg-image-wrap\"><img decoding=\"async\" title=\"Photo de Francis\" width=\"150\" height=\"150\" class=\"skip-lazy fg-image\" data-src-fg=\"https:\/\/acligphoto.fr\/wp-content\/uploads\/cache\/2025\/06\/01_Flou_Francis\/2242308525.jpg\" src=\"data:image\/svg+xml,%3Csvg%20xmlns%3D%22http%3A%2F%2Fwww.w3.org%2F2000%2Fsvg%22%20width%3D%22150%22%20height%3D%22150%22%20viewBox%3D%220%200%20150%20150%22%3E%3C%2Fsvg%3E\" loading=\"eager\"><\/span><span class=\"fg-image-overlay\"><\/span><\/a><figcaption class=\"fg-caption\"><div class=\"fg-caption-inner\"><div class=\"fg-caption-title\">Photo de Francis<\/div><div class=\"fg-caption-desc\">Cette photo a \u00e9t\u00e9 prise lors du Carnaval de Dunkerque. La foule \u00e9tait un peu excit\u00e9e, les\nbousculades fr\u00e9quentes ce qui explique le flou engendr\u00e9 sur le r\u00e9sultat final du clich\u00e9 qui\nillustre le th\u00e8me de la rubrique.<\/div><\/div><\/figcaption><\/figure><div class=\"fg-loader\"><\/div><\/div><\/div>\n","protected":false},"excerpt":{"rendered":"<p>Flou<\/p>\n","protected":false},"author":27,"featured_media":15625,"comment_status":"closed","ping_status":"open","sticky":true,"template":"","format":"standard","meta":{"_bbp_topic_count":0,"_bbp_reply_count":0,"_bbp_total_topic_count":0,"_bbp_total_reply_count":0,"_bbp_voice_count":0,"_bbp_anonymous_reply_count":0,"_bbp_topic_count_hidden":0,"_bbp_reply_count_hidden":0,"_bbp_forum_subforum_count":0,"footnotes":""},"categories":[7],"tags":[],"class_list":["post-15615","post","type-post","status-publish","format-standard","has-post-thumbnail","hentry","category-vie-de-latelier"],"_links":{"self":[{"href":"https:\/\/acligphoto.fr\/index.php?rest_route=\/wp\/v2\/posts\/15615","targetHints":{"allow":["GET"]}}],"collection":[{"href":"https:\/\/acligphoto.fr\/index.php?rest_route=\/wp\/v2\/posts"}],"about":[{"href":"https:\/\/acligphoto.fr\/index.php?rest_route=\/wp\/v2\/types\/post"}],"author":[{"embeddable":true,"href":"https:\/\/acligphoto.fr\/index.php?rest_route=\/wp\/v2\/users\/27"}],"replies":[{"embeddable":true,"href":"https:\/\/acligphoto.fr\/index.php?rest_route=%2Fwp%2Fv2%2Fcomments&post=15615"}],"version-history":[{"count":2,"href":"https:\/\/acligphoto.fr\/index.php?rest_route=\/wp\/v2\/posts\/15615\/revisions"}],"predecessor-version":[{"id":15631,"href":"https:\/\/acligphoto.fr\/index.php?rest_route=\/wp\/v2\/posts\/15615\/revisions\/15631"}],"wp:featuredmedia":[{"embeddable":true,"href":"https:\/\/acligphoto.fr\/index.php?rest_route=\/wp\/v2\/media\/15625"}],"wp:attachment":[{"href":"https:\/\/acligphoto.fr\/index.php?rest_route=%2Fwp%2Fv2%2Fmedia&parent=15615"}],"wp:term":[{"taxonomy":"category","embeddable":true,"href":"https:\/\/acligphoto.fr\/index.php?rest_route=%2Fwp%2Fv2%2Fcategories&post=15615"},{"taxonomy":"post_tag","embeddable":true,"href":"https:\/\/acligphoto.fr\/index.php?rest_route=%2Fwp%2Fv2%2Ftags&post=15615"}],"curies":[{"name":"wp","href":"https:\/\/api.w.org\/{rel}","templated":true}]}}