{"id":15515,"date":"2025-06-18T08:13:31","date_gmt":"2025-06-18T06:13:31","guid":{"rendered":"https:\/\/acligphoto.fr\/?p=15515"},"modified":"2025-06-18T08:13:32","modified_gmt":"2025-06-18T06:13:32","slug":"raconte-ta-photo-episode-91","status":"publish","type":"post","link":"https:\/\/acligphoto.fr\/?p=15515","title":{"rendered":"Raconte ta photo, \u00e9pisode 91"},"content":{"rendered":"\n<p class=\"has-large-font-size\">Palette de couleur<\/p>\n\n\n<style type=\"text\/css\">\n#foogallery-gallery-15529 .fg-image { width: 150px; }\n#foogallery-gallery-15529 { --fg-gutter: 10px; }<\/style>\n\t\t\t<div class=\"foogallery foogallery-container foogallery-default foogallery-lightbox-foogallery fg-center fg-default fg-ready fg-light fg-border-thin fg-shadow-outline fg-loading-default fg-loaded-fade-in fg-caption-hover fg-hover-fade fg-hover-zoom\" id=\"foogallery-gallery-15529\" data-foogallery=\"{&quot;item&quot;:{&quot;showCaptionTitle&quot;:true,&quot;showCaptionDescription&quot;:true},&quot;lazy&quot;:true}\" data-foogallery-lightbox=\"{&quot;thumbs&quot;:&quot;bottom&quot;,&quot;thumbsCaptions&quot;:false,&quot;thumbsBestFit&quot;:false,&quot;thumbsSmall&quot;:false,&quot;thumbsCaptionsAlign&quot;:&quot;default&quot;,&quot;info&quot;:&quot;bottom&quot;,&quot;infoVisible&quot;:true,&quot;infoOverlay&quot;:true,&quot;infoAlign&quot;:&quot;default&quot;,&quot;transition&quot;:&quot;fade&quot;,&quot;hoverButtons&quot;:false,&quot;fitMedia&quot;:false,&quot;noScrollbars&quot;:true,&quot;preserveButtonSpace&quot;:true,&quot;buttons&quot;:{&quot;fullscreen&quot;:true,&quot;info&quot;:true,&quot;thumbs&quot;:false},&quot;video&quot;:{&quot;autoPlay&quot;:true}}\" style=\"--fg-title-line-clamp: 0; --fg-description-line-clamp: 0;\" >\n\t<div class=\"fg-item fg-type-image fg-idle\"><figure class=\"fg-item-inner\"><a href=\"https:\/\/acligphoto.fr\/wp-content\/uploads\/2025\/06\/12_Couleur_Alain.jpg\" data-caption-title=\"Photo de Alain\" data-caption-desc=\"J&#039;ai fait cette photo au mois de mai pendant l&#039;\u00e9closion des cl\u00e9matites du Montana \u00e0 l&#039;aide de mon objectif de macro-photographie. Je l&#039;ai captur\u00e9e avec une faible profondeur de champ, mettant en valeur les d\u00e9tails fins de l&#039;\u00e9tamine centrale tout en cr\u00e9ant un bokeh doux et color\u00e9 en arri\u00e8re-plan. La mise au point sur le c\u0153ur de la fleur fait ressortir la texture des s\u00e9pales et les nuances de jaune et vert, contrastant avec les tons pastel du fond. Vous vous doutez bien que j&#039;ai ajout\u00e9 des couleurs lors de la s\u00e9ance photo.\" data-attachment-id=\"15528\" data-type=\"image\" class=\"fg-thumb\"><span class=\"fg-image-wrap\"><img decoding=\"async\" title=\"Photo de Alain\" width=\"150\" height=\"150\" class=\"skip-lazy fg-image\" data-src-fg=\"https:\/\/acligphoto.fr\/wp-content\/uploads\/cache\/2025\/06\/12_Couleur_Alain\/4038866568.jpg\" src=\"data:image\/svg+xml,%3Csvg%20xmlns%3D%22http%3A%2F%2Fwww.w3.org%2F2000%2Fsvg%22%20width%3D%22150%22%20height%3D%22150%22%20viewBox%3D%220%200%20150%20150%22%3E%3C%2Fsvg%3E\" loading=\"eager\"><\/span><span class=\"fg-image-overlay\"><\/span><\/a><figcaption class=\"fg-caption\"><div class=\"fg-caption-inner\"><div class=\"fg-caption-title\">Photo de Alain<\/div><div class=\"fg-caption-desc\">J&rsquo;ai fait cette photo au mois de mai pendant l&rsquo;\u00e9closion des cl\u00e9matites du Montana \u00e0 l&rsquo;aide de mon objectif de macro-photographie. Je l&rsquo;ai captur\u00e9e avec une faible profondeur de champ, mettant en valeur les d\u00e9tails fins de l&rsquo;\u00e9tamine centrale tout en cr\u00e9ant un bokeh doux et color\u00e9 en arri\u00e8re-plan. La mise au point sur le c\u0153ur de la fleur fait ressortir la texture des s\u00e9pales et les nuances de jaune et vert, contrastant avec les tons pastel du fond. Vous vous doutez bien que j&rsquo;ai ajout\u00e9 des couleurs lors de la s\u00e9ance photo.<\/div><\/div><\/figcaption><\/figure><div class=\"fg-loader\"><\/div><\/div><div class=\"fg-item fg-type-image fg-idle\"><figure class=\"fg-item-inner\"><a href=\"https:\/\/acligphoto.fr\/wp-content\/uploads\/2025\/06\/11_Couleur_Sebastien.jpg\" data-caption-title=\"Photo de S\u00e9bastien\" data-caption-desc=\"Photo vol\u00e9e en jardinerie o\u00f9 l\u2019irr\u00e9el multicolore de la corolle a suscit\u00e9 ma curiosit\u00e9 et mon d\u00e9clenchement. Est-ce bien naturel tout \u00e7a ?\" data-attachment-id=\"15527\" data-type=\"image\" class=\"fg-thumb\"><span class=\"fg-image-wrap\"><img decoding=\"async\" title=\"Photo de S\u00e9bastien\" width=\"150\" height=\"150\" class=\"skip-lazy fg-image\" data-src-fg=\"https:\/\/acligphoto.fr\/wp-content\/uploads\/cache\/2025\/06\/11_Couleur_Sebastien\/3736509143.jpg\" src=\"data:image\/svg+xml,%3Csvg%20xmlns%3D%22http%3A%2F%2Fwww.w3.org%2F2000%2Fsvg%22%20width%3D%22150%22%20height%3D%22150%22%20viewBox%3D%220%200%20150%20150%22%3E%3C%2Fsvg%3E\" loading=\"eager\"><\/span><span class=\"fg-image-overlay\"><\/span><\/a><figcaption class=\"fg-caption\"><div class=\"fg-caption-inner\"><div class=\"fg-caption-title\">Photo de S\u00e9bastien<\/div><div class=\"fg-caption-desc\">Photo vol\u00e9e en jardinerie o\u00f9 l\u2019irr\u00e9el multicolore de la corolle a suscit\u00e9 ma curiosit\u00e9 et mon d\u00e9clenchement. Est-ce bien naturel tout \u00e7a ?<\/div><\/div><\/figcaption><\/figure><div class=\"fg-loader\"><\/div><\/div><div class=\"fg-item fg-type-image fg-idle\"><figure class=\"fg-item-inner\"><a href=\"https:\/\/acligphoto.fr\/wp-content\/uploads\/2025\/06\/10_Couleur_Lisa.jpg\" data-caption-title=\"Photo de Lisa, Titre : &quot;\u00c9chantillonnage de couleurs &quot;\" data-caption-desc=\"Durant notre p\u00e9riode de confinement, il fallait bien s&#039;occuper, donc avec un peu de cr\u00e9ativit\u00e9, voil\u00e0 le r\u00e9sultat obtenu. Cette photo a d\u00e9j\u00e0 \u00e9t\u00e9 pr\u00e9sent\u00e9e lors d&#039;un challenge, mais c&#039;est une photo que j&#039;appr\u00e9cie encore aujourd&#039;hui.\" data-attachment-id=\"15526\" data-type=\"image\" class=\"fg-thumb\"><span class=\"fg-image-wrap\"><img decoding=\"async\" title=\"Photo de Lisa, Titre : &quot;\u00c9chantillonnage de couleurs &quot;\" width=\"150\" height=\"150\" class=\"skip-lazy fg-image\" data-src-fg=\"https:\/\/acligphoto.fr\/wp-content\/uploads\/cache\/2025\/06\/10_Couleur_Lisa\/4079941749.jpg\" src=\"data:image\/svg+xml,%3Csvg%20xmlns%3D%22http%3A%2F%2Fwww.w3.org%2F2000%2Fsvg%22%20width%3D%22150%22%20height%3D%22150%22%20viewBox%3D%220%200%20150%20150%22%3E%3C%2Fsvg%3E\" loading=\"eager\"><\/span><span class=\"fg-image-overlay\"><\/span><\/a><figcaption class=\"fg-caption\"><div class=\"fg-caption-inner\"><div class=\"fg-caption-title\">Photo de Lisa, Titre : \u00ab\u00a0\u00c9chantillonnage de couleurs \u00ab\u00a0<\/div><div class=\"fg-caption-desc\">Durant notre p\u00e9riode de confinement, il fallait bien s&rsquo;occuper, donc avec un peu de cr\u00e9ativit\u00e9, voil\u00e0 le r\u00e9sultat obtenu. Cette photo a d\u00e9j\u00e0 \u00e9t\u00e9 pr\u00e9sent\u00e9e lors d&rsquo;un challenge, mais c&rsquo;est une photo que j&rsquo;appr\u00e9cie encore aujourd&rsquo;hui.<\/div><\/div><\/figcaption><\/figure><div class=\"fg-loader\"><\/div><\/div><div class=\"fg-item fg-type-image fg-idle\"><figure class=\"fg-item-inner\"><a href=\"https:\/\/acligphoto.fr\/wp-content\/uploads\/2025\/06\/09_Couleur_Daniel.jpg\" data-caption-title=\"Photo de Daniel\" data-caption-desc=\"Photo de la Laguna Colorada en Bolivie, sa couleur est due au sel, aux s\u00e9diments et au plancton, elle peut varier tout au long de la journ\u00e9e.\" data-attachment-id=\"15525\" data-type=\"image\" class=\"fg-thumb\"><span class=\"fg-image-wrap\"><img decoding=\"async\" title=\"Photo de Daniel\" width=\"150\" height=\"150\" class=\"skip-lazy fg-image\" data-src-fg=\"https:\/\/acligphoto.fr\/wp-content\/uploads\/cache\/2025\/06\/09_Couleur_Daniel\/1401540710.jpg\" src=\"data:image\/svg+xml,%3Csvg%20xmlns%3D%22http%3A%2F%2Fwww.w3.org%2F2000%2Fsvg%22%20width%3D%22150%22%20height%3D%22150%22%20viewBox%3D%220%200%20150%20150%22%3E%3C%2Fsvg%3E\" loading=\"eager\"><\/span><span class=\"fg-image-overlay\"><\/span><\/a><figcaption class=\"fg-caption\"><div class=\"fg-caption-inner\"><div class=\"fg-caption-title\">Photo de Daniel<\/div><div class=\"fg-caption-desc\">Photo de la Laguna Colorada en Bolivie, sa couleur est due au sel, aux s\u00e9diments et au plancton, elle peut varier tout au long de la journ\u00e9e.<\/div><\/div><\/figcaption><\/figure><div class=\"fg-loader\"><\/div><\/div><div class=\"fg-item fg-type-image fg-idle\"><figure class=\"fg-item-inner\"><a href=\"https:\/\/acligphoto.fr\/wp-content\/uploads\/2025\/06\/08_Couleur_Robert.jpg\" data-caption-title=\"Photo de Robert\" data-caption-desc=\"Photo prise en 2019 lors de notre escapade photographique \u00e0 Paris. D\u00e9tail d&#039;une palette de couleur d&#039;un peintre de la Place du Tertre \u00e0 Paris .\" data-attachment-id=\"15524\" data-type=\"image\" class=\"fg-thumb\"><span class=\"fg-image-wrap\"><img decoding=\"async\" title=\"Photo de Robert\" width=\"150\" height=\"150\" class=\"skip-lazy fg-image\" data-src-fg=\"https:\/\/acligphoto.fr\/wp-content\/uploads\/cache\/2025\/06\/08_Couleur_Robert\/2256809290.jpg\" src=\"data:image\/svg+xml,%3Csvg%20xmlns%3D%22http%3A%2F%2Fwww.w3.org%2F2000%2Fsvg%22%20width%3D%22150%22%20height%3D%22150%22%20viewBox%3D%220%200%20150%20150%22%3E%3C%2Fsvg%3E\" loading=\"eager\"><\/span><span class=\"fg-image-overlay\"><\/span><\/a><figcaption class=\"fg-caption\"><div class=\"fg-caption-inner\"><div class=\"fg-caption-title\">Photo de Robert<\/div><div class=\"fg-caption-desc\">Photo prise en 2019 lors de notre escapade photographique \u00e0 Paris. D\u00e9tail d&rsquo;une palette de couleur d&rsquo;un peintre de la Place du Tertre \u00e0 Paris .<\/div><\/div><\/figcaption><\/figure><div class=\"fg-loader\"><\/div><\/div><div class=\"fg-item fg-type-image fg-idle\"><figure class=\"fg-item-inner\"><a href=\"https:\/\/acligphoto.fr\/wp-content\/uploads\/2025\/06\/07_Couleur_Gerard.jpg\" data-caption-title=\"Photo de G\u00e9rard\" data-caption-desc=\"Les passerelles sur l\u2019Onyar offrent quelques-unes des vues les plus inoubliables de G\u00e9rone, notamment les r\u00e9flexions des fa\u00e7ades de b\u00e2timents color\u00e9s sur les bords de la rivi\u00e8re.\" data-attachment-id=\"15523\" data-type=\"image\" class=\"fg-thumb\"><span class=\"fg-image-wrap\"><img decoding=\"async\" title=\"Photo de G\u00e9rard\" width=\"150\" height=\"150\" class=\"skip-lazy fg-image\" data-src-fg=\"https:\/\/acligphoto.fr\/wp-content\/uploads\/cache\/2025\/06\/07_Couleur_Gerard\/1491083673.jpg\" src=\"data:image\/svg+xml,%3Csvg%20xmlns%3D%22http%3A%2F%2Fwww.w3.org%2F2000%2Fsvg%22%20width%3D%22150%22%20height%3D%22150%22%20viewBox%3D%220%200%20150%20150%22%3E%3C%2Fsvg%3E\" loading=\"eager\"><\/span><span class=\"fg-image-overlay\"><\/span><\/a><figcaption class=\"fg-caption\"><div class=\"fg-caption-inner\"><div class=\"fg-caption-title\">Photo de G\u00e9rard<\/div><div class=\"fg-caption-desc\">Les passerelles sur l\u2019Onyar offrent quelques-unes des vues les plus inoubliables de G\u00e9rone, notamment les r\u00e9flexions des fa\u00e7ades de b\u00e2timents color\u00e9s sur les bords de la rivi\u00e8re.<\/div><\/div><\/figcaption><\/figure><div class=\"fg-loader\"><\/div><\/div><div class=\"fg-item fg-type-image fg-idle\"><figure class=\"fg-item-inner\"><a href=\"https:\/\/acligphoto.fr\/wp-content\/uploads\/2025\/06\/06_Couleur_Armand.jpg\" data-caption-title=\"Photo de Armand\" data-caption-desc=\"Une palette de couleurs et de go\u00fbts sucr\u00e9s.\" data-attachment-id=\"15522\" data-type=\"image\" class=\"fg-thumb\"><span class=\"fg-image-wrap\"><img decoding=\"async\" title=\"Photo de Armand\" width=\"150\" height=\"150\" class=\"skip-lazy fg-image\" data-src-fg=\"https:\/\/acligphoto.fr\/wp-content\/uploads\/cache\/2025\/06\/06_Couleur_Armand\/2826459909.jpg\" src=\"data:image\/svg+xml,%3Csvg%20xmlns%3D%22http%3A%2F%2Fwww.w3.org%2F2000%2Fsvg%22%20width%3D%22150%22%20height%3D%22150%22%20viewBox%3D%220%200%20150%20150%22%3E%3C%2Fsvg%3E\" loading=\"eager\"><\/span><span class=\"fg-image-overlay\"><\/span><\/a><figcaption class=\"fg-caption\"><div class=\"fg-caption-inner\"><div class=\"fg-caption-title\">Photo de Armand<\/div><div class=\"fg-caption-desc\">Une palette de couleurs et de go\u00fbts sucr\u00e9s.<\/div><\/div><\/figcaption><\/figure><div class=\"fg-loader\"><\/div><\/div><div class=\"fg-item fg-type-image fg-idle\"><figure class=\"fg-item-inner\"><a href=\"https:\/\/acligphoto.fr\/wp-content\/uploads\/2025\/06\/05_Couleur_Iza.jpg\" data-caption-title=\"Photo de Iza\" data-caption-desc=\"Cette photo repr\u00e9sente la cl\u00f4ture de l&#039;\u00e9cole o\u00f9 je me rends tous les jours chercher les enfants de Diebolsheim pour les emmener manger le midi sur le p\u00e9riscolaire de Witternheim.\nJ&#039;ai \u00e9t\u00e9 justement attir\u00e9e par cette palette de couleurs que je trouve originale.\" data-attachment-id=\"15521\" data-type=\"image\" class=\"fg-thumb\"><span class=\"fg-image-wrap\"><img decoding=\"async\" title=\"Photo de Iza\" width=\"150\" height=\"150\" class=\"skip-lazy fg-image\" data-src-fg=\"https:\/\/acligphoto.fr\/wp-content\/uploads\/cache\/2025\/06\/05_Couleur_Iza\/1948054728.jpg\" src=\"data:image\/svg+xml,%3Csvg%20xmlns%3D%22http%3A%2F%2Fwww.w3.org%2F2000%2Fsvg%22%20width%3D%22150%22%20height%3D%22150%22%20viewBox%3D%220%200%20150%20150%22%3E%3C%2Fsvg%3E\" loading=\"eager\"><\/span><span class=\"fg-image-overlay\"><\/span><\/a><figcaption class=\"fg-caption\"><div class=\"fg-caption-inner\"><div class=\"fg-caption-title\">Photo de Iza<\/div><div class=\"fg-caption-desc\">Cette photo repr\u00e9sente la cl\u00f4ture de l&rsquo;\u00e9cole o\u00f9 je me rends tous les jours chercher les enfants de Diebolsheim pour les emmener manger le midi sur le p\u00e9riscolaire de Witternheim.\nJ&rsquo;ai \u00e9t\u00e9 justement attir\u00e9e par cette palette de couleurs que je trouve originale.<\/div><\/div><\/figcaption><\/figure><div class=\"fg-loader\"><\/div><\/div><div class=\"fg-item fg-type-image fg-idle\"><figure class=\"fg-item-inner\"><a href=\"https:\/\/acligphoto.fr\/wp-content\/uploads\/2025\/06\/04_Couleur_Louis.jpg\" data-caption-title=\"Photo de Louis\" data-caption-desc=\"Photo r\u00e9alis\u00e9e lors de la soir\u00e9e bulle.\" data-attachment-id=\"15520\" data-type=\"image\" class=\"fg-thumb\"><span class=\"fg-image-wrap\"><img decoding=\"async\" title=\"Photo de Louis\" width=\"150\" height=\"150\" class=\"skip-lazy fg-image\" data-src-fg=\"https:\/\/acligphoto.fr\/wp-content\/uploads\/cache\/2025\/06\/04_Couleur_Louis\/2072597395.jpg\" src=\"data:image\/svg+xml,%3Csvg%20xmlns%3D%22http%3A%2F%2Fwww.w3.org%2F2000%2Fsvg%22%20width%3D%22150%22%20height%3D%22150%22%20viewBox%3D%220%200%20150%20150%22%3E%3C%2Fsvg%3E\" loading=\"eager\"><\/span><span class=\"fg-image-overlay\"><\/span><\/a><figcaption class=\"fg-caption\"><div class=\"fg-caption-inner\"><div class=\"fg-caption-title\">Photo de Louis<\/div><div class=\"fg-caption-desc\">Photo r\u00e9alis\u00e9e lors de la soir\u00e9e bulle.<\/div><\/div><\/figcaption><\/figure><div class=\"fg-loader\"><\/div><\/div><div class=\"fg-item fg-type-image fg-idle\"><figure class=\"fg-item-inner\"><a href=\"https:\/\/acligphoto.fr\/wp-content\/uploads\/2025\/06\/03_Couleur_Remi.jpg\" data-caption-title=\"Photo de R\u00e9mi\" data-caption-desc=\"Manifestement ce petit chien n\u2019a pas eu de chance : une palette de pots de peinture de diff\u00e9rentes couleurs lui est tomb\u00e9e dessus, et son maitre l\u2019a laiss\u00e9 dans la rue, pour que la pluie nettoie ces traces de couleurs. Esp\u00e9rons pour lui que ce soient des peintures qui se nettoient \u00e0 l\u2019eau. Photo de janvier 2021.\" data-attachment-id=\"15519\" data-type=\"image\" class=\"fg-thumb\"><span class=\"fg-image-wrap\"><img decoding=\"async\" title=\"Photo de R\u00e9mi\" width=\"150\" height=\"150\" class=\"skip-lazy fg-image\" data-src-fg=\"https:\/\/acligphoto.fr\/wp-content\/uploads\/cache\/2025\/06\/03_Couleur_Remi\/280909745.jpg\" src=\"data:image\/svg+xml,%3Csvg%20xmlns%3D%22http%3A%2F%2Fwww.w3.org%2F2000%2Fsvg%22%20width%3D%22150%22%20height%3D%22150%22%20viewBox%3D%220%200%20150%20150%22%3E%3C%2Fsvg%3E\" loading=\"eager\"><\/span><span class=\"fg-image-overlay\"><\/span><\/a><figcaption class=\"fg-caption\"><div class=\"fg-caption-inner\"><div class=\"fg-caption-title\">Photo de R\u00e9mi<\/div><div class=\"fg-caption-desc\">Manifestement ce petit chien n\u2019a pas eu de chance : une palette de pots de peinture de diff\u00e9rentes couleurs lui est tomb\u00e9e dessus, et son maitre l\u2019a laiss\u00e9 dans la rue, pour que la pluie nettoie ces traces de couleurs. Esp\u00e9rons pour lui que ce soient des peintures qui se nettoient \u00e0 l\u2019eau. Photo de janvier 2021.<\/div><\/div><\/figcaption><\/figure><div class=\"fg-loader\"><\/div><\/div><div class=\"fg-item fg-type-image fg-idle\"><figure class=\"fg-item-inner\"><a href=\"https:\/\/acligphoto.fr\/wp-content\/uploads\/2025\/06\/02_Couleur_Francis.jpg\" data-caption-title=\"Photo de Francis\" data-caption-desc=\"Enseigne d&#039;un restaurant situ\u00e9 dans le Parc National de Yellostone, les diff\u00e9rentes images sont un condens\u00e9 des paysages \u00e0 d\u00e9couvrir dans le parc. Une belle palette de couleurs.\" data-attachment-id=\"15518\" data-type=\"image\" class=\"fg-thumb\"><span class=\"fg-image-wrap\"><img decoding=\"async\" title=\"Photo de Francis\" width=\"150\" height=\"150\" class=\"skip-lazy fg-image\" data-src-fg=\"https:\/\/acligphoto.fr\/wp-content\/uploads\/cache\/2025\/06\/02_Couleur_Francis\/2127963610.jpg\" src=\"data:image\/svg+xml,%3Csvg%20xmlns%3D%22http%3A%2F%2Fwww.w3.org%2F2000%2Fsvg%22%20width%3D%22150%22%20height%3D%22150%22%20viewBox%3D%220%200%20150%20150%22%3E%3C%2Fsvg%3E\" loading=\"eager\"><\/span><span class=\"fg-image-overlay\"><\/span><\/a><figcaption class=\"fg-caption\"><div class=\"fg-caption-inner\"><div class=\"fg-caption-title\">Photo de Francis<\/div><div class=\"fg-caption-desc\">Enseigne d&rsquo;un restaurant situ\u00e9 dans le Parc National de Yellostone, les diff\u00e9rentes images sont un condens\u00e9 des paysages \u00e0 d\u00e9couvrir dans le parc. Une belle palette de couleurs.<\/div><\/div><\/figcaption><\/figure><div class=\"fg-loader\"><\/div><\/div><div class=\"fg-item fg-type-image fg-idle\"><figure class=\"fg-item-inner\"><a href=\"https:\/\/acligphoto.fr\/wp-content\/uploads\/2025\/06\/01_Couleur_GuyB.jpg\" data-caption-title=\"Photo de Guy B.\" data-caption-desc=\"Pour la palette de couleur j&#039;ai choisi celle de Vassarely repr\u00e9sent\u00e9e par des dallettes de diff\u00e9rentes couleurs d&#039;une toiture terrasse situ\u00e9e \u00e0 Monaco.\" data-attachment-id=\"15517\" data-type=\"image\" class=\"fg-thumb\"><span class=\"fg-image-wrap\"><img decoding=\"async\" title=\"Photo de Guy B.\" width=\"150\" height=\"150\" class=\"skip-lazy fg-image\" data-src-fg=\"https:\/\/acligphoto.fr\/wp-content\/uploads\/cache\/2025\/06\/01_Couleur_GuyB\/3810786676.jpg\" src=\"data:image\/svg+xml,%3Csvg%20xmlns%3D%22http%3A%2F%2Fwww.w3.org%2F2000%2Fsvg%22%20width%3D%22150%22%20height%3D%22150%22%20viewBox%3D%220%200%20150%20150%22%3E%3C%2Fsvg%3E\" loading=\"eager\"><\/span><span class=\"fg-image-overlay\"><\/span><\/a><figcaption class=\"fg-caption\"><div class=\"fg-caption-inner\"><div class=\"fg-caption-title\">Photo de Guy B.<\/div><div class=\"fg-caption-desc\">Pour la palette de couleur j&rsquo;ai choisi celle de Vassarely repr\u00e9sent\u00e9e par des dallettes de diff\u00e9rentes couleurs d&rsquo;une toiture terrasse situ\u00e9e \u00e0 Monaco.<\/div><\/div><\/figcaption><\/figure><div class=\"fg-loader\"><\/div><\/div><div class=\"fg-item fg-type-image fg-idle\"><figure class=\"fg-item-inner\"><a href=\"https:\/\/acligphoto.fr\/wp-content\/uploads\/2025\/06\/IMG_4343_DxO_HDR.jpeg\" data-caption-title=\"Photo de Gilbert de Murcia\" data-attachment-id=\"15551\" data-type=\"image\" class=\"fg-thumb\"><span class=\"fg-image-wrap\"><img decoding=\"async\" title=\"Photo de Gilbert de Murcia\" width=\"150\" height=\"150\" class=\"skip-lazy fg-image\" data-src-fg=\"https:\/\/acligphoto.fr\/wp-content\/uploads\/cache\/2025\/06\/IMG_4343_DxO_HDR\/4159954543.jpeg\" src=\"data:image\/svg+xml,%3Csvg%20xmlns%3D%22http%3A%2F%2Fwww.w3.org%2F2000%2Fsvg%22%20width%3D%22150%22%20height%3D%22150%22%20viewBox%3D%220%200%20150%20150%22%3E%3C%2Fsvg%3E\" loading=\"eager\"><\/span><span class=\"fg-image-overlay\"><\/span><\/a><figcaption class=\"fg-caption\"><div class=\"fg-caption-inner\"><div class=\"fg-caption-title\">Photo de Gilbert de Murcia<\/div><\/div><\/figcaption><\/figure><div class=\"fg-loader\"><\/div><\/div><\/div>\n","protected":false},"excerpt":{"rendered":"<p>Palette de couleur<\/p>\n","protected":false},"author":27,"featured_media":15525,"comment_status":"closed","ping_status":"open","sticky":true,"template":"","format":"standard","meta":{"_bbp_topic_count":0,"_bbp_reply_count":0,"_bbp_total_topic_count":0,"_bbp_total_reply_count":0,"_bbp_voice_count":0,"_bbp_anonymous_reply_count":0,"_bbp_topic_count_hidden":0,"_bbp_reply_count_hidden":0,"_bbp_forum_subforum_count":0,"footnotes":""},"categories":[7],"tags":[],"class_list":["post-15515","post","type-post","status-publish","format-standard","has-post-thumbnail","hentry","category-vie-de-latelier"],"_links":{"self":[{"href":"https:\/\/acligphoto.fr\/index.php?rest_route=\/wp\/v2\/posts\/15515","targetHints":{"allow":["GET"]}}],"collection":[{"href":"https:\/\/acligphoto.fr\/index.php?rest_route=\/wp\/v2\/posts"}],"about":[{"href":"https:\/\/acligphoto.fr\/index.php?rest_route=\/wp\/v2\/types\/post"}],"author":[{"embeddable":true,"href":"https:\/\/acligphoto.fr\/index.php?rest_route=\/wp\/v2\/users\/27"}],"replies":[{"embeddable":true,"href":"https:\/\/acligphoto.fr\/index.php?rest_route=%2Fwp%2Fv2%2Fcomments&post=15515"}],"version-history":[{"count":2,"href":"https:\/\/acligphoto.fr\/index.php?rest_route=\/wp\/v2\/posts\/15515\/revisions"}],"predecessor-version":[{"id":15530,"href":"https:\/\/acligphoto.fr\/index.php?rest_route=\/wp\/v2\/posts\/15515\/revisions\/15530"}],"wp:featuredmedia":[{"embeddable":true,"href":"https:\/\/acligphoto.fr\/index.php?rest_route=\/wp\/v2\/media\/15525"}],"wp:attachment":[{"href":"https:\/\/acligphoto.fr\/index.php?rest_route=%2Fwp%2Fv2%2Fmedia&parent=15515"}],"wp:term":[{"taxonomy":"category","embeddable":true,"href":"https:\/\/acligphoto.fr\/index.php?rest_route=%2Fwp%2Fv2%2Fcategories&post=15515"},{"taxonomy":"post_tag","embeddable":true,"href":"https:\/\/acligphoto.fr\/index.php?rest_route=%2Fwp%2Fv2%2Ftags&post=15515"}],"curies":[{"name":"wp","href":"https:\/\/api.w.org\/{rel}","templated":true}]}}