{"id":15456,"date":"2025-06-01T16:54:57","date_gmt":"2025-06-01T14:54:57","guid":{"rendered":"https:\/\/acligphoto.fr\/?p=15456"},"modified":"2025-06-01T16:54:57","modified_gmt":"2025-06-01T14:54:57","slug":"raconte-ta-photo-episode-90","status":"publish","type":"post","link":"https:\/\/acligphoto.fr\/?p=15456","title":{"rendered":"Raconte ta photo, \u00e9pisode 90"},"content":{"rendered":"\n<p class=\"has-large-font-size\">Contre-plong\u00e9e<\/p>\n\n\n<style type=\"text\/css\">\n#foogallery-gallery-15473 .fg-image { width: 150px; }\n#foogallery-gallery-15473 { --fg-gutter: 10px; }<\/style>\n\t\t\t<div class=\"foogallery foogallery-container foogallery-default foogallery-lightbox-foogallery fg-center fg-default fg-ready fg-light fg-border-thin fg-shadow-outline fg-loading-default fg-loaded-fade-in fg-caption-hover fg-hover-fade fg-hover-zoom\" id=\"foogallery-gallery-15473\" data-foogallery=\"{&quot;item&quot;:{&quot;showCaptionTitle&quot;:true,&quot;showCaptionDescription&quot;:true},&quot;lazy&quot;:true}\" data-foogallery-lightbox=\"{&quot;thumbs&quot;:&quot;bottom&quot;,&quot;thumbsCaptions&quot;:false,&quot;thumbsBestFit&quot;:false,&quot;thumbsSmall&quot;:false,&quot;thumbsCaptionsAlign&quot;:&quot;default&quot;,&quot;info&quot;:&quot;bottom&quot;,&quot;infoVisible&quot;:true,&quot;infoOverlay&quot;:true,&quot;infoAlign&quot;:&quot;default&quot;,&quot;transition&quot;:&quot;fade&quot;,&quot;hoverButtons&quot;:false,&quot;fitMedia&quot;:false,&quot;noScrollbars&quot;:true,&quot;preserveButtonSpace&quot;:true,&quot;buttons&quot;:{&quot;fullscreen&quot;:true,&quot;info&quot;:true,&quot;thumbs&quot;:false},&quot;video&quot;:{&quot;autoPlay&quot;:true}}\" style=\"--fg-title-line-clamp: 0; --fg-description-line-clamp: 0;\" >\n\t<div class=\"fg-item fg-type-image fg-idle\"><figure class=\"fg-item-inner\"><a href=\"https:\/\/acligphoto.fr\/wp-content\/uploads\/2025\/06\/15_Contre-plongee_Alain.jpg\" data-caption-title=\"Photo de Alain\" data-caption-desc=\"Un jour, pr\u00e8s de Grendelbruch, un groupe de druides tr\u00e8s distraits voulut invoquer l\u2019esprit de la for\u00eat\u2026 mais ils avaient oubli\u00e9 le manuel. \nR\u00e9sultat : ils ont plac\u00e9 les pierres en cercle sur le flan de la montagne, esp\u00e9rant que \u00e7a suffirait et depuis \u00e7a n\u2019a pas boug\u00e9.\nDu coup j&#039;en ai profit\u00e9 pour prendre une photo en contre-plong\u00e9e.\" data-attachment-id=\"15472\" data-type=\"image\" class=\"fg-thumb\"><span class=\"fg-image-wrap\"><img decoding=\"async\" title=\"Photo de Alain\" width=\"150\" height=\"150\" class=\"skip-lazy fg-image\" data-src-fg=\"https:\/\/acligphoto.fr\/wp-content\/uploads\/cache\/2025\/06\/15_Contre-plongee_Alain\/840730491.jpg\" src=\"data:image\/svg+xml,%3Csvg%20xmlns%3D%22http%3A%2F%2Fwww.w3.org%2F2000%2Fsvg%22%20width%3D%22150%22%20height%3D%22150%22%20viewBox%3D%220%200%20150%20150%22%3E%3C%2Fsvg%3E\" loading=\"eager\"><\/span><span class=\"fg-image-overlay\"><\/span><\/a><figcaption class=\"fg-caption\"><div class=\"fg-caption-inner\"><div class=\"fg-caption-title\">Photo de Alain<\/div><div class=\"fg-caption-desc\">Un jour, pr\u00e8s de Grendelbruch, un groupe de druides tr\u00e8s distraits voulut invoquer l\u2019esprit de la for\u00eat\u2026 mais ils avaient oubli\u00e9 le manuel. \nR\u00e9sultat : ils ont plac\u00e9 les pierres en cercle sur le flan de la montagne, esp\u00e9rant que \u00e7a suffirait et depuis \u00e7a n\u2019a pas boug\u00e9.\nDu coup j&rsquo;en ai profit\u00e9 pour prendre une photo en contre-plong\u00e9e.<\/div><\/div><\/figcaption><\/figure><div class=\"fg-loader\"><\/div><\/div><div class=\"fg-item fg-type-image fg-idle\"><figure class=\"fg-item-inner\"><a href=\"https:\/\/acligphoto.fr\/wp-content\/uploads\/2025\/06\/14_Contre-plongee_Didier.jpg\" data-caption-title=\"Photo de Didier\" data-caption-desc=\"Croisement de jambes en contre plong\u00e9e\" data-attachment-id=\"15471\" data-type=\"image\" class=\"fg-thumb\"><span class=\"fg-image-wrap\"><img decoding=\"async\" title=\"Photo de Didier\" width=\"150\" height=\"150\" class=\"skip-lazy fg-image\" data-src-fg=\"https:\/\/acligphoto.fr\/wp-content\/uploads\/cache\/2025\/06\/14_Contre-plongee_Didier\/783625563.jpg\" src=\"data:image\/svg+xml,%3Csvg%20xmlns%3D%22http%3A%2F%2Fwww.w3.org%2F2000%2Fsvg%22%20width%3D%22150%22%20height%3D%22150%22%20viewBox%3D%220%200%20150%20150%22%3E%3C%2Fsvg%3E\" loading=\"eager\"><\/span><span class=\"fg-image-overlay\"><\/span><\/a><figcaption class=\"fg-caption\"><div class=\"fg-caption-inner\"><div class=\"fg-caption-title\">Photo de Didier<\/div><div class=\"fg-caption-desc\">Croisement de jambes en contre plong\u00e9e<\/div><\/div><\/figcaption><\/figure><div class=\"fg-loader\"><\/div><\/div><div class=\"fg-item fg-type-image fg-idle\"><figure class=\"fg-item-inner\"><a href=\"https:\/\/acligphoto.fr\/wp-content\/uploads\/2025\/06\/13_Contre-plongee_Remi.jpg\" data-caption-title=\"Photo de R\u00e9mi, Titre : \u00ab Contre plong\u00e9e dans le puit de lumi\u00e8re du grand escalier de Chambord. \u00bb\" data-caption-desc=\"Probablement inspir\u00e9 par Leonard de Vinci, c\u2019est le monument central du Chateau. Il est form\u00e9 de deux vol\u00e9es de marches qui s\u2019enroulent l\u2019une au-dessus de l\u2019autre dans ce noyau central perc\u00e9 de fen\u00eatres. Il est surmont\u00e9 de la Tour Lanterne visible sur les terrasses du ch\u00e2teau.\" data-attachment-id=\"15470\" data-type=\"image\" class=\"fg-thumb\"><span class=\"fg-image-wrap\"><img decoding=\"async\" title=\"Photo de R\u00e9mi, Titre : \u00ab Contre plong\u00e9e dans le puit de lumi\u00e8re du grand escalier de Chambord. \u00bb\" width=\"150\" height=\"150\" class=\"skip-lazy fg-image\" data-src-fg=\"https:\/\/acligphoto.fr\/wp-content\/uploads\/cache\/2025\/06\/13_Contre-plongee_Remi\/837735224.jpg\" src=\"data:image\/svg+xml,%3Csvg%20xmlns%3D%22http%3A%2F%2Fwww.w3.org%2F2000%2Fsvg%22%20width%3D%22150%22%20height%3D%22150%22%20viewBox%3D%220%200%20150%20150%22%3E%3C%2Fsvg%3E\" loading=\"eager\"><\/span><span class=\"fg-image-overlay\"><\/span><\/a><figcaption class=\"fg-caption\"><div class=\"fg-caption-inner\"><div class=\"fg-caption-title\">Photo de R\u00e9mi, Titre : \u00ab Contre plong\u00e9e dans le puit de lumi\u00e8re du grand escalier de Chambord. \u00bb<\/div><div class=\"fg-caption-desc\">Probablement inspir\u00e9 par Leonard de Vinci, c\u2019est le monument central du Chateau. Il est form\u00e9 de deux vol\u00e9es de marches qui s\u2019enroulent l\u2019une au-dessus de l\u2019autre dans ce noyau central perc\u00e9 de fen\u00eatres. Il est surmont\u00e9 de la Tour Lanterne visible sur les terrasses du ch\u00e2teau.<\/div><\/div><\/figcaption><\/figure><div class=\"fg-loader\"><\/div><\/div><div class=\"fg-item fg-type-image fg-idle\"><figure class=\"fg-item-inner\"><a href=\"https:\/\/acligphoto.fr\/wp-content\/uploads\/2025\/06\/12_Contre-plongee_Iza.jpg\" data-caption-title=\"Photo de Iza\" data-caption-desc=\"Cette photo n&#039;est pas en contre-plong\u00e9e prononc\u00e9e.\nLe challenge \u00e9tait la discr\u00e9tion dans un moment privil\u00e9gi\u00e9.\nNous avons pass\u00e9 un bon moment \u00e0 regarder le diaporama de Guy B. et Gilbert DM. au Conservatoire de Strasbourg.\" data-attachment-id=\"15469\" data-type=\"image\" class=\"fg-thumb\"><span class=\"fg-image-wrap\"><img decoding=\"async\" title=\"Photo de Iza\" width=\"150\" height=\"150\" class=\"skip-lazy fg-image\" data-src-fg=\"https:\/\/acligphoto.fr\/wp-content\/uploads\/cache\/2025\/06\/12_Contre-plongee_Iza\/1204577512.jpg\" src=\"data:image\/svg+xml,%3Csvg%20xmlns%3D%22http%3A%2F%2Fwww.w3.org%2F2000%2Fsvg%22%20width%3D%22150%22%20height%3D%22150%22%20viewBox%3D%220%200%20150%20150%22%3E%3C%2Fsvg%3E\" loading=\"eager\"><\/span><span class=\"fg-image-overlay\"><\/span><\/a><figcaption class=\"fg-caption\"><div class=\"fg-caption-inner\"><div class=\"fg-caption-title\">Photo de Iza<\/div><div class=\"fg-caption-desc\">Cette photo n&rsquo;est pas en contre-plong\u00e9e prononc\u00e9e.\nLe challenge \u00e9tait la discr\u00e9tion dans un moment privil\u00e9gi\u00e9.\nNous avons pass\u00e9 un bon moment \u00e0 regarder le diaporama de Guy B. et Gilbert DM. au Conservatoire de Strasbourg.<\/div><\/div><\/figcaption><\/figure><div class=\"fg-loader\"><\/div><\/div><div class=\"fg-item fg-type-image fg-idle\"><figure class=\"fg-item-inner\"><a href=\"https:\/\/acligphoto.fr\/wp-content\/uploads\/2025\/06\/11_Contre-plongee_Daniel.jpg\" data-caption-title=\"Photo de Daniel\" data-caption-desc=\"Faucon cr\u00e9cerelle en vol stationnaire \u00e0 la recherche d\u2019une proie.\" data-attachment-id=\"15468\" data-type=\"image\" class=\"fg-thumb\"><span class=\"fg-image-wrap\"><img decoding=\"async\" title=\"Photo de Daniel\" width=\"150\" height=\"150\" class=\"skip-lazy fg-image\" data-src-fg=\"https:\/\/acligphoto.fr\/wp-content\/uploads\/cache\/2025\/06\/11_Contre-plongee_Daniel\/1661142604.jpg\" src=\"data:image\/svg+xml,%3Csvg%20xmlns%3D%22http%3A%2F%2Fwww.w3.org%2F2000%2Fsvg%22%20width%3D%22150%22%20height%3D%22150%22%20viewBox%3D%220%200%20150%20150%22%3E%3C%2Fsvg%3E\" loading=\"eager\"><\/span><span class=\"fg-image-overlay\"><\/span><\/a><figcaption class=\"fg-caption\"><div class=\"fg-caption-inner\"><div class=\"fg-caption-title\">Photo de Daniel<\/div><div class=\"fg-caption-desc\">Faucon cr\u00e9cerelle en vol stationnaire \u00e0 la recherche d\u2019une proie.<\/div><\/div><\/figcaption><\/figure><div class=\"fg-loader\"><\/div><\/div><div class=\"fg-item fg-type-image fg-idle\"><figure class=\"fg-item-inner\"><a href=\"https:\/\/acligphoto.fr\/wp-content\/uploads\/2025\/06\/10_Contre-plongee_Albert.jpg\" data-caption-title=\"Photo de Albert\" data-caption-desc=\"Photo des 2 cath\u00e9drales prises en juin 2011 lors de l&#039;expo &quot;L&#039;industrie magnifique&quot; dans divers endroits de la ville de Strasbourg\" data-attachment-id=\"15467\" data-type=\"image\" class=\"fg-thumb\"><span class=\"fg-image-wrap\"><img decoding=\"async\" title=\"Photo de Albert\" width=\"150\" height=\"150\" class=\"skip-lazy fg-image\" data-src-fg=\"https:\/\/acligphoto.fr\/wp-content\/uploads\/cache\/2025\/06\/10_Contre-plongee_Albert\/4231289123.jpg\" src=\"data:image\/svg+xml,%3Csvg%20xmlns%3D%22http%3A%2F%2Fwww.w3.org%2F2000%2Fsvg%22%20width%3D%22150%22%20height%3D%22150%22%20viewBox%3D%220%200%20150%20150%22%3E%3C%2Fsvg%3E\" loading=\"eager\"><\/span><span class=\"fg-image-overlay\"><\/span><\/a><figcaption class=\"fg-caption\"><div class=\"fg-caption-inner\"><div class=\"fg-caption-title\">Photo de Albert<\/div><div class=\"fg-caption-desc\">Photo des 2 cath\u00e9drales prises en juin 2011 lors de l&rsquo;expo \u00ab\u00a0L&rsquo;industrie magnifique\u00a0\u00bb dans divers endroits de la ville de Strasbourg<\/div><\/div><\/figcaption><\/figure><div class=\"fg-loader\"><\/div><\/div><div class=\"fg-item fg-type-image fg-idle\"><figure class=\"fg-item-inner\"><a href=\"https:\/\/acligphoto.fr\/wp-content\/uploads\/2025\/06\/09_Contre-plongee_Armand.jpg\" data-caption-title=\"Photo de Armand\" data-caption-desc=\"Contre-plong\u00e9e \u00e0 Francfort.\" data-attachment-id=\"15466\" data-type=\"image\" class=\"fg-thumb\"><span class=\"fg-image-wrap\"><img decoding=\"async\" title=\"Photo de Armand\" width=\"150\" height=\"150\" class=\"skip-lazy fg-image\" data-src-fg=\"https:\/\/acligphoto.fr\/wp-content\/uploads\/cache\/2025\/06\/09_Contre-plongee_Armand\/580335048.jpg\" src=\"data:image\/svg+xml,%3Csvg%20xmlns%3D%22http%3A%2F%2Fwww.w3.org%2F2000%2Fsvg%22%20width%3D%22150%22%20height%3D%22150%22%20viewBox%3D%220%200%20150%20150%22%3E%3C%2Fsvg%3E\" loading=\"eager\"><\/span><span class=\"fg-image-overlay\"><\/span><\/a><figcaption class=\"fg-caption\"><div class=\"fg-caption-inner\"><div class=\"fg-caption-title\">Photo de Armand<\/div><div class=\"fg-caption-desc\">Contre-plong\u00e9e \u00e0 Francfort.<\/div><\/div><\/figcaption><\/figure><div class=\"fg-loader\"><\/div><\/div><div class=\"fg-item fg-type-image fg-idle\"><figure class=\"fg-item-inner\"><a href=\"https:\/\/acligphoto.fr\/wp-content\/uploads\/2025\/06\/08_Contre-plongee_Robert.jpg\" data-caption-title=\"Photo de Robert\" data-caption-desc=\"Contre-plong\u00e9e des ar\u00e8nes d&#039;Arles suite \u00e0 notre escapade en Camargue en d\u00e9but d&#039;ann\u00e9e.\" data-attachment-id=\"15465\" data-type=\"image\" class=\"fg-thumb\"><span class=\"fg-image-wrap\"><img decoding=\"async\" title=\"Photo de Robert\" width=\"150\" height=\"150\" class=\"skip-lazy fg-image\" data-src-fg=\"https:\/\/acligphoto.fr\/wp-content\/uploads\/cache\/2025\/06\/08_Contre-plongee_Robert\/1439209232.jpg\" src=\"data:image\/svg+xml,%3Csvg%20xmlns%3D%22http%3A%2F%2Fwww.w3.org%2F2000%2Fsvg%22%20width%3D%22150%22%20height%3D%22150%22%20viewBox%3D%220%200%20150%20150%22%3E%3C%2Fsvg%3E\" loading=\"eager\"><\/span><span class=\"fg-image-overlay\"><\/span><\/a><figcaption class=\"fg-caption\"><div class=\"fg-caption-inner\"><div class=\"fg-caption-title\">Photo de Robert<\/div><div class=\"fg-caption-desc\">Contre-plong\u00e9e des ar\u00e8nes d&rsquo;Arles suite \u00e0 notre escapade en Camargue en d\u00e9but d&rsquo;ann\u00e9e.<\/div><\/div><\/figcaption><\/figure><div class=\"fg-loader\"><\/div><\/div><div class=\"fg-item fg-type-image fg-idle\"><figure class=\"fg-item-inner\"><a href=\"https:\/\/acligphoto.fr\/wp-content\/uploads\/2025\/06\/07_Contre-plongee_Gerard.jpg\" data-caption-title=\"Photo de G\u00e9rard\" data-caption-desc=\"Sortie p\u00e9destre au Colorado &quot;Alsacien&quot; avec cette photo contre plong\u00e9e de cette v\u00e9g\u00e9tation luxuriante prise entre deux formations rocheuses de gr\u00e8s rouge.\" data-attachment-id=\"15464\" data-type=\"image\" class=\"fg-thumb\"><span class=\"fg-image-wrap\"><img decoding=\"async\" title=\"Photo de G\u00e9rard\" width=\"150\" height=\"150\" class=\"skip-lazy fg-image\" data-src-fg=\"https:\/\/acligphoto.fr\/wp-content\/uploads\/cache\/2025\/06\/07_Contre-plongee_Gerard\/3707902776.jpg\" src=\"data:image\/svg+xml,%3Csvg%20xmlns%3D%22http%3A%2F%2Fwww.w3.org%2F2000%2Fsvg%22%20width%3D%22150%22%20height%3D%22150%22%20viewBox%3D%220%200%20150%20150%22%3E%3C%2Fsvg%3E\" loading=\"eager\"><\/span><span class=\"fg-image-overlay\"><\/span><\/a><figcaption class=\"fg-caption\"><div class=\"fg-caption-inner\"><div class=\"fg-caption-title\">Photo de G\u00e9rard<\/div><div class=\"fg-caption-desc\">Sortie p\u00e9destre au Colorado \u00ab\u00a0Alsacien\u00a0\u00bb avec cette photo contre plong\u00e9e de cette v\u00e9g\u00e9tation luxuriante prise entre deux formations rocheuses de gr\u00e8s rouge.<\/div><\/div><\/figcaption><\/figure><div class=\"fg-loader\"><\/div><\/div><div class=\"fg-item fg-type-image fg-idle\"><figure class=\"fg-item-inner\"><a href=\"https:\/\/acligphoto.fr\/wp-content\/uploads\/2025\/06\/06_Contre-plongee_Lisa.jpg\" data-caption-title=\"Photo de Lisa\" data-caption-desc=\"Faisant suite \u00e0 notre sortie photo \u00e0 Francfort, nous avons eu tout le loisir de nous attaquer \u00e0 nos cervicales. Quel bonheur ! La contre-plong\u00e9e fut efficace et je dois bien l&#039;avouer facile \u00e0 r\u00e9aliser. Pour ma part j&#039;\u00e9tais en Iso 140 \u00e0 32mm et F9.5 et vitesse 1\/60s.\" data-attachment-id=\"15463\" data-type=\"image\" class=\"fg-thumb\"><span class=\"fg-image-wrap\"><img decoding=\"async\" title=\"Photo de Lisa\" width=\"150\" height=\"150\" class=\"skip-lazy fg-image\" data-src-fg=\"https:\/\/acligphoto.fr\/wp-content\/uploads\/cache\/2025\/06\/06_Contre-plongee_Lisa\/396128861.jpg\" src=\"data:image\/svg+xml,%3Csvg%20xmlns%3D%22http%3A%2F%2Fwww.w3.org%2F2000%2Fsvg%22%20width%3D%22150%22%20height%3D%22150%22%20viewBox%3D%220%200%20150%20150%22%3E%3C%2Fsvg%3E\" loading=\"eager\"><\/span><span class=\"fg-image-overlay\"><\/span><\/a><figcaption class=\"fg-caption\"><div class=\"fg-caption-inner\"><div class=\"fg-caption-title\">Photo de Lisa<\/div><div class=\"fg-caption-desc\">Faisant suite \u00e0 notre sortie photo \u00e0 Francfort, nous avons eu tout le loisir de nous attaquer \u00e0 nos cervicales. Quel bonheur ! La contre-plong\u00e9e fut efficace et je dois bien l&rsquo;avouer facile \u00e0 r\u00e9aliser. Pour ma part j&rsquo;\u00e9tais en Iso 140 \u00e0 32mm et F9.5 et vitesse 1\/60s.<\/div><\/div><\/figcaption><\/figure><div class=\"fg-loader\"><\/div><\/div><div class=\"fg-item fg-type-image fg-idle\"><figure class=\"fg-item-inner\"><a href=\"https:\/\/acligphoto.fr\/wp-content\/uploads\/2025\/06\/05_Contre-plongee_Francis.jpg\" data-caption-title=\"Photo de Francis\" data-caption-desc=\"Photo en contre-plong\u00e9e de la Dewils Tover ou tour du Diable photo prise aux USA lors de mon voyage en Californie.\" data-attachment-id=\"15462\" data-type=\"image\" class=\"fg-thumb\"><span class=\"fg-image-wrap\"><img decoding=\"async\" title=\"Photo de Francis\" width=\"150\" height=\"150\" class=\"skip-lazy fg-image\" data-src-fg=\"https:\/\/acligphoto.fr\/wp-content\/uploads\/cache\/2025\/06\/05_Contre-plongee_Francis\/1203215545.jpg\" src=\"data:image\/svg+xml,%3Csvg%20xmlns%3D%22http%3A%2F%2Fwww.w3.org%2F2000%2Fsvg%22%20width%3D%22150%22%20height%3D%22150%22%20viewBox%3D%220%200%20150%20150%22%3E%3C%2Fsvg%3E\" loading=\"eager\"><\/span><span class=\"fg-image-overlay\"><\/span><\/a><figcaption class=\"fg-caption\"><div class=\"fg-caption-inner\"><div class=\"fg-caption-title\">Photo de Francis<\/div><div class=\"fg-caption-desc\">Photo en contre-plong\u00e9e de la Dewils Tover ou tour du Diable photo prise aux USA lors de mon voyage en Californie.<\/div><\/div><\/figcaption><\/figure><div class=\"fg-loader\"><\/div><\/div><div class=\"fg-item fg-type-image fg-idle\"><figure class=\"fg-item-inner\"><a href=\"https:\/\/acligphoto.fr\/wp-content\/uploads\/2025\/06\/04_Contre-plongee_GuyF.jpg\" data-caption-title=\"Photo de Guy F., Titre : \u00ab Mausol\u00e9 d\u2019Amir Temour \u00bb\" data-caption-desc=\"Donn\u00e9es : \n\uf0d8\tAppareil Canon (les meilleurs) EOS 5D Mark III\n\uf0d8\t1\/1000s \u00e0 F\/4.5 \u2013 iso 1000 \u2013 24mm\nPhoto prise lors d\u2019un Trek v\u00e9lo en Ouzb\u00e9kistan.\nLe mausol\u00e9e d\u2019Amir Temour, construit au d\u00e9but du 15e si\u00e8cle, est un monument embl\u00e9matique de l\u2019\u00e9poque temouride, symbole de la puissance et de la spiritualit\u00e9 de Temur.\nIl est un chef-d&#039;\u0153uvre architectural ayant marqu\u00e9 l\u2019histoire de l\u2019Asie centrale.\" data-attachment-id=\"15461\" data-type=\"image\" class=\"fg-thumb\"><span class=\"fg-image-wrap\"><img decoding=\"async\" title=\"Photo de Guy F., Titre : \u00ab Mausol\u00e9 d\u2019Amir Temour \u00bb\" width=\"150\" height=\"150\" class=\"skip-lazy fg-image\" data-src-fg=\"https:\/\/acligphoto.fr\/wp-content\/uploads\/cache\/2025\/06\/04_Contre-plongee_GuyF\/1631137147.jpg\" src=\"data:image\/svg+xml,%3Csvg%20xmlns%3D%22http%3A%2F%2Fwww.w3.org%2F2000%2Fsvg%22%20width%3D%22150%22%20height%3D%22150%22%20viewBox%3D%220%200%20150%20150%22%3E%3C%2Fsvg%3E\" loading=\"eager\"><\/span><span class=\"fg-image-overlay\"><\/span><\/a><figcaption class=\"fg-caption\"><div class=\"fg-caption-inner\"><div class=\"fg-caption-title\">Photo de Guy F., Titre : \u00ab Mausol\u00e9 d\u2019Amir Temour \u00bb<\/div><div class=\"fg-caption-desc\">Donn\u00e9es : \n\uf0d8\tAppareil Canon (les meilleurs) EOS 5D Mark III\n\uf0d8\t1\/1000s \u00e0 F\/4.5 \u2013 iso 1000 \u2013 24mm\nPhoto prise lors d\u2019un Trek v\u00e9lo en Ouzb\u00e9kistan.\nLe mausol\u00e9e d\u2019Amir Temour, construit au d\u00e9but du 15e si\u00e8cle, est un monument embl\u00e9matique de l\u2019\u00e9poque temouride, symbole de la puissance et de la spiritualit\u00e9 de Temur.\nIl est un chef-d&rsquo;\u0153uvre architectural ayant marqu\u00e9 l\u2019histoire de l\u2019Asie centrale.<\/div><\/div><\/figcaption><\/figure><div class=\"fg-loader\"><\/div><\/div><div class=\"fg-item fg-type-image fg-idle\"><figure class=\"fg-item-inner\"><a href=\"https:\/\/acligphoto.fr\/wp-content\/uploads\/2025\/06\/03_Contre-plongee_Louis.jpg\" data-caption-title=\"Photo de Louis\" data-caption-desc=\"R\u00e9alis\u00e9e lors de notre sortie \u00e0 Francfort\" data-attachment-id=\"15460\" data-type=\"image\" class=\"fg-thumb\"><span class=\"fg-image-wrap\"><img decoding=\"async\" title=\"Photo de Louis\" width=\"150\" height=\"150\" class=\"skip-lazy fg-image\" data-src-fg=\"https:\/\/acligphoto.fr\/wp-content\/uploads\/cache\/2025\/06\/03_Contre-plongee_Louis\/4231289349.jpg\" src=\"data:image\/svg+xml,%3Csvg%20xmlns%3D%22http%3A%2F%2Fwww.w3.org%2F2000%2Fsvg%22%20width%3D%22150%22%20height%3D%22150%22%20viewBox%3D%220%200%20150%20150%22%3E%3C%2Fsvg%3E\" loading=\"eager\"><\/span><span class=\"fg-image-overlay\"><\/span><\/a><figcaption class=\"fg-caption\"><div class=\"fg-caption-inner\"><div class=\"fg-caption-title\">Photo de Louis<\/div><div class=\"fg-caption-desc\">R\u00e9alis\u00e9e lors de notre sortie \u00e0 Francfort<\/div><\/div><\/figcaption><\/figure><div class=\"fg-loader\"><\/div><\/div><div class=\"fg-item fg-type-image fg-idle\"><figure class=\"fg-item-inner\"><a href=\"https:\/\/acligphoto.fr\/wp-content\/uploads\/2025\/06\/02_Contre-plongee_GuyB.jpg\" data-caption-title=\"Photo de Guy B.\" data-caption-desc=\"La presqu&#039;ile Malraux un lieu o\u00f9 l&#039;architecture d&#039;hier et d&#039;aujourd&#039;hui se pr\u00eate \u00e0 la pratique de la photographie en contre plong\u00e9e\" data-attachment-id=\"15459\" data-type=\"image\" class=\"fg-thumb\"><span class=\"fg-image-wrap\"><img decoding=\"async\" title=\"Photo de Guy B.\" width=\"150\" height=\"150\" class=\"skip-lazy fg-image\" data-src-fg=\"https:\/\/acligphoto.fr\/wp-content\/uploads\/cache\/2025\/06\/02_Contre-plongee_GuyB\/303117757.jpg\" src=\"data:image\/svg+xml,%3Csvg%20xmlns%3D%22http%3A%2F%2Fwww.w3.org%2F2000%2Fsvg%22%20width%3D%22150%22%20height%3D%22150%22%20viewBox%3D%220%200%20150%20150%22%3E%3C%2Fsvg%3E\" loading=\"eager\"><\/span><span class=\"fg-image-overlay\"><\/span><\/a><figcaption class=\"fg-caption\"><div class=\"fg-caption-inner\"><div class=\"fg-caption-title\">Photo de Guy B.<\/div><div class=\"fg-caption-desc\">La presqu&rsquo;ile Malraux un lieu o\u00f9 l&rsquo;architecture d&rsquo;hier et d&rsquo;aujourd&rsquo;hui se pr\u00eate \u00e0 la pratique de la photographie en contre plong\u00e9e<\/div><\/div><\/figcaption><\/figure><div class=\"fg-loader\"><\/div><\/div><div class=\"fg-item fg-type-image fg-idle\"><figure class=\"fg-item-inner\"><a href=\"https:\/\/acligphoto.fr\/wp-content\/uploads\/2025\/06\/01_Contre_plongee_Gilbert.jpg\" data-caption-title=\"Photo de Gilbert, Titre : \u00ab Un petit J\u00e9sus bien triste \u00bb\" data-caption-desc=\"Lors de notre sortie dans le vignoble d\u2019Avolshiem\/Wolxheim, organis\u00e9e par l\u2019Atelier Photo, nous avons crois\u00e9 bon nombre de chapelles, calvaires, vierges et autres lieux de culte. Autrefois, ils quadrillaient le territoire, comme un rappel pour les populations. Ils \u00e9taient aussi une fa\u00e7on d&#039;attirer les bonnes gr\u00e2ces des dieux et divinit\u00e9s ou pour conjurer le mauvais sort\u2026 J\u2019ai trouv\u00e9 celui-ci tr\u00e8s r\u00e9aliste dans la douleur et tr\u00e8s inquiet de voir le monde comme il va\u2026\" data-attachment-id=\"15458\" data-type=\"image\" class=\"fg-thumb\"><span class=\"fg-image-wrap\"><img decoding=\"async\" title=\"Photo de Gilbert, Titre : \u00ab Un petit J\u00e9sus bien triste \u00bb\" width=\"150\" height=\"150\" class=\"skip-lazy fg-image\" data-src-fg=\"https:\/\/acligphoto.fr\/wp-content\/uploads\/cache\/2025\/06\/01_Contre_plongee_Gilbert\/3461988833.jpg\" src=\"data:image\/svg+xml,%3Csvg%20xmlns%3D%22http%3A%2F%2Fwww.w3.org%2F2000%2Fsvg%22%20width%3D%22150%22%20height%3D%22150%22%20viewBox%3D%220%200%20150%20150%22%3E%3C%2Fsvg%3E\" loading=\"eager\"><\/span><span class=\"fg-image-overlay\"><\/span><\/a><figcaption class=\"fg-caption\"><div class=\"fg-caption-inner\"><div class=\"fg-caption-title\">Photo de Gilbert, Titre : \u00ab Un petit J\u00e9sus bien triste \u00bb<\/div><div class=\"fg-caption-desc\">Lors de notre sortie dans le vignoble d\u2019Avolshiem\/Wolxheim, organis\u00e9e par l\u2019Atelier Photo, nous avons crois\u00e9 bon nombre de chapelles, calvaires, vierges et autres lieux de culte. Autrefois, ils quadrillaient le territoire, comme un rappel pour les populations. Ils \u00e9taient aussi une fa\u00e7on d&rsquo;attirer les bonnes gr\u00e2ces des dieux et divinit\u00e9s ou pour conjurer le mauvais sort\u2026 J\u2019ai trouv\u00e9 celui-ci tr\u00e8s r\u00e9aliste dans la douleur et tr\u00e8s inquiet de voir le monde comme il va\u2026<\/div><\/div><\/figcaption><\/figure><div class=\"fg-loader\"><\/div><\/div><\/div>\n","protected":false},"excerpt":{"rendered":"<p>Contre-plong\u00e9e<\/p>\n","protected":false},"author":27,"featured_media":15461,"comment_status":"closed","ping_status":"open","sticky":true,"template":"","format":"standard","meta":{"_bbp_topic_count":0,"_bbp_reply_count":0,"_bbp_total_topic_count":0,"_bbp_total_reply_count":0,"_bbp_voice_count":0,"_bbp_anonymous_reply_count":0,"_bbp_topic_count_hidden":0,"_bbp_reply_count_hidden":0,"_bbp_forum_subforum_count":0,"footnotes":""},"categories":[7],"tags":[],"class_list":["post-15456","post","type-post","status-publish","format-standard","has-post-thumbnail","hentry","category-vie-de-latelier"],"_links":{"self":[{"href":"https:\/\/acligphoto.fr\/index.php?rest_route=\/wp\/v2\/posts\/15456","targetHints":{"allow":["GET"]}}],"collection":[{"href":"https:\/\/acligphoto.fr\/index.php?rest_route=\/wp\/v2\/posts"}],"about":[{"href":"https:\/\/acligphoto.fr\/index.php?rest_route=\/wp\/v2\/types\/post"}],"author":[{"embeddable":true,"href":"https:\/\/acligphoto.fr\/index.php?rest_route=\/wp\/v2\/users\/27"}],"replies":[{"embeddable":true,"href":"https:\/\/acligphoto.fr\/index.php?rest_route=%2Fwp%2Fv2%2Fcomments&post=15456"}],"version-history":[{"count":2,"href":"https:\/\/acligphoto.fr\/index.php?rest_route=\/wp\/v2\/posts\/15456\/revisions"}],"predecessor-version":[{"id":15474,"href":"https:\/\/acligphoto.fr\/index.php?rest_route=\/wp\/v2\/posts\/15456\/revisions\/15474"}],"wp:featuredmedia":[{"embeddable":true,"href":"https:\/\/acligphoto.fr\/index.php?rest_route=\/wp\/v2\/media\/15461"}],"wp:attachment":[{"href":"https:\/\/acligphoto.fr\/index.php?rest_route=%2Fwp%2Fv2%2Fmedia&parent=15456"}],"wp:term":[{"taxonomy":"category","embeddable":true,"href":"https:\/\/acligphoto.fr\/index.php?rest_route=%2Fwp%2Fv2%2Fcategories&post=15456"},{"taxonomy":"post_tag","embeddable":true,"href":"https:\/\/acligphoto.fr\/index.php?rest_route=%2Fwp%2Fv2%2Ftags&post=15456"}],"curies":[{"name":"wp","href":"https:\/\/api.w.org\/{rel}","templated":true}]}}