{"id":15394,"date":"2025-05-22T08:53:02","date_gmt":"2025-05-22T06:53:02","guid":{"rendered":"https:\/\/acligphoto.fr\/?p=15394"},"modified":"2025-05-22T08:53:02","modified_gmt":"2025-05-22T06:53:02","slug":"raconte-ta-photo-episode-89","status":"publish","type":"post","link":"https:\/\/acligphoto.fr\/?p=15394","title":{"rendered":"Raconte ta photo, \u00e9pisode 89"},"content":{"rendered":"\n<p class=\"has-large-font-size\">Courbes<\/p>\n\n\n<style type=\"text\/css\">\n#foogallery-gallery-15428 .fg-image { width: 150px; }\n#foogallery-gallery-15428 { --fg-gutter: 10px; }<\/style>\n\t\t\t<div class=\"foogallery foogallery-container foogallery-default foogallery-lightbox-foogallery fg-center fg-default fg-ready fg-light fg-border-thin fg-shadow-outline fg-loading-default fg-loaded-fade-in fg-caption-hover fg-hover-fade fg-hover-zoom\" id=\"foogallery-gallery-15428\" data-foogallery=\"{&quot;item&quot;:{&quot;showCaptionTitle&quot;:true,&quot;showCaptionDescription&quot;:true},&quot;lazy&quot;:true}\" data-foogallery-lightbox=\"{&quot;thumbs&quot;:&quot;bottom&quot;,&quot;thumbsCaptions&quot;:false,&quot;thumbsBestFit&quot;:false,&quot;thumbsSmall&quot;:false,&quot;thumbsCaptionsAlign&quot;:&quot;default&quot;,&quot;info&quot;:&quot;bottom&quot;,&quot;infoVisible&quot;:true,&quot;infoOverlay&quot;:true,&quot;infoAlign&quot;:&quot;default&quot;,&quot;transition&quot;:&quot;fade&quot;,&quot;hoverButtons&quot;:false,&quot;fitMedia&quot;:false,&quot;noScrollbars&quot;:true,&quot;preserveButtonSpace&quot;:true,&quot;buttons&quot;:{&quot;fullscreen&quot;:true,&quot;info&quot;:true,&quot;thumbs&quot;:false},&quot;video&quot;:{&quot;autoPlay&quot;:true}}\" style=\"--fg-title-line-clamp: 0; --fg-description-line-clamp: 0;\" >\n\t<div class=\"fg-item fg-type-image fg-idle\"><figure class=\"fg-item-inner\"><a href=\"https:\/\/acligphoto.fr\/wp-content\/uploads\/2025\/05\/16_Courbes_Didier-1.jpg\" data-caption-title=\"Photo de Didier\" data-caption-desc=\"J&#039;ai choisi cette ancienne photo ou les lignes de laser mettent en valeur les courbes du corps.\" data-attachment-id=\"15427\" data-type=\"image\" class=\"fg-thumb\"><span class=\"fg-image-wrap\"><img decoding=\"async\" title=\"Photo de Didier\" width=\"150\" height=\"150\" class=\"skip-lazy fg-image\" data-src-fg=\"https:\/\/acligphoto.fr\/wp-content\/uploads\/cache\/2025\/05\/16_Courbes_Didier-1\/2554111831.jpg\" src=\"data:image\/svg+xml,%3Csvg%20xmlns%3D%22http%3A%2F%2Fwww.w3.org%2F2000%2Fsvg%22%20width%3D%22150%22%20height%3D%22150%22%20viewBox%3D%220%200%20150%20150%22%3E%3C%2Fsvg%3E\" loading=\"eager\"><\/span><span class=\"fg-image-overlay\"><\/span><\/a><figcaption class=\"fg-caption\"><div class=\"fg-caption-inner\"><div class=\"fg-caption-title\">Photo de Didier<\/div><div class=\"fg-caption-desc\">J&rsquo;ai choisi cette ancienne photo ou les lignes de laser mettent en valeur les courbes du corps.<\/div><\/div><\/figcaption><\/figure><div class=\"fg-loader\"><\/div><\/div><div class=\"fg-item fg-type-image fg-idle\"><figure class=\"fg-item-inner\"><a href=\"https:\/\/acligphoto.fr\/wp-content\/uploads\/2025\/05\/15_Courbes_Francois-1.jpg\" data-caption-title=\"Photo de Fran\u00e7ois\" data-caption-desc=\"En redescendant de Saint-Nabor dans les parages de la Leonardsau paissent quelques\nchevaux de race comtoise. Une jument est couch\u00e9e dont je ne vois \u00e0 travers la haie qui nous\ns\u00e9pare que les courbes fessi\u00e8res.\" data-attachment-id=\"15426\" data-type=\"image\" class=\"fg-thumb\"><span class=\"fg-image-wrap\"><img decoding=\"async\" title=\"Photo de Fran\u00e7ois\" width=\"150\" height=\"150\" class=\"skip-lazy fg-image\" data-src-fg=\"https:\/\/acligphoto.fr\/wp-content\/uploads\/cache\/2025\/05\/15_Courbes_Francois-1\/3568760679.jpg\" src=\"data:image\/svg+xml,%3Csvg%20xmlns%3D%22http%3A%2F%2Fwww.w3.org%2F2000%2Fsvg%22%20width%3D%22150%22%20height%3D%22150%22%20viewBox%3D%220%200%20150%20150%22%3E%3C%2Fsvg%3E\" loading=\"eager\"><\/span><span class=\"fg-image-overlay\"><\/span><\/a><figcaption class=\"fg-caption\"><div class=\"fg-caption-inner\"><div class=\"fg-caption-title\">Photo de Fran\u00e7ois<\/div><div class=\"fg-caption-desc\">En redescendant de Saint-Nabor dans les parages de la Leonardsau paissent quelques\nchevaux de race comtoise. Une jument est couch\u00e9e dont je ne vois \u00e0 travers la haie qui nous\ns\u00e9pare que les courbes fessi\u00e8res.<\/div><\/div><\/figcaption><\/figure><div class=\"fg-loader\"><\/div><\/div><div class=\"fg-item fg-type-image fg-idle\"><figure class=\"fg-item-inner\"><a href=\"https:\/\/acligphoto.fr\/wp-content\/uploads\/2025\/05\/14_Courbes_Daniel-1.jpg\" data-caption-title=\"Photo de Daniel\" data-caption-desc=\"Photo prise en 2009 dans le d\u00e9sert Libyen. J\u2018ai choisi cette photo pour les courbes et motifs\nqui changent \u00e0 chaque point de vue dans cette immensit\u00e9 qui couvre les deux tiers du pays.\" data-attachment-id=\"15425\" data-type=\"image\" class=\"fg-thumb\"><span class=\"fg-image-wrap\"><img decoding=\"async\" title=\"Photo de Daniel\" width=\"150\" height=\"150\" class=\"skip-lazy fg-image\" data-src-fg=\"https:\/\/acligphoto.fr\/wp-content\/uploads\/cache\/2025\/05\/14_Courbes_Daniel-1\/1579743806.jpg\" src=\"data:image\/svg+xml,%3Csvg%20xmlns%3D%22http%3A%2F%2Fwww.w3.org%2F2000%2Fsvg%22%20width%3D%22150%22%20height%3D%22150%22%20viewBox%3D%220%200%20150%20150%22%3E%3C%2Fsvg%3E\" loading=\"eager\"><\/span><span class=\"fg-image-overlay\"><\/span><\/a><figcaption class=\"fg-caption\"><div class=\"fg-caption-inner\"><div class=\"fg-caption-title\">Photo de Daniel<\/div><div class=\"fg-caption-desc\">Photo prise en 2009 dans le d\u00e9sert Libyen. J\u2018ai choisi cette photo pour les courbes et motifs\nqui changent \u00e0 chaque point de vue dans cette immensit\u00e9 qui couvre les deux tiers du pays.<\/div><\/div><\/figcaption><\/figure><div class=\"fg-loader\"><\/div><\/div><div class=\"fg-item fg-type-image fg-idle\"><figure class=\"fg-item-inner\"><a href=\"https:\/\/acligphoto.fr\/wp-content\/uploads\/2025\/05\/13_Courbes_Armand-1.jpg\" data-caption-title=\"Photo de Armand\" data-caption-desc=\"Au mus\u00e9e Unterlinden \u00e0 Colmar, cet escalier offre de nombreuses possibilit\u00e9s de photos tant\nses courbes sont gracieuses quel que soit l\u2019angle que l\u2019on adopte.\nVous en avez certainement d\u00e9j\u00e0 vu dans des expositions autour de chez nous.\nPhoto prise en d\u00e9cembre 2019 avec mon petit Sony RX100 M3 (capteur 1 pouce).\" data-attachment-id=\"15424\" data-type=\"image\" class=\"fg-thumb\"><span class=\"fg-image-wrap\"><img decoding=\"async\" title=\"Photo de Armand\" width=\"150\" height=\"150\" class=\"skip-lazy fg-image\" data-src-fg=\"https:\/\/acligphoto.fr\/wp-content\/uploads\/cache\/2025\/05\/13_Courbes_Armand-1\/3970770485.jpg\" src=\"data:image\/svg+xml,%3Csvg%20xmlns%3D%22http%3A%2F%2Fwww.w3.org%2F2000%2Fsvg%22%20width%3D%22150%22%20height%3D%22150%22%20viewBox%3D%220%200%20150%20150%22%3E%3C%2Fsvg%3E\" loading=\"eager\"><\/span><span class=\"fg-image-overlay\"><\/span><\/a><figcaption class=\"fg-caption\"><div class=\"fg-caption-inner\"><div class=\"fg-caption-title\">Photo de Armand<\/div><div class=\"fg-caption-desc\">Au mus\u00e9e Unterlinden \u00e0 Colmar, cet escalier offre de nombreuses possibilit\u00e9s de photos tant\nses courbes sont gracieuses quel que soit l\u2019angle que l\u2019on adopte.\nVous en avez certainement d\u00e9j\u00e0 vu dans des expositions autour de chez nous.\nPhoto prise en d\u00e9cembre 2019 avec mon petit Sony RX100 M3 (capteur 1 pouce).<\/div><\/div><\/figcaption><\/figure><div class=\"fg-loader\"><\/div><\/div><div class=\"fg-item fg-type-image fg-idle\"><figure class=\"fg-item-inner\"><a href=\"https:\/\/acligphoto.fr\/wp-content\/uploads\/2025\/05\/12_Courbes_Klaudia-1.jpg\" data-caption-title=\"Photo de Klaudia, Titre \u00ab courbe spirale \u00bb\" data-caption-desc=\"\u00ab Courbes \u00bb n\u2019est pas simple, m\u00eame des lignes droites peuvent \u00eatre, en math\u00e9matique, des courbes lin\u00e9aires\u2026\nCe qui m\u2019a beaucoup plu ce sont les courbes spirales. J\u2019adore les escaliers en spirale et\nl\u2019escalier dans l\u2019Arc de Triomphe est un bel exemple. Cependant il faut monter ou descendre \u00e0 pied pour pouvoir admirer.\" data-attachment-id=\"15423\" data-type=\"image\" class=\"fg-thumb\"><span class=\"fg-image-wrap\"><img decoding=\"async\" title=\"Photo de Klaudia, Titre \u00ab courbe spirale \u00bb\" width=\"150\" height=\"150\" class=\"skip-lazy fg-image\" data-src-fg=\"https:\/\/acligphoto.fr\/wp-content\/uploads\/cache\/2025\/05\/12_Courbes_Klaudia-1\/716582253.jpg\" src=\"data:image\/svg+xml,%3Csvg%20xmlns%3D%22http%3A%2F%2Fwww.w3.org%2F2000%2Fsvg%22%20width%3D%22150%22%20height%3D%22150%22%20viewBox%3D%220%200%20150%20150%22%3E%3C%2Fsvg%3E\" loading=\"eager\"><\/span><span class=\"fg-image-overlay\"><\/span><\/a><figcaption class=\"fg-caption\"><div class=\"fg-caption-inner\"><div class=\"fg-caption-title\">Photo de Klaudia, Titre \u00ab courbe spirale \u00bb<\/div><div class=\"fg-caption-desc\">\u00ab Courbes \u00bb n\u2019est pas simple, m\u00eame des lignes droites peuvent \u00eatre, en math\u00e9matique, des courbes lin\u00e9aires\u2026\nCe qui m\u2019a beaucoup plu ce sont les courbes spirales. J\u2019adore les escaliers en spirale et\nl\u2019escalier dans l\u2019Arc de Triomphe est un bel exemple. Cependant il faut monter ou descendre \u00e0 pied pour pouvoir admirer.<\/div><\/div><\/figcaption><\/figure><div class=\"fg-loader\"><\/div><\/div><div class=\"fg-item fg-type-image fg-idle\"><figure class=\"fg-item-inner\"><a href=\"https:\/\/acligphoto.fr\/wp-content\/uploads\/2025\/05\/11_Courbes_Jose-1.jpg\" data-caption-title=\"Photo de Jos\u00e9\" data-caption-desc=\"Mon clin d&#039;\u0153il coquin !! Extrait d&#039;une photo prise au t\u00e9l\u00e9objectif de 400mm \u00e0 + de 50m (ce\nqui explique le d\u00e9but de pixellisation) Admirez les nombreuses courbes et courbures de cette joueuse de beach volley\" data-attachment-id=\"15422\" data-type=\"image\" class=\"fg-thumb\"><span class=\"fg-image-wrap\"><img decoding=\"async\" title=\"Photo de Jos\u00e9\" width=\"150\" height=\"150\" class=\"skip-lazy fg-image\" data-src-fg=\"https:\/\/acligphoto.fr\/wp-content\/uploads\/cache\/2025\/05\/11_Courbes_Jose-1\/3362689168.jpg\" src=\"data:image\/svg+xml,%3Csvg%20xmlns%3D%22http%3A%2F%2Fwww.w3.org%2F2000%2Fsvg%22%20width%3D%22150%22%20height%3D%22150%22%20viewBox%3D%220%200%20150%20150%22%3E%3C%2Fsvg%3E\" loading=\"eager\"><\/span><span class=\"fg-image-overlay\"><\/span><\/a><figcaption class=\"fg-caption\"><div class=\"fg-caption-inner\"><div class=\"fg-caption-title\">Photo de Jos\u00e9<\/div><div class=\"fg-caption-desc\">Mon clin d&rsquo;\u0153il coquin !! Extrait d&rsquo;une photo prise au t\u00e9l\u00e9objectif de 400mm \u00e0 + de 50m (ce\nqui explique le d\u00e9but de pixellisation) Admirez les nombreuses courbes et courbures de cette joueuse de beach volley<\/div><\/div><\/figcaption><\/figure><div class=\"fg-loader\"><\/div><\/div><div class=\"fg-item fg-type-image fg-idle\"><figure class=\"fg-item-inner\"><a href=\"https:\/\/acligphoto.fr\/wp-content\/uploads\/2025\/05\/10_Courbes_Lisa-1.jpg\" data-caption-title=\"Photo de Lisa, Titre : \u00ab comme le roseau ! \u00bb\" data-caption-desc=\"Les cygnes sont des oiseaux tr\u00e8s impressionnants, et quelquefois redoutables.\nIl ne se passe pas une seule ann\u00e9e sans que je prenne quelques clich\u00e9s de ces oiseaux.\nPhoto prise au 600 mm en octobre 2024\" data-attachment-id=\"15421\" data-type=\"image\" class=\"fg-thumb\"><span class=\"fg-image-wrap\"><img decoding=\"async\" title=\"Photo de Lisa, Titre : \u00ab comme le roseau ! \u00bb\" width=\"150\" height=\"150\" class=\"skip-lazy fg-image\" data-src-fg=\"https:\/\/acligphoto.fr\/wp-content\/uploads\/cache\/2025\/05\/10_Courbes_Lisa-1\/2193816016.jpg\" src=\"data:image\/svg+xml,%3Csvg%20xmlns%3D%22http%3A%2F%2Fwww.w3.org%2F2000%2Fsvg%22%20width%3D%22150%22%20height%3D%22150%22%20viewBox%3D%220%200%20150%20150%22%3E%3C%2Fsvg%3E\" loading=\"eager\"><\/span><span class=\"fg-image-overlay\"><\/span><\/a><figcaption class=\"fg-caption\"><div class=\"fg-caption-inner\"><div class=\"fg-caption-title\">Photo de Lisa, Titre : \u00ab comme le roseau ! \u00bb<\/div><div class=\"fg-caption-desc\">Les cygnes sont des oiseaux tr\u00e8s impressionnants, et quelquefois redoutables.\nIl ne se passe pas une seule ann\u00e9e sans que je prenne quelques clich\u00e9s de ces oiseaux.\nPhoto prise au 600 mm en octobre 2024<\/div><\/div><\/figcaption><\/figure><div class=\"fg-loader\"><\/div><\/div><div class=\"fg-item fg-type-image fg-idle\"><figure class=\"fg-item-inner\"><a href=\"https:\/\/acligphoto.fr\/wp-content\/uploads\/2025\/05\/09_Courbes_Robert-1.jpg\" data-caption-title=\"Photo de Robert\" data-caption-desc=\"Photo prise en contre-plong\u00e9e, dans le puit de lumi\u00e8re du parking de la Rotonde \u00e0\nStrasbourg.\" data-attachment-id=\"15420\" data-type=\"image\" class=\"fg-thumb\"><span class=\"fg-image-wrap\"><img decoding=\"async\" title=\"Photo de Robert\" width=\"150\" height=\"150\" class=\"skip-lazy fg-image\" data-src-fg=\"https:\/\/acligphoto.fr\/wp-content\/uploads\/cache\/2025\/05\/09_Courbes_Robert-1\/1486475545.jpg\" src=\"data:image\/svg+xml,%3Csvg%20xmlns%3D%22http%3A%2F%2Fwww.w3.org%2F2000%2Fsvg%22%20width%3D%22150%22%20height%3D%22150%22%20viewBox%3D%220%200%20150%20150%22%3E%3C%2Fsvg%3E\" loading=\"eager\"><\/span><span class=\"fg-image-overlay\"><\/span><\/a><figcaption class=\"fg-caption\"><div class=\"fg-caption-inner\"><div class=\"fg-caption-title\">Photo de Robert<\/div><div class=\"fg-caption-desc\">Photo prise en contre-plong\u00e9e, dans le puit de lumi\u00e8re du parking de la Rotonde \u00e0\nStrasbourg.<\/div><\/div><\/figcaption><\/figure><div class=\"fg-loader\"><\/div><\/div><div class=\"fg-item fg-type-image fg-idle\"><figure class=\"fg-item-inner\"><a href=\"https:\/\/acligphoto.fr\/wp-content\/uploads\/2025\/05\/08_Courbes_Albert-1.jpg\" data-caption-title=\"Photo de Albert\" data-caption-desc=\"Dans la crypte de Notre-Dame de l&#039;Annonciation dans la cath\u00e9drale d\u2019Otrante dans la\nprovince des Pouilles en Italie, une for\u00eat de 72 colonnes au total, trente encastr\u00e9es le long\ndes murs, et les autres reli\u00e9es par des vo\u00fbtes qui forme une multitude de courbes, ce sont\nelles qui ont attir\u00e9es mon regard et que je trouve tr\u00e8s esth\u00e9tiques, encore agr\u00e9ment\u00e9es par\nles diff\u00e9rentes nuances de blanc.\" data-attachment-id=\"15419\" data-type=\"image\" class=\"fg-thumb\"><span class=\"fg-image-wrap\"><img decoding=\"async\" title=\"Photo de Albert\" width=\"150\" height=\"150\" class=\"skip-lazy fg-image\" data-src-fg=\"https:\/\/acligphoto.fr\/wp-content\/uploads\/cache\/2025\/05\/08_Courbes_Albert-1\/82364392.jpg\" src=\"data:image\/svg+xml,%3Csvg%20xmlns%3D%22http%3A%2F%2Fwww.w3.org%2F2000%2Fsvg%22%20width%3D%22150%22%20height%3D%22150%22%20viewBox%3D%220%200%20150%20150%22%3E%3C%2Fsvg%3E\" loading=\"eager\"><\/span><span class=\"fg-image-overlay\"><\/span><\/a><figcaption class=\"fg-caption\"><div class=\"fg-caption-inner\"><div class=\"fg-caption-title\">Photo de Albert<\/div><div class=\"fg-caption-desc\">Dans la crypte de Notre-Dame de l&rsquo;Annonciation dans la cath\u00e9drale d\u2019Otrante dans la\nprovince des Pouilles en Italie, une for\u00eat de 72 colonnes au total, trente encastr\u00e9es le long\ndes murs, et les autres reli\u00e9es par des vo\u00fbtes qui forme une multitude de courbes, ce sont\nelles qui ont attir\u00e9es mon regard et que je trouve tr\u00e8s esth\u00e9tiques, encore agr\u00e9ment\u00e9es par\nles diff\u00e9rentes nuances de blanc.<\/div><\/div><\/figcaption><\/figure><div class=\"fg-loader\"><\/div><\/div><div class=\"fg-item fg-type-image fg-idle\"><figure class=\"fg-item-inner\"><a href=\"https:\/\/acligphoto.fr\/wp-content\/uploads\/2025\/05\/07_Courbes_GuyF-1.jpg\" data-caption-title=\"Photo de Guy F., Titre : \u00ab Courber l\u2019\u00e9chine \u00bb\" data-caption-desc=\"Donn\u00e9es :\n\u00d8 Appareil Canon (les meilleurs) EOS 5D Mark III\n\u00d8 1\/100s \u00e0 F\/3.5 \u2013 iso 1600 \u2013 25mm\nPhoto prise lors d\u2019un Trek au Myanmar (ex Birmanie) en 2020. Cette Birmane courbant\nl\u2019\u00e9chine pour aller braver l\u2019interdit aux femmes de p\u00e9n\u00e9trer dans ce temple, alors qu\u2019elle effectue du \u00ab M\u00e9rite \u00bb qui veut dire faire une offrande !\nAujourd\u2019hui si elle est toujours en vie, elle doit certainement courber l\u2019\u00e9chine suite aux plus\nde 200 civils tu\u00e9s dans 243 attaques de la junte depuis le s\u00e9isme. Cela est une autre histoire dont tout le monde s\u2019en fout !!\" data-attachment-id=\"15418\" data-type=\"image\" class=\"fg-thumb\"><span class=\"fg-image-wrap\"><img decoding=\"async\" title=\"Photo de Guy F., Titre : \u00ab Courber l\u2019\u00e9chine \u00bb\" width=\"150\" height=\"150\" class=\"skip-lazy fg-image\" data-src-fg=\"https:\/\/acligphoto.fr\/wp-content\/uploads\/cache\/2025\/05\/07_Courbes_GuyF-1\/2592191782.jpg\" src=\"data:image\/svg+xml,%3Csvg%20xmlns%3D%22http%3A%2F%2Fwww.w3.org%2F2000%2Fsvg%22%20width%3D%22150%22%20height%3D%22150%22%20viewBox%3D%220%200%20150%20150%22%3E%3C%2Fsvg%3E\" loading=\"eager\"><\/span><span class=\"fg-image-overlay\"><\/span><\/a><figcaption class=\"fg-caption\"><div class=\"fg-caption-inner\"><div class=\"fg-caption-title\">Photo de Guy F., Titre : \u00ab Courber l\u2019\u00e9chine \u00bb<\/div><div class=\"fg-caption-desc\">Donn\u00e9es :\n\u00d8 Appareil Canon (les meilleurs) EOS 5D Mark III\n\u00d8 1\/100s \u00e0 F\/3.5 \u2013 iso 1600 \u2013 25mm\nPhoto prise lors d\u2019un Trek au Myanmar (ex Birmanie) en 2020. Cette Birmane courbant\nl\u2019\u00e9chine pour aller braver l\u2019interdit aux femmes de p\u00e9n\u00e9trer dans ce temple, alors qu\u2019elle effectue du \u00ab M\u00e9rite \u00bb qui veut dire faire une offrande !\nAujourd\u2019hui si elle est toujours en vie, elle doit certainement courber l\u2019\u00e9chine suite aux plus\nde 200 civils tu\u00e9s dans 243 attaques de la junte depuis le s\u00e9isme. Cela est une autre histoire dont tout le monde s\u2019en fout !!<\/div><\/div><\/figcaption><\/figure><div class=\"fg-loader\"><\/div><\/div><div class=\"fg-item fg-type-image fg-idle\"><figure class=\"fg-item-inner\"><a href=\"https:\/\/acligphoto.fr\/wp-content\/uploads\/2025\/05\/06_Courbes_Gilbert-1.jpg\" data-caption-title=\"Photo de Gilbert, Titre : \u00ab Courbes entre deux volcans \u00bb\" data-caption-desc=\"Voici une photo que Louis n\u2019aura aucune peine \u00e0 localiser car elle a \u00e9t\u00e9 prise \u00e0 Lanzarote, lors\nd\u2019une rando entre le volcan \u2018\u2019 Monta\u00f1a del Cuervo et la Monta\u00f1a Negra. Un chemin de\ncendres noires serpentait entre deux volcans, pas pu m\u2019emp\u00eacher de d\u00e9clencher...\" data-attachment-id=\"15417\" data-type=\"image\" class=\"fg-thumb\"><span class=\"fg-image-wrap\"><img decoding=\"async\" title=\"Photo de Gilbert, Titre : \u00ab Courbes entre deux volcans \u00bb\" width=\"150\" height=\"150\" class=\"skip-lazy fg-image\" data-src-fg=\"https:\/\/acligphoto.fr\/wp-content\/uploads\/cache\/2025\/05\/06_Courbes_Gilbert-1\/3264551188.jpg\" src=\"data:image\/svg+xml,%3Csvg%20xmlns%3D%22http%3A%2F%2Fwww.w3.org%2F2000%2Fsvg%22%20width%3D%22150%22%20height%3D%22150%22%20viewBox%3D%220%200%20150%20150%22%3E%3C%2Fsvg%3E\" loading=\"eager\"><\/span><span class=\"fg-image-overlay\"><\/span><\/a><figcaption class=\"fg-caption\"><div class=\"fg-caption-inner\"><div class=\"fg-caption-title\">Photo de Gilbert, Titre : \u00ab Courbes entre deux volcans \u00bb<\/div><div class=\"fg-caption-desc\">Voici une photo que Louis n\u2019aura aucune peine \u00e0 localiser car elle a \u00e9t\u00e9 prise \u00e0 Lanzarote, lors\nd\u2019une rando entre le volcan \u2018\u2019 Monta\u00f1a del Cuervo et la Monta\u00f1a Negra. Un chemin de\ncendres noires serpentait entre deux volcans, pas pu m\u2019emp\u00eacher de d\u00e9clencher&#8230;<\/div><\/div><\/figcaption><\/figure><div class=\"fg-loader\"><\/div><\/div><div class=\"fg-item fg-type-image fg-idle\"><figure class=\"fg-item-inner\"><a href=\"https:\/\/acligphoto.fr\/wp-content\/uploads\/2025\/05\/01_Courbes_GuyB-1.jpg\" data-caption-title=\"Photo de Guy B.\" data-caption-desc=\"Une courbe est une contraction entre lignes verticales et horizontales, base essentielle dans la composition d&#039;une photographie.\" data-attachment-id=\"15412\" data-type=\"image\" class=\"fg-thumb\"><span class=\"fg-image-wrap\"><img decoding=\"async\" title=\"Photo de Guy B.\" width=\"150\" height=\"150\" class=\"skip-lazy fg-image\" data-src-fg=\"https:\/\/acligphoto.fr\/wp-content\/uploads\/cache\/2025\/05\/01_Courbes_GuyB-1\/3089874766.jpg\" src=\"data:image\/svg+xml,%3Csvg%20xmlns%3D%22http%3A%2F%2Fwww.w3.org%2F2000%2Fsvg%22%20width%3D%22150%22%20height%3D%22150%22%20viewBox%3D%220%200%20150%20150%22%3E%3C%2Fsvg%3E\" loading=\"eager\"><\/span><span class=\"fg-image-overlay\"><\/span><\/a><figcaption class=\"fg-caption\"><div class=\"fg-caption-inner\"><div class=\"fg-caption-title\">Photo de Guy B.<\/div><div class=\"fg-caption-desc\">Une courbe est une contraction entre lignes verticales et horizontales, base essentielle dans la composition d&rsquo;une photographie.<\/div><\/div><\/figcaption><\/figure><div class=\"fg-loader\"><\/div><\/div><div class=\"fg-item fg-type-image fg-idle\"><figure class=\"fg-item-inner\"><a href=\"https:\/\/acligphoto.fr\/wp-content\/uploads\/2025\/05\/05_Courbes_Gerard.jpg\" data-caption-title=\"Photo de G\u00e9rard\" data-caption-desc=\"L&#039;image montre l&#039;escalier h\u00e9lico\u00efdal du mus\u00e9e du Vatican, \u00e9galement connu sous le nom\nd&#039;escalier de Bramante. Il s&#039;agit d&#039;une structure en spirale \u00e0 double rampe, ce qui permet aux\nvisiteurs de monter et de descendre simultan\u00e9ment sans se croiser. L&#039;escalier est orn\u00e9 de\nmotifs baroques complexes en m\u00e9tal fonc\u00e9, avec des figures ang\u00e9liques et des \u00e9l\u00e9ments\nfloraux sculpt\u00e9s dans la balustrade. Le marbre vert fonc\u00e9 des murs contraste avec les\n\u00e9l\u00e9ments m\u00e9talliques fonc\u00e9s. Quelques visiteurs sont visibles sur l&#039;escalier, donnant une\n\u00e9chelle \u00e0 la grandeur de la structure.\" data-attachment-id=\"15400\" data-type=\"image\" class=\"fg-thumb\"><span class=\"fg-image-wrap\"><img decoding=\"async\" title=\"Photo de G\u00e9rard\" width=\"150\" height=\"150\" class=\"skip-lazy fg-image\" data-src-fg=\"https:\/\/acligphoto.fr\/wp-content\/uploads\/cache\/2025\/05\/05_Courbes_Gerard\/3663066627.jpg\" src=\"data:image\/svg+xml,%3Csvg%20xmlns%3D%22http%3A%2F%2Fwww.w3.org%2F2000%2Fsvg%22%20width%3D%22150%22%20height%3D%22150%22%20viewBox%3D%220%200%20150%20150%22%3E%3C%2Fsvg%3E\" loading=\"eager\"><\/span><span class=\"fg-image-overlay\"><\/span><\/a><figcaption class=\"fg-caption\"><div class=\"fg-caption-inner\"><div class=\"fg-caption-title\">Photo de G\u00e9rard<\/div><div class=\"fg-caption-desc\">L&rsquo;image montre l&rsquo;escalier h\u00e9lico\u00efdal du mus\u00e9e du Vatican, \u00e9galement connu sous le nom\nd&rsquo;escalier de Bramante. Il s&rsquo;agit d&rsquo;une structure en spirale \u00e0 double rampe, ce qui permet aux\nvisiteurs de monter et de descendre simultan\u00e9ment sans se croiser. L&rsquo;escalier est orn\u00e9 de\nmotifs baroques complexes en m\u00e9tal fonc\u00e9, avec des figures ang\u00e9liques et des \u00e9l\u00e9ments\nfloraux sculpt\u00e9s dans la balustrade. Le marbre vert fonc\u00e9 des murs contraste avec les\n\u00e9l\u00e9ments m\u00e9talliques fonc\u00e9s. Quelques visiteurs sont visibles sur l&rsquo;escalier, donnant une\n\u00e9chelle \u00e0 la grandeur de la structure.<\/div><\/div><\/figcaption><\/figure><div class=\"fg-loader\"><\/div><\/div><div class=\"fg-item fg-type-image fg-idle\"><figure class=\"fg-item-inner\"><a href=\"https:\/\/acligphoto.fr\/wp-content\/uploads\/2025\/05\/04_Courbes_Iza.jpg\" data-caption-title=\"Photo de Iza\" data-caption-desc=\"Photo du 20 f\u00e9vrier 2023. Visite du Mus\u00e9e Louvre-Lens. Escalier qui m\u00e8ne au sous-sol o\u00f9\nsont entrepos\u00e9es et restaur\u00e9es les \u0153uvres.\" data-attachment-id=\"15399\" data-type=\"image\" class=\"fg-thumb\"><span class=\"fg-image-wrap\"><img decoding=\"async\" title=\"Photo de Iza\" width=\"150\" height=\"150\" class=\"skip-lazy fg-image\" data-src-fg=\"https:\/\/acligphoto.fr\/wp-content\/uploads\/cache\/2025\/05\/04_Courbes_Iza\/1215606382.jpg\" src=\"data:image\/svg+xml,%3Csvg%20xmlns%3D%22http%3A%2F%2Fwww.w3.org%2F2000%2Fsvg%22%20width%3D%22150%22%20height%3D%22150%22%20viewBox%3D%220%200%20150%20150%22%3E%3C%2Fsvg%3E\" loading=\"eager\"><\/span><span class=\"fg-image-overlay\"><\/span><\/a><figcaption class=\"fg-caption\"><div class=\"fg-caption-inner\"><div class=\"fg-caption-title\">Photo de Iza<\/div><div class=\"fg-caption-desc\">Photo du 20 f\u00e9vrier 2023. Visite du Mus\u00e9e Louvre-Lens. Escalier qui m\u00e8ne au sous-sol o\u00f9\nsont entrepos\u00e9es et restaur\u00e9es les \u0153uvres.<\/div><\/div><\/figcaption><\/figure><div class=\"fg-loader\"><\/div><\/div><div class=\"fg-item fg-type-image fg-idle\"><figure class=\"fg-item-inner\"><a href=\"https:\/\/acligphoto.fr\/wp-content\/uploads\/2025\/05\/03_Courbes_Louis.jpg\" data-caption-title=\"Photo de Louis\" data-caption-desc=\"Photo r\u00e9alis\u00e9e du c\u00f4t\u00e9 du bassin Vauban.\" data-attachment-id=\"15398\" data-type=\"image\" class=\"fg-thumb\"><span class=\"fg-image-wrap\"><img decoding=\"async\" title=\"Photo de Louis\" width=\"150\" height=\"150\" class=\"skip-lazy fg-image\" data-src-fg=\"https:\/\/acligphoto.fr\/wp-content\/uploads\/cache\/2025\/05\/03_Courbes_Louis\/2057017086.jpg\" src=\"data:image\/svg+xml,%3Csvg%20xmlns%3D%22http%3A%2F%2Fwww.w3.org%2F2000%2Fsvg%22%20width%3D%22150%22%20height%3D%22150%22%20viewBox%3D%220%200%20150%20150%22%3E%3C%2Fsvg%3E\" loading=\"eager\"><\/span><span class=\"fg-image-overlay\"><\/span><\/a><figcaption class=\"fg-caption\"><div class=\"fg-caption-inner\"><div class=\"fg-caption-title\">Photo de Louis<\/div><div class=\"fg-caption-desc\">Photo r\u00e9alis\u00e9e du c\u00f4t\u00e9 du bassin Vauban.<\/div><\/div><\/figcaption><\/figure><div class=\"fg-loader\"><\/div><\/div><div class=\"fg-item fg-type-image fg-idle\"><figure class=\"fg-item-inner\"><a href=\"https:\/\/acligphoto.fr\/wp-content\/uploads\/2025\/05\/02_Courbes_Remi.jpg\" data-caption-title=\"Photo de R\u00e9mi\" data-caption-desc=\"Les trajectoires courbes des avions de la Patrouille Reva soulign\u00e9es par des courbes de\nfum\u00e9e lors d&#039;une d\u00e9monstration de voltige a\u00e9rienne le 09 Aout 2021 au-dessus de plage de\nRochelongue au Cap d&#039;\u00e2ge.\" data-attachment-id=\"15397\" data-type=\"image\" class=\"fg-thumb\"><span class=\"fg-image-wrap\"><img decoding=\"async\" title=\"Photo de R\u00e9mi\" width=\"150\" height=\"150\" class=\"skip-lazy fg-image\" data-src-fg=\"https:\/\/acligphoto.fr\/wp-content\/uploads\/cache\/2025\/05\/02_Courbes_Remi\/379569586.jpg\" src=\"data:image\/svg+xml,%3Csvg%20xmlns%3D%22http%3A%2F%2Fwww.w3.org%2F2000%2Fsvg%22%20width%3D%22150%22%20height%3D%22150%22%20viewBox%3D%220%200%20150%20150%22%3E%3C%2Fsvg%3E\" loading=\"eager\"><\/span><span class=\"fg-image-overlay\"><\/span><\/a><figcaption class=\"fg-caption\"><div class=\"fg-caption-inner\"><div class=\"fg-caption-title\">Photo de R\u00e9mi<\/div><div class=\"fg-caption-desc\">Les trajectoires courbes des avions de la Patrouille Reva soulign\u00e9es par des courbes de\nfum\u00e9e lors d&rsquo;une d\u00e9monstration de voltige a\u00e9rienne le 09 Aout 2021 au-dessus de plage de\nRochelongue au Cap d&rsquo;\u00e2ge.<\/div><\/div><\/figcaption><\/figure><div class=\"fg-loader\"><\/div><\/div><\/div>\n","protected":false},"excerpt":{"rendered":"<p>Courbes<\/p>\n","protected":false},"author":27,"featured_media":15400,"comment_status":"closed","ping_status":"open","sticky":true,"template":"","format":"standard","meta":{"_bbp_topic_count":0,"_bbp_reply_count":0,"_bbp_total_topic_count":0,"_bbp_total_reply_count":0,"_bbp_voice_count":0,"_bbp_anonymous_reply_count":0,"_bbp_topic_count_hidden":0,"_bbp_reply_count_hidden":0,"_bbp_forum_subforum_count":0,"footnotes":""},"categories":[7],"tags":[],"class_list":["post-15394","post","type-post","status-publish","format-standard","has-post-thumbnail","hentry","category-vie-de-latelier"],"_links":{"self":[{"href":"https:\/\/acligphoto.fr\/index.php?rest_route=\/wp\/v2\/posts\/15394","targetHints":{"allow":["GET"]}}],"collection":[{"href":"https:\/\/acligphoto.fr\/index.php?rest_route=\/wp\/v2\/posts"}],"about":[{"href":"https:\/\/acligphoto.fr\/index.php?rest_route=\/wp\/v2\/types\/post"}],"author":[{"embeddable":true,"href":"https:\/\/acligphoto.fr\/index.php?rest_route=\/wp\/v2\/users\/27"}],"replies":[{"embeddable":true,"href":"https:\/\/acligphoto.fr\/index.php?rest_route=%2Fwp%2Fv2%2Fcomments&post=15394"}],"version-history":[{"count":2,"href":"https:\/\/acligphoto.fr\/index.php?rest_route=\/wp\/v2\/posts\/15394\/revisions"}],"predecessor-version":[{"id":15429,"href":"https:\/\/acligphoto.fr\/index.php?rest_route=\/wp\/v2\/posts\/15394\/revisions\/15429"}],"wp:featuredmedia":[{"embeddable":true,"href":"https:\/\/acligphoto.fr\/index.php?rest_route=\/wp\/v2\/media\/15400"}],"wp:attachment":[{"href":"https:\/\/acligphoto.fr\/index.php?rest_route=%2Fwp%2Fv2%2Fmedia&parent=15394"}],"wp:term":[{"taxonomy":"category","embeddable":true,"href":"https:\/\/acligphoto.fr\/index.php?rest_route=%2Fwp%2Fv2%2Fcategories&post=15394"},{"taxonomy":"post_tag","embeddable":true,"href":"https:\/\/acligphoto.fr\/index.php?rest_route=%2Fwp%2Fv2%2Ftags&post=15394"}],"curies":[{"name":"wp","href":"https:\/\/api.w.org\/{rel}","templated":true}]}}