{"id":14364,"date":"2024-11-28T12:36:55","date_gmt":"2024-11-28T11:36:55","guid":{"rendered":"https:\/\/acligphoto.fr\/?p=14364"},"modified":"2024-11-28T12:36:55","modified_gmt":"2024-11-28T11:36:55","slug":"raconte-ta-photo-episode-79","status":"publish","type":"post","link":"https:\/\/acligphoto.fr\/?p=14364","title":{"rendered":"Raconte ta photo, \u00e9pisode 79"},"content":{"rendered":"\n<p class=\"has-large-font-size\">Traces<\/p>\n\n\n<style type=\"text\/css\">\n#foogallery-gallery-14376 .fg-image { width: 150px; }\n#foogallery-gallery-14376 { --fg-gutter: 10px; }<\/style>\n\t\t\t<div class=\"foogallery foogallery-container foogallery-default foogallery-lightbox-foogallery fg-center fg-default fg-ready fg-light fg-border-thin fg-shadow-outline fg-loading-default fg-loaded-fade-in fg-caption-hover fg-hover-fade fg-hover-zoom\" id=\"foogallery-gallery-14376\" data-foogallery=\"{&quot;item&quot;:{&quot;showCaptionTitle&quot;:true,&quot;showCaptionDescription&quot;:true},&quot;lazy&quot;:true}\" data-foogallery-lightbox=\"{&quot;thumbs&quot;:&quot;bottom&quot;,&quot;thumbsCaptions&quot;:false,&quot;thumbsBestFit&quot;:false,&quot;thumbsSmall&quot;:false,&quot;thumbsCaptionsAlign&quot;:&quot;default&quot;,&quot;info&quot;:&quot;bottom&quot;,&quot;infoVisible&quot;:true,&quot;infoOverlay&quot;:true,&quot;infoAlign&quot;:&quot;default&quot;,&quot;transition&quot;:&quot;fade&quot;,&quot;hoverButtons&quot;:false,&quot;fitMedia&quot;:false,&quot;noScrollbars&quot;:true,&quot;preserveButtonSpace&quot;:true,&quot;buttons&quot;:{&quot;fullscreen&quot;:true,&quot;info&quot;:true,&quot;thumbs&quot;:false},&quot;video&quot;:{&quot;autoPlay&quot;:true}}\" style=\"--fg-title-line-clamp: 0; --fg-description-line-clamp: 0;\" >\n\t<div class=\"fg-item fg-type-image fg-idle\"><figure class=\"fg-item-inner\"><a href=\"https:\/\/acligphoto.fr\/wp-content\/uploads\/2024\/11\/10_Traces_Louis.jpg\" data-caption-title=\"Photo de Louis, Titre : \u00ab Falaises \u00bb\" data-caption-desc=\"Photo r\u00e9alis\u00e9e \u00e0 Lanzarote. Traces dues \u00e0 des milliers d\u2019ann\u00e9es d\u2019\u00e9rosion et structur\u00e9es par les vagues.\" data-attachment-id=\"14375\" data-type=\"image\" class=\"fg-thumb\"><span class=\"fg-image-wrap\"><img decoding=\"async\" title=\"Photo de Louis, Titre : \u00ab Falaises \u00bb\" width=\"150\" height=\"150\" class=\"skip-lazy fg-image\" data-src-fg=\"https:\/\/acligphoto.fr\/wp-content\/uploads\/cache\/2024\/11\/10_Traces_Louis\/4276274287.jpg\" src=\"data:image\/svg+xml,%3Csvg%20xmlns%3D%22http%3A%2F%2Fwww.w3.org%2F2000%2Fsvg%22%20width%3D%22150%22%20height%3D%22150%22%20viewBox%3D%220%200%20150%20150%22%3E%3C%2Fsvg%3E\" loading=\"eager\"><\/span><span class=\"fg-image-overlay\"><\/span><\/a><figcaption class=\"fg-caption\"><div class=\"fg-caption-inner\"><div class=\"fg-caption-title\">Photo de Louis, Titre : \u00ab Falaises \u00bb<\/div><div class=\"fg-caption-desc\">Photo r\u00e9alis\u00e9e \u00e0 Lanzarote. Traces dues \u00e0 des milliers d\u2019ann\u00e9es d\u2019\u00e9rosion et structur\u00e9es par les vagues.<\/div><\/div><\/figcaption><\/figure><div class=\"fg-loader\"><\/div><\/div><div class=\"fg-item fg-type-image fg-idle\"><figure class=\"fg-item-inner\"><a href=\"https:\/\/acligphoto.fr\/wp-content\/uploads\/2024\/11\/09_Traces_Armand.jpg\" data-caption-title=\"Photo de Armand\" data-caption-desc=\"Le temps et les gens qui passent ont laiss\u00e9 des traces d\u2019usure sur ces escaliers du ch\u00e2teau du Fleckenstein qui ont fondu comme beurre au soleil.\" data-attachment-id=\"14374\" data-type=\"image\" class=\"fg-thumb\"><span class=\"fg-image-wrap\"><img decoding=\"async\" title=\"Photo de Armand\" width=\"150\" height=\"150\" class=\"skip-lazy fg-image\" data-src-fg=\"https:\/\/acligphoto.fr\/wp-content\/uploads\/cache\/2024\/11\/09_Traces_Armand\/3143064548.jpg\" src=\"data:image\/svg+xml,%3Csvg%20xmlns%3D%22http%3A%2F%2Fwww.w3.org%2F2000%2Fsvg%22%20width%3D%22150%22%20height%3D%22150%22%20viewBox%3D%220%200%20150%20150%22%3E%3C%2Fsvg%3E\" loading=\"eager\"><\/span><span class=\"fg-image-overlay\"><\/span><\/a><figcaption class=\"fg-caption\"><div class=\"fg-caption-inner\"><div class=\"fg-caption-title\">Photo de Armand<\/div><div class=\"fg-caption-desc\">Le temps et les gens qui passent ont laiss\u00e9 des traces d\u2019usure sur ces escaliers du ch\u00e2teau du Fleckenstein qui ont fondu comme beurre au soleil.<\/div><\/div><\/figcaption><\/figure><div class=\"fg-loader\"><\/div><\/div><div class=\"fg-item fg-type-image fg-idle\"><figure class=\"fg-item-inner\"><a href=\"https:\/\/acligphoto.fr\/wp-content\/uploads\/2024\/11\/08_Traces_Robert.jpg\" data-caption-title=\"Photo de Robert\" data-caption-desc=\"Photo d&#039;une trace dans le sable d&#039;une balle de golf prise en 2021 \u00e0 la sortie club organis\u00e9e par Jos\u00e9 au Golf d&#039;Illkirch.\" data-attachment-id=\"14373\" data-type=\"image\" class=\"fg-thumb\"><span class=\"fg-image-wrap\"><img decoding=\"async\" title=\"Photo de Robert\" width=\"150\" height=\"150\" class=\"skip-lazy fg-image\" data-src-fg=\"https:\/\/acligphoto.fr\/wp-content\/uploads\/cache\/2024\/11\/08_Traces_Robert\/4091104575.jpg\" src=\"data:image\/svg+xml,%3Csvg%20xmlns%3D%22http%3A%2F%2Fwww.w3.org%2F2000%2Fsvg%22%20width%3D%22150%22%20height%3D%22150%22%20viewBox%3D%220%200%20150%20150%22%3E%3C%2Fsvg%3E\" loading=\"eager\"><\/span><span class=\"fg-image-overlay\"><\/span><\/a><figcaption class=\"fg-caption\"><div class=\"fg-caption-inner\"><div class=\"fg-caption-title\">Photo de Robert<\/div><div class=\"fg-caption-desc\">Photo d&rsquo;une trace dans le sable d&rsquo;une balle de golf prise en 2021 \u00e0 la sortie club organis\u00e9e par Jos\u00e9 au Golf d&rsquo;Illkirch.<\/div><\/div><\/figcaption><\/figure><div class=\"fg-loader\"><\/div><\/div><div class=\"fg-item fg-type-image fg-idle\"><figure class=\"fg-item-inner\"><a href=\"https:\/\/acligphoto.fr\/wp-content\/uploads\/2024\/11\/07_Traces_Lisa.jpg\" data-caption-title=\"Photo de Lisa, Titre : \u00ab Suivez ma trace \u00bb\" data-caption-desc=\"Exhibition de mod\u00e8les r\u00e9duits en avant-premi\u00e8re des v\u00e9ritables avions, lors du meeting a\u00e9rien de Haguenau.\" data-attachment-id=\"14372\" data-type=\"image\" class=\"fg-thumb\"><span class=\"fg-image-wrap\"><img decoding=\"async\" title=\"Photo de Lisa, Titre : \u00ab Suivez ma trace \u00bb\" width=\"150\" height=\"150\" class=\"skip-lazy fg-image\" data-src-fg=\"https:\/\/acligphoto.fr\/wp-content\/uploads\/cache\/2024\/11\/07_Traces_Lisa\/266255095.jpg\" src=\"data:image\/svg+xml,%3Csvg%20xmlns%3D%22http%3A%2F%2Fwww.w3.org%2F2000%2Fsvg%22%20width%3D%22150%22%20height%3D%22150%22%20viewBox%3D%220%200%20150%20150%22%3E%3C%2Fsvg%3E\" loading=\"eager\"><\/span><span class=\"fg-image-overlay\"><\/span><\/a><figcaption class=\"fg-caption\"><div class=\"fg-caption-inner\"><div class=\"fg-caption-title\">Photo de Lisa, Titre : \u00ab Suivez ma trace \u00bb<\/div><div class=\"fg-caption-desc\">Exhibition de mod\u00e8les r\u00e9duits en avant-premi\u00e8re des v\u00e9ritables avions, lors du meeting a\u00e9rien de Haguenau.<\/div><\/div><\/figcaption><\/figure><div class=\"fg-loader\"><\/div><\/div><div class=\"fg-item fg-type-image fg-idle\"><figure class=\"fg-item-inner\"><a href=\"https:\/\/acligphoto.fr\/wp-content\/uploads\/2024\/11\/06_Traces_Iza.jpg\" data-caption-title=\"Photo de Iza\" data-caption-desc=\"Photo prise le 19 f\u00e9vrier 2023 \u00e0 Lille en allant \u00e0 la Citadelle...\nSur les traces des humains\nLaisser derri\u00e8re soi une trace artistique \nA la vue de tous\nChacun interpr\u00e8te \u00e0 sa mani\u00e8re\nCe que l&#039;auteur a bien voulu transmettre \u00e0 travers son \u0153uvre\" data-attachment-id=\"14371\" data-type=\"image\" class=\"fg-thumb\"><span class=\"fg-image-wrap\"><img decoding=\"async\" title=\"Photo de Iza\" width=\"150\" height=\"150\" class=\"skip-lazy fg-image\" data-src-fg=\"https:\/\/acligphoto.fr\/wp-content\/uploads\/cache\/2024\/11\/06_Traces_Iza\/3528868684.jpg\" src=\"data:image\/svg+xml,%3Csvg%20xmlns%3D%22http%3A%2F%2Fwww.w3.org%2F2000%2Fsvg%22%20width%3D%22150%22%20height%3D%22150%22%20viewBox%3D%220%200%20150%20150%22%3E%3C%2Fsvg%3E\" loading=\"eager\"><\/span><span class=\"fg-image-overlay\"><\/span><\/a><figcaption class=\"fg-caption\"><div class=\"fg-caption-inner\"><div class=\"fg-caption-title\">Photo de Iza<\/div><div class=\"fg-caption-desc\">Photo prise le 19 f\u00e9vrier 2023 \u00e0 Lille en allant \u00e0 la Citadelle&#8230;\nSur les traces des humains\nLaisser derri\u00e8re soi une trace artistique \nA la vue de tous\nChacun interpr\u00e8te \u00e0 sa mani\u00e8re\nCe que l&rsquo;auteur a bien voulu transmettre \u00e0 travers son \u0153uvre<\/div><\/div><\/figcaption><\/figure><div class=\"fg-loader\"><\/div><\/div><div class=\"fg-item fg-type-image fg-idle\"><figure class=\"fg-item-inner\"><a href=\"https:\/\/acligphoto.fr\/wp-content\/uploads\/2024\/11\/05_Traces_Alan.jpg\" data-caption-title=\"Photo de Alan, Titre:  \u00ab La trace du temps \u00bb\" data-caption-desc=\"J&#039;avais un choix : l&#039;humain, la nature... J&#039;ai choisi notre m\u00e8re nature.\nMa photo a \u00e9t\u00e9 prise au Gouffre de Poudrey dans le d\u00e9partement du Doubs \u00e0 Etalans.\nEt oui la trace du temps, nous pourrions en parler longuement.\nLe Gouffre de Poudrey est une immense salle souterraine d\u2019effondrement calcaires d\u2019\u00e2ge jurassique sup\u00e9rieur (\u00e8re secondaire datation environ 145 millions d\u2019ann\u00e9es). Un conseil, une petite visite s&#039;impose !\" data-attachment-id=\"14370\" data-type=\"image\" class=\"fg-thumb\"><span class=\"fg-image-wrap\"><img decoding=\"async\" title=\"Photo de Alan, Titre:  \u00ab La trace du temps \u00bb\" width=\"150\" height=\"150\" class=\"skip-lazy fg-image\" data-src-fg=\"https:\/\/acligphoto.fr\/wp-content\/uploads\/cache\/2024\/11\/05_Traces_Alan\/2405810079.jpg\" src=\"data:image\/svg+xml,%3Csvg%20xmlns%3D%22http%3A%2F%2Fwww.w3.org%2F2000%2Fsvg%22%20width%3D%22150%22%20height%3D%22150%22%20viewBox%3D%220%200%20150%20150%22%3E%3C%2Fsvg%3E\" loading=\"eager\"><\/span><span class=\"fg-image-overlay\"><\/span><\/a><figcaption class=\"fg-caption\"><div class=\"fg-caption-inner\"><div class=\"fg-caption-title\">Photo de Alan, Titre:  \u00ab La trace du temps \u00bb<\/div><div class=\"fg-caption-desc\">J&rsquo;avais un choix : l&rsquo;humain, la nature&#8230; J&rsquo;ai choisi notre m\u00e8re nature.\nMa photo a \u00e9t\u00e9 prise au Gouffre de Poudrey dans le d\u00e9partement du Doubs \u00e0 Etalans.\nEt oui la trace du temps, nous pourrions en parler longuement.\nLe Gouffre de Poudrey est une immense salle souterraine d\u2019effondrement calcaires d\u2019\u00e2ge jurassique sup\u00e9rieur (\u00e8re secondaire datation environ 145 millions d\u2019ann\u00e9es). Un conseil, une petite visite s&rsquo;impose !<\/div><\/div><\/figcaption><\/figure><div class=\"fg-loader\"><\/div><\/div><div class=\"fg-item fg-type-image fg-idle\"><figure class=\"fg-item-inner\"><a href=\"https:\/\/acligphoto.fr\/wp-content\/uploads\/2024\/11\/04_Traces_Remi.jpg\" data-caption-title=\"Photo de R\u00e9mi\" data-caption-desc=\"Promenade sur la plage : t\u00f4t le matin, avant l&#039;arriv\u00e9e du flot de vacanciers, certaines personnes aiment marcher au bord de l&#039;eau et laissent une trace \u00e9ph\u00e9m\u00e8re de leur passage.\" data-attachment-id=\"14369\" data-type=\"image\" class=\"fg-thumb\"><span class=\"fg-image-wrap\"><img decoding=\"async\" title=\"Photo de R\u00e9mi\" width=\"150\" height=\"150\" class=\"skip-lazy fg-image\" data-src-fg=\"https:\/\/acligphoto.fr\/wp-content\/uploads\/cache\/2024\/11\/04_Traces_Remi\/2063349383.jpg\" src=\"data:image\/svg+xml,%3Csvg%20xmlns%3D%22http%3A%2F%2Fwww.w3.org%2F2000%2Fsvg%22%20width%3D%22150%22%20height%3D%22150%22%20viewBox%3D%220%200%20150%20150%22%3E%3C%2Fsvg%3E\" loading=\"eager\"><\/span><span class=\"fg-image-overlay\"><\/span><\/a><figcaption class=\"fg-caption\"><div class=\"fg-caption-inner\"><div class=\"fg-caption-title\">Photo de R\u00e9mi<\/div><div class=\"fg-caption-desc\">Promenade sur la plage : t\u00f4t le matin, avant l&rsquo;arriv\u00e9e du flot de vacanciers, certaines personnes aiment marcher au bord de l&rsquo;eau et laissent une trace \u00e9ph\u00e9m\u00e8re de leur passage.<\/div><\/div><\/figcaption><\/figure><div class=\"fg-loader\"><\/div><\/div><div class=\"fg-item fg-type-image fg-idle\"><figure class=\"fg-item-inner\"><a href=\"https:\/\/acligphoto.fr\/wp-content\/uploads\/2024\/11\/03_Traces_Albert.jpg\" data-caption-title=\"Photo de Albert\" data-attachment-id=\"14368\" data-type=\"image\" class=\"fg-thumb\"><span class=\"fg-image-wrap\"><img decoding=\"async\" title=\"Photo de Albert\" width=\"150\" height=\"150\" class=\"skip-lazy fg-image\" data-src-fg=\"https:\/\/acligphoto.fr\/wp-content\/uploads\/cache\/2024\/11\/03_Traces_Albert\/1531246806.jpg\" src=\"data:image\/svg+xml,%3Csvg%20xmlns%3D%22http%3A%2F%2Fwww.w3.org%2F2000%2Fsvg%22%20width%3D%22150%22%20height%3D%22150%22%20viewBox%3D%220%200%20150%20150%22%3E%3C%2Fsvg%3E\" loading=\"eager\"><\/span><span class=\"fg-image-overlay\"><\/span><\/a><figcaption class=\"fg-caption\"><div class=\"fg-caption-inner\"><div class=\"fg-caption-title\">Photo de Albert<\/div><\/div><\/figcaption><\/figure><div class=\"fg-loader\"><\/div><\/div><div class=\"fg-item fg-type-image fg-idle\"><figure class=\"fg-item-inner\"><a href=\"https:\/\/acligphoto.fr\/wp-content\/uploads\/2024\/11\/02_Traces_GuyB.jpg\" data-caption-title=\"Photo de Guy B\" data-caption-desc=\"Les premi\u00e8res traces visibles sont celles du visage. Statue prise en photo \u00e0 Damme, l&#039;avant-port de Bruges.\" data-attachment-id=\"14367\" data-type=\"image\" class=\"fg-thumb\"><span class=\"fg-image-wrap\"><img decoding=\"async\" title=\"Photo de Guy B\" width=\"150\" height=\"150\" class=\"skip-lazy fg-image\" data-src-fg=\"https:\/\/acligphoto.fr\/wp-content\/uploads\/cache\/2024\/11\/02_Traces_GuyB\/3858337466.jpg\" src=\"data:image\/svg+xml,%3Csvg%20xmlns%3D%22http%3A%2F%2Fwww.w3.org%2F2000%2Fsvg%22%20width%3D%22150%22%20height%3D%22150%22%20viewBox%3D%220%200%20150%20150%22%3E%3C%2Fsvg%3E\" loading=\"eager\"><\/span><span class=\"fg-image-overlay\"><\/span><\/a><figcaption class=\"fg-caption\"><div class=\"fg-caption-inner\"><div class=\"fg-caption-title\">Photo de Guy B<\/div><div class=\"fg-caption-desc\">Les premi\u00e8res traces visibles sont celles du visage. Statue prise en photo \u00e0 Damme, l&rsquo;avant-port de Bruges.<\/div><\/div><\/figcaption><\/figure><div class=\"fg-loader\"><\/div><\/div><div class=\"fg-item fg-type-image fg-idle\"><figure class=\"fg-item-inner\"><a href=\"https:\/\/acligphoto.fr\/wp-content\/uploads\/2024\/11\/01_Trace_JC.jpg\" data-caption-title=\"Photo de Jean-Christophe,  Titre : \u00ab les traces du temps \u00bb\" data-caption-desc=\"Le temps passe et laisse des traces.\" data-attachment-id=\"14366\" data-type=\"image\" class=\"fg-thumb\"><span class=\"fg-image-wrap\"><img decoding=\"async\" title=\"Photo de Jean-Christophe,  Titre : \u00ab les traces du temps \u00bb\" width=\"150\" height=\"150\" class=\"skip-lazy fg-image\" data-src-fg=\"https:\/\/acligphoto.fr\/wp-content\/uploads\/cache\/2024\/11\/01_Trace_JC\/1440404537.jpg\" src=\"data:image\/svg+xml,%3Csvg%20xmlns%3D%22http%3A%2F%2Fwww.w3.org%2F2000%2Fsvg%22%20width%3D%22150%22%20height%3D%22150%22%20viewBox%3D%220%200%20150%20150%22%3E%3C%2Fsvg%3E\" loading=\"eager\"><\/span><span class=\"fg-image-overlay\"><\/span><\/a><figcaption class=\"fg-caption\"><div class=\"fg-caption-inner\"><div class=\"fg-caption-title\">Photo de Jean-Christophe,  Titre : \u00ab les traces du temps \u00bb<\/div><div class=\"fg-caption-desc\">Le temps passe et laisse des traces.<\/div><\/div><\/figcaption><\/figure><div class=\"fg-loader\"><\/div><\/div><\/div>\n","protected":false},"excerpt":{"rendered":"<p>Traces<\/p>\n","protected":false},"author":27,"featured_media":14372,"comment_status":"closed","ping_status":"open","sticky":true,"template":"","format":"standard","meta":{"_bbp_topic_count":0,"_bbp_reply_count":0,"_bbp_total_topic_count":0,"_bbp_total_reply_count":0,"_bbp_voice_count":0,"_bbp_anonymous_reply_count":0,"_bbp_topic_count_hidden":0,"_bbp_reply_count_hidden":0,"_bbp_forum_subforum_count":0,"footnotes":""},"categories":[7],"tags":[],"class_list":["post-14364","post","type-post","status-publish","format-standard","has-post-thumbnail","hentry","category-vie-de-latelier"],"_links":{"self":[{"href":"https:\/\/acligphoto.fr\/index.php?rest_route=\/wp\/v2\/posts\/14364","targetHints":{"allow":["GET"]}}],"collection":[{"href":"https:\/\/acligphoto.fr\/index.php?rest_route=\/wp\/v2\/posts"}],"about":[{"href":"https:\/\/acligphoto.fr\/index.php?rest_route=\/wp\/v2\/types\/post"}],"author":[{"embeddable":true,"href":"https:\/\/acligphoto.fr\/index.php?rest_route=\/wp\/v2\/users\/27"}],"replies":[{"embeddable":true,"href":"https:\/\/acligphoto.fr\/index.php?rest_route=%2Fwp%2Fv2%2Fcomments&post=14364"}],"version-history":[{"count":2,"href":"https:\/\/acligphoto.fr\/index.php?rest_route=\/wp\/v2\/posts\/14364\/revisions"}],"predecessor-version":[{"id":14377,"href":"https:\/\/acligphoto.fr\/index.php?rest_route=\/wp\/v2\/posts\/14364\/revisions\/14377"}],"wp:featuredmedia":[{"embeddable":true,"href":"https:\/\/acligphoto.fr\/index.php?rest_route=\/wp\/v2\/media\/14372"}],"wp:attachment":[{"href":"https:\/\/acligphoto.fr\/index.php?rest_route=%2Fwp%2Fv2%2Fmedia&parent=14364"}],"wp:term":[{"taxonomy":"category","embeddable":true,"href":"https:\/\/acligphoto.fr\/index.php?rest_route=%2Fwp%2Fv2%2Fcategories&post=14364"},{"taxonomy":"post_tag","embeddable":true,"href":"https:\/\/acligphoto.fr\/index.php?rest_route=%2Fwp%2Fv2%2Ftags&post=14364"}],"curies":[{"name":"wp","href":"https:\/\/api.w.org\/{rel}","templated":true}]}}