{"id":14252,"date":"2024-11-15T08:21:41","date_gmt":"2024-11-15T07:21:41","guid":{"rendered":"https:\/\/acligphoto.fr\/?p=14252"},"modified":"2024-11-15T08:21:41","modified_gmt":"2024-11-15T07:21:41","slug":"raconte-ta-photo-episode-78","status":"publish","type":"post","link":"https:\/\/acligphoto.fr\/?p=14252","title":{"rendered":"Raconte ta photo, \u00e9pisode 78"},"content":{"rendered":"\n<p class=\"has-large-font-size\">Bicyclette dans tous ses \u00e9tats<\/p>\n\n\n<style type=\"text\/css\">\n#foogallery-gallery-14267 .fg-image { width: 150px; }\n#foogallery-gallery-14267 { --fg-gutter: 10px; }<\/style>\n\t\t\t<div class=\"foogallery foogallery-container foogallery-default foogallery-lightbox-foogallery fg-center fg-default fg-ready fg-light fg-border-thin fg-shadow-outline fg-loading-default fg-loaded-fade-in fg-caption-hover fg-hover-fade fg-hover-zoom\" id=\"foogallery-gallery-14267\" data-foogallery=\"{&quot;item&quot;:{&quot;showCaptionTitle&quot;:true,&quot;showCaptionDescription&quot;:true},&quot;lazy&quot;:true}\" data-foogallery-lightbox=\"{&quot;thumbs&quot;:&quot;bottom&quot;,&quot;thumbsCaptions&quot;:false,&quot;thumbsBestFit&quot;:false,&quot;thumbsSmall&quot;:false,&quot;thumbsCaptionsAlign&quot;:&quot;default&quot;,&quot;info&quot;:&quot;bottom&quot;,&quot;infoVisible&quot;:true,&quot;infoOverlay&quot;:true,&quot;infoAlign&quot;:&quot;default&quot;,&quot;transition&quot;:&quot;fade&quot;,&quot;hoverButtons&quot;:false,&quot;fitMedia&quot;:false,&quot;noScrollbars&quot;:true,&quot;preserveButtonSpace&quot;:true,&quot;buttons&quot;:{&quot;fullscreen&quot;:true,&quot;info&quot;:true,&quot;thumbs&quot;:false},&quot;video&quot;:{&quot;autoPlay&quot;:true}}\" style=\"--fg-title-line-clamp: 0; --fg-description-line-clamp: 0;\" >\n\t<div class=\"fg-item fg-type-image fg-idle\"><figure class=\"fg-item-inner\"><a href=\"https:\/\/acligphoto.fr\/wp-content\/uploads\/2024\/11\/13_Bicyclette_Lisa.jpg\" data-caption-title=\"Photo de Lisa : Titre : \u00ab Un autre moyen de locomotion \u00bb\" data-caption-desc=\"C&#039;est une photo qui a \u00e9t\u00e9 prise en 2012, lors d&#039;une escapade Amsterdamoise, que j&#039;ai r\u00e9alis\u00e9 ce clich\u00e9 et sans aucune retouche. L&#039;originalit\u00e9 de cette bicyclette m&#039;a beaucoup plu, faire du v\u00e9lo sans oublier ses gros sabots. C&#039;\u00e9tait \u00e0 mes tous d\u00e9buts en photo.\" data-attachment-id=\"14266\" data-type=\"image\" class=\"fg-thumb\"><span class=\"fg-image-wrap\"><img decoding=\"async\" title=\"Photo de Lisa : Titre : \u00ab Un autre moyen de locomotion \u00bb\" width=\"150\" height=\"150\" class=\"skip-lazy fg-image\" data-src-fg=\"https:\/\/acligphoto.fr\/wp-content\/uploads\/cache\/2024\/11\/13_Bicyclette_Lisa\/1921373644.jpg\" src=\"data:image\/svg+xml,%3Csvg%20xmlns%3D%22http%3A%2F%2Fwww.w3.org%2F2000%2Fsvg%22%20width%3D%22150%22%20height%3D%22150%22%20viewBox%3D%220%200%20150%20150%22%3E%3C%2Fsvg%3E\" loading=\"eager\"><\/span><span class=\"fg-image-overlay\"><\/span><\/a><figcaption class=\"fg-caption\"><div class=\"fg-caption-inner\"><div class=\"fg-caption-title\">Photo de Lisa : Titre : \u00ab Un autre moyen de locomotion \u00bb<\/div><div class=\"fg-caption-desc\">C&rsquo;est une photo qui a \u00e9t\u00e9 prise en 2012, lors d&rsquo;une escapade Amsterdamoise, que j&rsquo;ai r\u00e9alis\u00e9 ce clich\u00e9 et sans aucune retouche. L&rsquo;originalit\u00e9 de cette bicyclette m&rsquo;a beaucoup plu, faire du v\u00e9lo sans oublier ses gros sabots. C&rsquo;\u00e9tait \u00e0 mes tous d\u00e9buts en photo.<\/div><\/div><\/figcaption><\/figure><div class=\"fg-loader\"><\/div><\/div><div class=\"fg-item fg-type-image fg-idle\"><figure class=\"fg-item-inner\"><a href=\"https:\/\/acligphoto.fr\/wp-content\/uploads\/2024\/11\/12_Bicyclette_Remi.jpg\" data-caption-title=\"Photo de R\u00e9mi\" data-caption-desc=\"En me promenant dans les rues de Lautrec (Tarn), j&#039;ai vu ce vieux v\u00e9lo qui finissait sa vie en tant que porte plantes. C&#039;est une belle reconversion et \u00e7a permet de mettre un peu de verdure dans les rues de ce petit village m\u00e9di\u00e9val.\" data-attachment-id=\"14265\" data-type=\"image\" class=\"fg-thumb\"><span class=\"fg-image-wrap\"><img decoding=\"async\" title=\"Photo de R\u00e9mi\" width=\"150\" height=\"150\" class=\"skip-lazy fg-image\" data-src-fg=\"https:\/\/acligphoto.fr\/wp-content\/uploads\/cache\/2024\/11\/12_Bicyclette_Remi\/3182842569.jpg\" src=\"data:image\/svg+xml,%3Csvg%20xmlns%3D%22http%3A%2F%2Fwww.w3.org%2F2000%2Fsvg%22%20width%3D%22150%22%20height%3D%22150%22%20viewBox%3D%220%200%20150%20150%22%3E%3C%2Fsvg%3E\" loading=\"eager\"><\/span><span class=\"fg-image-overlay\"><\/span><\/a><figcaption class=\"fg-caption\"><div class=\"fg-caption-inner\"><div class=\"fg-caption-title\">Photo de R\u00e9mi<\/div><div class=\"fg-caption-desc\">En me promenant dans les rues de Lautrec (Tarn), j&rsquo;ai vu ce vieux v\u00e9lo qui finissait sa vie en tant que porte plantes. C&rsquo;est une belle reconversion et \u00e7a permet de mettre un peu de verdure dans les rues de ce petit village m\u00e9di\u00e9val.<\/div><\/div><\/figcaption><\/figure><div class=\"fg-loader\"><\/div><\/div><div class=\"fg-item fg-type-image fg-idle\"><figure class=\"fg-item-inner\"><a href=\"https:\/\/acligphoto.fr\/wp-content\/uploads\/2024\/11\/11_Bicyclette_Armand.jpg\" data-caption-title=\"Photo de Armand : Titre : \u00ab Le v\u00e9lo-caf\u00e9 \u00bb\" data-attachment-id=\"14264\" data-type=\"image\" class=\"fg-thumb\"><span class=\"fg-image-wrap\"><img decoding=\"async\" title=\"Photo de Armand : Titre : \u00ab Le v\u00e9lo-caf\u00e9 \u00bb\" width=\"150\" height=\"150\" class=\"skip-lazy fg-image\" data-src-fg=\"https:\/\/acligphoto.fr\/wp-content\/uploads\/cache\/2024\/11\/11_Bicyclette_Armand\/3421229966.jpg\" src=\"data:image\/svg+xml,%3Csvg%20xmlns%3D%22http%3A%2F%2Fwww.w3.org%2F2000%2Fsvg%22%20width%3D%22150%22%20height%3D%22150%22%20viewBox%3D%220%200%20150%20150%22%3E%3C%2Fsvg%3E\" loading=\"eager\"><\/span><span class=\"fg-image-overlay\"><\/span><\/a><figcaption class=\"fg-caption\"><div class=\"fg-caption-inner\"><div class=\"fg-caption-title\">Photo de Armand : Titre : \u00ab Le v\u00e9lo-caf\u00e9 \u00bb<\/div><\/div><\/figcaption><\/figure><div class=\"fg-loader\"><\/div><\/div><div class=\"fg-item fg-type-image fg-idle\"><figure class=\"fg-item-inner\"><a href=\"https:\/\/acligphoto.fr\/wp-content\/uploads\/2024\/11\/10_Bicyclette_Gerard.jpg\" data-caption-title=\"Photo de G\u00e9rard\" data-caption-desc=\"Photo prise sur un march\u00e9 \u00e0 Stresa situ\u00e9 sur le lac majeur de ce v\u00e9lo aux couleurs lavande qui sert de support publicitaire pour la vente de cette plante aux multiples usages.\" data-attachment-id=\"14263\" data-type=\"image\" class=\"fg-thumb\"><span class=\"fg-image-wrap\"><img decoding=\"async\" title=\"Photo de G\u00e9rard\" width=\"150\" height=\"150\" class=\"skip-lazy fg-image\" data-src-fg=\"https:\/\/acligphoto.fr\/wp-content\/uploads\/cache\/2024\/11\/10_Bicyclette_Gerard\/2494174224.jpg\" src=\"data:image\/svg+xml,%3Csvg%20xmlns%3D%22http%3A%2F%2Fwww.w3.org%2F2000%2Fsvg%22%20width%3D%22150%22%20height%3D%22150%22%20viewBox%3D%220%200%20150%20150%22%3E%3C%2Fsvg%3E\" loading=\"eager\"><\/span><span class=\"fg-image-overlay\"><\/span><\/a><figcaption class=\"fg-caption\"><div class=\"fg-caption-inner\"><div class=\"fg-caption-title\">Photo de G\u00e9rard<\/div><div class=\"fg-caption-desc\">Photo prise sur un march\u00e9 \u00e0 Stresa situ\u00e9 sur le lac majeur de ce v\u00e9lo aux couleurs lavande qui sert de support publicitaire pour la vente de cette plante aux multiples usages.<\/div><\/div><\/figcaption><\/figure><div class=\"fg-loader\"><\/div><\/div><div class=\"fg-item fg-type-image fg-idle\"><figure class=\"fg-item-inner\"><a href=\"https:\/\/acligphoto.fr\/wp-content\/uploads\/2024\/11\/09_Bicyclette_Francis.jpg\" data-caption-title=\"Photo de Francis\" data-caption-desc=\"Photo de mon gendre prise au Lac Blanc\" data-attachment-id=\"14262\" data-type=\"image\" class=\"fg-thumb\"><span class=\"fg-image-wrap\"><img decoding=\"async\" title=\"Photo de Francis\" width=\"150\" height=\"150\" class=\"skip-lazy fg-image\" data-src-fg=\"https:\/\/acligphoto.fr\/wp-content\/uploads\/cache\/2024\/11\/09_Bicyclette_Francis\/2476301872.jpg\" src=\"data:image\/svg+xml,%3Csvg%20xmlns%3D%22http%3A%2F%2Fwww.w3.org%2F2000%2Fsvg%22%20width%3D%22150%22%20height%3D%22150%22%20viewBox%3D%220%200%20150%20150%22%3E%3C%2Fsvg%3E\" loading=\"eager\"><\/span><span class=\"fg-image-overlay\"><\/span><\/a><figcaption class=\"fg-caption\"><div class=\"fg-caption-inner\"><div class=\"fg-caption-title\">Photo de Francis<\/div><div class=\"fg-caption-desc\">Photo de mon gendre prise au Lac Blanc<\/div><\/div><\/figcaption><\/figure><div class=\"fg-loader\"><\/div><\/div><div class=\"fg-item fg-type-image fg-idle\"><figure class=\"fg-item-inner\"><a href=\"https:\/\/acligphoto.fr\/wp-content\/uploads\/2024\/11\/08_Bicyclette_Robert.jpg\" data-caption-title=\"Photo de Robert\" data-caption-desc=\"Photo r\u00e9alis\u00e9e en 2023 sur le site Andr\u00e9 Malraux en travers d&#039;arceaux pour ranger les v\u00e9los.\" data-attachment-id=\"14261\" data-type=\"image\" class=\"fg-thumb\"><span class=\"fg-image-wrap\"><img decoding=\"async\" title=\"Photo de Robert\" width=\"150\" height=\"150\" class=\"skip-lazy fg-image\" data-src-fg=\"https:\/\/acligphoto.fr\/wp-content\/uploads\/cache\/2024\/11\/08_Bicyclette_Robert\/4150982080.jpg\" src=\"data:image\/svg+xml,%3Csvg%20xmlns%3D%22http%3A%2F%2Fwww.w3.org%2F2000%2Fsvg%22%20width%3D%22150%22%20height%3D%22150%22%20viewBox%3D%220%200%20150%20150%22%3E%3C%2Fsvg%3E\" loading=\"eager\"><\/span><span class=\"fg-image-overlay\"><\/span><\/a><figcaption class=\"fg-caption\"><div class=\"fg-caption-inner\"><div class=\"fg-caption-title\">Photo de Robert<\/div><div class=\"fg-caption-desc\">Photo r\u00e9alis\u00e9e en 2023 sur le site Andr\u00e9 Malraux en travers d&rsquo;arceaux pour ranger les v\u00e9los.<\/div><\/div><\/figcaption><\/figure><div class=\"fg-loader\"><\/div><\/div><div class=\"fg-item fg-type-image fg-idle\"><figure class=\"fg-item-inner\"><a href=\"https:\/\/acligphoto.fr\/wp-content\/uploads\/2024\/11\/07_Bicyclette_Louis.jpg\" data-caption-title=\"Photo de Louis\" data-caption-desc=\"Photo r\u00e9alis\u00e9e dans le quartier de la Cath\u00e9drale. Ambiance encadrant plusieurs sujets li\u00e9s \u00e0 la bicyclette.\" data-attachment-id=\"14260\" data-type=\"image\" class=\"fg-thumb\"><span class=\"fg-image-wrap\"><img decoding=\"async\" title=\"Photo de Louis\" width=\"150\" height=\"150\" class=\"skip-lazy fg-image\" data-src-fg=\"https:\/\/acligphoto.fr\/wp-content\/uploads\/cache\/2024\/11\/07_Bicyclette_Louis\/2541361708.jpg\" src=\"data:image\/svg+xml,%3Csvg%20xmlns%3D%22http%3A%2F%2Fwww.w3.org%2F2000%2Fsvg%22%20width%3D%22150%22%20height%3D%22150%22%20viewBox%3D%220%200%20150%20150%22%3E%3C%2Fsvg%3E\" loading=\"eager\"><\/span><span class=\"fg-image-overlay\"><\/span><\/a><figcaption class=\"fg-caption\"><div class=\"fg-caption-inner\"><div class=\"fg-caption-title\">Photo de Louis<\/div><div class=\"fg-caption-desc\">Photo r\u00e9alis\u00e9e dans le quartier de la Cath\u00e9drale. Ambiance encadrant plusieurs sujets li\u00e9s \u00e0 la bicyclette.<\/div><\/div><\/figcaption><\/figure><div class=\"fg-loader\"><\/div><\/div><div class=\"fg-item fg-type-image fg-idle\"><figure class=\"fg-item-inner\"><a href=\"https:\/\/acligphoto.fr\/wp-content\/uploads\/2024\/11\/06_Bicyclette_Albert.jpg\" data-caption-title=\"Photo d&#039;Albert\" data-caption-desc=\"Un beau jour du mois de mai 2013 j\u2019ai crois\u00e9 \u00e0 Strasbourg un v\u00e9lo d\u2019un autre \u00e2ge\nappel\u00e9 grand-bi qui est une ancienne sorte de bicyclette avec une tr\u00e8s grande roue avant qui mesure de 1,20 m \u00e0 1,50 m de diam\u00e8tre et une petite roue arri\u00e8re qui ne d\u00e9passe pas 40 cm de diam\u00e8tre.\" data-attachment-id=\"14259\" data-type=\"image\" class=\"fg-thumb\"><span class=\"fg-image-wrap\"><img decoding=\"async\" title=\"Photo d&#039;Albert\" width=\"150\" height=\"150\" class=\"skip-lazy fg-image\" data-src-fg=\"https:\/\/acligphoto.fr\/wp-content\/uploads\/cache\/2024\/11\/06_Bicyclette_Albert\/2641450136.jpg\" src=\"data:image\/svg+xml,%3Csvg%20xmlns%3D%22http%3A%2F%2Fwww.w3.org%2F2000%2Fsvg%22%20width%3D%22150%22%20height%3D%22150%22%20viewBox%3D%220%200%20150%20150%22%3E%3C%2Fsvg%3E\" loading=\"eager\"><\/span><span class=\"fg-image-overlay\"><\/span><\/a><figcaption class=\"fg-caption\"><div class=\"fg-caption-inner\"><div class=\"fg-caption-title\">Photo d&rsquo;Albert<\/div><div class=\"fg-caption-desc\">Un beau jour du mois de mai 2013 j\u2019ai crois\u00e9 \u00e0 Strasbourg un v\u00e9lo d\u2019un autre \u00e2ge\nappel\u00e9 grand-bi qui est une ancienne sorte de bicyclette avec une tr\u00e8s grande roue avant qui mesure de 1,20 m \u00e0 1,50 m de diam\u00e8tre et une petite roue arri\u00e8re qui ne d\u00e9passe pas 40 cm de diam\u00e8tre.<\/div><\/div><\/figcaption><\/figure><div class=\"fg-loader\"><\/div><\/div><div class=\"fg-item fg-type-image fg-idle\"><figure class=\"fg-item-inner\"><a href=\"https:\/\/acligphoto.fr\/wp-content\/uploads\/2024\/11\/05_Bicyclette_Alan.jpg\" data-caption-title=\"Photo de Alan : Titre: \u00ab la bicyclette en \u00e9tat et le cycliste en ? \u00bb\" data-caption-desc=\"Ma photo a \u00e9t\u00e9 prise en gare de Strasbourg. (facile, l&#039;affiche est pr\u00e9sente) J&#039;ai bien compris qu&#039;il faut mettre pied \u00e0 terre selon les directives SNCF !\nEn gare de Strasbourg, il est possible selon son \u00e9tat de communiquer voir voyager autrement. ( En traduction avoir un petit v\u00e9lo dans la t\u00eate)\nMais \u00e0 Strasbourg les places assises sont rares et les communications se font par les tuyaux. (Traduction : Nouveaux r\u00e9seaux et syst\u00e8me de communications SNCF )\nPour le droit \u00e0 l&#039;image je suis tranquille le cycliste est masqu\u00e9. Ceci n&#039;est pas de la fiction mais bien une r\u00e9alit\u00e9.\" data-attachment-id=\"14258\" data-type=\"image\" class=\"fg-thumb\"><span class=\"fg-image-wrap\"><img decoding=\"async\" title=\"Photo de Alan : Titre: \u00ab la bicyclette en \u00e9tat et le cycliste en ? \u00bb\" width=\"150\" height=\"150\" class=\"skip-lazy fg-image\" data-src-fg=\"https:\/\/acligphoto.fr\/wp-content\/uploads\/cache\/2024\/11\/05_Bicyclette_Alan\/3246786796.jpg\" src=\"data:image\/svg+xml,%3Csvg%20xmlns%3D%22http%3A%2F%2Fwww.w3.org%2F2000%2Fsvg%22%20width%3D%22150%22%20height%3D%22150%22%20viewBox%3D%220%200%20150%20150%22%3E%3C%2Fsvg%3E\" loading=\"eager\"><\/span><span class=\"fg-image-overlay\"><\/span><\/a><figcaption class=\"fg-caption\"><div class=\"fg-caption-inner\"><div class=\"fg-caption-title\">Photo de Alan : Titre: \u00ab la bicyclette en \u00e9tat et le cycliste en ? \u00bb<\/div><div class=\"fg-caption-desc\">Ma photo a \u00e9t\u00e9 prise en gare de Strasbourg. (facile, l&rsquo;affiche est pr\u00e9sente) J&rsquo;ai bien compris qu&rsquo;il faut mettre pied \u00e0 terre selon les directives SNCF !\nEn gare de Strasbourg, il est possible selon son \u00e9tat de communiquer voir voyager autrement. ( En traduction avoir un petit v\u00e9lo dans la t\u00eate)\nMais \u00e0 Strasbourg les places assises sont rares et les communications se font par les tuyaux. (Traduction : Nouveaux r\u00e9seaux et syst\u00e8me de communications SNCF )\nPour le droit \u00e0 l&rsquo;image je suis tranquille le cycliste est masqu\u00e9. Ceci n&rsquo;est pas de la fiction mais bien une r\u00e9alit\u00e9.<\/div><\/div><\/figcaption><\/figure><div class=\"fg-loader\"><\/div><\/div><div class=\"fg-item fg-type-image fg-idle\"><figure class=\"fg-item-inner\"><a href=\"https:\/\/acligphoto.fr\/wp-content\/uploads\/2024\/11\/04_Bicyclette_Gilbert.jpeg\" data-caption-title=\"Photo de Gilbert\" data-caption-desc=\"Ici il s\u2019agit d\u2019un v\u00e9lo ou plut\u00f4t d\u2019une \u00e9pave abandonn\u00e9e sur un axe passant.. Ce v\u00e9lo est bien dans tous ses \u00e9tats, il en existe des centaines \u00e0 Strasbourg et \u00e7a, avec, bien d\u2019autres choses, fait d\u00e9sordre dans la &#039;&#039;capitale du v\u00e9lo&#039;&#039;.. Alors il existe un\nsite https:\/\/mon.strasbourg.eu\/bienvenue qui vous permet de signaler un \u2018\u2019d\u00e9p\u00f4t sauvage\u2019\u2019... N\u2019h\u00e9sitez pas \u00e0 l\u2019utiliser, en g\u00e9n\u00e9ral votre r\u00e9clamation est entendue...\" data-attachment-id=\"14257\" data-type=\"image\" class=\"fg-thumb\"><span class=\"fg-image-wrap\"><img decoding=\"async\" title=\"Photo de Gilbert\" width=\"150\" height=\"150\" class=\"skip-lazy fg-image\" data-src-fg=\"https:\/\/acligphoto.fr\/wp-content\/uploads\/cache\/2024\/11\/04_Bicyclette_Gilbert\/191624253.jpeg\" src=\"data:image\/svg+xml,%3Csvg%20xmlns%3D%22http%3A%2F%2Fwww.w3.org%2F2000%2Fsvg%22%20width%3D%22150%22%20height%3D%22150%22%20viewBox%3D%220%200%20150%20150%22%3E%3C%2Fsvg%3E\" loading=\"eager\"><\/span><span class=\"fg-image-overlay\"><\/span><\/a><figcaption class=\"fg-caption\"><div class=\"fg-caption-inner\"><div class=\"fg-caption-title\">Photo de Gilbert<\/div><div class=\"fg-caption-desc\">Ici il s\u2019agit d\u2019un v\u00e9lo ou plut\u00f4t d\u2019une \u00e9pave abandonn\u00e9e sur un axe passant.. Ce v\u00e9lo est bien dans tous ses \u00e9tats, il en existe des centaines \u00e0 Strasbourg et \u00e7a, avec, bien d\u2019autres choses, fait d\u00e9sordre dans la \u00a0\u00bbcapitale du v\u00e9lo\u00a0\u00bb.. Alors il existe un\nsite https:\/\/mon.strasbourg.eu\/bienvenue qui vous permet de signaler un \u2018\u2019d\u00e9p\u00f4t sauvage\u2019\u2019&#8230; N\u2019h\u00e9sitez pas \u00e0 l\u2019utiliser, en g\u00e9n\u00e9ral votre r\u00e9clamation est entendue&#8230;<\/div><\/div><\/figcaption><\/figure><div class=\"fg-loader\"><\/div><\/div><div class=\"fg-item fg-type-image fg-idle\"><figure class=\"fg-item-inner\"><a href=\"https:\/\/acligphoto.fr\/wp-content\/uploads\/2024\/11\/03_Bicyclette_GuyB.jpg\" data-caption-title=\"Photo de Guy B.\" data-caption-desc=\"Nul ne sert de courir il faut partir \u00e0 point\u00e9.\" data-attachment-id=\"14256\" data-type=\"image\" class=\"fg-thumb\"><span class=\"fg-image-wrap\"><img decoding=\"async\" title=\"Photo de Guy B.\" width=\"150\" height=\"150\" class=\"skip-lazy fg-image\" data-src-fg=\"https:\/\/acligphoto.fr\/wp-content\/uploads\/cache\/2024\/11\/03_Bicyclette_GuyB\/2479400107.jpg\" src=\"data:image\/svg+xml,%3Csvg%20xmlns%3D%22http%3A%2F%2Fwww.w3.org%2F2000%2Fsvg%22%20width%3D%22150%22%20height%3D%22150%22%20viewBox%3D%220%200%20150%20150%22%3E%3C%2Fsvg%3E\" loading=\"eager\"><\/span><span class=\"fg-image-overlay\"><\/span><\/a><figcaption class=\"fg-caption\"><div class=\"fg-caption-inner\"><div class=\"fg-caption-title\">Photo de Guy B.<\/div><div class=\"fg-caption-desc\">Nul ne sert de courir il faut partir \u00e0 point\u00e9.<\/div><\/div><\/figcaption><\/figure><div class=\"fg-loader\"><\/div><\/div><div class=\"fg-item fg-type-image fg-idle\"><figure class=\"fg-item-inner\"><a href=\"https:\/\/acligphoto.fr\/wp-content\/uploads\/2024\/11\/02_bicyclette_JC.jpg\" data-caption-title=\"Photo de Jean-Christophe : Titre : \u00ab courage fuyons ! \u00bb\" data-caption-desc=\"D\u00e9but du cort\u00e8ge de Festigays en 2021, une cycliste tente de passer avant la mise en marche de la manifestation.\" data-attachment-id=\"14255\" data-type=\"image\" class=\"fg-thumb\"><span class=\"fg-image-wrap\"><img decoding=\"async\" title=\"Photo de Jean-Christophe : Titre : \u00ab courage fuyons ! \u00bb\" width=\"150\" height=\"150\" class=\"skip-lazy fg-image\" data-src-fg=\"https:\/\/acligphoto.fr\/wp-content\/uploads\/cache\/2024\/11\/02_bicyclette_JC\/471369435.jpg\" src=\"data:image\/svg+xml,%3Csvg%20xmlns%3D%22http%3A%2F%2Fwww.w3.org%2F2000%2Fsvg%22%20width%3D%22150%22%20height%3D%22150%22%20viewBox%3D%220%200%20150%20150%22%3E%3C%2Fsvg%3E\" loading=\"eager\"><\/span><span class=\"fg-image-overlay\"><\/span><\/a><figcaption class=\"fg-caption\"><div class=\"fg-caption-inner\"><div class=\"fg-caption-title\">Photo de Jean-Christophe : Titre : \u00ab courage fuyons ! \u00bb<\/div><div class=\"fg-caption-desc\">D\u00e9but du cort\u00e8ge de Festigays en 2021, une cycliste tente de passer avant la mise en marche de la manifestation.<\/div><\/div><\/figcaption><\/figure><div class=\"fg-loader\"><\/div><\/div><div class=\"fg-item fg-type-image fg-idle\"><figure class=\"fg-item-inner\"><a href=\"https:\/\/acligphoto.fr\/wp-content\/uploads\/2024\/11\/01_Bicyclette_Iza.jpg\" data-caption-title=\"Photo de Iza\" data-caption-desc=\"Juillet 2024.....Nous sommes \u00e0 l&#039;h\u00f4tel qui borde le lac d&#039;Annecy.\nTout est calme, il est t\u00f4t et ma moiti\u00e9 dort encore.\nAlors pour passer le temps, de notre terrasse, je m&#039;amuse \u00e0 photographier les joggeurs et les cyclistes qui se pressent d\u00e8s le lever du jour.\" data-attachment-id=\"14254\" data-type=\"image\" class=\"fg-thumb\"><span class=\"fg-image-wrap\"><img decoding=\"async\" title=\"Photo de Iza\" width=\"150\" height=\"150\" class=\"skip-lazy fg-image\" data-src-fg=\"https:\/\/acligphoto.fr\/wp-content\/uploads\/cache\/2024\/11\/01_Bicyclette_Iza\/3858504307.jpg\" src=\"data:image\/svg+xml,%3Csvg%20xmlns%3D%22http%3A%2F%2Fwww.w3.org%2F2000%2Fsvg%22%20width%3D%22150%22%20height%3D%22150%22%20viewBox%3D%220%200%20150%20150%22%3E%3C%2Fsvg%3E\" loading=\"eager\"><\/span><span class=\"fg-image-overlay\"><\/span><\/a><figcaption class=\"fg-caption\"><div class=\"fg-caption-inner\"><div class=\"fg-caption-title\">Photo de Iza<\/div><div class=\"fg-caption-desc\">Juillet 2024&#8230;..Nous sommes \u00e0 l&rsquo;h\u00f4tel qui borde le lac d&rsquo;Annecy.\nTout est calme, il est t\u00f4t et ma moiti\u00e9 dort encore.\nAlors pour passer le temps, de notre terrasse, je m&rsquo;amuse \u00e0 photographier les joggeurs et les cyclistes qui se pressent d\u00e8s le lever du jour.<\/div><\/div><\/figcaption><\/figure><div class=\"fg-loader\"><\/div><\/div><\/div>\n","protected":false},"excerpt":{"rendered":"<p>Bicyclette dans tous ses \u00e9tats<\/p>\n","protected":false},"author":27,"featured_media":14258,"comment_status":"closed","ping_status":"open","sticky":true,"template":"","format":"standard","meta":{"_bbp_topic_count":0,"_bbp_reply_count":0,"_bbp_total_topic_count":0,"_bbp_total_reply_count":0,"_bbp_voice_count":0,"_bbp_anonymous_reply_count":0,"_bbp_topic_count_hidden":0,"_bbp_reply_count_hidden":0,"_bbp_forum_subforum_count":0,"footnotes":""},"categories":[7],"tags":[],"class_list":["post-14252","post","type-post","status-publish","format-standard","has-post-thumbnail","hentry","category-vie-de-latelier"],"_links":{"self":[{"href":"https:\/\/acligphoto.fr\/index.php?rest_route=\/wp\/v2\/posts\/14252","targetHints":{"allow":["GET"]}}],"collection":[{"href":"https:\/\/acligphoto.fr\/index.php?rest_route=\/wp\/v2\/posts"}],"about":[{"href":"https:\/\/acligphoto.fr\/index.php?rest_route=\/wp\/v2\/types\/post"}],"author":[{"embeddable":true,"href":"https:\/\/acligphoto.fr\/index.php?rest_route=\/wp\/v2\/users\/27"}],"replies":[{"embeddable":true,"href":"https:\/\/acligphoto.fr\/index.php?rest_route=%2Fwp%2Fv2%2Fcomments&post=14252"}],"version-history":[{"count":2,"href":"https:\/\/acligphoto.fr\/index.php?rest_route=\/wp\/v2\/posts\/14252\/revisions"}],"predecessor-version":[{"id":14268,"href":"https:\/\/acligphoto.fr\/index.php?rest_route=\/wp\/v2\/posts\/14252\/revisions\/14268"}],"wp:featuredmedia":[{"embeddable":true,"href":"https:\/\/acligphoto.fr\/index.php?rest_route=\/wp\/v2\/media\/14258"}],"wp:attachment":[{"href":"https:\/\/acligphoto.fr\/index.php?rest_route=%2Fwp%2Fv2%2Fmedia&parent=14252"}],"wp:term":[{"taxonomy":"category","embeddable":true,"href":"https:\/\/acligphoto.fr\/index.php?rest_route=%2Fwp%2Fv2%2Fcategories&post=14252"},{"taxonomy":"post_tag","embeddable":true,"href":"https:\/\/acligphoto.fr\/index.php?rest_route=%2Fwp%2Fv2%2Ftags&post=14252"}],"curies":[{"name":"wp","href":"https:\/\/api.w.org\/{rel}","templated":true}]}}