{"id":13831,"date":"2024-09-19T09:08:37","date_gmt":"2024-09-19T07:08:37","guid":{"rendered":"https:\/\/acligphoto.fr\/?p=13831"},"modified":"2024-09-19T09:09:36","modified_gmt":"2024-09-19T07:09:36","slug":"raconte-ta-photo-episode-75","status":"publish","type":"post","link":"https:\/\/acligphoto.fr\/?p=13831","title":{"rendered":"Raconte ta photo, \u00e9pisode 75"},"content":{"rendered":"\n<p class=\"has-large-font-size\">Dans le ciel<\/p>\n\n\n<style type=\"text\/css\">\n#foogallery-gallery-13849 .fg-image { width: 150px; }\n#foogallery-gallery-13849 { --fg-gutter: 10px; }<\/style>\n\t\t\t<div class=\"foogallery foogallery-container foogallery-default foogallery-lightbox-foogallery fg-center fg-default fg-ready fg-light fg-border-thin fg-shadow-outline fg-loading-default fg-loaded-fade-in fg-caption-hover fg-hover-fade fg-hover-zoom\" id=\"foogallery-gallery-13849\" data-foogallery=\"{&quot;item&quot;:{&quot;showCaptionTitle&quot;:true,&quot;showCaptionDescription&quot;:true},&quot;lazy&quot;:true}\" data-foogallery-lightbox=\"{&quot;thumbs&quot;:&quot;bottom&quot;,&quot;thumbsCaptions&quot;:false,&quot;thumbsBestFit&quot;:false,&quot;thumbsSmall&quot;:false,&quot;thumbsCaptionsAlign&quot;:&quot;default&quot;,&quot;info&quot;:&quot;bottom&quot;,&quot;infoVisible&quot;:true,&quot;infoOverlay&quot;:true,&quot;infoAlign&quot;:&quot;default&quot;,&quot;transition&quot;:&quot;fade&quot;,&quot;hoverButtons&quot;:false,&quot;fitMedia&quot;:false,&quot;noScrollbars&quot;:true,&quot;preserveButtonSpace&quot;:true,&quot;buttons&quot;:{&quot;fullscreen&quot;:true,&quot;info&quot;:true,&quot;thumbs&quot;:false},&quot;video&quot;:{&quot;autoPlay&quot;:true}}\" style=\"--fg-title-line-clamp: 0; --fg-description-line-clamp: 0;\" >\n\t<div class=\"fg-item fg-type-image fg-idle\"><figure class=\"fg-item-inner\"><a href=\"https:\/\/acligphoto.fr\/wp-content\/uploads\/2024\/09\/16_Dans_le_ciel_Michel.jpg\" data-caption-title=\"Photo de Michel\" data-attachment-id=\"13848\" data-type=\"image\" class=\"fg-thumb\"><span class=\"fg-image-wrap\"><img decoding=\"async\" title=\"Photo de Michel\" width=\"150\" height=\"150\" class=\"skip-lazy fg-image\" data-src-fg=\"https:\/\/acligphoto.fr\/wp-content\/uploads\/cache\/2024\/09\/16_Dans_le_ciel_Michel\/2440520041.jpg\" src=\"data:image\/svg+xml,%3Csvg%20xmlns%3D%22http%3A%2F%2Fwww.w3.org%2F2000%2Fsvg%22%20width%3D%22150%22%20height%3D%22150%22%20viewBox%3D%220%200%20150%20150%22%3E%3C%2Fsvg%3E\" loading=\"eager\"><\/span><span class=\"fg-image-overlay\"><\/span><\/a><figcaption class=\"fg-caption\"><div class=\"fg-caption-inner\"><div class=\"fg-caption-title\">Photo de Michel<\/div><\/div><\/figcaption><\/figure><div class=\"fg-loader\"><\/div><\/div><div class=\"fg-item fg-type-image fg-idle\"><figure class=\"fg-item-inner\"><a href=\"https:\/\/acligphoto.fr\/wp-content\/uploads\/2024\/09\/15_Dans_le_ciel_Robert.jpg\" data-caption-title=\"Photo de Robert\" data-caption-desc=\"Fou de Bassan, photo prise cet \u00e9t\u00e9 lors d&#039;une mini croisi\u00e8re de 2h au d\u00e9part de Perros-Guirec, pour visiter l&#039;archipel des 7 \u00eeles.\" data-attachment-id=\"13847\" data-type=\"image\" class=\"fg-thumb\"><span class=\"fg-image-wrap\"><img decoding=\"async\" title=\"Photo de Robert\" width=\"150\" height=\"150\" class=\"skip-lazy fg-image\" data-src-fg=\"https:\/\/acligphoto.fr\/wp-content\/uploads\/cache\/2024\/09\/15_Dans_le_ciel_Robert\/1988583373.jpg\" src=\"data:image\/svg+xml,%3Csvg%20xmlns%3D%22http%3A%2F%2Fwww.w3.org%2F2000%2Fsvg%22%20width%3D%22150%22%20height%3D%22150%22%20viewBox%3D%220%200%20150%20150%22%3E%3C%2Fsvg%3E\" loading=\"eager\"><\/span><span class=\"fg-image-overlay\"><\/span><\/a><figcaption class=\"fg-caption\"><div class=\"fg-caption-inner\"><div class=\"fg-caption-title\">Photo de Robert<\/div><div class=\"fg-caption-desc\">Fou de Bassan, photo prise cet \u00e9t\u00e9 lors d&rsquo;une mini croisi\u00e8re de 2h au d\u00e9part de Perros-Guirec, pour visiter l&rsquo;archipel des 7 \u00eeles.<\/div><\/div><\/figcaption><\/figure><div class=\"fg-loader\"><\/div><\/div><div class=\"fg-item fg-type-image fg-idle\"><figure class=\"fg-item-inner\"><a href=\"https:\/\/acligphoto.fr\/wp-content\/uploads\/2024\/09\/14_Dans_le_ciel_Sandrine.jpg\" data-caption-title=\"Photo de Sandrine\" data-caption-desc=\"Apr\u00e8s plusieurs jours \u00e0 attendre que les nuages s&#039;en aillent, bien longtemps apr\u00e8s le meilleur moment pour la voir, je suis partie \u00e0 la qu\u00eate de Neowise et je l&#039;ai finalement trouv\u00e9e dans le ciel de Stockholm. Saurez-vous aussi la trouver sur cette photo ?\" data-attachment-id=\"13846\" data-type=\"image\" class=\"fg-thumb\"><span class=\"fg-image-wrap\"><img decoding=\"async\" title=\"Photo de Sandrine\" width=\"150\" height=\"150\" class=\"skip-lazy fg-image\" data-src-fg=\"https:\/\/acligphoto.fr\/wp-content\/uploads\/cache\/2024\/09\/14_Dans_le_ciel_Sandrine\/361965497.jpg\" src=\"data:image\/svg+xml,%3Csvg%20xmlns%3D%22http%3A%2F%2Fwww.w3.org%2F2000%2Fsvg%22%20width%3D%22150%22%20height%3D%22150%22%20viewBox%3D%220%200%20150%20150%22%3E%3C%2Fsvg%3E\" loading=\"eager\"><\/span><span class=\"fg-image-overlay\"><\/span><\/a><figcaption class=\"fg-caption\"><div class=\"fg-caption-inner\"><div class=\"fg-caption-title\">Photo de Sandrine<\/div><div class=\"fg-caption-desc\">Apr\u00e8s plusieurs jours \u00e0 attendre que les nuages s&rsquo;en aillent, bien longtemps apr\u00e8s le meilleur moment pour la voir, je suis partie \u00e0 la qu\u00eate de Neowise et je l&rsquo;ai finalement trouv\u00e9e dans le ciel de Stockholm. Saurez-vous aussi la trouver sur cette photo ?<\/div><\/div><\/figcaption><\/figure><div class=\"fg-loader\"><\/div><\/div><div class=\"fg-item fg-type-image fg-idle\"><figure class=\"fg-item-inner\"><a href=\"https:\/\/acligphoto.fr\/wp-content\/uploads\/2024\/09\/13_Dans_le_ciel_Louis.jpg\" data-caption-title=\"Photo de Louis\" data-caption-desc=\"Photo r\u00e9alis\u00e9e \u00e0 Lanzarote\" data-attachment-id=\"13845\" data-type=\"image\" class=\"fg-thumb\"><span class=\"fg-image-wrap\"><img decoding=\"async\" title=\"Photo de Louis\" width=\"150\" height=\"150\" class=\"skip-lazy fg-image\" data-src-fg=\"https:\/\/acligphoto.fr\/wp-content\/uploads\/cache\/2024\/09\/13_Dans_le_ciel_Louis\/3285895028.jpg\" src=\"data:image\/svg+xml,%3Csvg%20xmlns%3D%22http%3A%2F%2Fwww.w3.org%2F2000%2Fsvg%22%20width%3D%22150%22%20height%3D%22150%22%20viewBox%3D%220%200%20150%20150%22%3E%3C%2Fsvg%3E\" loading=\"eager\"><\/span><span class=\"fg-image-overlay\"><\/span><\/a><figcaption class=\"fg-caption\"><div class=\"fg-caption-inner\"><div class=\"fg-caption-title\">Photo de Louis<\/div><div class=\"fg-caption-desc\">Photo r\u00e9alis\u00e9e \u00e0 Lanzarote<\/div><\/div><\/figcaption><\/figure><div class=\"fg-loader\"><\/div><\/div><div class=\"fg-item fg-type-image fg-idle\"><figure class=\"fg-item-inner\"><a href=\"https:\/\/acligphoto.fr\/wp-content\/uploads\/2024\/09\/12_Dans-le-ciel_Daniel.jpg\" data-caption-title=\"Photo de Daniel\" data-caption-desc=\"Photo d\u2019une grande aigrette en vol prise un soir en mai 2022 au bord du Rhin. J\u2019ai choisi cette photo pour la lumi\u00e8re de fin de journ\u00e9e qui met en valeur les plumes des ailes.\" data-attachment-id=\"13844\" data-type=\"image\" class=\"fg-thumb\"><span class=\"fg-image-wrap\"><img decoding=\"async\" title=\"Photo de Daniel\" width=\"150\" height=\"150\" class=\"skip-lazy fg-image\" data-src-fg=\"https:\/\/acligphoto.fr\/wp-content\/uploads\/cache\/2024\/09\/12_Dans-le-ciel_Daniel\/3609236562.jpg\" src=\"data:image\/svg+xml,%3Csvg%20xmlns%3D%22http%3A%2F%2Fwww.w3.org%2F2000%2Fsvg%22%20width%3D%22150%22%20height%3D%22150%22%20viewBox%3D%220%200%20150%20150%22%3E%3C%2Fsvg%3E\" loading=\"eager\"><\/span><span class=\"fg-image-overlay\"><\/span><\/a><figcaption class=\"fg-caption\"><div class=\"fg-caption-inner\"><div class=\"fg-caption-title\">Photo de Daniel<\/div><div class=\"fg-caption-desc\">Photo d\u2019une grande aigrette en vol prise un soir en mai 2022 au bord du Rhin. J\u2019ai choisi cette photo pour la lumi\u00e8re de fin de journ\u00e9e qui met en valeur les plumes des ailes.<\/div><\/div><\/figcaption><\/figure><div class=\"fg-loader\"><\/div><\/div><div class=\"fg-item fg-type-image fg-idle\"><figure class=\"fg-item-inner\"><a href=\"https:\/\/acligphoto.fr\/wp-content\/uploads\/2024\/09\/11_Dans_le_ciel_JC.jpg\" data-caption-title=\"Photo de Jean-Christophe : Titre : \u00ab Galaxies \u00bb\" data-caption-desc=\"Quoi de plus beau que trois galaxies du ciel d\u2019\u00e9t\u00e9 ?\" data-attachment-id=\"13843\" data-type=\"image\" class=\"fg-thumb\"><span class=\"fg-image-wrap\"><img decoding=\"async\" title=\"Photo de Jean-Christophe : Titre : \u00ab Galaxies \u00bb\" width=\"150\" height=\"150\" class=\"skip-lazy fg-image\" data-src-fg=\"https:\/\/acligphoto.fr\/wp-content\/uploads\/cache\/2024\/09\/11_Dans_le_ciel_JC\/3618591701.jpg\" src=\"data:image\/svg+xml,%3Csvg%20xmlns%3D%22http%3A%2F%2Fwww.w3.org%2F2000%2Fsvg%22%20width%3D%22150%22%20height%3D%22150%22%20viewBox%3D%220%200%20150%20150%22%3E%3C%2Fsvg%3E\" loading=\"eager\"><\/span><span class=\"fg-image-overlay\"><\/span><\/a><figcaption class=\"fg-caption\"><div class=\"fg-caption-inner\"><div class=\"fg-caption-title\">Photo de Jean-Christophe : Titre : \u00ab Galaxies \u00bb<\/div><div class=\"fg-caption-desc\">Quoi de plus beau que trois galaxies du ciel d\u2019\u00e9t\u00e9 ?<\/div><\/div><\/figcaption><\/figure><div class=\"fg-loader\"><\/div><\/div><div class=\"fg-item fg-type-image fg-idle\"><figure class=\"fg-item-inner\"><a href=\"https:\/\/acligphoto.fr\/wp-content\/uploads\/2024\/09\/10_Dans_le_ciel_JL.jpeg\" data-caption-title=\"Photo de Jean-Louis : Titre : \u00ab Couverture sur la vall\u00e9e de la Bruche \u00bb.\" data-attachment-id=\"13842\" data-type=\"image\" class=\"fg-thumb\"><span class=\"fg-image-wrap\"><img decoding=\"async\" title=\"Photo de Jean-Louis : Titre : \u00ab Couverture sur la vall\u00e9e de la Bruche \u00bb.\" width=\"150\" height=\"150\" class=\"skip-lazy fg-image\" data-src-fg=\"https:\/\/acligphoto.fr\/wp-content\/uploads\/cache\/2024\/09\/10_Dans_le_ciel_JL\/3422171433.jpeg\" src=\"data:image\/svg+xml,%3Csvg%20xmlns%3D%22http%3A%2F%2Fwww.w3.org%2F2000%2Fsvg%22%20width%3D%22150%22%20height%3D%22150%22%20viewBox%3D%220%200%20150%20150%22%3E%3C%2Fsvg%3E\" loading=\"eager\"><\/span><span class=\"fg-image-overlay\"><\/span><\/a><figcaption class=\"fg-caption\"><div class=\"fg-caption-inner\"><div class=\"fg-caption-title\">Photo de Jean-Louis : Titre : \u00ab Couverture sur la vall\u00e9e de la Bruche \u00bb.<\/div><\/div><\/figcaption><\/figure><div class=\"fg-loader\"><\/div><\/div><div class=\"fg-item fg-type-image fg-idle\"><figure class=\"fg-item-inner\"><a href=\"https:\/\/acligphoto.fr\/wp-content\/uploads\/2024\/09\/09_Dans-le-ciel_Iza.jpg\" data-caption-title=\"Photo de Iza\" data-caption-desc=\"Cet \u00e9t\u00e9 nous \u00e9tions sur le site de vol libre de Montmin \/ Col de La Forclaz. Voil\u00e0 \u00e0 quoi j&#039;ai song\u00e9 lors de cette prise de vue ...\nQui n&#039;a jamais r\u00eav\u00e9 de voler comme un oiseau ?\nM\u00eame L\u00e9onard De Vinci y avait pens\u00e9 ...\" data-attachment-id=\"13841\" data-type=\"image\" class=\"fg-thumb\"><span class=\"fg-image-wrap\"><img decoding=\"async\" title=\"Photo de Iza\" width=\"150\" height=\"150\" class=\"skip-lazy fg-image\" data-src-fg=\"https:\/\/acligphoto.fr\/wp-content\/uploads\/cache\/2024\/09\/09_Dans-le-ciel_Iza\/3050436517.jpg\" src=\"data:image\/svg+xml,%3Csvg%20xmlns%3D%22http%3A%2F%2Fwww.w3.org%2F2000%2Fsvg%22%20width%3D%22150%22%20height%3D%22150%22%20viewBox%3D%220%200%20150%20150%22%3E%3C%2Fsvg%3E\" loading=\"eager\"><\/span><span class=\"fg-image-overlay\"><\/span><\/a><figcaption class=\"fg-caption\"><div class=\"fg-caption-inner\"><div class=\"fg-caption-title\">Photo de Iza<\/div><div class=\"fg-caption-desc\">Cet \u00e9t\u00e9 nous \u00e9tions sur le site de vol libre de Montmin \/ Col de La Forclaz. Voil\u00e0 \u00e0 quoi j&rsquo;ai song\u00e9 lors de cette prise de vue &#8230;\nQui n&rsquo;a jamais r\u00eav\u00e9 de voler comme un oiseau ?\nM\u00eame L\u00e9onard De Vinci y avait pens\u00e9 &#8230;<\/div><\/div><\/figcaption><\/figure><div class=\"fg-loader\"><\/div><\/div><div class=\"fg-item fg-type-image fg-idle\"><figure class=\"fg-item-inner\"><a href=\"https:\/\/acligphoto.fr\/wp-content\/uploads\/2024\/09\/08_Dans_le_ciel_GuyF.jpg\" data-caption-title=\"Photo de Guy F. : Titre : \u00ab le cercle bleu \u00bb\" data-caption-desc=\"Donn\u00e9es : \n\uf0d8\tAppareil Canon (les meilleurs) EOS 5D Mark III\n\uf0d8\t1\/500s \u00e0 f\/13 \u2013 iso 200 \u2013 24mm\nPhoto prise en contre plong\u00e9e dans la tour \u00e0 V\u00f6ltlingen que tout le monde connait\u2026..\nLa V\u00f6lklinger H\u00fctte est la seule usine sid\u00e9rurgique enti\u00e8rement pr\u00e9serv\u00e9e au monde datant de l&#039;apog\u00e9e de l&#039;industrialisation, mais aussi le premier monument industriel de cette \u00e9poque inscrit au patrimoine mondial de l&#039;UNESCO.\" data-attachment-id=\"13840\" data-type=\"image\" class=\"fg-thumb\"><span class=\"fg-image-wrap\"><img decoding=\"async\" title=\"Photo de Guy F. : Titre : \u00ab le cercle bleu \u00bb\" width=\"150\" height=\"150\" class=\"skip-lazy fg-image\" data-src-fg=\"https:\/\/acligphoto.fr\/wp-content\/uploads\/cache\/2024\/09\/08_Dans_le_ciel_GuyF\/196717993.jpg\" src=\"data:image\/svg+xml,%3Csvg%20xmlns%3D%22http%3A%2F%2Fwww.w3.org%2F2000%2Fsvg%22%20width%3D%22150%22%20height%3D%22150%22%20viewBox%3D%220%200%20150%20150%22%3E%3C%2Fsvg%3E\" loading=\"eager\"><\/span><span class=\"fg-image-overlay\"><\/span><\/a><figcaption class=\"fg-caption\"><div class=\"fg-caption-inner\"><div class=\"fg-caption-title\">Photo de Guy F. : Titre : \u00ab le cercle bleu \u00bb<\/div><div class=\"fg-caption-desc\">Donn\u00e9es : \n\uf0d8\tAppareil Canon (les meilleurs) EOS 5D Mark III\n\uf0d8\t1\/500s \u00e0 f\/13 \u2013 iso 200 \u2013 24mm\nPhoto prise en contre plong\u00e9e dans la tour \u00e0 V\u00f6ltlingen que tout le monde connait\u2026..\nLa V\u00f6lklinger H\u00fctte est la seule usine sid\u00e9rurgique enti\u00e8rement pr\u00e9serv\u00e9e au monde datant de l&rsquo;apog\u00e9e de l&rsquo;industrialisation, mais aussi le premier monument industriel de cette \u00e9poque inscrit au patrimoine mondial de l&rsquo;UNESCO.<\/div><\/div><\/figcaption><\/figure><div class=\"fg-loader\"><\/div><\/div><div class=\"fg-item fg-type-image fg-idle\"><figure class=\"fg-item-inner\"><a href=\"https:\/\/acligphoto.fr\/wp-content\/uploads\/2024\/09\/07_Dans_le_ciel_Armand.jpg\" data-caption-title=\"Photo de Armand\" data-caption-desc=\"Meeting a\u00e9rien de Haguenau samedi 4 septembre. Ciel bleu, chaleur et position face \u00e0 l\u2019astre du jour = coup de soleil assur\u00e9. Dans le ciel, un looping de planeur tout en finesse et l\u00e9g\u00e8ret\u00e9 m\u2019incite \u00e0 d\u00e9clencher.\nL\u2019autofocus a bien fait son boulot. Zut, pas de raison de changer de boitier !\" data-attachment-id=\"13839\" data-type=\"image\" class=\"fg-thumb\"><span class=\"fg-image-wrap\"><img decoding=\"async\" title=\"Photo de Armand\" width=\"150\" height=\"150\" class=\"skip-lazy fg-image\" data-src-fg=\"https:\/\/acligphoto.fr\/wp-content\/uploads\/cache\/2024\/09\/07_Dans_le_ciel_Armand\/2755809266.jpg\" src=\"data:image\/svg+xml,%3Csvg%20xmlns%3D%22http%3A%2F%2Fwww.w3.org%2F2000%2Fsvg%22%20width%3D%22150%22%20height%3D%22150%22%20viewBox%3D%220%200%20150%20150%22%3E%3C%2Fsvg%3E\" loading=\"eager\"><\/span><span class=\"fg-image-overlay\"><\/span><\/a><figcaption class=\"fg-caption\"><div class=\"fg-caption-inner\"><div class=\"fg-caption-title\">Photo de Armand<\/div><div class=\"fg-caption-desc\">Meeting a\u00e9rien de Haguenau samedi 4 septembre. Ciel bleu, chaleur et position face \u00e0 l\u2019astre du jour = coup de soleil assur\u00e9. Dans le ciel, un looping de planeur tout en finesse et l\u00e9g\u00e8ret\u00e9 m\u2019incite \u00e0 d\u00e9clencher.\nL\u2019autofocus a bien fait son boulot. Zut, pas de raison de changer de boitier !<\/div><\/div><\/figcaption><\/figure><div class=\"fg-loader\"><\/div><\/div><div class=\"fg-item fg-type-image fg-idle\"><figure class=\"fg-item-inner\"><a href=\"https:\/\/acligphoto.fr\/wp-content\/uploads\/2024\/09\/06_Dans_le_ciel_Didier.jpg\" data-caption-title=\"Photo de Didier\" data-caption-desc=\"Survol impressionnant d&#039;un h\u00e9licopt\u00e8re lorsque nous naviguions sur le lac de la pierre perc\u00e9e, photo prise au 8000\/s  au 400mm\" data-attachment-id=\"13838\" data-type=\"image\" class=\"fg-thumb\"><span class=\"fg-image-wrap\"><img decoding=\"async\" title=\"Photo de Didier\" width=\"150\" height=\"150\" class=\"skip-lazy fg-image\" data-src-fg=\"https:\/\/acligphoto.fr\/wp-content\/uploads\/cache\/2024\/09\/06_Dans_le_ciel_Didier\/2114011737.jpg\" src=\"data:image\/svg+xml,%3Csvg%20xmlns%3D%22http%3A%2F%2Fwww.w3.org%2F2000%2Fsvg%22%20width%3D%22150%22%20height%3D%22150%22%20viewBox%3D%220%200%20150%20150%22%3E%3C%2Fsvg%3E\" loading=\"eager\"><\/span><span class=\"fg-image-overlay\"><\/span><\/a><figcaption class=\"fg-caption\"><div class=\"fg-caption-inner\"><div class=\"fg-caption-title\">Photo de Didier<\/div><div class=\"fg-caption-desc\">Survol impressionnant d&rsquo;un h\u00e9licopt\u00e8re lorsque nous naviguions sur le lac de la pierre perc\u00e9e, photo prise au 8000\/s  au 400mm<\/div><\/div><\/figcaption><\/figure><div class=\"fg-loader\"><\/div><\/div><div class=\"fg-item fg-type-image fg-idle\"><figure class=\"fg-item-inner\"><a href=\"https:\/\/acligphoto.fr\/wp-content\/uploads\/2024\/09\/05_Dans_le_ciel_Lisa.jpg\" data-caption-title=\"Photo de Lisa\" data-caption-desc=\"Photo r\u00e9alis\u00e9e lors du meeting a\u00e9rien de Haguenau le 07 septembre, journ\u00e9e fantastique sous un soleil de plomb, avec bien entendu un objectif 600 f\/6.3 et 1\/3000 s et le tout sans modifications.\nLe pilote nous a offert un spectacle fantastique.\" data-attachment-id=\"13837\" data-type=\"image\" class=\"fg-thumb\"><span class=\"fg-image-wrap\"><img decoding=\"async\" title=\"Photo de Lisa\" width=\"150\" height=\"150\" class=\"skip-lazy fg-image\" data-src-fg=\"https:\/\/acligphoto.fr\/wp-content\/uploads\/cache\/2024\/09\/05_Dans_le_ciel_Lisa\/4147679354.jpg\" src=\"data:image\/svg+xml,%3Csvg%20xmlns%3D%22http%3A%2F%2Fwww.w3.org%2F2000%2Fsvg%22%20width%3D%22150%22%20height%3D%22150%22%20viewBox%3D%220%200%20150%20150%22%3E%3C%2Fsvg%3E\" loading=\"eager\"><\/span><span class=\"fg-image-overlay\"><\/span><\/a><figcaption class=\"fg-caption\"><div class=\"fg-caption-inner\"><div class=\"fg-caption-title\">Photo de Lisa<\/div><div class=\"fg-caption-desc\">Photo r\u00e9alis\u00e9e lors du meeting a\u00e9rien de Haguenau le 07 septembre, journ\u00e9e fantastique sous un soleil de plomb, avec bien entendu un objectif 600 f\/6.3 et 1\/3000 s et le tout sans modifications.\nLe pilote nous a offert un spectacle fantastique.<\/div><\/div><\/figcaption><\/figure><div class=\"fg-loader\"><\/div><\/div><div class=\"fg-item fg-type-image fg-idle\"><figure class=\"fg-item-inner\"><a href=\"https:\/\/acligphoto.fr\/wp-content\/uploads\/2024\/09\/04_Dans_le_ciel_Gilbert.jpg\" data-caption-title=\"Photo de Gilbert : Titre\u2019\u2019 Parapentes au Markstein\u2019\u2019\" data-caption-desc=\"Photo prise au d\u00e9but de l\u2019\u00e9t\u00e9 au Centre de Parapentes du Markstein par une chaude apr\u00e8s-midi. J\u2019ai voulu tester la fonction \u2018\u2019suivi de sujet\u2019\u2019 de mon Olympus. J\u2019ai choisi le sujet \u2018\u2019oiseau\u2019\u2019 parmi les options : \u2018\u2019auto, avion, train, animal\u2019\u2019. Ce choix fut le bon pour ces parapentistes.  Il se trouve \u00eatre remarquable pour bien d&#039;autre des sujets en mouvement.\" data-attachment-id=\"13836\" data-type=\"image\" class=\"fg-thumb\"><span class=\"fg-image-wrap\"><img decoding=\"async\" title=\"Photo de Gilbert : Titre\u2019\u2019 Parapentes au Markstein\u2019\u2019\" width=\"150\" height=\"150\" class=\"skip-lazy fg-image\" data-src-fg=\"https:\/\/acligphoto.fr\/wp-content\/uploads\/cache\/2024\/09\/04_Dans_le_ciel_Gilbert\/1389887690.jpg\" src=\"data:image\/svg+xml,%3Csvg%20xmlns%3D%22http%3A%2F%2Fwww.w3.org%2F2000%2Fsvg%22%20width%3D%22150%22%20height%3D%22150%22%20viewBox%3D%220%200%20150%20150%22%3E%3C%2Fsvg%3E\" loading=\"eager\"><\/span><span class=\"fg-image-overlay\"><\/span><\/a><figcaption class=\"fg-caption\"><div class=\"fg-caption-inner\"><div class=\"fg-caption-title\">Photo de Gilbert : Titre\u2019\u2019 Parapentes au Markstein\u2019\u2019<\/div><div class=\"fg-caption-desc\">Photo prise au d\u00e9but de l\u2019\u00e9t\u00e9 au Centre de Parapentes du Markstein par une chaude apr\u00e8s-midi. J\u2019ai voulu tester la fonction \u2018\u2019suivi de sujet\u2019\u2019 de mon Olympus. J\u2019ai choisi le sujet \u2018\u2019oiseau\u2019\u2019 parmi les options : \u2018\u2019auto, avion, train, animal\u2019\u2019. Ce choix fut le bon pour ces parapentistes.  Il se trouve \u00eatre remarquable pour bien d&rsquo;autre des sujets en mouvement.<\/div><\/div><\/figcaption><\/figure><div class=\"fg-loader\"><\/div><\/div><div class=\"fg-item fg-type-image fg-idle\"><figure class=\"fg-item-inner\"><a href=\"https:\/\/acligphoto.fr\/wp-content\/uploads\/2024\/09\/03_Dans_le_ciel_Francois.jpg\" data-caption-title=\"Photo de Fran\u00e7ois\" data-caption-desc=\"Mardi 3, jour de randonn\u00e9e, la m\u00e9t\u00e9o est excellente. Destination : un petit p\u00e8lerinage au col de la Perheux mais cette fois au d\u00e9part de Rothau, passage au pied du hameau de Wilderbach, pique-nique au col et redescente par Solbach. Une petite rando tr\u00e8s recommandable : suivre l&#039;anneau vert. D\u00e9but septembre les sorbiers sont en pleine fructification et ne manquent pas de photog\u00e9nie sur fond de ciel bleu.\" data-attachment-id=\"13835\" data-type=\"image\" class=\"fg-thumb\"><span class=\"fg-image-wrap\"><img decoding=\"async\" title=\"Photo de Fran\u00e7ois\" width=\"150\" height=\"150\" class=\"skip-lazy fg-image\" data-src-fg=\"https:\/\/acligphoto.fr\/wp-content\/uploads\/cache\/2024\/09\/03_Dans_le_ciel_Francois\/350765663.jpg\" src=\"data:image\/svg+xml,%3Csvg%20xmlns%3D%22http%3A%2F%2Fwww.w3.org%2F2000%2Fsvg%22%20width%3D%22150%22%20height%3D%22150%22%20viewBox%3D%220%200%20150%20150%22%3E%3C%2Fsvg%3E\" loading=\"eager\"><\/span><span class=\"fg-image-overlay\"><\/span><\/a><figcaption class=\"fg-caption\"><div class=\"fg-caption-inner\"><div class=\"fg-caption-title\">Photo de Fran\u00e7ois<\/div><div class=\"fg-caption-desc\">Mardi 3, jour de randonn\u00e9e, la m\u00e9t\u00e9o est excellente. Destination : un petit p\u00e8lerinage au col de la Perheux mais cette fois au d\u00e9part de Rothau, passage au pied du hameau de Wilderbach, pique-nique au col et redescente par Solbach. Une petite rando tr\u00e8s recommandable : suivre l&rsquo;anneau vert. D\u00e9but septembre les sorbiers sont en pleine fructification et ne manquent pas de photog\u00e9nie sur fond de ciel bleu.<\/div><\/div><\/figcaption><\/figure><div class=\"fg-loader\"><\/div><\/div><div class=\"fg-item fg-type-image fg-idle\"><figure class=\"fg-item-inner\"><a href=\"https:\/\/acligphoto.fr\/wp-content\/uploads\/2024\/09\/02_Dans_le_ciel_Jose.jpg\" data-caption-title=\"Photo de Jos\u00e9\" data-caption-desc=\"Le nouveau th\u00e8me &quot;dans le ciel&quot; est pour moi l&#039;occasion de ressortir une photo prise en octobre 2016 dans le ciel de la baie de Sydney en Australie.\nA l&#039;occasion d&#039;une croisi\u00e8re d\u00e9couverte de la baie, nous avons eu l&#039;occasion de voir dans le ciel, un pilote d&#039;un petit avion \u00e9quip\u00e9 d&#039;un fumig\u00e8ne, faire sa demande de mariage. Il faut noter sa grande dext\u00e9rit\u00e9 de pilotage et de maniement du fumig\u00e8ne car il l&#039;a arr\u00eat\u00e9 entre chaque lettre ! Mais nous ne connaissons pas la suite de l&#039;histoire.\nEn ce qui concerne la photo il a fallu :\n- prendre en compte les vibrations du moteur du beau et le mouvement sur les vagues (certes petites)\n- tenir compte de la grande luminosit\u00e9 ambiante\n-mais surtout esp\u00e9rer que les premi\u00e8re lettres ne s&#039;effacent pas avant la fin du message\nA la vue de toutes ces conditions, j&#039;ai fait confiance \u00e0 la fonction &quot;automatique&quot; de mon appareil reflex car il a fallu en plus garder l&#039;\u00e9quilibre sur le bateau en regardant vers le haut \u00e0 travers le viseur de mon APN.\" data-attachment-id=\"13834\" data-type=\"image\" class=\"fg-thumb\"><span class=\"fg-image-wrap\"><img decoding=\"async\" title=\"Photo de Jos\u00e9\" width=\"150\" height=\"150\" class=\"skip-lazy fg-image\" data-src-fg=\"https:\/\/acligphoto.fr\/wp-content\/uploads\/cache\/2024\/09\/02_Dans_le_ciel_Jose\/51420178.jpg\" src=\"data:image\/svg+xml,%3Csvg%20xmlns%3D%22http%3A%2F%2Fwww.w3.org%2F2000%2Fsvg%22%20width%3D%22150%22%20height%3D%22150%22%20viewBox%3D%220%200%20150%20150%22%3E%3C%2Fsvg%3E\" loading=\"eager\"><\/span><span class=\"fg-image-overlay\"><\/span><\/a><figcaption class=\"fg-caption\"><div class=\"fg-caption-inner\"><div class=\"fg-caption-title\">Photo de Jos\u00e9<\/div><div class=\"fg-caption-desc\">Le nouveau th\u00e8me \u00ab\u00a0dans le ciel\u00a0\u00bb est pour moi l&rsquo;occasion de ressortir une photo prise en octobre 2016 dans le ciel de la baie de Sydney en Australie.\nA l&rsquo;occasion d&rsquo;une croisi\u00e8re d\u00e9couverte de la baie, nous avons eu l&rsquo;occasion de voir dans le ciel, un pilote d&rsquo;un petit avion \u00e9quip\u00e9 d&rsquo;un fumig\u00e8ne, faire sa demande de mariage. Il faut noter sa grande dext\u00e9rit\u00e9 de pilotage et de maniement du fumig\u00e8ne car il l&rsquo;a arr\u00eat\u00e9 entre chaque lettre ! Mais nous ne connaissons pas la suite de l&rsquo;histoire.\nEn ce qui concerne la photo il a fallu :\n&#8211; prendre en compte les vibrations du moteur du beau et le mouvement sur les vagues (certes petites)\n&#8211; tenir compte de la grande luminosit\u00e9 ambiante\n-mais surtout esp\u00e9rer que les premi\u00e8re lettres ne s&rsquo;effacent pas avant la fin du message\nA la vue de toutes ces conditions, j&rsquo;ai fait confiance \u00e0 la fonction \u00ab\u00a0automatique\u00a0\u00bb de mon appareil reflex car il a fallu en plus garder l&rsquo;\u00e9quilibre sur le bateau en regardant vers le haut \u00e0 travers le viseur de mon APN.<\/div><\/div><\/figcaption><\/figure><div class=\"fg-loader\"><\/div><\/div><div class=\"fg-item fg-type-image fg-idle\"><figure class=\"fg-item-inner\"><a href=\"https:\/\/acligphoto.fr\/wp-content\/uploads\/2024\/09\/01_Dans-le-ciel_Albert.jpg\" data-caption-title=\"Photo de Albert\" data-caption-desc=\"Sur la cr\u00eate au-dessus du lac Forlet, ce planeur est pass\u00e9 silencieusement \u00e0 quelques m\u00e8tres devant et au-dessus de moi.\" data-attachment-id=\"13833\" data-type=\"image\" class=\"fg-thumb\"><span class=\"fg-image-wrap\"><img decoding=\"async\" title=\"Photo de Albert\" width=\"150\" height=\"150\" class=\"skip-lazy fg-image\" data-src-fg=\"https:\/\/acligphoto.fr\/wp-content\/uploads\/cache\/2024\/09\/01_Dans-le-ciel_Albert\/467998717.jpg\" src=\"data:image\/svg+xml,%3Csvg%20xmlns%3D%22http%3A%2F%2Fwww.w3.org%2F2000%2Fsvg%22%20width%3D%22150%22%20height%3D%22150%22%20viewBox%3D%220%200%20150%20150%22%3E%3C%2Fsvg%3E\" loading=\"eager\"><\/span><span class=\"fg-image-overlay\"><\/span><\/a><figcaption class=\"fg-caption\"><div class=\"fg-caption-inner\"><div class=\"fg-caption-title\">Photo de Albert<\/div><div class=\"fg-caption-desc\">Sur la cr\u00eate au-dessus du lac Forlet, ce planeur est pass\u00e9 silencieusement \u00e0 quelques m\u00e8tres devant et au-dessus de moi.<\/div><\/div><\/figcaption><\/figure><div class=\"fg-loader\"><\/div><\/div><\/div>\n","protected":false},"excerpt":{"rendered":"<p>Dans le ciel<\/p>\n","protected":false},"author":27,"featured_media":13843,"comment_status":"closed","ping_status":"open","sticky":true,"template":"","format":"standard","meta":{"_bbp_topic_count":0,"_bbp_reply_count":0,"_bbp_total_topic_count":0,"_bbp_total_reply_count":0,"_bbp_voice_count":0,"_bbp_anonymous_reply_count":0,"_bbp_topic_count_hidden":0,"_bbp_reply_count_hidden":0,"_bbp_forum_subforum_count":0,"footnotes":""},"categories":[7],"tags":[],"class_list":["post-13831","post","type-post","status-publish","format-standard","has-post-thumbnail","hentry","category-vie-de-latelier"],"_links":{"self":[{"href":"https:\/\/acligphoto.fr\/index.php?rest_route=\/wp\/v2\/posts\/13831","targetHints":{"allow":["GET"]}}],"collection":[{"href":"https:\/\/acligphoto.fr\/index.php?rest_route=\/wp\/v2\/posts"}],"about":[{"href":"https:\/\/acligphoto.fr\/index.php?rest_route=\/wp\/v2\/types\/post"}],"author":[{"embeddable":true,"href":"https:\/\/acligphoto.fr\/index.php?rest_route=\/wp\/v2\/users\/27"}],"replies":[{"embeddable":true,"href":"https:\/\/acligphoto.fr\/index.php?rest_route=%2Fwp%2Fv2%2Fcomments&post=13831"}],"version-history":[{"count":2,"href":"https:\/\/acligphoto.fr\/index.php?rest_route=\/wp\/v2\/posts\/13831\/revisions"}],"predecessor-version":[{"id":13850,"href":"https:\/\/acligphoto.fr\/index.php?rest_route=\/wp\/v2\/posts\/13831\/revisions\/13850"}],"wp:featuredmedia":[{"embeddable":true,"href":"https:\/\/acligphoto.fr\/index.php?rest_route=\/wp\/v2\/media\/13843"}],"wp:attachment":[{"href":"https:\/\/acligphoto.fr\/index.php?rest_route=%2Fwp%2Fv2%2Fmedia&parent=13831"}],"wp:term":[{"taxonomy":"category","embeddable":true,"href":"https:\/\/acligphoto.fr\/index.php?rest_route=%2Fwp%2Fv2%2Fcategories&post=13831"},{"taxonomy":"post_tag","embeddable":true,"href":"https:\/\/acligphoto.fr\/index.php?rest_route=%2Fwp%2Fv2%2Ftags&post=13831"}],"curies":[{"name":"wp","href":"https:\/\/api.w.org\/{rel}","templated":true}]}}