{"id":13710,"date":"2024-06-18T17:51:41","date_gmt":"2024-06-18T15:51:41","guid":{"rendered":"https:\/\/acligphoto.fr\/?p=13710"},"modified":"2024-06-18T17:51:41","modified_gmt":"2024-06-18T15:51:41","slug":"raconte-ta-photo-episode-74","status":"publish","type":"post","link":"https:\/\/acligphoto.fr\/?p=13710","title":{"rendered":"Raconte ta photo, \u00e9pisode 74"},"content":{"rendered":"\n<p class=\"has-large-font-size\">Lignes de fuite<\/p>\n\n\n<style type=\"text\/css\">\n#foogallery-gallery-13726 .fg-image { width: 150px; }\n#foogallery-gallery-13726 { --fg-gutter: 10px; }<\/style>\n\t\t\t<div class=\"foogallery foogallery-container foogallery-default foogallery-lightbox-foogallery fg-center fg-default fg-ready fg-light fg-border-thin fg-shadow-outline fg-loading-default fg-loaded-fade-in fg-caption-hover fg-hover-fade fg-hover-zoom\" id=\"foogallery-gallery-13726\" data-foogallery=\"{&quot;item&quot;:{&quot;showCaptionTitle&quot;:true,&quot;showCaptionDescription&quot;:true},&quot;lazy&quot;:true}\" data-foogallery-lightbox=\"{&quot;thumbs&quot;:&quot;bottom&quot;,&quot;thumbsCaptions&quot;:false,&quot;thumbsBestFit&quot;:false,&quot;thumbsSmall&quot;:false,&quot;thumbsCaptionsAlign&quot;:&quot;default&quot;,&quot;info&quot;:&quot;bottom&quot;,&quot;infoVisible&quot;:true,&quot;infoOverlay&quot;:true,&quot;infoAlign&quot;:&quot;default&quot;,&quot;transition&quot;:&quot;fade&quot;,&quot;hoverButtons&quot;:false,&quot;fitMedia&quot;:false,&quot;noScrollbars&quot;:true,&quot;preserveButtonSpace&quot;:true,&quot;buttons&quot;:{&quot;fullscreen&quot;:true,&quot;info&quot;:true,&quot;thumbs&quot;:false},&quot;video&quot;:{&quot;autoPlay&quot;:true}}\" style=\"--fg-title-line-clamp: 0; --fg-description-line-clamp: 0;\" >\n\t<div class=\"fg-item fg-type-image fg-idle\"><figure class=\"fg-item-inner\"><a href=\"https:\/\/acligphoto.fr\/wp-content\/uploads\/2024\/06\/14_Lignedefuite_Gilbert.jpg\" data-caption-title=\"Photo de Gilbert, Titre \u2018\u2019 le pont vers Narvik\u2019&#039;\" data-caption-desc=\"Photo prise en voiture, \u00e0 \u2018\u2019l\u2019arrache\u2019\u2019 en roulant vers Narvik. La perspective du tablier du pont suspendu comme celle des haubans, avec comme fond ces nuages (authentiques) m\u2019ont inspir\u00e9 ce jour-l\u00e0.\" data-attachment-id=\"13725\" data-type=\"image\" class=\"fg-thumb\"><span class=\"fg-image-wrap\"><img decoding=\"async\" title=\"Photo de Gilbert, Titre \u2018\u2019 le pont vers Narvik\u2019&#039;\" width=\"150\" height=\"150\" class=\"skip-lazy fg-image\" data-src-fg=\"https:\/\/acligphoto.fr\/wp-content\/uploads\/cache\/2024\/06\/14_Lignedefuite_Gilbert\/1409309897.jpg\" src=\"data:image\/svg+xml,%3Csvg%20xmlns%3D%22http%3A%2F%2Fwww.w3.org%2F2000%2Fsvg%22%20width%3D%22150%22%20height%3D%22150%22%20viewBox%3D%220%200%20150%20150%22%3E%3C%2Fsvg%3E\" loading=\"eager\"><\/span><span class=\"fg-image-overlay\"><\/span><\/a><figcaption class=\"fg-caption\"><div class=\"fg-caption-inner\"><div class=\"fg-caption-title\">Photo de Gilbert, Titre \u2018\u2019 le pont vers Narvik\u2019&rsquo;<\/div><div class=\"fg-caption-desc\">Photo prise en voiture, \u00e0 \u2018\u2019l\u2019arrache\u2019\u2019 en roulant vers Narvik. La perspective du tablier du pont suspendu comme celle des haubans, avec comme fond ces nuages (authentiques) m\u2019ont inspir\u00e9 ce jour-l\u00e0.<\/div><\/div><\/figcaption><\/figure><div class=\"fg-loader\"><\/div><\/div><div class=\"fg-item fg-type-image fg-idle\"><figure class=\"fg-item-inner\"><a href=\"https:\/\/acligphoto.fr\/wp-content\/uploads\/2024\/06\/13_lignedefuite_Daniel.jpg\" data-caption-title=\"Photo de Daniel\" data-caption-desc=\"Les traces occasionnelles laiss\u00e9es par les v\u00e9hicules sont des rep\u00e8res visibles pour traverser le salar d\u2019Uyuni large de 100 kilom\u00e8tres.\" data-attachment-id=\"13724\" data-type=\"image\" class=\"fg-thumb\"><span class=\"fg-image-wrap\"><img decoding=\"async\" title=\"Photo de Daniel\" width=\"150\" height=\"150\" class=\"skip-lazy fg-image\" data-src-fg=\"https:\/\/acligphoto.fr\/wp-content\/uploads\/cache\/2024\/06\/13_lignedefuite_Daniel\/3743831165.jpg\" src=\"data:image\/svg+xml,%3Csvg%20xmlns%3D%22http%3A%2F%2Fwww.w3.org%2F2000%2Fsvg%22%20width%3D%22150%22%20height%3D%22150%22%20viewBox%3D%220%200%20150%20150%22%3E%3C%2Fsvg%3E\" loading=\"eager\"><\/span><span class=\"fg-image-overlay\"><\/span><\/a><figcaption class=\"fg-caption\"><div class=\"fg-caption-inner\"><div class=\"fg-caption-title\">Photo de Daniel<\/div><div class=\"fg-caption-desc\">Les traces occasionnelles laiss\u00e9es par les v\u00e9hicules sont des rep\u00e8res visibles pour traverser le salar d\u2019Uyuni large de 100 kilom\u00e8tres.<\/div><\/div><\/figcaption><\/figure><div class=\"fg-loader\"><\/div><\/div><div class=\"fg-item fg-type-image fg-idle\"><figure class=\"fg-item-inner\"><a href=\"https:\/\/acligphoto.fr\/wp-content\/uploads\/2024\/06\/12_Lignedefuite_Lisa.jpg\" data-caption-title=\"Photo de Lisa, Titre : \u00ab Il joue \u00e0 cache-cache \u00bb\" data-caption-desc=\"Photo r\u00e9alis\u00e9e \u00e0 la Vill&#039;A lors de la soir\u00e9e salsa du printemps des Bretelles 2024. Les conditions ont \u00e9t\u00e9 tr\u00e8s difficiles  pour r\u00e9aliser  des photos, mais je me suis amus\u00e9e avec ce que l&#039;on avait sous la main.\" data-attachment-id=\"13723\" data-type=\"image\" class=\"fg-thumb\"><span class=\"fg-image-wrap\"><img decoding=\"async\" title=\"Photo de Lisa, Titre : \u00ab Il joue \u00e0 cache-cache \u00bb\" width=\"150\" height=\"150\" class=\"skip-lazy fg-image\" data-src-fg=\"https:\/\/acligphoto.fr\/wp-content\/uploads\/cache\/2024\/06\/12_Lignedefuite_Lisa\/711886533.jpg\" src=\"data:image\/svg+xml,%3Csvg%20xmlns%3D%22http%3A%2F%2Fwww.w3.org%2F2000%2Fsvg%22%20width%3D%22150%22%20height%3D%22150%22%20viewBox%3D%220%200%20150%20150%22%3E%3C%2Fsvg%3E\" loading=\"eager\"><\/span><span class=\"fg-image-overlay\"><\/span><\/a><figcaption class=\"fg-caption\"><div class=\"fg-caption-inner\"><div class=\"fg-caption-title\">Photo de Lisa, Titre : \u00ab Il joue \u00e0 cache-cache \u00bb<\/div><div class=\"fg-caption-desc\">Photo r\u00e9alis\u00e9e \u00e0 la Vill&rsquo;A lors de la soir\u00e9e salsa du printemps des Bretelles 2024. Les conditions ont \u00e9t\u00e9 tr\u00e8s difficiles  pour r\u00e9aliser  des photos, mais je me suis amus\u00e9e avec ce que l&rsquo;on avait sous la main.<\/div><\/div><\/figcaption><\/figure><div class=\"fg-loader\"><\/div><\/div><div class=\"fg-item fg-type-image fg-idle\"><figure class=\"fg-item-inner\"><a href=\"https:\/\/acligphoto.fr\/wp-content\/uploads\/2024\/06\/11_Lignedefuite_Alan.jpg\" data-caption-title=\"Photo de Alan\" data-caption-desc=\"Souvenir du Salar d&#039;Uyuni. Des lignes d&#039;ombres, une fuite vers l&#039;horizon qui s&#039;\u00e9tend sur une superficie totale de plus de 10500 km\u00b2.\" data-attachment-id=\"13722\" data-type=\"image\" class=\"fg-thumb\"><span class=\"fg-image-wrap\"><img decoding=\"async\" title=\"Photo de Alan\" width=\"150\" height=\"150\" class=\"skip-lazy fg-image\" data-src-fg=\"https:\/\/acligphoto.fr\/wp-content\/uploads\/cache\/2024\/06\/11_Lignedefuite_Alan\/591669642.jpg\" src=\"data:image\/svg+xml,%3Csvg%20xmlns%3D%22http%3A%2F%2Fwww.w3.org%2F2000%2Fsvg%22%20width%3D%22150%22%20height%3D%22150%22%20viewBox%3D%220%200%20150%20150%22%3E%3C%2Fsvg%3E\" loading=\"eager\"><\/span><span class=\"fg-image-overlay\"><\/span><\/a><figcaption class=\"fg-caption\"><div class=\"fg-caption-inner\"><div class=\"fg-caption-title\">Photo de Alan<\/div><div class=\"fg-caption-desc\">Souvenir du Salar d&rsquo;Uyuni. Des lignes d&rsquo;ombres, une fuite vers l&rsquo;horizon qui s&rsquo;\u00e9tend sur une superficie totale de plus de 10500 km\u00b2.<\/div><\/div><\/figcaption><\/figure><div class=\"fg-loader\"><\/div><\/div><div class=\"fg-item fg-type-image fg-idle\"><figure class=\"fg-item-inner\"><a href=\"https:\/\/acligphoto.fr\/wp-content\/uploads\/2024\/06\/10_lignedefuite_Albert.jpg\" data-caption-title=\"Photo de Albert\" data-caption-desc=\"C&#039;est une photo d&#039;une plage de la station baln\u00e9aire de Forte dei Marmi en Italie.\nComme on peut le voir, tout est impeccablement aligner au cordeau comme le souligne les ligne de fuite mat\u00e9rialis\u00e9es en rouge que j&#039;ai ajout\u00e9.\" data-attachment-id=\"13721\" data-type=\"image\" class=\"fg-thumb\"><span class=\"fg-image-wrap\"><img decoding=\"async\" title=\"Photo de Albert\" width=\"150\" height=\"150\" class=\"skip-lazy fg-image\" data-src-fg=\"https:\/\/acligphoto.fr\/wp-content\/uploads\/cache\/2024\/06\/10_lignedefuite_Albert\/3643277633.jpg\" src=\"data:image\/svg+xml,%3Csvg%20xmlns%3D%22http%3A%2F%2Fwww.w3.org%2F2000%2Fsvg%22%20width%3D%22150%22%20height%3D%22150%22%20viewBox%3D%220%200%20150%20150%22%3E%3C%2Fsvg%3E\" loading=\"eager\"><\/span><span class=\"fg-image-overlay\"><\/span><\/a><figcaption class=\"fg-caption\"><div class=\"fg-caption-inner\"><div class=\"fg-caption-title\">Photo de Albert<\/div><div class=\"fg-caption-desc\">C&rsquo;est une photo d&rsquo;une plage de la station baln\u00e9aire de Forte dei Marmi en Italie.\nComme on peut le voir, tout est impeccablement aligner au cordeau comme le souligne les ligne de fuite mat\u00e9rialis\u00e9es en rouge que j&rsquo;ai ajout\u00e9.<\/div><\/div><\/figcaption><\/figure><div class=\"fg-loader\"><\/div><\/div><div class=\"fg-item fg-type-image fg-idle\"><figure class=\"fg-item-inner\"><a href=\"https:\/\/acligphoto.fr\/wp-content\/uploads\/2024\/06\/09_lignedefuite_Armand.jpg\" data-caption-title=\"Photo de Armand\" data-caption-desc=\"Une fuite de tulipes en une courbe \u00e9l\u00e9gante au parc du ch\u00e2teau \u00e0 Karlsruhe.\" data-attachment-id=\"13720\" data-type=\"image\" class=\"fg-thumb\"><span class=\"fg-image-wrap\"><img decoding=\"async\" title=\"Photo de Armand\" width=\"150\" height=\"150\" class=\"skip-lazy fg-image\" data-src-fg=\"https:\/\/acligphoto.fr\/wp-content\/uploads\/cache\/2024\/06\/09_lignedefuite_Armand\/336131543.jpg\" src=\"data:image\/svg+xml,%3Csvg%20xmlns%3D%22http%3A%2F%2Fwww.w3.org%2F2000%2Fsvg%22%20width%3D%22150%22%20height%3D%22150%22%20viewBox%3D%220%200%20150%20150%22%3E%3C%2Fsvg%3E\" loading=\"eager\"><\/span><span class=\"fg-image-overlay\"><\/span><\/a><figcaption class=\"fg-caption\"><div class=\"fg-caption-inner\"><div class=\"fg-caption-title\">Photo de Armand<\/div><div class=\"fg-caption-desc\">Une fuite de tulipes en une courbe \u00e9l\u00e9gante au parc du ch\u00e2teau \u00e0 Karlsruhe.<\/div><\/div><\/figcaption><\/figure><div class=\"fg-loader\"><\/div><\/div><div class=\"fg-item fg-type-image fg-idle\"><figure class=\"fg-item-inner\"><a href=\"https:\/\/acligphoto.fr\/wp-content\/uploads\/2024\/06\/08_lignedefuite_Florence.jpg\" data-caption-title=\"Photo de Florence, Titre : \u00ab seul au milieu du b\u00e9ton \u00bb\" data-caption-desc=\"Photo r\u00e9alis\u00e9e au Mus\u00e9e Vitra.\" data-attachment-id=\"13719\" data-type=\"image\" class=\"fg-thumb\"><span class=\"fg-image-wrap\"><img decoding=\"async\" title=\"Photo de Florence, Titre : \u00ab seul au milieu du b\u00e9ton \u00bb\" width=\"150\" height=\"150\" class=\"skip-lazy fg-image\" data-src-fg=\"https:\/\/acligphoto.fr\/wp-content\/uploads\/cache\/2024\/06\/08_lignedefuite_Florence\/3561613608.jpg\" src=\"data:image\/svg+xml,%3Csvg%20xmlns%3D%22http%3A%2F%2Fwww.w3.org%2F2000%2Fsvg%22%20width%3D%22150%22%20height%3D%22150%22%20viewBox%3D%220%200%20150%20150%22%3E%3C%2Fsvg%3E\" loading=\"eager\"><\/span><span class=\"fg-image-overlay\"><\/span><\/a><figcaption class=\"fg-caption\"><div class=\"fg-caption-inner\"><div class=\"fg-caption-title\">Photo de Florence, Titre : \u00ab seul au milieu du b\u00e9ton \u00bb<\/div><div class=\"fg-caption-desc\">Photo r\u00e9alis\u00e9e au Mus\u00e9e Vitra.<\/div><\/div><\/figcaption><\/figure><div class=\"fg-loader\"><\/div><\/div><div class=\"fg-item fg-type-image fg-idle\"><figure class=\"fg-item-inner\"><a href=\"https:\/\/acligphoto.fr\/wp-content\/uploads\/2024\/06\/07_lignedefuite_GuyF.jpg\" data-caption-title=\"Photo de Guy F., Titre : \u00ab Minaret de Kalone \u00bb\" data-caption-desc=\"Lieu :  Bukhara Ouzb\u00e9kistan\nLa hauteur du minaret est de 47 m. La longueur de la circonf\u00e9rence du tronc \u00e0 la base est de 30 m et le diam\u00e8tre est de 1 m. Un des plus grand d\u2019Asie centrale.\" data-attachment-id=\"13718\" data-type=\"image\" class=\"fg-thumb\"><span class=\"fg-image-wrap\"><img decoding=\"async\" title=\"Photo de Guy F., Titre : \u00ab Minaret de Kalone \u00bb\" width=\"150\" height=\"150\" class=\"skip-lazy fg-image\" data-src-fg=\"https:\/\/acligphoto.fr\/wp-content\/uploads\/cache\/2024\/06\/07_lignedefuite_GuyF\/1009180229.jpg\" src=\"data:image\/svg+xml,%3Csvg%20xmlns%3D%22http%3A%2F%2Fwww.w3.org%2F2000%2Fsvg%22%20width%3D%22150%22%20height%3D%22150%22%20viewBox%3D%220%200%20150%20150%22%3E%3C%2Fsvg%3E\" loading=\"eager\"><\/span><span class=\"fg-image-overlay\"><\/span><\/a><figcaption class=\"fg-caption\"><div class=\"fg-caption-inner\"><div class=\"fg-caption-title\">Photo de Guy F., Titre : \u00ab Minaret de Kalone \u00bb<\/div><div class=\"fg-caption-desc\">Lieu :  Bukhara Ouzb\u00e9kistan\nLa hauteur du minaret est de 47 m. La longueur de la circonf\u00e9rence du tronc \u00e0 la base est de 30 m et le diam\u00e8tre est de 1 m. Un des plus grand d\u2019Asie centrale.<\/div><\/div><\/figcaption><\/figure><div class=\"fg-loader\"><\/div><\/div><div class=\"fg-item fg-type-image fg-idle\"><figure class=\"fg-item-inner\"><a href=\"https:\/\/acligphoto.fr\/wp-content\/uploads\/2024\/06\/06_lignedefuite_JC.jpg\" data-caption-title=\"Photo de Jean-Christophe, Titre : \u00ab Toujours plus haut \u00bb\" data-caption-desc=\"Je ne sais pas o\u00f9 elle va, mais elle y va.\" data-attachment-id=\"13717\" data-type=\"image\" class=\"fg-thumb\"><span class=\"fg-image-wrap\"><img decoding=\"async\" title=\"Photo de Jean-Christophe, Titre : \u00ab Toujours plus haut \u00bb\" width=\"150\" height=\"150\" class=\"skip-lazy fg-image\" data-src-fg=\"https:\/\/acligphoto.fr\/wp-content\/uploads\/cache\/2024\/06\/06_lignedefuite_JC\/667932503.jpg\" src=\"data:image\/svg+xml,%3Csvg%20xmlns%3D%22http%3A%2F%2Fwww.w3.org%2F2000%2Fsvg%22%20width%3D%22150%22%20height%3D%22150%22%20viewBox%3D%220%200%20150%20150%22%3E%3C%2Fsvg%3E\" loading=\"eager\"><\/span><span class=\"fg-image-overlay\"><\/span><\/a><figcaption class=\"fg-caption\"><div class=\"fg-caption-inner\"><div class=\"fg-caption-title\">Photo de Jean-Christophe, Titre : \u00ab Toujours plus haut \u00bb<\/div><div class=\"fg-caption-desc\">Je ne sais pas o\u00f9 elle va, mais elle y va.<\/div><\/div><\/figcaption><\/figure><div class=\"fg-loader\"><\/div><\/div><div class=\"fg-item fg-type-image fg-idle\"><figure class=\"fg-item-inner\"><a href=\"https:\/\/acligphoto.fr\/wp-content\/uploads\/2024\/06\/05_lignedefuite_Louis.jpg\" data-caption-title=\"Photo de Louis, Titre : \u00ab tour de la d\u00e9fense \u00bb\" data-caption-desc=\"R\u00e9alis\u00e9e bien s\u00fbr sur un de mes terrain de jeu favori.\" data-attachment-id=\"13716\" data-type=\"image\" class=\"fg-thumb\"><span class=\"fg-image-wrap\"><img decoding=\"async\" title=\"Photo de Louis, Titre : \u00ab tour de la d\u00e9fense \u00bb\" width=\"150\" height=\"150\" class=\"skip-lazy fg-image\" data-src-fg=\"https:\/\/acligphoto.fr\/wp-content\/uploads\/cache\/2024\/06\/05_lignedefuite_Louis\/1450586918.jpg\" src=\"data:image\/svg+xml,%3Csvg%20xmlns%3D%22http%3A%2F%2Fwww.w3.org%2F2000%2Fsvg%22%20width%3D%22150%22%20height%3D%22150%22%20viewBox%3D%220%200%20150%20150%22%3E%3C%2Fsvg%3E\" loading=\"eager\"><\/span><span class=\"fg-image-overlay\"><\/span><\/a><figcaption class=\"fg-caption\"><div class=\"fg-caption-inner\"><div class=\"fg-caption-title\">Photo de Louis, Titre : \u00ab tour de la d\u00e9fense \u00bb<\/div><div class=\"fg-caption-desc\">R\u00e9alis\u00e9e bien s\u00fbr sur un de mes terrain de jeu favori.<\/div><\/div><\/figcaption><\/figure><div class=\"fg-loader\"><\/div><\/div><div class=\"fg-item fg-type-image fg-idle\"><figure class=\"fg-item-inner\"><a href=\"https:\/\/acligphoto.fr\/wp-content\/uploads\/2024\/06\/04_lignedefuite_Sandrine.jpg\" data-caption-title=\"Photo de Sandrine\" data-caption-desc=\"Je vous propose une ligne de fuite avec une perspective cavali\u00e8re (ou chine...). Les courses de chevaux exploitent le r\u00e9flexe de fuite de ces animaux. Animaux herbivores, la premi\u00e8re strat\u00e9gie en cas de danger et de courir loin et le plus vite possible. Les courses peuvent \u00eatre en ligne droite ou bien sur des anneaux. Photo prise \u00e0 Stockholm o\u00f9 des courses de galop sont organis\u00e9es chaque 6 juin depuis 2013 sur un hippodrome \u00e9ph\u00e9m\u00e8re install\u00e9 dans une grande plaine au c\u0153ur de Stockholm (parc de G\u00e4rdet, prononc\u00e9 &quot;hier dette&quot;, qui veut dire &quot;champ&quot;... et c&#039;est effectivement un tr\u00e8s tr\u00e8s grand champ !).\" data-attachment-id=\"13715\" data-type=\"image\" class=\"fg-thumb\"><span class=\"fg-image-wrap\"><img decoding=\"async\" title=\"Photo de Sandrine\" width=\"150\" height=\"150\" class=\"skip-lazy fg-image\" data-src-fg=\"https:\/\/acligphoto.fr\/wp-content\/uploads\/cache\/2024\/06\/04_lignedefuite_Sandrine\/1549360312.jpg\" src=\"data:image\/svg+xml,%3Csvg%20xmlns%3D%22http%3A%2F%2Fwww.w3.org%2F2000%2Fsvg%22%20width%3D%22150%22%20height%3D%22150%22%20viewBox%3D%220%200%20150%20150%22%3E%3C%2Fsvg%3E\" loading=\"eager\"><\/span><span class=\"fg-image-overlay\"><\/span><\/a><figcaption class=\"fg-caption\"><div class=\"fg-caption-inner\"><div class=\"fg-caption-title\">Photo de Sandrine<\/div><div class=\"fg-caption-desc\">Je vous propose une ligne de fuite avec une perspective cavali\u00e8re (ou chine&#8230;). Les courses de chevaux exploitent le r\u00e9flexe de fuite de ces animaux. Animaux herbivores, la premi\u00e8re strat\u00e9gie en cas de danger et de courir loin et le plus vite possible. Les courses peuvent \u00eatre en ligne droite ou bien sur des anneaux. Photo prise \u00e0 Stockholm o\u00f9 des courses de galop sont organis\u00e9es chaque 6 juin depuis 2013 sur un hippodrome \u00e9ph\u00e9m\u00e8re install\u00e9 dans une grande plaine au c\u0153ur de Stockholm (parc de G\u00e4rdet, prononc\u00e9 \u00ab\u00a0hier dette\u00a0\u00bb, qui veut dire \u00ab\u00a0champ\u00a0\u00bb&#8230; et c&rsquo;est effectivement un tr\u00e8s tr\u00e8s grand champ !).<\/div><\/div><\/figcaption><\/figure><div class=\"fg-loader\"><\/div><\/div><div class=\"fg-item fg-type-image fg-idle\"><figure class=\"fg-item-inner\"><a href=\"https:\/\/acligphoto.fr\/wp-content\/uploads\/2024\/06\/03_Lignedefuite_Iza.jpg\" data-caption-title=\"Photo de Iza\" data-caption-desc=\"De bon matin ...En balade ... Mon regard est soudain attir\u00e9 par le r\u00e9tr\u00e9cissement des vignes...\nCe petit chemin qui m\u00e8ne \u00e0 la montagne avec en prime une petite \u00e9claircie.\nMes lignes de fuite sont dans la bo\u00eete !!! Vivement le prochain sujet ....\" data-attachment-id=\"13714\" data-type=\"image\" class=\"fg-thumb\"><span class=\"fg-image-wrap\"><img decoding=\"async\" title=\"Photo de Iza\" width=\"150\" height=\"150\" class=\"skip-lazy fg-image\" data-src-fg=\"https:\/\/acligphoto.fr\/wp-content\/uploads\/cache\/2024\/06\/03_Lignedefuite_Iza\/2875194818.jpg\" src=\"data:image\/svg+xml,%3Csvg%20xmlns%3D%22http%3A%2F%2Fwww.w3.org%2F2000%2Fsvg%22%20width%3D%22150%22%20height%3D%22150%22%20viewBox%3D%220%200%20150%20150%22%3E%3C%2Fsvg%3E\" loading=\"eager\"><\/span><span class=\"fg-image-overlay\"><\/span><\/a><figcaption class=\"fg-caption\"><div class=\"fg-caption-inner\"><div class=\"fg-caption-title\">Photo de Iza<\/div><div class=\"fg-caption-desc\">De bon matin &#8230;En balade &#8230; Mon regard est soudain attir\u00e9 par le r\u00e9tr\u00e9cissement des vignes&#8230;\nCe petit chemin qui m\u00e8ne \u00e0 la montagne avec en prime une petite \u00e9claircie.\nMes lignes de fuite sont dans la bo\u00eete !!! Vivement le prochain sujet &#8230;.<\/div><\/div><\/figcaption><\/figure><div class=\"fg-loader\"><\/div><\/div><div class=\"fg-item fg-type-image fg-idle\"><figure class=\"fg-item-inner\"><a href=\"https:\/\/acligphoto.fr\/wp-content\/uploads\/2024\/06\/02_lignedefuite_Francis.jpg\" data-caption-title=\"Photo de Francis\" data-caption-desc=\"Photo prise dans l&#039;Ouest Am\u00e9ricain. Ce site est un endroit sacr\u00e9 pour les Indiens\" data-attachment-id=\"13713\" data-type=\"image\" class=\"fg-thumb\"><span class=\"fg-image-wrap\"><img decoding=\"async\" title=\"Photo de Francis\" width=\"150\" height=\"150\" class=\"skip-lazy fg-image\" data-src-fg=\"https:\/\/acligphoto.fr\/wp-content\/uploads\/cache\/2024\/06\/02_lignedefuite_Francis\/453207519.jpg\" src=\"data:image\/svg+xml,%3Csvg%20xmlns%3D%22http%3A%2F%2Fwww.w3.org%2F2000%2Fsvg%22%20width%3D%22150%22%20height%3D%22150%22%20viewBox%3D%220%200%20150%20150%22%3E%3C%2Fsvg%3E\" loading=\"eager\"><\/span><span class=\"fg-image-overlay\"><\/span><\/a><figcaption class=\"fg-caption\"><div class=\"fg-caption-inner\"><div class=\"fg-caption-title\">Photo de Francis<\/div><div class=\"fg-caption-desc\">Photo prise dans l&rsquo;Ouest Am\u00e9ricain. Ce site est un endroit sacr\u00e9 pour les Indiens<\/div><\/div><\/figcaption><\/figure><div class=\"fg-loader\"><\/div><\/div><div class=\"fg-item fg-type-image fg-idle\"><figure class=\"fg-item-inner\"><a href=\"https:\/\/acligphoto.fr\/wp-content\/uploads\/2024\/06\/01_lignedefuite_GuyB.jpg\" data-caption-title=\"Photo de Guy B.\" data-caption-desc=\"Amical bonjour de Vend\u00e9e. Quelques lignes de fuites rien que pour vous.\" data-attachment-id=\"13712\" data-type=\"image\" class=\"fg-thumb\"><span class=\"fg-image-wrap\"><img decoding=\"async\" title=\"Photo de Guy B.\" width=\"150\" height=\"150\" class=\"skip-lazy fg-image\" data-src-fg=\"https:\/\/acligphoto.fr\/wp-content\/uploads\/cache\/2024\/06\/01_lignedefuite_GuyB\/4076700399.jpg\" src=\"data:image\/svg+xml,%3Csvg%20xmlns%3D%22http%3A%2F%2Fwww.w3.org%2F2000%2Fsvg%22%20width%3D%22150%22%20height%3D%22150%22%20viewBox%3D%220%200%20150%20150%22%3E%3C%2Fsvg%3E\" loading=\"eager\"><\/span><span class=\"fg-image-overlay\"><\/span><\/a><figcaption class=\"fg-caption\"><div class=\"fg-caption-inner\"><div class=\"fg-caption-title\">Photo de Guy B.<\/div><div class=\"fg-caption-desc\">Amical bonjour de Vend\u00e9e. Quelques lignes de fuites rien que pour vous.<\/div><\/div><\/figcaption><\/figure><div class=\"fg-loader\"><\/div><\/div><\/div>\n","protected":false},"excerpt":{"rendered":"<p>Lignes de fuite<\/p>\n","protected":false},"author":27,"featured_media":13719,"comment_status":"closed","ping_status":"open","sticky":true,"template":"","format":"standard","meta":{"_bbp_topic_count":0,"_bbp_reply_count":0,"_bbp_total_topic_count":0,"_bbp_total_reply_count":0,"_bbp_voice_count":0,"_bbp_anonymous_reply_count":0,"_bbp_topic_count_hidden":0,"_bbp_reply_count_hidden":0,"_bbp_forum_subforum_count":0,"footnotes":""},"categories":[7],"tags":[],"class_list":["post-13710","post","type-post","status-publish","format-standard","has-post-thumbnail","hentry","category-vie-de-latelier"],"_links":{"self":[{"href":"https:\/\/acligphoto.fr\/index.php?rest_route=\/wp\/v2\/posts\/13710","targetHints":{"allow":["GET"]}}],"collection":[{"href":"https:\/\/acligphoto.fr\/index.php?rest_route=\/wp\/v2\/posts"}],"about":[{"href":"https:\/\/acligphoto.fr\/index.php?rest_route=\/wp\/v2\/types\/post"}],"author":[{"embeddable":true,"href":"https:\/\/acligphoto.fr\/index.php?rest_route=\/wp\/v2\/users\/27"}],"replies":[{"embeddable":true,"href":"https:\/\/acligphoto.fr\/index.php?rest_route=%2Fwp%2Fv2%2Fcomments&post=13710"}],"version-history":[{"count":2,"href":"https:\/\/acligphoto.fr\/index.php?rest_route=\/wp\/v2\/posts\/13710\/revisions"}],"predecessor-version":[{"id":13727,"href":"https:\/\/acligphoto.fr\/index.php?rest_route=\/wp\/v2\/posts\/13710\/revisions\/13727"}],"wp:featuredmedia":[{"embeddable":true,"href":"https:\/\/acligphoto.fr\/index.php?rest_route=\/wp\/v2\/media\/13719"}],"wp:attachment":[{"href":"https:\/\/acligphoto.fr\/index.php?rest_route=%2Fwp%2Fv2%2Fmedia&parent=13710"}],"wp:term":[{"taxonomy":"category","embeddable":true,"href":"https:\/\/acligphoto.fr\/index.php?rest_route=%2Fwp%2Fv2%2Fcategories&post=13710"},{"taxonomy":"post_tag","embeddable":true,"href":"https:\/\/acligphoto.fr\/index.php?rest_route=%2Fwp%2Fv2%2Ftags&post=13710"}],"curies":[{"name":"wp","href":"https:\/\/api.w.org\/{rel}","templated":true}]}}