{"id":13599,"date":"2024-06-02T09:12:36","date_gmt":"2024-06-02T07:12:36","guid":{"rendered":"https:\/\/acligphoto.fr\/?p=13599"},"modified":"2024-06-02T09:12:36","modified_gmt":"2024-06-02T07:12:36","slug":"raconte-ta-photo-episode-73-2","status":"publish","type":"post","link":"https:\/\/acligphoto.fr\/?p=13599","title":{"rendered":"Raconte ta photo, \u00e9pisode 73"},"content":{"rendered":"\n<p class=\"has-large-font-size\">Vert, verre, vers dans tous ses \u00e9tats<\/p>\n\n\n<style type=\"text\/css\">\n#foogallery-gallery-13617 .fg-image { width: 150px; }\n#foogallery-gallery-13617 { --fg-gutter: 10px; }<\/style>\n\t\t\t<div class=\"foogallery foogallery-container foogallery-default foogallery-lightbox-foogallery fg-center fg-default fg-ready fg-light fg-border-thin fg-shadow-outline fg-loading-default fg-loaded-fade-in fg-caption-hover fg-hover-fade fg-hover-zoom\" id=\"foogallery-gallery-13617\" data-foogallery=\"{&quot;item&quot;:{&quot;showCaptionTitle&quot;:true,&quot;showCaptionDescription&quot;:true},&quot;lazy&quot;:true}\" data-foogallery-lightbox=\"{&quot;thumbs&quot;:&quot;bottom&quot;,&quot;thumbsCaptions&quot;:false,&quot;thumbsBestFit&quot;:false,&quot;thumbsSmall&quot;:false,&quot;thumbsCaptionsAlign&quot;:&quot;default&quot;,&quot;info&quot;:&quot;bottom&quot;,&quot;infoVisible&quot;:true,&quot;infoOverlay&quot;:true,&quot;infoAlign&quot;:&quot;default&quot;,&quot;transition&quot;:&quot;fade&quot;,&quot;hoverButtons&quot;:false,&quot;fitMedia&quot;:false,&quot;noScrollbars&quot;:true,&quot;preserveButtonSpace&quot;:true,&quot;buttons&quot;:{&quot;fullscreen&quot;:true,&quot;info&quot;:true,&quot;thumbs&quot;:false},&quot;video&quot;:{&quot;autoPlay&quot;:true}}\" style=\"--fg-title-line-clamp: 0; --fg-description-line-clamp: 0;\" >\n\t<div class=\"fg-item fg-type-image fg-idle\"><figure class=\"fg-item-inner\"><a href=\"https:\/\/acligphoto.fr\/wp-content\/uploads\/2024\/06\/16_vert_Florence.jpg\" data-caption-title=\"Photo de Florence, Titre : \u00ab art urbain \u00bb\" data-attachment-id=\"13616\" data-type=\"image\" class=\"fg-thumb\"><span class=\"fg-image-wrap\"><img decoding=\"async\" title=\"Photo de Florence, Titre : \u00ab art urbain \u00bb\" width=\"150\" height=\"150\" class=\"skip-lazy fg-image\" data-src-fg=\"https:\/\/acligphoto.fr\/wp-content\/uploads\/cache\/2024\/06\/16_vert_Florence\/801598101.jpg\" src=\"data:image\/svg+xml,%3Csvg%20xmlns%3D%22http%3A%2F%2Fwww.w3.org%2F2000%2Fsvg%22%20width%3D%22150%22%20height%3D%22150%22%20viewBox%3D%220%200%20150%20150%22%3E%3C%2Fsvg%3E\" loading=\"eager\"><\/span><span class=\"fg-image-overlay\"><\/span><\/a><figcaption class=\"fg-caption\"><div class=\"fg-caption-inner\"><div class=\"fg-caption-title\">Photo de Florence, Titre : \u00ab art urbain \u00bb<\/div><\/div><\/figcaption><\/figure><div class=\"fg-loader\"><\/div><\/div><div class=\"fg-item fg-type-image fg-idle\"><figure class=\"fg-item-inner\"><a href=\"https:\/\/acligphoto.fr\/wp-content\/uploads\/2024\/06\/15_vert_Louis.jpg\" data-caption-title=\"Photo de Louis, Titre : \u00ab Verre comme verri\u00e8re + verdure&quot;\" data-caption-desc=\"Photo r\u00e9alis\u00e9e lors de notre sortie \u00e0 Barcelone\" data-attachment-id=\"13615\" data-type=\"image\" class=\"fg-thumb\"><span class=\"fg-image-wrap\"><img decoding=\"async\" title=\"Photo de Louis, Titre : \u00ab Verre comme verri\u00e8re + verdure&quot;\" width=\"150\" height=\"150\" class=\"skip-lazy fg-image\" data-src-fg=\"https:\/\/acligphoto.fr\/wp-content\/uploads\/cache\/2024\/06\/15_vert_Louis\/706557838.jpg\" src=\"data:image\/svg+xml,%3Csvg%20xmlns%3D%22http%3A%2F%2Fwww.w3.org%2F2000%2Fsvg%22%20width%3D%22150%22%20height%3D%22150%22%20viewBox%3D%220%200%20150%20150%22%3E%3C%2Fsvg%3E\" loading=\"eager\"><\/span><span class=\"fg-image-overlay\"><\/span><\/a><figcaption class=\"fg-caption\"><div class=\"fg-caption-inner\"><div class=\"fg-caption-title\">Photo de Louis, Titre : \u00ab Verre comme verri\u00e8re + verdure\u00a0\u00bb<\/div><div class=\"fg-caption-desc\">Photo r\u00e9alis\u00e9e lors de notre sortie \u00e0 Barcelone<\/div><\/div><\/figcaption><\/figure><div class=\"fg-loader\"><\/div><\/div><div class=\"fg-item fg-type-image fg-idle\"><figure class=\"fg-item-inner\"><a href=\"https:\/\/acligphoto.fr\/wp-content\/uploads\/2024\/06\/14_vert_Remi.jpg\" data-caption-title=\"Photo de R\u00e9mi, Titre : \u00ab Champagne !!! \u00bb\" data-caption-desc=\"Photo r\u00e9alis\u00e9e pendant le premier confinement. ll fallait bien tuer ces longues heures \u00e0 ne rien faire.\" data-attachment-id=\"13614\" data-type=\"image\" class=\"fg-thumb\"><span class=\"fg-image-wrap\"><img decoding=\"async\" title=\"Photo de R\u00e9mi, Titre : \u00ab Champagne !!! \u00bb\" width=\"150\" height=\"150\" class=\"skip-lazy fg-image\" data-src-fg=\"https:\/\/acligphoto.fr\/wp-content\/uploads\/cache\/2024\/06\/14_vert_Remi\/2096604443.jpg\" src=\"data:image\/svg+xml,%3Csvg%20xmlns%3D%22http%3A%2F%2Fwww.w3.org%2F2000%2Fsvg%22%20width%3D%22150%22%20height%3D%22150%22%20viewBox%3D%220%200%20150%20150%22%3E%3C%2Fsvg%3E\" loading=\"eager\"><\/span><span class=\"fg-image-overlay\"><\/span><\/a><figcaption class=\"fg-caption\"><div class=\"fg-caption-inner\"><div class=\"fg-caption-title\">Photo de R\u00e9mi, Titre : \u00ab Champagne !!! \u00bb<\/div><div class=\"fg-caption-desc\">Photo r\u00e9alis\u00e9e pendant le premier confinement. ll fallait bien tuer ces longues heures \u00e0 ne rien faire.<\/div><\/div><\/figcaption><\/figure><div class=\"fg-loader\"><\/div><\/div><div class=\"fg-item fg-type-image fg-idle\"><figure class=\"fg-item-inner\"><a href=\"https:\/\/acligphoto.fr\/wp-content\/uploads\/2024\/06\/13_vert_Daniel.jpg\" data-caption-title=\"Photo de Daniel\" data-caption-desc=\"Spectacle de danses et de chants traditionnels dans l&#039;ancienne capitale chinoise, Xi&#039;an.\" data-attachment-id=\"13613\" data-type=\"image\" class=\"fg-thumb\"><span class=\"fg-image-wrap\"><img decoding=\"async\" title=\"Photo de Daniel\" width=\"150\" height=\"150\" class=\"skip-lazy fg-image\" data-src-fg=\"https:\/\/acligphoto.fr\/wp-content\/uploads\/cache\/2024\/06\/13_vert_Daniel\/3105372162.jpg\" src=\"data:image\/svg+xml,%3Csvg%20xmlns%3D%22http%3A%2F%2Fwww.w3.org%2F2000%2Fsvg%22%20width%3D%22150%22%20height%3D%22150%22%20viewBox%3D%220%200%20150%20150%22%3E%3C%2Fsvg%3E\" loading=\"eager\"><\/span><span class=\"fg-image-overlay\"><\/span><\/a><figcaption class=\"fg-caption\"><div class=\"fg-caption-inner\"><div class=\"fg-caption-title\">Photo de Daniel<\/div><div class=\"fg-caption-desc\">Spectacle de danses et de chants traditionnels dans l&rsquo;ancienne capitale chinoise, Xi&rsquo;an.<\/div><\/div><\/figcaption><\/figure><div class=\"fg-loader\"><\/div><\/div><div class=\"fg-item fg-type-image fg-idle\"><figure class=\"fg-item-inner\"><a href=\"https:\/\/acligphoto.fr\/wp-content\/uploads\/2024\/06\/12_vert_Alan.jpg\" data-caption-title=\"Photo de Alan\" data-caption-desc=\"Souvenir de la for\u00eat d&#039; Helgoaut. Et oui en Bretagne nous avons des lieux magiques! Je le jure cette photo a \u00e9t\u00e9 r\u00e9alis\u00e9e sans chouchen.\" data-attachment-id=\"13612\" data-type=\"image\" class=\"fg-thumb\"><span class=\"fg-image-wrap\"><img decoding=\"async\" title=\"Photo de Alan\" width=\"150\" height=\"150\" class=\"skip-lazy fg-image\" data-src-fg=\"https:\/\/acligphoto.fr\/wp-content\/uploads\/cache\/2024\/06\/12_vert_Alan\/4186529058.jpg\" src=\"data:image\/svg+xml,%3Csvg%20xmlns%3D%22http%3A%2F%2Fwww.w3.org%2F2000%2Fsvg%22%20width%3D%22150%22%20height%3D%22150%22%20viewBox%3D%220%200%20150%20150%22%3E%3C%2Fsvg%3E\" loading=\"eager\"><\/span><span class=\"fg-image-overlay\"><\/span><\/a><figcaption class=\"fg-caption\"><div class=\"fg-caption-inner\"><div class=\"fg-caption-title\">Photo de Alan<\/div><div class=\"fg-caption-desc\">Souvenir de la for\u00eat d&rsquo; Helgoaut. Et oui en Bretagne nous avons des lieux magiques! Je le jure cette photo a \u00e9t\u00e9 r\u00e9alis\u00e9e sans chouchen.<\/div><\/div><\/figcaption><\/figure><div class=\"fg-loader\"><\/div><\/div><div class=\"fg-item fg-type-image fg-idle\"><figure class=\"fg-item-inner\"><a href=\"https:\/\/acligphoto.fr\/wp-content\/uploads\/2024\/06\/11_vert_Gerard.jpg\" data-caption-title=\"Photo de G\u00e9rard\" data-caption-desc=\"Le vert sous toutes ces nuances avec ce petit plan d&#039;eau qui invite \u00e0 la d\u00e9tente et au calme lors de notre week-end \u00e0 G\u00e9rardmer.\" data-attachment-id=\"13611\" data-type=\"image\" class=\"fg-thumb\"><span class=\"fg-image-wrap\"><img decoding=\"async\" title=\"Photo de G\u00e9rard\" width=\"150\" height=\"150\" class=\"skip-lazy fg-image\" data-src-fg=\"https:\/\/acligphoto.fr\/wp-content\/uploads\/cache\/2024\/06\/11_vert_Gerard\/1572582966.jpg\" src=\"data:image\/svg+xml,%3Csvg%20xmlns%3D%22http%3A%2F%2Fwww.w3.org%2F2000%2Fsvg%22%20width%3D%22150%22%20height%3D%22150%22%20viewBox%3D%220%200%20150%20150%22%3E%3C%2Fsvg%3E\" loading=\"eager\"><\/span><span class=\"fg-image-overlay\"><\/span><\/a><figcaption class=\"fg-caption\"><div class=\"fg-caption-inner\"><div class=\"fg-caption-title\">Photo de G\u00e9rard<\/div><div class=\"fg-caption-desc\">Le vert sous toutes ces nuances avec ce petit plan d&rsquo;eau qui invite \u00e0 la d\u00e9tente et au calme lors de notre week-end \u00e0 G\u00e9rardmer.<\/div><\/div><\/figcaption><\/figure><div class=\"fg-loader\"><\/div><\/div><div class=\"fg-item fg-type-image fg-idle\"><figure class=\"fg-item-inner\"><a href=\"https:\/\/acligphoto.fr\/wp-content\/uploads\/2024\/06\/10_vert_Iza.jpg\" data-caption-title=\"Photo de Iza\" data-caption-desc=\"Merci Albert de nous avoir invit\u00e9 au vert, une sortie club pour changer d&#039;air \u00e0 la d\u00e9couverte d&#039;un autre univers.\" data-attachment-id=\"13610\" data-type=\"image\" class=\"fg-thumb\"><span class=\"fg-image-wrap\"><img decoding=\"async\" title=\"Photo de Iza\" width=\"150\" height=\"150\" class=\"skip-lazy fg-image\" data-src-fg=\"https:\/\/acligphoto.fr\/wp-content\/uploads\/cache\/2024\/06\/10_vert_Iza\/2768303561.jpg\" src=\"data:image\/svg+xml,%3Csvg%20xmlns%3D%22http%3A%2F%2Fwww.w3.org%2F2000%2Fsvg%22%20width%3D%22150%22%20height%3D%22150%22%20viewBox%3D%220%200%20150%20150%22%3E%3C%2Fsvg%3E\" loading=\"eager\"><\/span><span class=\"fg-image-overlay\"><\/span><\/a><figcaption class=\"fg-caption\"><div class=\"fg-caption-inner\"><div class=\"fg-caption-title\">Photo de Iza<\/div><div class=\"fg-caption-desc\">Merci Albert de nous avoir invit\u00e9 au vert, une sortie club pour changer d&rsquo;air \u00e0 la d\u00e9couverte d&rsquo;un autre univers.<\/div><\/div><\/figcaption><\/figure><div class=\"fg-loader\"><\/div><\/div><div class=\"fg-item fg-type-image fg-idle\"><figure class=\"fg-item-inner\"><a href=\"https:\/\/acligphoto.fr\/wp-content\/uploads\/2024\/06\/09_Vert_Robert.jpg\" data-caption-title=\"Photo de Robert, Titre : \u00ab Casser du verre \u00bb\" data-attachment-id=\"13609\" data-type=\"image\" class=\"fg-thumb\"><span class=\"fg-image-wrap\"><img decoding=\"async\" title=\"Photo de Robert, Titre : \u00ab Casser du verre \u00bb\" width=\"150\" height=\"150\" class=\"skip-lazy fg-image\" data-src-fg=\"https:\/\/acligphoto.fr\/wp-content\/uploads\/cache\/2024\/06\/09_Vert_Robert\/858027189.jpg\" src=\"data:image\/svg+xml,%3Csvg%20xmlns%3D%22http%3A%2F%2Fwww.w3.org%2F2000%2Fsvg%22%20width%3D%22150%22%20height%3D%22150%22%20viewBox%3D%220%200%20150%20150%22%3E%3C%2Fsvg%3E\" loading=\"eager\"><\/span><span class=\"fg-image-overlay\"><\/span><\/a><figcaption class=\"fg-caption\"><div class=\"fg-caption-inner\"><div class=\"fg-caption-title\">Photo de Robert, Titre : \u00ab Casser du verre \u00bb<\/div><\/div><\/figcaption><\/figure><div class=\"fg-loader\"><\/div><\/div><div class=\"fg-item fg-type-image fg-idle\"><figure class=\"fg-item-inner\"><a href=\"https:\/\/acligphoto.fr\/wp-content\/uploads\/2024\/06\/08_Vert_Lisa.jpg\" data-caption-title=\"Photo de Lisa, Titre : \u00ab je joue \u00e0 cache-cache \u00bb\" data-caption-desc=\"Photo prise lors de notre sortie de samedi apr\u00e8s-midi, avec un beau soleil. Difficile \u00e0 distinguer quand tout est vert ......\" data-attachment-id=\"13608\" data-type=\"image\" class=\"fg-thumb\"><span class=\"fg-image-wrap\"><img decoding=\"async\" title=\"Photo de Lisa, Titre : \u00ab je joue \u00e0 cache-cache \u00bb\" width=\"150\" height=\"150\" class=\"skip-lazy fg-image\" data-src-fg=\"https:\/\/acligphoto.fr\/wp-content\/uploads\/cache\/2024\/06\/08_Vert_Lisa\/497636752.jpg\" src=\"data:image\/svg+xml,%3Csvg%20xmlns%3D%22http%3A%2F%2Fwww.w3.org%2F2000%2Fsvg%22%20width%3D%22150%22%20height%3D%22150%22%20viewBox%3D%220%200%20150%20150%22%3E%3C%2Fsvg%3E\" loading=\"eager\"><\/span><span class=\"fg-image-overlay\"><\/span><\/a><figcaption class=\"fg-caption\"><div class=\"fg-caption-inner\"><div class=\"fg-caption-title\">Photo de Lisa, Titre : \u00ab je joue \u00e0 cache-cache \u00bb<\/div><div class=\"fg-caption-desc\">Photo prise lors de notre sortie de samedi apr\u00e8s-midi, avec un beau soleil. Difficile \u00e0 distinguer quand tout est vert &#8230;&#8230;<\/div><\/div><\/figcaption><\/figure><div class=\"fg-loader\"><\/div><\/div><div class=\"fg-item fg-type-image fg-idle\"><figure class=\"fg-item-inner\"><a href=\"https:\/\/acligphoto.fr\/wp-content\/uploads\/2024\/06\/07_Vert_Francois.jpg\" data-caption-title=\"Photo de Fran\u00e7ois\" data-caption-desc=\"Les parcs et jardins de Kyoto sont magnifiques au printemps, j&#039;ai \u00e9vit\u00e9 les cerisiers en fleurs car trop vus ...c&#039;est ce que j&#039;aurais pu vous \u00e9crire si je m&#039;\u00e9tais seulement rendu \u00e0 cette destination lointaine en fait il m&#039;aura suffi d&#039;un peu moins de 3 heures de TGV et de transports parisiens (avec la r\u00e9duction senior !) pour \u00eatre transport\u00e9 dans le jardin japonais du parc (et mus\u00e9e) Albert Kahn (n\u00e9 \u00e0 Marmoutier). On y trouve aussi un ersatz de for\u00eat vosgienne avec \u00e9normes blocs rocheux transport\u00e9s depuis les Vosges...\" data-attachment-id=\"13607\" data-type=\"image\" class=\"fg-thumb\"><span class=\"fg-image-wrap\"><img decoding=\"async\" title=\"Photo de Fran\u00e7ois\" width=\"150\" height=\"150\" class=\"skip-lazy fg-image\" data-src-fg=\"https:\/\/acligphoto.fr\/wp-content\/uploads\/cache\/2024\/06\/07_Vert_Francois\/516202131.jpg\" src=\"data:image\/svg+xml,%3Csvg%20xmlns%3D%22http%3A%2F%2Fwww.w3.org%2F2000%2Fsvg%22%20width%3D%22150%22%20height%3D%22150%22%20viewBox%3D%220%200%20150%20150%22%3E%3C%2Fsvg%3E\" loading=\"eager\"><\/span><span class=\"fg-image-overlay\"><\/span><\/a><figcaption class=\"fg-caption\"><div class=\"fg-caption-inner\"><div class=\"fg-caption-title\">Photo de Fran\u00e7ois<\/div><div class=\"fg-caption-desc\">Les parcs et jardins de Kyoto sont magnifiques au printemps, j&rsquo;ai \u00e9vit\u00e9 les cerisiers en fleurs car trop vus &#8230;c&rsquo;est ce que j&rsquo;aurais pu vous \u00e9crire si je m&rsquo;\u00e9tais seulement rendu \u00e0 cette destination lointaine en fait il m&rsquo;aura suffi d&rsquo;un peu moins de 3 heures de TGV et de transports parisiens (avec la r\u00e9duction senior !) pour \u00eatre transport\u00e9 dans le jardin japonais du parc (et mus\u00e9e) Albert Kahn (n\u00e9 \u00e0 Marmoutier). On y trouve aussi un ersatz de for\u00eat vosgienne avec \u00e9normes blocs rocheux transport\u00e9s depuis les Vosges&#8230;<\/div><\/div><\/figcaption><\/figure><div class=\"fg-loader\"><\/div><\/div><div class=\"fg-item fg-type-image fg-idle\"><figure class=\"fg-item-inner\"><a href=\"https:\/\/acligphoto.fr\/wp-content\/uploads\/2024\/06\/06_Vert_Francis.jpg\" data-caption-title=\"Photo de Francis, Titre : \u00ab Symphonie en vert \u00bb\" data-caption-desc=\"Photo r\u00e9alis\u00e9e lors d&#039;une randonn\u00e9e autour du massif du Honnek.\" data-attachment-id=\"13606\" data-type=\"image\" class=\"fg-thumb\"><span class=\"fg-image-wrap\"><img decoding=\"async\" title=\"Photo de Francis, Titre : \u00ab Symphonie en vert \u00bb\" width=\"150\" height=\"150\" class=\"skip-lazy fg-image\" data-src-fg=\"https:\/\/acligphoto.fr\/wp-content\/uploads\/cache\/2024\/06\/06_Vert_Francis\/4202859531.jpg\" src=\"data:image\/svg+xml,%3Csvg%20xmlns%3D%22http%3A%2F%2Fwww.w3.org%2F2000%2Fsvg%22%20width%3D%22150%22%20height%3D%22150%22%20viewBox%3D%220%200%20150%20150%22%3E%3C%2Fsvg%3E\" loading=\"eager\"><\/span><span class=\"fg-image-overlay\"><\/span><\/a><figcaption class=\"fg-caption\"><div class=\"fg-caption-inner\"><div class=\"fg-caption-title\">Photo de Francis, Titre : \u00ab Symphonie en vert \u00bb<\/div><div class=\"fg-caption-desc\">Photo r\u00e9alis\u00e9e lors d&rsquo;une randonn\u00e9e autour du massif du Honnek.<\/div><\/div><\/figcaption><\/figure><div class=\"fg-loader\"><\/div><\/div><div class=\"fg-item fg-type-image fg-idle\"><figure class=\"fg-item-inner\"><a href=\"https:\/\/acligphoto.fr\/wp-content\/uploads\/2024\/06\/05_Vert_Gilbert.jpeg\" data-caption-title=\"Photo de Gilbert, Titre : \u00ab Le g\u00e9nie du verre, la magie du cristal au Mus\u00e9e Lalique \u00bb\" data-attachment-id=\"13605\" data-type=\"image\" class=\"fg-thumb\"><span class=\"fg-image-wrap\"><img decoding=\"async\" title=\"Photo de Gilbert, Titre : \u00ab Le g\u00e9nie du verre, la magie du cristal au Mus\u00e9e Lalique \u00bb\" width=\"150\" height=\"150\" class=\"skip-lazy fg-image\" data-src-fg=\"https:\/\/acligphoto.fr\/wp-content\/uploads\/cache\/2024\/06\/05_Vert_Gilbert\/3666026552.jpeg\" src=\"data:image\/svg+xml,%3Csvg%20xmlns%3D%22http%3A%2F%2Fwww.w3.org%2F2000%2Fsvg%22%20width%3D%22150%22%20height%3D%22150%22%20viewBox%3D%220%200%20150%20150%22%3E%3C%2Fsvg%3E\" loading=\"eager\"><\/span><span class=\"fg-image-overlay\"><\/span><\/a><figcaption class=\"fg-caption\"><div class=\"fg-caption-inner\"><div class=\"fg-caption-title\">Photo de Gilbert, Titre : \u00ab Le g\u00e9nie du verre, la magie du cristal au Mus\u00e9e Lalique \u00bb<\/div><\/div><\/figcaption><\/figure><div class=\"fg-loader\"><\/div><\/div><div class=\"fg-item fg-type-image fg-idle\"><figure class=\"fg-item-inner\"><a href=\"https:\/\/acligphoto.fr\/wp-content\/uploads\/2024\/06\/04_Vert_Albert.jpg\" data-caption-title=\"Photo de Albert\" data-caption-desc=\"Toutes ces bouteilles en verre clair ou color\u00e9 en vert voire vair, sont entass\u00e9es l\u00e0 en attendant d\u2019\u00eatre emmen\u00e9es vers le lieu de recyclage pour un nouvel usage.\" data-attachment-id=\"13604\" data-type=\"image\" class=\"fg-thumb\"><span class=\"fg-image-wrap\"><img decoding=\"async\" title=\"Photo de Albert\" width=\"150\" height=\"150\" class=\"skip-lazy fg-image\" data-src-fg=\"https:\/\/acligphoto.fr\/wp-content\/uploads\/cache\/2024\/06\/04_Vert_Albert\/1871577098.jpg\" src=\"data:image\/svg+xml,%3Csvg%20xmlns%3D%22http%3A%2F%2Fwww.w3.org%2F2000%2Fsvg%22%20width%3D%22150%22%20height%3D%22150%22%20viewBox%3D%220%200%20150%20150%22%3E%3C%2Fsvg%3E\" loading=\"eager\"><\/span><span class=\"fg-image-overlay\"><\/span><\/a><figcaption class=\"fg-caption\"><div class=\"fg-caption-inner\"><div class=\"fg-caption-title\">Photo de Albert<\/div><div class=\"fg-caption-desc\">Toutes ces bouteilles en verre clair ou color\u00e9 en vert voire vair, sont entass\u00e9es l\u00e0 en attendant d\u2019\u00eatre emmen\u00e9es vers le lieu de recyclage pour un nouvel usage.<\/div><\/div><\/figcaption><\/figure><div class=\"fg-loader\"><\/div><\/div><div class=\"fg-item fg-type-image fg-idle\"><figure class=\"fg-item-inner\"><a href=\"https:\/\/acligphoto.fr\/wp-content\/uploads\/2024\/06\/03_vert_Armand.jpg\" data-caption-title=\"Photo de Armand\" data-caption-desc=\"Etranges galaxies ! Constellation d\u2019impacts dans une vitre\" data-attachment-id=\"13603\" data-type=\"image\" class=\"fg-thumb\"><span class=\"fg-image-wrap\"><img decoding=\"async\" title=\"Photo de Armand\" width=\"150\" height=\"150\" class=\"skip-lazy fg-image\" data-src-fg=\"https:\/\/acligphoto.fr\/wp-content\/uploads\/cache\/2024\/06\/03_vert_Armand\/3254068291.jpg\" src=\"data:image\/svg+xml,%3Csvg%20xmlns%3D%22http%3A%2F%2Fwww.w3.org%2F2000%2Fsvg%22%20width%3D%22150%22%20height%3D%22150%22%20viewBox%3D%220%200%20150%20150%22%3E%3C%2Fsvg%3E\" loading=\"eager\"><\/span><span class=\"fg-image-overlay\"><\/span><\/a><figcaption class=\"fg-caption\"><div class=\"fg-caption-inner\"><div class=\"fg-caption-title\">Photo de Armand<\/div><div class=\"fg-caption-desc\">Etranges galaxies ! Constellation d\u2019impacts dans une vitre<\/div><\/div><\/figcaption><\/figure><div class=\"fg-loader\"><\/div><\/div><div class=\"fg-item fg-type-image fg-idle\"><figure class=\"fg-item-inner\"><a href=\"https:\/\/acligphoto.fr\/wp-content\/uploads\/2024\/06\/02_vert_GuyF.jpeg\" data-caption-title=\"Photo de Guy F., Titre : \u00ab Elevage du vers \u00e0 soie \u00bb\" data-caption-desc=\"Un savoir ancestral qui se transmet de g\u00e9n\u00e9ration en g\u00e9n\u00e9ration. La soie vietnamienne est reconnue pour sa finesse, sa souplesse, sa douceur et sa r\u00e9sistance, et n\u2019a rien \u00e0 envier \u00e0 ses homologues chinois ou japonais.\" data-attachment-id=\"13602\" data-type=\"image\" class=\"fg-thumb\"><span class=\"fg-image-wrap\"><img decoding=\"async\" title=\"Photo de Guy F., Titre : \u00ab Elevage du vers \u00e0 soie \u00bb\" width=\"150\" height=\"150\" class=\"skip-lazy fg-image\" data-src-fg=\"https:\/\/acligphoto.fr\/wp-content\/uploads\/cache\/2024\/06\/02_vert_GuyF\/3351264525.jpeg\" src=\"data:image\/svg+xml,%3Csvg%20xmlns%3D%22http%3A%2F%2Fwww.w3.org%2F2000%2Fsvg%22%20width%3D%22150%22%20height%3D%22150%22%20viewBox%3D%220%200%20150%20150%22%3E%3C%2Fsvg%3E\" loading=\"eager\"><\/span><span class=\"fg-image-overlay\"><\/span><\/a><figcaption class=\"fg-caption\"><div class=\"fg-caption-inner\"><div class=\"fg-caption-title\">Photo de Guy F., Titre : \u00ab Elevage du vers \u00e0 soie \u00bb<\/div><div class=\"fg-caption-desc\">Un savoir ancestral qui se transmet de g\u00e9n\u00e9ration en g\u00e9n\u00e9ration. La soie vietnamienne est reconnue pour sa finesse, sa souplesse, sa douceur et sa r\u00e9sistance, et n\u2019a rien \u00e0 envier \u00e0 ses homologues chinois ou japonais.<\/div><\/div><\/figcaption><\/figure><div class=\"fg-loader\"><\/div><\/div><div class=\"fg-item fg-type-image fg-idle\"><figure class=\"fg-item-inner\"><a href=\"https:\/\/acligphoto.fr\/wp-content\/uploads\/2024\/06\/01_vert_JC.jpeg\" data-caption-title=\"Photo de Jean-Christophe, Titre : \u00ab Une Perle dans une Bendorf \u00bb\" data-caption-desc=\"Apr\u00e8s avoir photographi\u00e9 puis fum\u00e9 le gazon, d\u00e9sesp\u00e9r\u00e9 et \u00e0 court d\u2019id\u00e9e pour ce challenge, j\u2019ai d\u00e9cid\u00e9 de me m&#039;enivrer. L\u2019id\u00e9e m\u2019est soudainement venue en d\u00e9gustant au soleil avec une d\u00e9licieuse bi\u00e8re Perle dans les vignes. A la v\u00f4tre !\" data-attachment-id=\"13601\" data-type=\"image\" class=\"fg-thumb\"><span class=\"fg-image-wrap\"><img decoding=\"async\" title=\"Photo de Jean-Christophe, Titre : \u00ab Une Perle dans une Bendorf \u00bb\" width=\"150\" height=\"150\" class=\"skip-lazy fg-image\" data-src-fg=\"https:\/\/acligphoto.fr\/wp-content\/uploads\/cache\/2024\/06\/01_vert_JC\/3253722366.jpeg\" src=\"data:image\/svg+xml,%3Csvg%20xmlns%3D%22http%3A%2F%2Fwww.w3.org%2F2000%2Fsvg%22%20width%3D%22150%22%20height%3D%22150%22%20viewBox%3D%220%200%20150%20150%22%3E%3C%2Fsvg%3E\" loading=\"eager\"><\/span><span class=\"fg-image-overlay\"><\/span><\/a><figcaption class=\"fg-caption\"><div class=\"fg-caption-inner\"><div class=\"fg-caption-title\">Photo de Jean-Christophe, Titre : \u00ab Une Perle dans une Bendorf \u00bb<\/div><div class=\"fg-caption-desc\">Apr\u00e8s avoir photographi\u00e9 puis fum\u00e9 le gazon, d\u00e9sesp\u00e9r\u00e9 et \u00e0 court d\u2019id\u00e9e pour ce challenge, j\u2019ai d\u00e9cid\u00e9 de me m&rsquo;enivrer. L\u2019id\u00e9e m\u2019est soudainement venue en d\u00e9gustant au soleil avec une d\u00e9licieuse bi\u00e8re Perle dans les vignes. A la v\u00f4tre !<\/div><\/div><\/figcaption><\/figure><div class=\"fg-loader\"><\/div><\/div><\/div>\n","protected":false},"excerpt":{"rendered":"<p>Vert, verre, vers dans tous ses \u00e9tats<\/p>\n","protected":false},"author":27,"featured_media":13612,"comment_status":"closed","ping_status":"open","sticky":true,"template":"","format":"standard","meta":{"_bbp_topic_count":0,"_bbp_reply_count":0,"_bbp_total_topic_count":0,"_bbp_total_reply_count":0,"_bbp_voice_count":0,"_bbp_anonymous_reply_count":0,"_bbp_topic_count_hidden":0,"_bbp_reply_count_hidden":0,"_bbp_forum_subforum_count":0,"footnotes":""},"categories":[7],"tags":[],"class_list":["post-13599","post","type-post","status-publish","format-standard","has-post-thumbnail","hentry","category-vie-de-latelier"],"_links":{"self":[{"href":"https:\/\/acligphoto.fr\/index.php?rest_route=\/wp\/v2\/posts\/13599","targetHints":{"allow":["GET"]}}],"collection":[{"href":"https:\/\/acligphoto.fr\/index.php?rest_route=\/wp\/v2\/posts"}],"about":[{"href":"https:\/\/acligphoto.fr\/index.php?rest_route=\/wp\/v2\/types\/post"}],"author":[{"embeddable":true,"href":"https:\/\/acligphoto.fr\/index.php?rest_route=\/wp\/v2\/users\/27"}],"replies":[{"embeddable":true,"href":"https:\/\/acligphoto.fr\/index.php?rest_route=%2Fwp%2Fv2%2Fcomments&post=13599"}],"version-history":[{"count":2,"href":"https:\/\/acligphoto.fr\/index.php?rest_route=\/wp\/v2\/posts\/13599\/revisions"}],"predecessor-version":[{"id":13618,"href":"https:\/\/acligphoto.fr\/index.php?rest_route=\/wp\/v2\/posts\/13599\/revisions\/13618"}],"wp:featuredmedia":[{"embeddable":true,"href":"https:\/\/acligphoto.fr\/index.php?rest_route=\/wp\/v2\/media\/13612"}],"wp:attachment":[{"href":"https:\/\/acligphoto.fr\/index.php?rest_route=%2Fwp%2Fv2%2Fmedia&parent=13599"}],"wp:term":[{"taxonomy":"category","embeddable":true,"href":"https:\/\/acligphoto.fr\/index.php?rest_route=%2Fwp%2Fv2%2Fcategories&post=13599"},{"taxonomy":"post_tag","embeddable":true,"href":"https:\/\/acligphoto.fr\/index.php?rest_route=%2Fwp%2Fv2%2Ftags&post=13599"}],"curies":[{"name":"wp","href":"https:\/\/api.w.org\/{rel}","templated":true}]}}