{"id":13398,"date":"2024-05-05T20:08:29","date_gmt":"2024-05-05T18:08:29","guid":{"rendered":"https:\/\/acligphoto.fr\/?p=13398"},"modified":"2024-05-06T08:32:16","modified_gmt":"2024-05-06T06:32:16","slug":"photo-decouverte-n-4","status":"publish","type":"post","link":"https:\/\/acligphoto.fr\/?p=13398","title":{"rendered":"Photo d\u00e9couverte n\u00b0 4 :"},"content":{"rendered":"\n<p class=\"has-large-font-size\">Anvers 1992 par Harry Gruyaert<\/p>\n\n\n\n<p><\/p>\n\n\n\n<figure class=\"wp-block-image size-large\"><a href=\"https:\/\/acligphoto.fr\/wp-content\/uploads\/2024\/05\/harry-gruyaert-belgium-antwerp-1992-tirage-posterieur-fifty-one.jpeg\"><img loading=\"lazy\" decoding=\"async\" width=\"1920\" height=\"1341\" src=\"https:\/\/acligphoto.fr\/wp-content\/uploads\/2024\/05\/harry-gruyaert-belgium-antwerp-1992-tirage-posterieur-fifty-one-1920x1341.jpeg\" alt=\"\" class=\"wp-image-13403\" srcset=\"https:\/\/acligphoto.fr\/wp-content\/uploads\/2024\/05\/harry-gruyaert-belgium-antwerp-1992-tirage-posterieur-fifty-one-1920x1341.jpeg 1920w, https:\/\/acligphoto.fr\/wp-content\/uploads\/2024\/05\/harry-gruyaert-belgium-antwerp-1992-tirage-posterieur-fifty-one-300x210.jpeg 300w, https:\/\/acligphoto.fr\/wp-content\/uploads\/2024\/05\/harry-gruyaert-belgium-antwerp-1992-tirage-posterieur-fifty-one-768x537.jpeg 768w, https:\/\/acligphoto.fr\/wp-content\/uploads\/2024\/05\/harry-gruyaert-belgium-antwerp-1992-tirage-posterieur-fifty-one-1536x1073.jpeg 1536w, https:\/\/acligphoto.fr\/wp-content\/uploads\/2024\/05\/harry-gruyaert-belgium-antwerp-1992-tirage-posterieur-fifty-one-2048x1431.jpeg 2048w\" sizes=\"auto, (max-width: 1920px) 100vw, 1920px\" \/><\/a><\/figure>\n\n\n\n<p class=\"has-text-align-center has-small-font-size\">Cliquez sur la vue pour la voir en plein \u00e9cran<\/p>\n\n\n\n<p>Titre : <strong>Anvers 1992<\/strong><\/p>\n\n\n\n<p>Auteur : <strong>Harry Gruyaert<\/strong><\/p>\n\n\n\n<p><\/p>\n\n\n\n<p><strong>En savoir plus <\/strong>: cliquez sur ce lien vers <a href=\"https:\/\/phototrend.fr\/2018\/02\/zoom-photographe-harry-gruyaert\/\" target=\"_blank\" rel=\"noreferrer noopener\">la page de Phototrends qui lui est consacr\u00e9e<\/a> et tr\u00e8s abondamment illustr\u00e9e, ne n\u00e9gligez pas la petite vid\u00e9o <\/p>\n\n\n\n<p><strong>Fran\u00e7oise Pierre <\/strong>du PCR avait eu l&rsquo;occasion de r\u00e9aliser pour son club une pr\u00e9sentation d&rsquo;un livre de ce ma\u00eetre belge de la couleur (Between Worlds). Vous pouvez la voir <a href=\"https:\/\/acligphoto.fr\/wp-content\/uploads\/2024\/05\/Between-Worlds-Harry-Gruyaert.mp4\" target=\"_blank\" rel=\"noreferrer noopener\">ICI<\/a><\/p>\n","protected":false},"excerpt":{"rendered":"<p>Anvers 1992 par Harry Gruyaert Cliquez sur la vue pour la voir en plein \u00e9cran Titre : Anvers 1992 Auteur : Harry Gruyaert En savoir plus : cliquez sur ce lien vers la page de Phototrends qui lui est consacr\u00e9e et tr\u00e8s abondamment illustr\u00e9e, ne n\u00e9gligez pas la petite vid\u00e9o Fran\u00e7oise Pierre du PCR avait&#8230; <\/p>\n<div class=\"link-more\"><a href=\"https:\/\/acligphoto.fr\/?p=13398\">Lire plus<\/a><\/div>\n","protected":false},"author":1,"featured_media":13407,"comment_status":"closed","ping_status":"open","sticky":true,"template":"","format":"standard","meta":{"_bbp_topic_count":0,"_bbp_reply_count":0,"_bbp_total_topic_count":0,"_bbp_total_reply_count":0,"_bbp_voice_count":0,"_bbp_anonymous_reply_count":0,"_bbp_topic_count_hidden":0,"_bbp_reply_count_hidden":0,"_bbp_forum_subforum_count":0,"footnotes":""},"categories":[144],"tags":[],"class_list":["post-13398","post","type-post","status-publish","format-standard","has-post-thumbnail","hentry","category-photo-decouverte"],"_links":{"self":[{"href":"https:\/\/acligphoto.fr\/index.php?rest_route=\/wp\/v2\/posts\/13398","targetHints":{"allow":["GET"]}}],"collection":[{"href":"https:\/\/acligphoto.fr\/index.php?rest_route=\/wp\/v2\/posts"}],"about":[{"href":"https:\/\/acligphoto.fr\/index.php?rest_route=\/wp\/v2\/types\/post"}],"author":[{"embeddable":true,"href":"https:\/\/acligphoto.fr\/index.php?rest_route=\/wp\/v2\/users\/1"}],"replies":[{"embeddable":true,"href":"https:\/\/acligphoto.fr\/index.php?rest_route=%2Fwp%2Fv2%2Fcomments&post=13398"}],"version-history":[{"count":6,"href":"https:\/\/acligphoto.fr\/index.php?rest_route=\/wp\/v2\/posts\/13398\/revisions"}],"predecessor-version":[{"id":13424,"href":"https:\/\/acligphoto.fr\/index.php?rest_route=\/wp\/v2\/posts\/13398\/revisions\/13424"}],"wp:featuredmedia":[{"embeddable":true,"href":"https:\/\/acligphoto.fr\/index.php?rest_route=\/wp\/v2\/media\/13407"}],"wp:attachment":[{"href":"https:\/\/acligphoto.fr\/index.php?rest_route=%2Fwp%2Fv2%2Fmedia&parent=13398"}],"wp:term":[{"taxonomy":"category","embeddable":true,"href":"https:\/\/acligphoto.fr\/index.php?rest_route=%2Fwp%2Fv2%2Fcategories&post=13398"},{"taxonomy":"post_tag","embeddable":true,"href":"https:\/\/acligphoto.fr\/index.php?rest_route=%2Fwp%2Fv2%2Ftags&post=13398"}],"curies":[{"name":"wp","href":"https:\/\/api.w.org\/{rel}","templated":true}]}}