{"id":13365,"date":"2024-05-05T08:36:53","date_gmt":"2024-05-05T06:36:53","guid":{"rendered":"https:\/\/acligphoto.fr\/?p=13365"},"modified":"2024-05-05T08:36:53","modified_gmt":"2024-05-05T06:36:53","slug":"raconte-ta-photo","status":"publish","type":"post","link":"https:\/\/acligphoto.fr\/?p=13365","title":{"rendered":"Raconte ta photo"},"content":{"rendered":"\n<p class=\"has-large-font-size\">Sujet isol\u00e9<\/p>\n\n\n<style type=\"text\/css\">\n#foogallery-gallery-13382 .fg-image { width: 150px; }\n#foogallery-gallery-13382 { --fg-gutter: 10px; }<\/style>\n\t\t\t<div class=\"foogallery foogallery-container foogallery-default foogallery-lightbox-foogallery fg-center fg-default fg-ready fg-light fg-border-thin fg-shadow-outline fg-loading-default fg-loaded-fade-in fg-caption-hover fg-hover-fade fg-hover-zoom\" id=\"foogallery-gallery-13382\" data-foogallery=\"{&quot;item&quot;:{&quot;showCaptionTitle&quot;:true,&quot;showCaptionDescription&quot;:true},&quot;lazy&quot;:true}\" data-foogallery-lightbox=\"{&quot;thumbs&quot;:&quot;bottom&quot;,&quot;thumbsCaptions&quot;:false,&quot;thumbsBestFit&quot;:false,&quot;thumbsSmall&quot;:false,&quot;thumbsCaptionsAlign&quot;:&quot;default&quot;,&quot;info&quot;:&quot;bottom&quot;,&quot;infoVisible&quot;:true,&quot;infoOverlay&quot;:true,&quot;infoAlign&quot;:&quot;default&quot;,&quot;transition&quot;:&quot;fade&quot;,&quot;hoverButtons&quot;:false,&quot;fitMedia&quot;:false,&quot;noScrollbars&quot;:true,&quot;preserveButtonSpace&quot;:true,&quot;buttons&quot;:{&quot;fullscreen&quot;:true,&quot;info&quot;:true,&quot;thumbs&quot;:false},&quot;video&quot;:{&quot;autoPlay&quot;:true}}\" style=\"--fg-title-line-clamp: 0; --fg-description-line-clamp: 0;\" >\n\t<div class=\"fg-item fg-type-image fg-idle\"><figure class=\"fg-item-inner\"><a href=\"https:\/\/acligphoto.fr\/wp-content\/uploads\/2024\/05\/15_sujetisole_Remi.jpg\" data-caption-title=\"Photo de R\u00e9mi\" data-caption-desc=\"Quoi de mieux qu&#039;une sortie en mer pour s&#039;isoler du tumulte de la c\u00f4te m\u00e9diterran\u00e9enne ?\" data-attachment-id=\"13381\" data-type=\"image\" class=\"fg-thumb\"><span class=\"fg-image-wrap\"><img decoding=\"async\" title=\"Photo de R\u00e9mi\" width=\"150\" height=\"150\" class=\"skip-lazy fg-image\" data-src-fg=\"https:\/\/acligphoto.fr\/wp-content\/uploads\/cache\/2024\/05\/15_sujetisole_Remi\/1028499149.jpg\" src=\"data:image\/svg+xml,%3Csvg%20xmlns%3D%22http%3A%2F%2Fwww.w3.org%2F2000%2Fsvg%22%20width%3D%22150%22%20height%3D%22150%22%20viewBox%3D%220%200%20150%20150%22%3E%3C%2Fsvg%3E\" loading=\"eager\"><\/span><span class=\"fg-image-overlay\"><\/span><\/a><figcaption class=\"fg-caption\"><div class=\"fg-caption-inner\"><div class=\"fg-caption-title\">Photo de R\u00e9mi<\/div><div class=\"fg-caption-desc\">Quoi de mieux qu&rsquo;une sortie en mer pour s&rsquo;isoler du tumulte de la c\u00f4te m\u00e9diterran\u00e9enne ?<\/div><\/div><\/figcaption><\/figure><div class=\"fg-loader\"><\/div><\/div><div class=\"fg-item fg-type-image fg-idle\"><figure class=\"fg-item-inner\"><a href=\"https:\/\/acligphoto.fr\/wp-content\/uploads\/2024\/05\/14_sujetisole_Daniel.jpg\" data-caption-title=\"Photo de Daniel\" data-caption-desc=\"Le Rollier \u00e0 longs brins, c\u2019est un oiseau aux couleurs vives, qui vit sur le continent Africain.\" data-attachment-id=\"13380\" data-type=\"image\" class=\"fg-thumb\"><span class=\"fg-image-wrap\"><img decoding=\"async\" title=\"Photo de Daniel\" width=\"150\" height=\"150\" class=\"skip-lazy fg-image\" data-src-fg=\"https:\/\/acligphoto.fr\/wp-content\/uploads\/cache\/2024\/05\/14_sujetisole_Daniel\/3174155417.jpg\" src=\"data:image\/svg+xml,%3Csvg%20xmlns%3D%22http%3A%2F%2Fwww.w3.org%2F2000%2Fsvg%22%20width%3D%22150%22%20height%3D%22150%22%20viewBox%3D%220%200%20150%20150%22%3E%3C%2Fsvg%3E\" loading=\"eager\"><\/span><span class=\"fg-image-overlay\"><\/span><\/a><figcaption class=\"fg-caption\"><div class=\"fg-caption-inner\"><div class=\"fg-caption-title\">Photo de Daniel<\/div><div class=\"fg-caption-desc\">Le Rollier \u00e0 longs brins, c\u2019est un oiseau aux couleurs vives, qui vit sur le continent Africain.<\/div><\/div><\/figcaption><\/figure><div class=\"fg-loader\"><\/div><\/div><div class=\"fg-item fg-type-image fg-idle\"><figure class=\"fg-item-inner\"><a href=\"https:\/\/acligphoto.fr\/wp-content\/uploads\/2024\/05\/13_sujetisole_Florence.jpg\" data-caption-title=\"Photo de Florence\" data-caption-desc=\"Photo prise dans le quartier de Rivetoile avec un traitement sur photoshop.\" data-attachment-id=\"13379\" data-type=\"image\" class=\"fg-thumb\"><span class=\"fg-image-wrap\"><img decoding=\"async\" title=\"Photo de Florence\" width=\"150\" height=\"150\" class=\"skip-lazy fg-image\" data-src-fg=\"https:\/\/acligphoto.fr\/wp-content\/uploads\/cache\/2024\/05\/13_sujetisole_Florence\/1636203594.jpg\" src=\"data:image\/svg+xml,%3Csvg%20xmlns%3D%22http%3A%2F%2Fwww.w3.org%2F2000%2Fsvg%22%20width%3D%22150%22%20height%3D%22150%22%20viewBox%3D%220%200%20150%20150%22%3E%3C%2Fsvg%3E\" loading=\"eager\"><\/span><span class=\"fg-image-overlay\"><\/span><\/a><figcaption class=\"fg-caption\"><div class=\"fg-caption-inner\"><div class=\"fg-caption-title\">Photo de Florence<\/div><div class=\"fg-caption-desc\">Photo prise dans le quartier de Rivetoile avec un traitement sur photoshop.<\/div><\/div><\/figcaption><\/figure><div class=\"fg-loader\"><\/div><\/div><div class=\"fg-item fg-type-image fg-idle\"><figure class=\"fg-item-inner\"><a href=\"https:\/\/acligphoto.fr\/wp-content\/uploads\/2024\/05\/12_sujetisole_Louis.jpg\" data-caption-title=\"Photo de Louis\" data-caption-desc=\"Photo r\u00e9alis\u00e9e lors d\u2019une sortie \u00e0 Riv\u00e9toile.\" data-attachment-id=\"13378\" data-type=\"image\" class=\"fg-thumb\"><span class=\"fg-image-wrap\"><img decoding=\"async\" title=\"Photo de Louis\" width=\"150\" height=\"150\" class=\"skip-lazy fg-image\" data-src-fg=\"https:\/\/acligphoto.fr\/wp-content\/uploads\/cache\/2024\/05\/12_sujetisole_Louis\/3399796089.jpg\" src=\"data:image\/svg+xml,%3Csvg%20xmlns%3D%22http%3A%2F%2Fwww.w3.org%2F2000%2Fsvg%22%20width%3D%22150%22%20height%3D%22150%22%20viewBox%3D%220%200%20150%20150%22%3E%3C%2Fsvg%3E\" loading=\"eager\"><\/span><span class=\"fg-image-overlay\"><\/span><\/a><figcaption class=\"fg-caption\"><div class=\"fg-caption-inner\"><div class=\"fg-caption-title\">Photo de Louis<\/div><div class=\"fg-caption-desc\">Photo r\u00e9alis\u00e9e lors d\u2019une sortie \u00e0 Riv\u00e9toile.<\/div><\/div><\/figcaption><\/figure><div class=\"fg-loader\"><\/div><\/div><div class=\"fg-item fg-type-image fg-idle\"><figure class=\"fg-item-inner\"><a href=\"https:\/\/acligphoto.fr\/wp-content\/uploads\/2024\/05\/11_sujetisole_Gerard.jpg\" data-caption-title=\"Photo de G\u00e9rard\" data-caption-desc=\"Cette photo capture une sc\u00e8ne de p\u00eache dans ce cadre serein et naturel au bord d\u2019une mer bleue claire qui cr\u00e9e une sensation de tranquillit\u00e9 et de connexion avec la nature.\" data-attachment-id=\"13377\" data-type=\"image\" class=\"fg-thumb\"><span class=\"fg-image-wrap\"><img decoding=\"async\" title=\"Photo de G\u00e9rard\" width=\"150\" height=\"150\" class=\"skip-lazy fg-image\" data-src-fg=\"https:\/\/acligphoto.fr\/wp-content\/uploads\/cache\/2024\/05\/11_sujetisole_Gerard\/615836330.jpg\" src=\"data:image\/svg+xml,%3Csvg%20xmlns%3D%22http%3A%2F%2Fwww.w3.org%2F2000%2Fsvg%22%20width%3D%22150%22%20height%3D%22150%22%20viewBox%3D%220%200%20150%20150%22%3E%3C%2Fsvg%3E\" loading=\"eager\"><\/span><span class=\"fg-image-overlay\"><\/span><\/a><figcaption class=\"fg-caption\"><div class=\"fg-caption-inner\"><div class=\"fg-caption-title\">Photo de G\u00e9rard<\/div><div class=\"fg-caption-desc\">Cette photo capture une sc\u00e8ne de p\u00eache dans ce cadre serein et naturel au bord d\u2019une mer bleue claire qui cr\u00e9e une sensation de tranquillit\u00e9 et de connexion avec la nature.<\/div><\/div><\/figcaption><\/figure><div class=\"fg-loader\"><\/div><\/div><div class=\"fg-item fg-type-image fg-idle\"><figure class=\"fg-item-inner\"><a href=\"https:\/\/acligphoto.fr\/wp-content\/uploads\/2024\/05\/10_sujetisole_Robert.jpg\" data-caption-title=\"Photo de Robert\" data-caption-desc=\"Islande 2016, voici un renne t\u00eate basse, certainement en pleine d\u00e9pression sur une plage de sable noir en enneig\u00e9e.\" data-attachment-id=\"13376\" data-type=\"image\" class=\"fg-thumb\"><span class=\"fg-image-wrap\"><img decoding=\"async\" title=\"Photo de Robert\" width=\"150\" height=\"150\" class=\"skip-lazy fg-image\" data-src-fg=\"https:\/\/acligphoto.fr\/wp-content\/uploads\/cache\/2024\/05\/10_sujetisole_Robert\/3603323040.jpg\" src=\"data:image\/svg+xml,%3Csvg%20xmlns%3D%22http%3A%2F%2Fwww.w3.org%2F2000%2Fsvg%22%20width%3D%22150%22%20height%3D%22150%22%20viewBox%3D%220%200%20150%20150%22%3E%3C%2Fsvg%3E\" loading=\"eager\"><\/span><span class=\"fg-image-overlay\"><\/span><\/a><figcaption class=\"fg-caption\"><div class=\"fg-caption-inner\"><div class=\"fg-caption-title\">Photo de Robert<\/div><div class=\"fg-caption-desc\">Islande 2016, voici un renne t\u00eate basse, certainement en pleine d\u00e9pression sur une plage de sable noir en enneig\u00e9e.<\/div><\/div><\/figcaption><\/figure><div class=\"fg-loader\"><\/div><\/div><div class=\"fg-item fg-type-image fg-idle\"><figure class=\"fg-item-inner\"><a href=\"https:\/\/acligphoto.fr\/wp-content\/uploads\/2024\/05\/09_sujetisole_Armand.jpg\" data-caption-title=\"Photo de Armand\" data-caption-desc=\"Un sujet isol\u00e9 entre les tours d\u2019une ville contemporaine la nuit, perdu dans la g\u00e9om\u00e9trie complexe des lignes des b\u00e2timents, de la passerelle et de la route comme un papillon de nuit attir\u00e9 par la lumi\u00e8re et pris dans une toile d\u2019araign\u00e9e...\nParfois, les r\u00e9alisations dues au pouvoir d\u2019imagination et de cr\u00e9ation de l\u2019esprit humain semblent paradoxalement nous enfermer et nous isoler.\nPhoto prise au smartphone en mode \u00abnuit \u00bb: iso 638 ; 1\/25\u00e8\" data-attachment-id=\"13375\" data-type=\"image\" class=\"fg-thumb\"><span class=\"fg-image-wrap\"><img decoding=\"async\" title=\"Photo de Armand\" width=\"150\" height=\"150\" class=\"skip-lazy fg-image\" data-src-fg=\"https:\/\/acligphoto.fr\/wp-content\/uploads\/cache\/2024\/05\/09_sujetisole_Armand\/1884486030.jpg\" src=\"data:image\/svg+xml,%3Csvg%20xmlns%3D%22http%3A%2F%2Fwww.w3.org%2F2000%2Fsvg%22%20width%3D%22150%22%20height%3D%22150%22%20viewBox%3D%220%200%20150%20150%22%3E%3C%2Fsvg%3E\" loading=\"eager\"><\/span><span class=\"fg-image-overlay\"><\/span><\/a><figcaption class=\"fg-caption\"><div class=\"fg-caption-inner\"><div class=\"fg-caption-title\">Photo de Armand<\/div><div class=\"fg-caption-desc\">Un sujet isol\u00e9 entre les tours d\u2019une ville contemporaine la nuit, perdu dans la g\u00e9om\u00e9trie complexe des lignes des b\u00e2timents, de la passerelle et de la route comme un papillon de nuit attir\u00e9 par la lumi\u00e8re et pris dans une toile d\u2019araign\u00e9e&#8230;\nParfois, les r\u00e9alisations dues au pouvoir d\u2019imagination et de cr\u00e9ation de l\u2019esprit humain semblent paradoxalement nous enfermer et nous isoler.\nPhoto prise au smartphone en mode \u00abnuit \u00bb: iso 638 ; 1\/25\u00e8<\/div><\/div><\/figcaption><\/figure><div class=\"fg-loader\"><\/div><\/div><div class=\"fg-item fg-type-image fg-idle\"><figure class=\"fg-item-inner\"><a href=\"https:\/\/acligphoto.fr\/wp-content\/uploads\/2024\/05\/08_sujetisole_Iza.jpg\" data-caption-title=\"Photo de Iza\" data-caption-desc=\"Un abri en bois aper\u00e7u au loin, lors d&#039;une promenade en duo. \u00c9loign\u00e9 de toute habitation, perdu au milieu d&#039;un pr\u00e9... Il m&#039;a paru \u00eatre le &quot;sujet isol\u00e9&quot; id\u00e9al.\" data-attachment-id=\"13374\" data-type=\"image\" class=\"fg-thumb\"><span class=\"fg-image-wrap\"><img decoding=\"async\" title=\"Photo de Iza\" width=\"150\" height=\"150\" class=\"skip-lazy fg-image\" data-src-fg=\"https:\/\/acligphoto.fr\/wp-content\/uploads\/cache\/2024\/05\/08_sujetisole_Iza\/1276673756.jpg\" src=\"data:image\/svg+xml,%3Csvg%20xmlns%3D%22http%3A%2F%2Fwww.w3.org%2F2000%2Fsvg%22%20width%3D%22150%22%20height%3D%22150%22%20viewBox%3D%220%200%20150%20150%22%3E%3C%2Fsvg%3E\" loading=\"eager\"><\/span><span class=\"fg-image-overlay\"><\/span><\/a><figcaption class=\"fg-caption\"><div class=\"fg-caption-inner\"><div class=\"fg-caption-title\">Photo de Iza<\/div><div class=\"fg-caption-desc\">Un abri en bois aper\u00e7u au loin, lors d&rsquo;une promenade en duo. \u00c9loign\u00e9 de toute habitation, perdu au milieu d&rsquo;un pr\u00e9&#8230; Il m&rsquo;a paru \u00eatre le \u00ab\u00a0sujet isol\u00e9\u00a0\u00bb id\u00e9al.<\/div><\/div><\/figcaption><\/figure><div class=\"fg-loader\"><\/div><\/div><div class=\"fg-item fg-type-image fg-idle\"><figure class=\"fg-item-inner\"><a href=\"https:\/\/acligphoto.fr\/wp-content\/uploads\/2024\/05\/07_sujetisole_Lisa.jpg\" data-caption-title=\"Photo de Lisa, Titre &quot; Seul au milieu du bl\u00e9&quot;\" data-caption-desc=\"Photo prise l&#039;ann\u00e9e derni\u00e8re et que j&#039;ai trouv\u00e9 int\u00e9ressante malgr\u00e9 le trop plein de lumi\u00e8re ce jour-l\u00e0.\" data-attachment-id=\"13373\" data-type=\"image\" class=\"fg-thumb\"><span class=\"fg-image-wrap\"><img decoding=\"async\" title=\"Photo de Lisa, Titre &quot; Seul au milieu du bl\u00e9&quot;\" width=\"150\" height=\"150\" class=\"skip-lazy fg-image\" data-src-fg=\"https:\/\/acligphoto.fr\/wp-content\/uploads\/cache\/2024\/05\/07_sujetisole_Lisa\/848658720.jpg\" src=\"data:image\/svg+xml,%3Csvg%20xmlns%3D%22http%3A%2F%2Fwww.w3.org%2F2000%2Fsvg%22%20width%3D%22150%22%20height%3D%22150%22%20viewBox%3D%220%200%20150%20150%22%3E%3C%2Fsvg%3E\" loading=\"eager\"><\/span><span class=\"fg-image-overlay\"><\/span><\/a><figcaption class=\"fg-caption\"><div class=\"fg-caption-inner\"><div class=\"fg-caption-title\">Photo de Lisa, Titre \u00a0\u00bb Seul au milieu du bl\u00e9\u00a0\u00bb<\/div><div class=\"fg-caption-desc\">Photo prise l&rsquo;ann\u00e9e derni\u00e8re et que j&rsquo;ai trouv\u00e9 int\u00e9ressante malgr\u00e9 le trop plein de lumi\u00e8re ce jour-l\u00e0.<\/div><\/div><\/figcaption><\/figure><div class=\"fg-loader\"><\/div><\/div><div class=\"fg-item fg-type-image fg-idle\"><figure class=\"fg-item-inner\"><a href=\"https:\/\/acligphoto.fr\/wp-content\/uploads\/2024\/05\/06_sujetisole_GuyB.jpg\" data-caption-title=\"Photo de Guy B.\" data-caption-desc=\"Le sujet est cette sc\u00e8ne : deux personnes qui s&#039;isolent du vent, du monde...surement pour le refaire. Ca se passe sur la plage de Malo les bains.\" data-attachment-id=\"13372\" data-type=\"image\" class=\"fg-thumb\"><span class=\"fg-image-wrap\"><img decoding=\"async\" title=\"Photo de Guy B.\" width=\"150\" height=\"150\" class=\"skip-lazy fg-image\" data-src-fg=\"https:\/\/acligphoto.fr\/wp-content\/uploads\/cache\/2024\/05\/06_sujetisole_GuyB\/1158690787.jpg\" src=\"data:image\/svg+xml,%3Csvg%20xmlns%3D%22http%3A%2F%2Fwww.w3.org%2F2000%2Fsvg%22%20width%3D%22150%22%20height%3D%22150%22%20viewBox%3D%220%200%20150%20150%22%3E%3C%2Fsvg%3E\" loading=\"eager\"><\/span><span class=\"fg-image-overlay\"><\/span><\/a><figcaption class=\"fg-caption\"><div class=\"fg-caption-inner\"><div class=\"fg-caption-title\">Photo de Guy B.<\/div><div class=\"fg-caption-desc\">Le sujet est cette sc\u00e8ne : deux personnes qui s&rsquo;isolent du vent, du monde&#8230;surement pour le refaire. Ca se passe sur la plage de Malo les bains.<\/div><\/div><\/figcaption><\/figure><div class=\"fg-loader\"><\/div><\/div><div class=\"fg-item fg-type-image fg-idle\"><figure class=\"fg-item-inner\"><a href=\"https:\/\/acligphoto.fr\/wp-content\/uploads\/2024\/05\/05_sujetisole_Francis.jpg\" data-caption-title=\"Photo de Francis\" data-caption-desc=\"Lors de mon voyage en Islande, j&#039;ai c\u00f4toy\u00e9 une colonie de Macareux, j&#039;ai rep\u00e9r\u00e9 celui-l\u00e0 au moment de son envol.\" data-attachment-id=\"13371\" data-type=\"image\" class=\"fg-thumb\"><span class=\"fg-image-wrap\"><img decoding=\"async\" title=\"Photo de Francis\" width=\"150\" height=\"150\" class=\"skip-lazy fg-image\" data-src-fg=\"https:\/\/acligphoto.fr\/wp-content\/uploads\/cache\/2024\/05\/05_sujetisole_Francis\/2115936456.jpg\" src=\"data:image\/svg+xml,%3Csvg%20xmlns%3D%22http%3A%2F%2Fwww.w3.org%2F2000%2Fsvg%22%20width%3D%22150%22%20height%3D%22150%22%20viewBox%3D%220%200%20150%20150%22%3E%3C%2Fsvg%3E\" loading=\"eager\"><\/span><span class=\"fg-image-overlay\"><\/span><\/a><figcaption class=\"fg-caption\"><div class=\"fg-caption-inner\"><div class=\"fg-caption-title\">Photo de Francis<\/div><div class=\"fg-caption-desc\">Lors de mon voyage en Islande, j&rsquo;ai c\u00f4toy\u00e9 une colonie de Macareux, j&rsquo;ai rep\u00e9r\u00e9 celui-l\u00e0 au moment de son envol.<\/div><\/div><\/figcaption><\/figure><div class=\"fg-loader\"><\/div><\/div><div class=\"fg-item fg-type-image fg-idle\"><figure class=\"fg-item-inner\"><a href=\"https:\/\/acligphoto.fr\/wp-content\/uploads\/2024\/05\/04_sujetisole_GuyF.jpg\" data-caption-title=\"Photo de Guy F., Titre : \u00ab Cellule d\u2019isolement Alcatraz \u00bb\" data-caption-desc=\"C\u2019est un mod\u00e8le de prison devenue de haute s\u00e9curit\u00e9 de 1934 \u00e0 1963, offrant un maximum de s\u00e9curit\u00e9 pour pr\u00e9venir les \u00e9vasions et n&#039;accordant que peu de privil\u00e8ges aux d\u00e9tenus qui ne pouvaient n\u00e9gocier leurs conditions d&#039;incarc\u00e9ration. Sur Alcatraz on comptait 1 gardien pour 3 d\u00e9tenus, contre 1 pour 20 pour les autres prisons. Il \u00e9tait ainsi question de montrer au public que l&#039;\u00c9tat \u00e9tait r\u00e9solu \u00e0 enrayer la hausse de la criminalit\u00e9 des ann\u00e9es 30, dont la criminalit\u00e9 avait augment\u00e9 de 1000 % en 30 ans.\" data-attachment-id=\"13370\" data-type=\"image\" class=\"fg-thumb\"><span class=\"fg-image-wrap\"><img decoding=\"async\" title=\"Photo de Guy F., Titre : \u00ab Cellule d\u2019isolement Alcatraz \u00bb\" width=\"150\" height=\"150\" class=\"skip-lazy fg-image\" data-src-fg=\"https:\/\/acligphoto.fr\/wp-content\/uploads\/cache\/2024\/05\/04_sujetisole_GuyF\/233324748.jpg\" src=\"data:image\/svg+xml,%3Csvg%20xmlns%3D%22http%3A%2F%2Fwww.w3.org%2F2000%2Fsvg%22%20width%3D%22150%22%20height%3D%22150%22%20viewBox%3D%220%200%20150%20150%22%3E%3C%2Fsvg%3E\" loading=\"eager\"><\/span><span class=\"fg-image-overlay\"><\/span><\/a><figcaption class=\"fg-caption\"><div class=\"fg-caption-inner\"><div class=\"fg-caption-title\">Photo de Guy F., Titre : \u00ab Cellule d\u2019isolement Alcatraz \u00bb<\/div><div class=\"fg-caption-desc\">C\u2019est un mod\u00e8le de prison devenue de haute s\u00e9curit\u00e9 de 1934 \u00e0 1963, offrant un maximum de s\u00e9curit\u00e9 pour pr\u00e9venir les \u00e9vasions et n&rsquo;accordant que peu de privil\u00e8ges aux d\u00e9tenus qui ne pouvaient n\u00e9gocier leurs conditions d&rsquo;incarc\u00e9ration. Sur Alcatraz on comptait 1 gardien pour 3 d\u00e9tenus, contre 1 pour 20 pour les autres prisons. Il \u00e9tait ainsi question de montrer au public que l&rsquo;\u00c9tat \u00e9tait r\u00e9solu \u00e0 enrayer la hausse de la criminalit\u00e9 des ann\u00e9es 30, dont la criminalit\u00e9 avait augment\u00e9 de 1000 % en 30 ans.<\/div><\/div><\/figcaption><\/figure><div class=\"fg-loader\"><\/div><\/div><div class=\"fg-item fg-type-image fg-idle\"><figure class=\"fg-item-inner\"><a href=\"https:\/\/acligphoto.fr\/wp-content\/uploads\/2024\/05\/03_sujetisole_Claude.jpg\" data-caption-title=\"Photo de Claude, Titre : \u00ab Oh ! Mare, Oh D\u00e9sespoir ! \u00bb\" data-attachment-id=\"13369\" data-type=\"image\" class=\"fg-thumb\"><span class=\"fg-image-wrap\"><img decoding=\"async\" title=\"Photo de Claude, Titre : \u00ab Oh ! Mare, Oh D\u00e9sespoir ! \u00bb\" width=\"150\" height=\"150\" class=\"skip-lazy fg-image\" data-src-fg=\"https:\/\/acligphoto.fr\/wp-content\/uploads\/cache\/2024\/05\/03_sujetisole_Claude\/1629572581.jpg\" src=\"data:image\/svg+xml,%3Csvg%20xmlns%3D%22http%3A%2F%2Fwww.w3.org%2F2000%2Fsvg%22%20width%3D%22150%22%20height%3D%22150%22%20viewBox%3D%220%200%20150%20150%22%3E%3C%2Fsvg%3E\" loading=\"eager\"><\/span><span class=\"fg-image-overlay\"><\/span><\/a><figcaption class=\"fg-caption\"><div class=\"fg-caption-inner\"><div class=\"fg-caption-title\">Photo de Claude, Titre : \u00ab Oh ! Mare, Oh D\u00e9sespoir ! \u00bb<\/div><\/div><\/figcaption><\/figure><div class=\"fg-loader\"><\/div><\/div><div class=\"fg-item fg-type-image fg-idle\"><figure class=\"fg-item-inner\"><a href=\"https:\/\/acligphoto.fr\/wp-content\/uploads\/2024\/05\/02_sujetisole_Beatrice.jpg\" data-caption-title=\"Photo de B\u00e9atrice, Titre : \u00ab Essaim de branches \u00bb\" data-caption-desc=\"Prise dans le Ried lors des crues printani\u00e8res.\" data-attachment-id=\"13368\" data-type=\"image\" class=\"fg-thumb\"><span class=\"fg-image-wrap\"><img decoding=\"async\" title=\"Photo de B\u00e9atrice, Titre : \u00ab Essaim de branches \u00bb\" width=\"150\" height=\"150\" class=\"skip-lazy fg-image\" data-src-fg=\"https:\/\/acligphoto.fr\/wp-content\/uploads\/cache\/2024\/05\/02_sujetisole_Beatrice\/1232666595.jpg\" src=\"data:image\/svg+xml,%3Csvg%20xmlns%3D%22http%3A%2F%2Fwww.w3.org%2F2000%2Fsvg%22%20width%3D%22150%22%20height%3D%22150%22%20viewBox%3D%220%200%20150%20150%22%3E%3C%2Fsvg%3E\" loading=\"eager\"><\/span><span class=\"fg-image-overlay\"><\/span><\/a><figcaption class=\"fg-caption\"><div class=\"fg-caption-inner\"><div class=\"fg-caption-title\">Photo de B\u00e9atrice, Titre : \u00ab Essaim de branches \u00bb<\/div><div class=\"fg-caption-desc\">Prise dans le Ried lors des crues printani\u00e8res.<\/div><\/div><\/figcaption><\/figure><div class=\"fg-loader\"><\/div><\/div><div class=\"fg-item fg-type-image fg-idle\"><figure class=\"fg-item-inner\"><a href=\"https:\/\/acligphoto.fr\/wp-content\/uploads\/2024\/05\/01_sujetisole_JC.jpg\" data-caption-title=\"Photo de Jean-Christophe, Titre : \u00ab Chi Chong \u00bb\" data-caption-desc=\"Photo prise au 85 mm 1.8 pendant une des s\u00e9ances de Chi Chong\" data-attachment-id=\"13367\" data-type=\"image\" class=\"fg-thumb\"><span class=\"fg-image-wrap\"><img decoding=\"async\" title=\"Photo de Jean-Christophe, Titre : \u00ab Chi Chong \u00bb\" width=\"150\" height=\"150\" class=\"skip-lazy fg-image\" data-src-fg=\"https:\/\/acligphoto.fr\/wp-content\/uploads\/cache\/2024\/05\/01_sujetisole_JC\/642343616.jpg\" src=\"data:image\/svg+xml,%3Csvg%20xmlns%3D%22http%3A%2F%2Fwww.w3.org%2F2000%2Fsvg%22%20width%3D%22150%22%20height%3D%22150%22%20viewBox%3D%220%200%20150%20150%22%3E%3C%2Fsvg%3E\" loading=\"eager\"><\/span><span class=\"fg-image-overlay\"><\/span><\/a><figcaption class=\"fg-caption\"><div class=\"fg-caption-inner\"><div class=\"fg-caption-title\">Photo de Jean-Christophe, Titre : \u00ab Chi Chong \u00bb<\/div><div class=\"fg-caption-desc\">Photo prise au 85 mm 1.8 pendant une des s\u00e9ances de Chi Chong<\/div><\/div><\/figcaption><\/figure><div class=\"fg-loader\"><\/div><\/div><\/div>\n","protected":false},"excerpt":{"rendered":"<p>Sujet isol\u00e9<\/p>\n","protected":false},"author":27,"featured_media":13380,"comment_status":"closed","ping_status":"open","sticky":true,"template":"","format":"standard","meta":{"_bbp_topic_count":0,"_bbp_reply_count":0,"_bbp_total_topic_count":0,"_bbp_total_reply_count":0,"_bbp_voice_count":0,"_bbp_anonymous_reply_count":0,"_bbp_topic_count_hidden":0,"_bbp_reply_count_hidden":0,"_bbp_forum_subforum_count":0,"footnotes":""},"categories":[7],"tags":[],"class_list":["post-13365","post","type-post","status-publish","format-standard","has-post-thumbnail","hentry","category-vie-de-latelier"],"_links":{"self":[{"href":"https:\/\/acligphoto.fr\/index.php?rest_route=\/wp\/v2\/posts\/13365","targetHints":{"allow":["GET"]}}],"collection":[{"href":"https:\/\/acligphoto.fr\/index.php?rest_route=\/wp\/v2\/posts"}],"about":[{"href":"https:\/\/acligphoto.fr\/index.php?rest_route=\/wp\/v2\/types\/post"}],"author":[{"embeddable":true,"href":"https:\/\/acligphoto.fr\/index.php?rest_route=\/wp\/v2\/users\/27"}],"replies":[{"embeddable":true,"href":"https:\/\/acligphoto.fr\/index.php?rest_route=%2Fwp%2Fv2%2Fcomments&post=13365"}],"version-history":[{"count":2,"href":"https:\/\/acligphoto.fr\/index.php?rest_route=\/wp\/v2\/posts\/13365\/revisions"}],"predecessor-version":[{"id":13383,"href":"https:\/\/acligphoto.fr\/index.php?rest_route=\/wp\/v2\/posts\/13365\/revisions\/13383"}],"wp:featuredmedia":[{"embeddable":true,"href":"https:\/\/acligphoto.fr\/index.php?rest_route=\/wp\/v2\/media\/13380"}],"wp:attachment":[{"href":"https:\/\/acligphoto.fr\/index.php?rest_route=%2Fwp%2Fv2%2Fmedia&parent=13365"}],"wp:term":[{"taxonomy":"category","embeddable":true,"href":"https:\/\/acligphoto.fr\/index.php?rest_route=%2Fwp%2Fv2%2Fcategories&post=13365"},{"taxonomy":"post_tag","embeddable":true,"href":"https:\/\/acligphoto.fr\/index.php?rest_route=%2Fwp%2Fv2%2Ftags&post=13365"}],"curies":[{"name":"wp","href":"https:\/\/api.w.org\/{rel}","templated":true}]}}