{"id":13224,"date":"2024-04-22T20:31:16","date_gmt":"2024-04-22T18:31:16","guid":{"rendered":"https:\/\/acligphoto.fr\/?p=13224"},"modified":"2024-04-22T20:37:50","modified_gmt":"2024-04-22T18:37:50","slug":"le-tango","status":"publish","type":"post","link":"https:\/\/acligphoto.fr\/?p=13224","title":{"rendered":"Le tango"},"content":{"rendered":"\n<p class=\"has-large-font-size\">Des photos par Gilbert de Murcia publi\u00e9es dans Francephotographie<\/p>\n\n\n<style type=\"text\/css\">\n#foogallery-gallery-13219 .fg-image { width: 150px; }\n#foogallery-gallery-13219 { --fg-gutter: 10px; }<\/style>\n\t\t\t<div class=\"foogallery foogallery-container foogallery-default foogallery-lightbox-foogallery fg-center fg-default fg-ready fg-light fg-border-thin fg-shadow-outline fg-loading-default fg-loaded-fade-in fg-caption-hover fg-hover-fade fg-hover-zoom\" id=\"foogallery-gallery-13219\" data-foogallery=\"{&quot;item&quot;:{&quot;showCaptionTitle&quot;:true,&quot;showCaptionDescription&quot;:true},&quot;lazy&quot;:true}\" data-foogallery-lightbox=\"{&quot;thumbs&quot;:&quot;bottom&quot;,&quot;thumbsCaptions&quot;:false,&quot;thumbsBestFit&quot;:false,&quot;thumbsSmall&quot;:false,&quot;thumbsCaptionsAlign&quot;:&quot;default&quot;,&quot;info&quot;:&quot;bottom&quot;,&quot;infoVisible&quot;:true,&quot;infoOverlay&quot;:true,&quot;infoAlign&quot;:&quot;default&quot;,&quot;transition&quot;:&quot;fade&quot;,&quot;hoverButtons&quot;:false,&quot;fitMedia&quot;:false,&quot;noScrollbars&quot;:true,&quot;preserveButtonSpace&quot;:true,&quot;buttons&quot;:{&quot;fullscreen&quot;:true,&quot;info&quot;:true,&quot;thumbs&quot;:false},&quot;video&quot;:{&quot;autoPlay&quot;:true}}\" style=\"--fg-title-line-clamp: 0; --fg-description-line-clamp: 0;\" >\n\t<div class=\"fg-item fg-type-image fg-idle\"><figure class=\"fg-item-inner\"><a href=\"https:\/\/acligphoto.fr\/wp-content\/uploads\/2024\/04\/DSC_6914_DxO.jpg\" data-attachment-id=\"13223\" data-type=\"image\" class=\"fg-thumb\"><span class=\"fg-image-wrap\"><img decoding=\"async\" width=\"150\" height=\"150\" class=\"skip-lazy fg-image\" data-src-fg=\"https:\/\/acligphoto.fr\/wp-content\/uploads\/cache\/2024\/04\/DSC_6914_DxO\/2628586552.jpg\" src=\"data:image\/svg+xml,%3Csvg%20xmlns%3D%22http%3A%2F%2Fwww.w3.org%2F2000%2Fsvg%22%20width%3D%22150%22%20height%3D%22150%22%20viewBox%3D%220%200%20150%20150%22%3E%3C%2Fsvg%3E\" loading=\"eager\"><\/span><span class=\"fg-image-overlay\"><\/span><\/a><\/figure><div class=\"fg-loader\"><\/div><\/div><div class=\"fg-item fg-type-image fg-idle\"><figure class=\"fg-item-inner\"><a href=\"https:\/\/acligphoto.fr\/wp-content\/uploads\/2024\/04\/DSC_6932_DxO.jpg\" data-attachment-id=\"13222\" data-type=\"image\" class=\"fg-thumb\"><span class=\"fg-image-wrap\"><img decoding=\"async\" width=\"150\" height=\"150\" class=\"skip-lazy fg-image\" data-src-fg=\"https:\/\/acligphoto.fr\/wp-content\/uploads\/cache\/2024\/04\/DSC_6932_DxO\/3428608260.jpg\" src=\"data:image\/svg+xml,%3Csvg%20xmlns%3D%22http%3A%2F%2Fwww.w3.org%2F2000%2Fsvg%22%20width%3D%22150%22%20height%3D%22150%22%20viewBox%3D%220%200%20150%20150%22%3E%3C%2Fsvg%3E\" loading=\"eager\"><\/span><span class=\"fg-image-overlay\"><\/span><\/a><\/figure><div class=\"fg-loader\"><\/div><\/div><div class=\"fg-item fg-type-image fg-idle\"><figure class=\"fg-item-inner\"><a href=\"https:\/\/acligphoto.fr\/wp-content\/uploads\/2024\/04\/DSC_6952_DxO.jpg\" data-attachment-id=\"13221\" data-type=\"image\" class=\"fg-thumb\"><span class=\"fg-image-wrap\"><img decoding=\"async\" width=\"150\" height=\"150\" class=\"skip-lazy fg-image\" data-src-fg=\"https:\/\/acligphoto.fr\/wp-content\/uploads\/cache\/2024\/04\/DSC_6952_DxO\/3614977569.jpg\" src=\"data:image\/svg+xml,%3Csvg%20xmlns%3D%22http%3A%2F%2Fwww.w3.org%2F2000%2Fsvg%22%20width%3D%22150%22%20height%3D%22150%22%20viewBox%3D%220%200%20150%20150%22%3E%3C%2Fsvg%3E\" loading=\"eager\"><\/span><span class=\"fg-image-overlay\"><\/span><\/a><\/figure><div class=\"fg-loader\"><\/div><\/div><div class=\"fg-item fg-type-image fg-idle\"><figure class=\"fg-item-inner\"><a href=\"https:\/\/acligphoto.fr\/wp-content\/uploads\/2024\/04\/DSC_7010_DxO.jpg\" data-attachment-id=\"13220\" data-type=\"image\" class=\"fg-thumb\"><span class=\"fg-image-wrap\"><img decoding=\"async\" width=\"150\" height=\"150\" class=\"skip-lazy fg-image\" data-src-fg=\"https:\/\/acligphoto.fr\/wp-content\/uploads\/cache\/2024\/04\/DSC_7010_DxO\/868715287.jpg\" src=\"data:image\/svg+xml,%3Csvg%20xmlns%3D%22http%3A%2F%2Fwww.w3.org%2F2000%2Fsvg%22%20width%3D%22150%22%20height%3D%22150%22%20viewBox%3D%220%200%20150%20150%22%3E%3C%2Fsvg%3E\" loading=\"eager\"><\/span><span class=\"fg-image-overlay\"><\/span><\/a><\/figure><div class=\"fg-loader\"><\/div><\/div><\/div>\n\n\n\n\n<p><\/p>\n\n\n\n<p><strong>Tango au Centre d\u2019Art et de Spectacles Astor Piazzola<\/strong><\/p>\n\n\n\n<p class=\"has-text-align-center\">Le bandon\u00e9on respire, claque son premier accord. Regards de fauves.<\/p>\n\n\n\n<p class=\"has-text-align-center\">Combat sauvage o\u00f9 les corps s\u2019entrem\u00ealent, les mains se plaquent sur les<\/p>\n\n\n\n<p class=\"has-text-align-center\">torses. Elle, elle veut s\u2019affranchir de cette emprise, tourne vire, joue de la<\/p>\n\n\n\n<p class=\"has-text-align-center\">cuisse, l\u2019aguiche pour le perdre. Lui, il veut dominer, soumettre, d\u00e9borde de<\/p>\n\n\n\n<p class=\"has-text-align-center\">sensualit\u00e9, regards de braise. Les corps s\u2019emboitent, chaloupent, tanguent.<\/p>\n\n\n\n<p class=\"has-text-align-center\">Tango, tango, le bandon\u00e9on expire\u2026<\/p>\n\n\n\n<p class=\"has-text-align-center\">Surgit des maisons closes et des rues mal fam\u00e9es de Buenos Aires, le<\/p>\n\n\n\n<p class=\"has-text-align-center\">tango argentin, magnifique et quasi mystique, tient une place unique dans la<\/p>\n\n\n\n<p class=\"has-text-align-center\">danse de couple. Il est \u00e9troitement li\u00e9 \u00e0 la virilit\u00e9, \u00e0 l\u2019affirmation du m\u00e2le, du<\/p>\n\n\n\n<p class=\"has-text-align-center\">macho, qui fait plier sous lui la femme. Il est aussi nostalgie et nous offre \u00e0<\/p>\n\n\n\n<p class=\"has-text-align-center\">tous un pass\u00e9 imaginaire. Cheveux gomin\u00e9s, veston cintr\u00e9 et souliers \u00e0 talon.<\/p>\n\n\n\n<p class=\"has-text-align-center\">Sur d\u2019intemporels tr\u00e9teaux, glisse et tangue, sauvage ou guind\u00e9, hi\u00e9ratique<\/p>\n\n\n\n<p class=\"has-text-align-center\">ou math\u00e9matique, un couple chor\u00e9graphe dans une recherche r\u00e9solument<\/p>\n\n\n\n<p class=\"has-text-align-center\">esth\u00e9tique.<\/p>\n\n\n\n<p class=\"has-text-align-center\">Lors d\u2019un stage photo en Argentine, j\u2019ai eu l\u2019opportunit\u00e9 de suivre \u00e0<\/p>\n\n\n\n<p class=\"has-text-align-center\">Buenos Aires une magnifique d\u00e9monstration de tango dans le majestueux<\/p>\n\n\n\n<p>\u2018\u2019Centro de Arte y Espectaculos, Astor Piazzola\u2019\u2019 .<\/p>\n\n\n\n<p class=\"has-text-align-right\"><em>Gilbert de Murcia<\/em><\/p>\n\n\n\n<p>Club: Association Culture &amp; Loisirs Illkirch<\/p>\n","protected":false},"excerpt":{"rendered":"<p>Des photos par Gilbert de Murcia publi\u00e9es dans Francephotographie Tango au Centre d\u2019Art et de Spectacles Astor Piazzola Le bandon\u00e9on respire, claque son premier accord. Regards de fauves. Combat sauvage o\u00f9 les corps s\u2019entrem\u00ealent, les mains se plaquent sur les torses. Elle, elle veut s\u2019affranchir de cette emprise, tourne vire, joue de la cuisse, l\u2019aguiche&#8230; <\/p>\n<div class=\"link-more\"><a href=\"https:\/\/acligphoto.fr\/?p=13224\">Lire plus<\/a><\/div>\n","protected":false},"author":1,"featured_media":13222,"comment_status":"closed","ping_status":"open","sticky":true,"template":"","format":"image","meta":{"_bbp_topic_count":0,"_bbp_reply_count":0,"_bbp_total_topic_count":0,"_bbp_total_reply_count":0,"_bbp_voice_count":0,"_bbp_anonymous_reply_count":0,"_bbp_topic_count_hidden":0,"_bbp_reply_count_hidden":0,"_bbp_forum_subforum_count":0,"footnotes":""},"categories":[142],"tags":[],"class_list":["post-13224","post","type-post","status-publish","format-image","has-post-thumbnail","hentry","category-a-lhonneur","post_format-post-format-image"],"_links":{"self":[{"href":"https:\/\/acligphoto.fr\/index.php?rest_route=\/wp\/v2\/posts\/13224","targetHints":{"allow":["GET"]}}],"collection":[{"href":"https:\/\/acligphoto.fr\/index.php?rest_route=\/wp\/v2\/posts"}],"about":[{"href":"https:\/\/acligphoto.fr\/index.php?rest_route=\/wp\/v2\/types\/post"}],"author":[{"embeddable":true,"href":"https:\/\/acligphoto.fr\/index.php?rest_route=\/wp\/v2\/users\/1"}],"replies":[{"embeddable":true,"href":"https:\/\/acligphoto.fr\/index.php?rest_route=%2Fwp%2Fv2%2Fcomments&post=13224"}],"version-history":[{"count":3,"href":"https:\/\/acligphoto.fr\/index.php?rest_route=\/wp\/v2\/posts\/13224\/revisions"}],"predecessor-version":[{"id":13228,"href":"https:\/\/acligphoto.fr\/index.php?rest_route=\/wp\/v2\/posts\/13224\/revisions\/13228"}],"wp:featuredmedia":[{"embeddable":true,"href":"https:\/\/acligphoto.fr\/index.php?rest_route=\/wp\/v2\/media\/13222"}],"wp:attachment":[{"href":"https:\/\/acligphoto.fr\/index.php?rest_route=%2Fwp%2Fv2%2Fmedia&parent=13224"}],"wp:term":[{"taxonomy":"category","embeddable":true,"href":"https:\/\/acligphoto.fr\/index.php?rest_route=%2Fwp%2Fv2%2Fcategories&post=13224"},{"taxonomy":"post_tag","embeddable":true,"href":"https:\/\/acligphoto.fr\/index.php?rest_route=%2Fwp%2Fv2%2Ftags&post=13224"}],"curies":[{"name":"wp","href":"https:\/\/api.w.org\/{rel}","templated":true}]}}