{"id":12928,"date":"2024-03-23T09:18:25","date_gmt":"2024-03-23T08:18:25","guid":{"rendered":"https:\/\/acligphoto.fr\/?p=12928"},"modified":"2024-03-23T09:25:32","modified_gmt":"2024-03-23T08:25:32","slug":"une-photo-de-sandrine","status":"publish","type":"post","link":"https:\/\/acligphoto.fr\/?p=12928","title":{"rendered":"Une Photo de Sandrine&#8230;"},"content":{"rendered":"\n<h2 class=\"wp-block-heading\">Une photo de Sandrine sur un timbre de La Poste<\/h2>\n\n\n\n<p>Sandrine nous \u00e9crit : <\/p>\n\n\n\n<p>J&rsquo;ai eu le grand plaisir de d\u00e9couvrir par hasard sur Google qu&rsquo;une de mes photos a \u00e9t\u00e9 choisie par La Poste pour faire partie de sa s\u00e9rie de timbres :<\/p>\n\n\n\n<p><a href=\"https:\/\/www.lecarredencre.fr\/timbre\/animaux-en-couleurs\/\" target=\"_blank\" rel=\"noreferrer noopener\"><strong>Animaux en couleurs  <\/strong><\/a><\/p>\n\n\n\n<p>En effet la photo de plumage de verdier (jaune et noir) est une de mes photos ! Il s&rsquo;agit d&rsquo;une photo pas toute jeune et qui traine dans les tiroirs de <a href=\"https:\/\/www.naturimages.com\/fr\/coup-de-coeur-frx5a5d85d70445ffd5a20621c5.htm\" target=\"_blank\" rel=\"noreferrer noopener\">Naturimages<\/a> depuis&#8230; longtemps, au moins 15 ans ! Ce qui est dommage, c&rsquo;est qu&rsquo;on n&rsquo;est pas au courant des ventes de droit \u00e0 l&rsquo;avance alors je n&rsquo;ai pas pu m&rsquo;organiser pour b\u00e9n\u00e9ficier de l&rsquo;oblit\u00e9ration premier jour ni de la s\u00e9ance de d\u00e9dicace avec la graphiste qui a cr\u00e9\u00e9 la s\u00e9rie. Quoi qu&rsquo;il en soit, c&rsquo;est une belle nouvelle que je voulais partager avec vous !<br><br><\/p>\n\n\n\n<p><\/p>\n","protected":false},"excerpt":{"rendered":"<p>Une photo de Sandrine sur un timbre de La Poste Sandrine nous \u00e9crit : J&rsquo;ai eu le grand plaisir de d\u00e9couvrir par hasard sur Google qu&rsquo;une de mes photos a \u00e9t\u00e9 choisie par La Poste pour faire partie de sa s\u00e9rie de timbres : Animaux en couleurs En effet la photo de plumage de verdier&#8230; <\/p>\n<div class=\"link-more\"><a href=\"https:\/\/acligphoto.fr\/?p=12928\">Lire plus<\/a><\/div>\n","protected":false},"author":1,"featured_media":12927,"comment_status":"closed","ping_status":"open","sticky":true,"template":"","format":"image","meta":{"_bbp_topic_count":0,"_bbp_reply_count":0,"_bbp_total_topic_count":0,"_bbp_total_reply_count":0,"_bbp_voice_count":0,"_bbp_anonymous_reply_count":0,"_bbp_topic_count_hidden":0,"_bbp_reply_count_hidden":0,"_bbp_forum_subforum_count":0,"footnotes":""},"categories":[142],"tags":[],"class_list":["post-12928","post","type-post","status-publish","format-image","has-post-thumbnail","hentry","category-a-lhonneur","post_format-post-format-image"],"_links":{"self":[{"href":"https:\/\/acligphoto.fr\/index.php?rest_route=\/wp\/v2\/posts\/12928","targetHints":{"allow":["GET"]}}],"collection":[{"href":"https:\/\/acligphoto.fr\/index.php?rest_route=\/wp\/v2\/posts"}],"about":[{"href":"https:\/\/acligphoto.fr\/index.php?rest_route=\/wp\/v2\/types\/post"}],"author":[{"embeddable":true,"href":"https:\/\/acligphoto.fr\/index.php?rest_route=\/wp\/v2\/users\/1"}],"replies":[{"embeddable":true,"href":"https:\/\/acligphoto.fr\/index.php?rest_route=%2Fwp%2Fv2%2Fcomments&post=12928"}],"version-history":[{"count":4,"href":"https:\/\/acligphoto.fr\/index.php?rest_route=\/wp\/v2\/posts\/12928\/revisions"}],"predecessor-version":[{"id":12933,"href":"https:\/\/acligphoto.fr\/index.php?rest_route=\/wp\/v2\/posts\/12928\/revisions\/12933"}],"wp:featuredmedia":[{"embeddable":true,"href":"https:\/\/acligphoto.fr\/index.php?rest_route=\/wp\/v2\/media\/12927"}],"wp:attachment":[{"href":"https:\/\/acligphoto.fr\/index.php?rest_route=%2Fwp%2Fv2%2Fmedia&parent=12928"}],"wp:term":[{"taxonomy":"category","embeddable":true,"href":"https:\/\/acligphoto.fr\/index.php?rest_route=%2Fwp%2Fv2%2Fcategories&post=12928"},{"taxonomy":"post_tag","embeddable":true,"href":"https:\/\/acligphoto.fr\/index.php?rest_route=%2Fwp%2Fv2%2Ftags&post=12928"}],"curies":[{"name":"wp","href":"https:\/\/api.w.org\/{rel}","templated":true}]}}