{"id":12185,"date":"2024-01-15T09:32:50","date_gmt":"2024-01-15T08:32:50","guid":{"rendered":"https:\/\/acligphoto.fr\/?p=12185"},"modified":"2024-01-15T09:32:51","modified_gmt":"2024-01-15T08:32:51","slug":"raconte-ta-photo-episode-63","status":"publish","type":"post","link":"https:\/\/acligphoto.fr\/?p=12185","title":{"rendered":"Raconte ta photo, \u00e9pisode 63"},"content":{"rendered":"\n<p class=\"has-large-font-size\">Le Froid<\/p>\n\n\n<style type=\"text\/css\">\n#foogallery-gallery-12187 .fg-image { width: 150px; }\n#foogallery-gallery-12187 { --fg-gutter: 10px; }<\/style>\n\t\t\t<div class=\"foogallery foogallery-container foogallery-default foogallery-lightbox-foogallery fg-center fg-default fg-ready fg-light fg-border-thin fg-shadow-outline fg-loading-default fg-loaded-fade-in fg-caption-hover fg-hover-fade fg-hover-zoom\" id=\"foogallery-gallery-12187\" data-foogallery=\"{&quot;item&quot;:{&quot;showCaptionTitle&quot;:true,&quot;showCaptionDescription&quot;:true},&quot;lazy&quot;:true}\" data-foogallery-lightbox=\"{&quot;thumbs&quot;:&quot;bottom&quot;,&quot;thumbsCaptions&quot;:false,&quot;thumbsBestFit&quot;:false,&quot;thumbsSmall&quot;:false,&quot;thumbsCaptionsAlign&quot;:&quot;default&quot;,&quot;info&quot;:&quot;bottom&quot;,&quot;infoVisible&quot;:true,&quot;infoOverlay&quot;:true,&quot;infoAlign&quot;:&quot;default&quot;,&quot;transition&quot;:&quot;fade&quot;,&quot;hoverButtons&quot;:false,&quot;fitMedia&quot;:false,&quot;noScrollbars&quot;:true,&quot;preserveButtonSpace&quot;:true,&quot;buttons&quot;:{&quot;fullscreen&quot;:true,&quot;info&quot;:true,&quot;thumbs&quot;:false},&quot;video&quot;:{&quot;autoPlay&quot;:true}}\" style=\"--fg-title-line-clamp: 0; --fg-description-line-clamp: 0;\" >\n\t<div class=\"fg-item fg-type-image fg-idle\"><figure class=\"fg-item-inner\"><a href=\"https:\/\/acligphoto.fr\/wp-content\/uploads\/2024\/01\/17_lefroid_Robert.jpg\" data-caption-title=\"Photo de Robert\" data-caption-desc=\"Malgr\u00e9 le rayon de soleil qui perce la for\u00eat, le froid fige cette cascade en glace.\" data-attachment-id=\"12204\" data-type=\"image\" class=\"fg-thumb\"><span class=\"fg-image-wrap\"><img decoding=\"async\" title=\"Photo de Robert\" width=\"150\" height=\"150\" class=\"skip-lazy fg-image\" data-src-fg=\"https:\/\/acligphoto.fr\/wp-content\/uploads\/cache\/2024\/01\/17_lefroid_Robert\/3975444256.jpg\" src=\"data:image\/svg+xml,%3Csvg%20xmlns%3D%22http%3A%2F%2Fwww.w3.org%2F2000%2Fsvg%22%20width%3D%22150%22%20height%3D%22150%22%20viewBox%3D%220%200%20150%20150%22%3E%3C%2Fsvg%3E\" loading=\"eager\"><\/span><span class=\"fg-image-overlay\"><\/span><\/a><figcaption class=\"fg-caption\"><div class=\"fg-caption-inner\"><div class=\"fg-caption-title\">Photo de Robert<\/div><div class=\"fg-caption-desc\">Malgr\u00e9 le rayon de soleil qui perce la for\u00eat, le froid fige cette cascade en glace.<\/div><\/div><\/figcaption><\/figure><div class=\"fg-loader\"><\/div><\/div><div class=\"fg-item fg-type-image fg-idle\"><figure class=\"fg-item-inner\"><a href=\"https:\/\/acligphoto.fr\/wp-content\/uploads\/2024\/01\/16_Lefroid_Didier.jpg\" data-caption-title=\"Photo de Didier\" data-attachment-id=\"12203\" data-type=\"image\" class=\"fg-thumb\"><span class=\"fg-image-wrap\"><img decoding=\"async\" title=\"Photo de Didier\" width=\"150\" height=\"150\" class=\"skip-lazy fg-image\" data-src-fg=\"https:\/\/acligphoto.fr\/wp-content\/uploads\/cache\/2024\/01\/16_Lefroid_Didier\/3607762768.jpg\" src=\"data:image\/svg+xml,%3Csvg%20xmlns%3D%22http%3A%2F%2Fwww.w3.org%2F2000%2Fsvg%22%20width%3D%22150%22%20height%3D%22150%22%20viewBox%3D%220%200%20150%20150%22%3E%3C%2Fsvg%3E\" loading=\"eager\"><\/span><span class=\"fg-image-overlay\"><\/span><\/a><figcaption class=\"fg-caption\"><div class=\"fg-caption-inner\"><div class=\"fg-caption-title\">Photo de Didier<\/div><\/div><\/figcaption><\/figure><div class=\"fg-loader\"><\/div><\/div><div class=\"fg-item fg-type-image fg-idle\"><figure class=\"fg-item-inner\"><a href=\"https:\/\/acligphoto.fr\/wp-content\/uploads\/2024\/01\/15_lefroid_Beatrice.jpg\" data-caption-title=\"Photo de B\u00e9atrice, Titre : \u00ab Tourbillon de neige \u00bb\" data-attachment-id=\"12202\" data-type=\"image\" class=\"fg-thumb\"><span class=\"fg-image-wrap\"><img decoding=\"async\" title=\"Photo de B\u00e9atrice, Titre : \u00ab Tourbillon de neige \u00bb\" width=\"150\" height=\"150\" class=\"skip-lazy fg-image\" data-src-fg=\"https:\/\/acligphoto.fr\/wp-content\/uploads\/cache\/2024\/01\/15_lefroid_Beatrice\/3447993738.jpg\" src=\"data:image\/svg+xml,%3Csvg%20xmlns%3D%22http%3A%2F%2Fwww.w3.org%2F2000%2Fsvg%22%20width%3D%22150%22%20height%3D%22150%22%20viewBox%3D%220%200%20150%20150%22%3E%3C%2Fsvg%3E\" loading=\"eager\"><\/span><span class=\"fg-image-overlay\"><\/span><\/a><figcaption class=\"fg-caption\"><div class=\"fg-caption-inner\"><div class=\"fg-caption-title\">Photo de B\u00e9atrice, Titre : \u00ab Tourbillon de neige \u00bb<\/div><\/div><\/figcaption><\/figure><div class=\"fg-loader\"><\/div><\/div><div class=\"fg-item fg-type-image fg-idle\"><figure class=\"fg-item-inner\"><a href=\"https:\/\/acligphoto.fr\/wp-content\/uploads\/2024\/01\/14_le-froid_Daniel.jpg\" data-caption-title=\"Photo de Daniel\" data-caption-desc=\"Les temp\u00e9ratures de la semaine vont nous rappeler que nous sommes en hiver.\" data-attachment-id=\"12201\" data-type=\"image\" class=\"fg-thumb\"><span class=\"fg-image-wrap\"><img decoding=\"async\" title=\"Photo de Daniel\" width=\"150\" height=\"150\" class=\"skip-lazy fg-image\" data-src-fg=\"https:\/\/acligphoto.fr\/wp-content\/uploads\/cache\/2024\/01\/14_le-froid_Daniel\/3284384821.jpg\" src=\"data:image\/svg+xml,%3Csvg%20xmlns%3D%22http%3A%2F%2Fwww.w3.org%2F2000%2Fsvg%22%20width%3D%22150%22%20height%3D%22150%22%20viewBox%3D%220%200%20150%20150%22%3E%3C%2Fsvg%3E\" loading=\"eager\"><\/span><span class=\"fg-image-overlay\"><\/span><\/a><figcaption class=\"fg-caption\"><div class=\"fg-caption-inner\"><div class=\"fg-caption-title\">Photo de Daniel<\/div><div class=\"fg-caption-desc\">Les temp\u00e9ratures de la semaine vont nous rappeler que nous sommes en hiver.<\/div><\/div><\/figcaption><\/figure><div class=\"fg-loader\"><\/div><\/div><div class=\"fg-item fg-type-image fg-idle\"><figure class=\"fg-item-inner\"><a href=\"https:\/\/acligphoto.fr\/wp-content\/uploads\/2024\/01\/13_Froid_Remi.jpg\" data-caption-title=\"Photo de R\u00e9mi, Titre : \u00ab Froid de canards \u00bb\" data-caption-desc=\"Quand il fait un froid de canards, ils h\u00e9sitent \u00e0 entrer dans l\u2019eau. Bassin Vauban, 08 Janvier 2017\" data-attachment-id=\"12200\" data-type=\"image\" class=\"fg-thumb\"><span class=\"fg-image-wrap\"><img decoding=\"async\" title=\"Photo de R\u00e9mi, Titre : \u00ab Froid de canards \u00bb\" width=\"150\" height=\"150\" class=\"skip-lazy fg-image\" data-src-fg=\"https:\/\/acligphoto.fr\/wp-content\/uploads\/cache\/2024\/01\/13_Froid_Remi\/973286219.jpg\" src=\"data:image\/svg+xml,%3Csvg%20xmlns%3D%22http%3A%2F%2Fwww.w3.org%2F2000%2Fsvg%22%20width%3D%22150%22%20height%3D%22150%22%20viewBox%3D%220%200%20150%20150%22%3E%3C%2Fsvg%3E\" loading=\"eager\"><\/span><span class=\"fg-image-overlay\"><\/span><\/a><figcaption class=\"fg-caption\"><div class=\"fg-caption-inner\"><div class=\"fg-caption-title\">Photo de R\u00e9mi, Titre : \u00ab Froid de canards \u00bb<\/div><div class=\"fg-caption-desc\">Quand il fait un froid de canards, ils h\u00e9sitent \u00e0 entrer dans l\u2019eau. Bassin Vauban, 08 Janvier 2017<\/div><\/div><\/figcaption><\/figure><div class=\"fg-loader\"><\/div><\/div><div class=\"fg-item fg-type-image fg-idle\"><figure class=\"fg-item-inner\"><a href=\"https:\/\/acligphoto.fr\/wp-content\/uploads\/2024\/01\/12_LE-FROID_Alan.jpg\" data-caption-title=\"Photo d&#039;Alan\" data-attachment-id=\"12199\" data-type=\"image\" class=\"fg-thumb\"><span class=\"fg-image-wrap\"><img decoding=\"async\" title=\"Photo d&#039;Alan\" width=\"150\" height=\"150\" class=\"skip-lazy fg-image\" data-src-fg=\"https:\/\/acligphoto.fr\/wp-content\/uploads\/cache\/2024\/01\/12_LE-FROID_Alan\/2154235031.jpg\" src=\"data:image\/svg+xml,%3Csvg%20xmlns%3D%22http%3A%2F%2Fwww.w3.org%2F2000%2Fsvg%22%20width%3D%22150%22%20height%3D%22150%22%20viewBox%3D%220%200%20150%20150%22%3E%3C%2Fsvg%3E\" loading=\"eager\"><\/span><span class=\"fg-image-overlay\"><\/span><\/a><figcaption class=\"fg-caption\"><div class=\"fg-caption-inner\"><div class=\"fg-caption-title\">Photo d&rsquo;Alan<\/div><\/div><\/figcaption><\/figure><div class=\"fg-loader\"><\/div><\/div><div class=\"fg-item fg-type-image fg-idle\"><figure class=\"fg-item-inner\"><a href=\"https:\/\/acligphoto.fr\/wp-content\/uploads\/2024\/01\/11_-Le-froid_Iza.jpg\" data-caption-title=\"Photo de Iza\" data-attachment-id=\"12198\" data-type=\"image\" class=\"fg-thumb\"><span class=\"fg-image-wrap\"><img decoding=\"async\" title=\"Photo de Iza\" width=\"150\" height=\"150\" class=\"skip-lazy fg-image\" data-src-fg=\"https:\/\/acligphoto.fr\/wp-content\/uploads\/cache\/2024\/01\/11_-Le-froid_Iza\/1082322399.jpg\" src=\"data:image\/svg+xml,%3Csvg%20xmlns%3D%22http%3A%2F%2Fwww.w3.org%2F2000%2Fsvg%22%20width%3D%22150%22%20height%3D%22150%22%20viewBox%3D%220%200%20150%20150%22%3E%3C%2Fsvg%3E\" loading=\"eager\"><\/span><span class=\"fg-image-overlay\"><\/span><\/a><figcaption class=\"fg-caption\"><div class=\"fg-caption-inner\"><div class=\"fg-caption-title\">Photo de Iza<\/div><\/div><\/figcaption><\/figure><div class=\"fg-loader\"><\/div><\/div><div class=\"fg-item fg-type-image fg-idle\"><figure class=\"fg-item-inner\"><a href=\"https:\/\/acligphoto.fr\/wp-content\/uploads\/2024\/01\/10_Le-Froid_Albert.jpg\" data-caption-title=\"Photo de Albert\" data-caption-desc=\"Photo prise le 14 f\u00e9vrier 2021 de cette prairie inond\u00e9e du c\u00f4t\u00e9 de Muttersholtz o\u00f9 le gel a produit une patinoire naturelle dont profitent petits et grands, pour ceux que \u00e7a int\u00e9resse, la Maison de la nature met des patins \u00e0 glace \u00e0 disposition.\" data-attachment-id=\"12197\" data-type=\"image\" class=\"fg-thumb\"><span class=\"fg-image-wrap\"><img decoding=\"async\" title=\"Photo de Albert\" width=\"150\" height=\"150\" class=\"skip-lazy fg-image\" data-src-fg=\"https:\/\/acligphoto.fr\/wp-content\/uploads\/cache\/2024\/01\/10_Le-Froid_Albert\/513379155.jpg\" src=\"data:image\/svg+xml,%3Csvg%20xmlns%3D%22http%3A%2F%2Fwww.w3.org%2F2000%2Fsvg%22%20width%3D%22150%22%20height%3D%22150%22%20viewBox%3D%220%200%20150%20150%22%3E%3C%2Fsvg%3E\" loading=\"eager\"><\/span><span class=\"fg-image-overlay\"><\/span><\/a><figcaption class=\"fg-caption\"><div class=\"fg-caption-inner\"><div class=\"fg-caption-title\">Photo de Albert<\/div><div class=\"fg-caption-desc\">Photo prise le 14 f\u00e9vrier 2021 de cette prairie inond\u00e9e du c\u00f4t\u00e9 de Muttersholtz o\u00f9 le gel a produit une patinoire naturelle dont profitent petits et grands, pour ceux que \u00e7a int\u00e9resse, la Maison de la nature met des patins \u00e0 glace \u00e0 disposition.<\/div><\/div><\/figcaption><\/figure><div class=\"fg-loader\"><\/div><\/div><div class=\"fg-item fg-type-image fg-idle\"><figure class=\"fg-item-inner\"><a href=\"https:\/\/acligphoto.fr\/wp-content\/uploads\/2024\/01\/09_lefroid_Lisa.jpg\" data-caption-title=\"Photo de Lisa, Titre  : \u00ab Je brave la neige \u00bb\" data-caption-desc=\"Il s&#039;agit d&#039;une Fritillaire, plante que nous avons trouv\u00e9 en Suisse.\" data-attachment-id=\"12196\" data-type=\"image\" class=\"fg-thumb\"><span class=\"fg-image-wrap\"><img decoding=\"async\" title=\"Photo de Lisa, Titre  : \u00ab Je brave la neige \u00bb\" width=\"150\" height=\"150\" class=\"skip-lazy fg-image\" data-src-fg=\"https:\/\/acligphoto.fr\/wp-content\/uploads\/cache\/2024\/01\/09_lefroid_Lisa\/3951728942.jpg\" src=\"data:image\/svg+xml,%3Csvg%20xmlns%3D%22http%3A%2F%2Fwww.w3.org%2F2000%2Fsvg%22%20width%3D%22150%22%20height%3D%22150%22%20viewBox%3D%220%200%20150%20150%22%3E%3C%2Fsvg%3E\" loading=\"eager\"><\/span><span class=\"fg-image-overlay\"><\/span><\/a><figcaption class=\"fg-caption\"><div class=\"fg-caption-inner\"><div class=\"fg-caption-title\">Photo de Lisa, Titre  : \u00ab Je brave la neige \u00bb<\/div><div class=\"fg-caption-desc\">Il s&rsquo;agit d&rsquo;une Fritillaire, plante que nous avons trouv\u00e9 en Suisse.<\/div><\/div><\/figcaption><\/figure><div class=\"fg-loader\"><\/div><\/div><div class=\"fg-item fg-type-image fg-idle\"><figure class=\"fg-item-inner\"><a href=\"https:\/\/acligphoto.fr\/wp-content\/uploads\/2024\/01\/08_le_froid_Armand.jpg\" data-caption-title=\"Photo de Armand\" data-caption-desc=\"Cette ann\u00e9e-l\u00e0, en janvier 2019, le froid avait commenc\u00e9 \u00e0 figer mon \u00e9tang pr\u00e9f\u00e9r\u00e9, le \u00ab Bruchrein \u00bb \u00e0 Fegersheim, et la neige l\u2019enveloppait de son manteau blanc de saison. Toujours une excellente occasion de le figer \u00e0 mon tour sur une photo.\" data-attachment-id=\"12195\" data-type=\"image\" class=\"fg-thumb\"><span class=\"fg-image-wrap\"><img decoding=\"async\" title=\"Photo de Armand\" width=\"150\" height=\"150\" class=\"skip-lazy fg-image\" data-src-fg=\"https:\/\/acligphoto.fr\/wp-content\/uploads\/cache\/2024\/01\/08_le_froid_Armand\/2666836298.jpg\" src=\"data:image\/svg+xml,%3Csvg%20xmlns%3D%22http%3A%2F%2Fwww.w3.org%2F2000%2Fsvg%22%20width%3D%22150%22%20height%3D%22150%22%20viewBox%3D%220%200%20150%20150%22%3E%3C%2Fsvg%3E\" loading=\"eager\"><\/span><span class=\"fg-image-overlay\"><\/span><\/a><figcaption class=\"fg-caption\"><div class=\"fg-caption-inner\"><div class=\"fg-caption-title\">Photo de Armand<\/div><div class=\"fg-caption-desc\">Cette ann\u00e9e-l\u00e0, en janvier 2019, le froid avait commenc\u00e9 \u00e0 figer mon \u00e9tang pr\u00e9f\u00e9r\u00e9, le \u00ab Bruchrein \u00bb \u00e0 Fegersheim, et la neige l\u2019enveloppait de son manteau blanc de saison. Toujours une excellente occasion de le figer \u00e0 mon tour sur une photo.<\/div><\/div><\/figcaption><\/figure><div class=\"fg-loader\"><\/div><\/div><div class=\"fg-item fg-type-image fg-idle\"><figure class=\"fg-item-inner\"><a href=\"https:\/\/acligphoto.fr\/wp-content\/uploads\/2024\/01\/07_Froid_Gilbert.jpg\" data-caption-title=\"Photo de Gilbert, Titre  : \u00ab Petite pause sur la neige. \u00bb\" data-caption-desc=\"C\u2019est en effet des pauses qu\u2019il faut faire de temps en temps avec ces sprinters que sont les huskies qui n\u2019ont jamais froid et ne pensent qu\u2019\u00e0 foncer. Ils mangent toujours deux heures avant le d\u00e9part. Nous, nous prenons un caf\u00e9\/g\u00e2teaux sur la neige tandis qu\u2019ils nous observent et semblent nous dire de nous d\u00e9p\u00eacher.\nPhoto prise lors d\u2019un safari en Finlande organis\u00e9 par ma fille.\" data-attachment-id=\"12194\" data-type=\"image\" class=\"fg-thumb\"><span class=\"fg-image-wrap\"><img decoding=\"async\" title=\"Photo de Gilbert, Titre  : \u00ab Petite pause sur la neige. \u00bb\" width=\"150\" height=\"150\" class=\"skip-lazy fg-image\" data-src-fg=\"https:\/\/acligphoto.fr\/wp-content\/uploads\/cache\/2024\/01\/07_Froid_Gilbert\/3779168013.jpg\" src=\"data:image\/svg+xml,%3Csvg%20xmlns%3D%22http%3A%2F%2Fwww.w3.org%2F2000%2Fsvg%22%20width%3D%22150%22%20height%3D%22150%22%20viewBox%3D%220%200%20150%20150%22%3E%3C%2Fsvg%3E\" loading=\"eager\"><\/span><span class=\"fg-image-overlay\"><\/span><\/a><figcaption class=\"fg-caption\"><div class=\"fg-caption-inner\"><div class=\"fg-caption-title\">Photo de Gilbert, Titre  : \u00ab Petite pause sur la neige. \u00bb<\/div><div class=\"fg-caption-desc\">C\u2019est en effet des pauses qu\u2019il faut faire de temps en temps avec ces sprinters que sont les huskies qui n\u2019ont jamais froid et ne pensent qu\u2019\u00e0 foncer. Ils mangent toujours deux heures avant le d\u00e9part. Nous, nous prenons un caf\u00e9\/g\u00e2teaux sur la neige tandis qu\u2019ils nous observent et semblent nous dire de nous d\u00e9p\u00eacher.\nPhoto prise lors d\u2019un safari en Finlande organis\u00e9 par ma fille.<\/div><\/div><\/figcaption><\/figure><div class=\"fg-loader\"><\/div><\/div><div class=\"fg-item fg-type-image fg-idle\"><figure class=\"fg-item-inner\"><a href=\"https:\/\/acligphoto.fr\/wp-content\/uploads\/2024\/01\/06_froid_Florence.jpg\" data-caption-title=\"Photo de Florence, Titre : \u00ab de l\u2019air ! \u00bb\" data-caption-desc=\"Petite vivace enfouie dans la neige.\" data-attachment-id=\"12193\" data-type=\"image\" class=\"fg-thumb\"><span class=\"fg-image-wrap\"><img decoding=\"async\" title=\"Photo de Florence, Titre : \u00ab de l\u2019air ! \u00bb\" width=\"150\" height=\"150\" class=\"skip-lazy fg-image\" data-src-fg=\"https:\/\/acligphoto.fr\/wp-content\/uploads\/cache\/2024\/01\/06_froid_Florence\/131656580.jpg\" src=\"data:image\/svg+xml,%3Csvg%20xmlns%3D%22http%3A%2F%2Fwww.w3.org%2F2000%2Fsvg%22%20width%3D%22150%22%20height%3D%22150%22%20viewBox%3D%220%200%20150%20150%22%3E%3C%2Fsvg%3E\" loading=\"eager\"><\/span><span class=\"fg-image-overlay\"><\/span><\/a><figcaption class=\"fg-caption\"><div class=\"fg-caption-inner\"><div class=\"fg-caption-title\">Photo de Florence, Titre : \u00ab de l\u2019air ! \u00bb<\/div><div class=\"fg-caption-desc\">Petite vivace enfouie dans la neige.<\/div><\/div><\/figcaption><\/figure><div class=\"fg-loader\"><\/div><\/div><div class=\"fg-item fg-type-image fg-idle\"><figure class=\"fg-item-inner\"><a href=\"https:\/\/acligphoto.fr\/wp-content\/uploads\/2024\/01\/05_le_froid_Louis.jpg\" data-caption-title=\"Photo de Louis, Titre : \u00ab Cascade du Nideck \u00bb\" data-caption-desc=\"Photo r\u00e9alis\u00e9e durant l\u2019hiver 2017. Tr\u00e8s beau spectacle de voir cette eau congel\u00e9e. Lors de la descente j\u2019ai fait une chute sur le chemin verglac\u00e9 qui m&#039;a valu 5 vis au poignet !\" data-attachment-id=\"12192\" data-type=\"image\" class=\"fg-thumb\"><span class=\"fg-image-wrap\"><img decoding=\"async\" title=\"Photo de Louis, Titre : \u00ab Cascade du Nideck \u00bb\" width=\"150\" height=\"150\" class=\"skip-lazy fg-image\" data-src-fg=\"https:\/\/acligphoto.fr\/wp-content\/uploads\/cache\/2024\/01\/05_le_froid_Louis\/4032292035.jpg\" src=\"data:image\/svg+xml,%3Csvg%20xmlns%3D%22http%3A%2F%2Fwww.w3.org%2F2000%2Fsvg%22%20width%3D%22150%22%20height%3D%22150%22%20viewBox%3D%220%200%20150%20150%22%3E%3C%2Fsvg%3E\" loading=\"eager\"><\/span><span class=\"fg-image-overlay\"><\/span><\/a><figcaption class=\"fg-caption\"><div class=\"fg-caption-inner\"><div class=\"fg-caption-title\">Photo de Louis, Titre : \u00ab Cascade du Nideck \u00bb<\/div><div class=\"fg-caption-desc\">Photo r\u00e9alis\u00e9e durant l\u2019hiver 2017. Tr\u00e8s beau spectacle de voir cette eau congel\u00e9e. Lors de la descente j\u2019ai fait une chute sur le chemin verglac\u00e9 qui m&rsquo;a valu 5 vis au poignet !<\/div><\/div><\/figcaption><\/figure><div class=\"fg-loader\"><\/div><\/div><div class=\"fg-item fg-type-image fg-idle\"><figure class=\"fg-item-inner\"><a href=\"https:\/\/acligphoto.fr\/wp-content\/uploads\/2024\/01\/04_froid_Gerard.jpg\" data-caption-title=\"Photo de G\u00e9rard, Titre &quot; Un froid de canard&quot;\" data-caption-desc=\"Il a fait un froid de canard \u00e0 Landschaftspark Sch\u00f6nwald!\" data-attachment-id=\"12191\" data-type=\"image\" class=\"fg-thumb\"><span class=\"fg-image-wrap\"><img decoding=\"async\" title=\"Photo de G\u00e9rard, Titre &quot; Un froid de canard&quot;\" width=\"150\" height=\"150\" class=\"skip-lazy fg-image\" data-src-fg=\"https:\/\/acligphoto.fr\/wp-content\/uploads\/cache\/2024\/01\/04_froid_Gerard\/983610930.jpg\" src=\"data:image\/svg+xml,%3Csvg%20xmlns%3D%22http%3A%2F%2Fwww.w3.org%2F2000%2Fsvg%22%20width%3D%22150%22%20height%3D%22150%22%20viewBox%3D%220%200%20150%20150%22%3E%3C%2Fsvg%3E\" loading=\"eager\"><\/span><span class=\"fg-image-overlay\"><\/span><\/a><figcaption class=\"fg-caption\"><div class=\"fg-caption-inner\"><div class=\"fg-caption-title\">Photo de G\u00e9rard, Titre \u00a0\u00bb Un froid de canard\u00a0\u00bb<\/div><div class=\"fg-caption-desc\">Il a fait un froid de canard \u00e0 Landschaftspark Sch\u00f6nwald!<\/div><\/div><\/figcaption><\/figure><div class=\"fg-loader\"><\/div><\/div><div class=\"fg-item fg-type-image fg-idle\"><figure class=\"fg-item-inner\"><a href=\"https:\/\/acligphoto.fr\/wp-content\/uploads\/2024\/01\/03_le_froid_JC.jpg\" data-caption-title=\"Photo de Jean-Christophe, Titre : \u00ab En regardant par terre \u00bb\" data-caption-desc=\"Parfois, il faut regarder vers le bas.\" data-attachment-id=\"12190\" data-type=\"image\" class=\"fg-thumb\"><span class=\"fg-image-wrap\"><img decoding=\"async\" title=\"Photo de Jean-Christophe, Titre : \u00ab En regardant par terre \u00bb\" width=\"150\" height=\"150\" class=\"skip-lazy fg-image\" data-src-fg=\"https:\/\/acligphoto.fr\/wp-content\/uploads\/cache\/2024\/01\/03_le_froid_JC\/603379269.jpg\" src=\"data:image\/svg+xml,%3Csvg%20xmlns%3D%22http%3A%2F%2Fwww.w3.org%2F2000%2Fsvg%22%20width%3D%22150%22%20height%3D%22150%22%20viewBox%3D%220%200%20150%20150%22%3E%3C%2Fsvg%3E\" loading=\"eager\"><\/span><span class=\"fg-image-overlay\"><\/span><\/a><figcaption class=\"fg-caption\"><div class=\"fg-caption-inner\"><div class=\"fg-caption-title\">Photo de Jean-Christophe, Titre : \u00ab En regardant par terre \u00bb<\/div><div class=\"fg-caption-desc\">Parfois, il faut regarder vers le bas.<\/div><\/div><\/figcaption><\/figure><div class=\"fg-loader\"><\/div><\/div><div class=\"fg-item fg-type-image fg-idle\"><figure class=\"fg-item-inner\"><a href=\"https:\/\/acligphoto.fr\/wp-content\/uploads\/2024\/01\/02_Froid_GuyB.jpg\" data-caption-title=\"Photo de Guy B.\" data-caption-desc=\"Jeter un froid, d\u00e9finition : cr\u00e9er un malaise, un blocage dans une discussion, par un acte ou une parole d\u00e9plac\u00e9e. Et si la connotation de la photo ne correspond pas \u00e0 la v\u00f4tre, elle jettera de toute fa\u00e7on un froid .\" data-attachment-id=\"12189\" data-type=\"image\" class=\"fg-thumb\"><span class=\"fg-image-wrap\"><img decoding=\"async\" title=\"Photo de Guy B.\" width=\"150\" height=\"150\" class=\"skip-lazy fg-image\" data-src-fg=\"https:\/\/acligphoto.fr\/wp-content\/uploads\/cache\/2024\/01\/02_Froid_GuyB\/2501762526.jpg\" src=\"data:image\/svg+xml,%3Csvg%20xmlns%3D%22http%3A%2F%2Fwww.w3.org%2F2000%2Fsvg%22%20width%3D%22150%22%20height%3D%22150%22%20viewBox%3D%220%200%20150%20150%22%3E%3C%2Fsvg%3E\" loading=\"eager\"><\/span><span class=\"fg-image-overlay\"><\/span><\/a><figcaption class=\"fg-caption\"><div class=\"fg-caption-inner\"><div class=\"fg-caption-title\">Photo de Guy B.<\/div><div class=\"fg-caption-desc\">Jeter un froid, d\u00e9finition : cr\u00e9er un malaise, un blocage dans une discussion, par un acte ou une parole d\u00e9plac\u00e9e. Et si la connotation de la photo ne correspond pas \u00e0 la v\u00f4tre, elle jettera de toute fa\u00e7on un froid .<\/div><\/div><\/figcaption><\/figure><div class=\"fg-loader\"><\/div><\/div><div class=\"fg-item fg-type-image fg-idle\"><figure class=\"fg-item-inner\"><a href=\"https:\/\/acligphoto.fr\/wp-content\/uploads\/2024\/01\/01_-Le-Froid_GuyF.jpg\" data-caption-title=\"Photo de Guy F., Titre : \u00ab la neige \u00e0 Brice\" data-caption-desc=\"Le parc national de Bryce Canyon est situ\u00e9 dans le Sud de l&#039;Utah.\nD&#039;une superficie de 145 km2, le parc est renomm\u00e9 pour ses formations g\u00e9ologiques compos\u00e9es de roches color\u00e9es aux formes coniques et \u00e2g\u00e9es de dizaines de millions d&#039;ann\u00e9es.\nLe parc pr\u00e9sente un ensemble d&#039;immenses amphith\u00e9\u00e2tres naturels parsem\u00e9s de nombreux hoodoos (chemin\u00e9es de f\u00e9e) produits par l&#039;\u00e9rosion du plateau de Paunsaugunt. Il est cependant rare de le voir sous la neige !\" data-attachment-id=\"12188\" data-type=\"image\" class=\"fg-thumb\"><span class=\"fg-image-wrap\"><img decoding=\"async\" title=\"Photo de Guy F., Titre : \u00ab la neige \u00e0 Brice\" width=\"150\" height=\"150\" class=\"skip-lazy fg-image\" data-src-fg=\"https:\/\/acligphoto.fr\/wp-content\/uploads\/cache\/2024\/01\/01_-Le-Froid_GuyF\/1285892477.jpg\" src=\"data:image\/svg+xml,%3Csvg%20xmlns%3D%22http%3A%2F%2Fwww.w3.org%2F2000%2Fsvg%22%20width%3D%22150%22%20height%3D%22150%22%20viewBox%3D%220%200%20150%20150%22%3E%3C%2Fsvg%3E\" loading=\"eager\"><\/span><span class=\"fg-image-overlay\"><\/span><\/a><figcaption class=\"fg-caption\"><div class=\"fg-caption-inner\"><div class=\"fg-caption-title\">Photo de Guy F., Titre : \u00ab la neige \u00e0 Brice<\/div><div class=\"fg-caption-desc\">Le parc national de Bryce Canyon est situ\u00e9 dans le Sud de l&rsquo;Utah.\nD&rsquo;une superficie de 145 km2, le parc est renomm\u00e9 pour ses formations g\u00e9ologiques compos\u00e9es de roches color\u00e9es aux formes coniques et \u00e2g\u00e9es de dizaines de millions d&rsquo;ann\u00e9es.\nLe parc pr\u00e9sente un ensemble d&rsquo;immenses amphith\u00e9\u00e2tres naturels parsem\u00e9s de nombreux hoodoos (chemin\u00e9es de f\u00e9e) produits par l&rsquo;\u00e9rosion du plateau de Paunsaugunt. Il est cependant rare de le voir sous la neige !<\/div><\/div><\/figcaption><\/figure><div class=\"fg-loader\"><\/div><\/div><\/div>\n","protected":false},"excerpt":{"rendered":"<p>Le Froid<\/p>\n","protected":false},"author":27,"featured_media":12202,"comment_status":"closed","ping_status":"open","sticky":true,"template":"","format":"standard","meta":{"_bbp_topic_count":0,"_bbp_reply_count":0,"_bbp_total_topic_count":0,"_bbp_total_reply_count":0,"_bbp_voice_count":0,"_bbp_anonymous_reply_count":0,"_bbp_topic_count_hidden":0,"_bbp_reply_count_hidden":0,"_bbp_forum_subforum_count":0,"footnotes":""},"categories":[7],"tags":[],"class_list":["post-12185","post","type-post","status-publish","format-standard","has-post-thumbnail","hentry","category-vie-de-latelier"],"_links":{"self":[{"href":"https:\/\/acligphoto.fr\/index.php?rest_route=\/wp\/v2\/posts\/12185","targetHints":{"allow":["GET"]}}],"collection":[{"href":"https:\/\/acligphoto.fr\/index.php?rest_route=\/wp\/v2\/posts"}],"about":[{"href":"https:\/\/acligphoto.fr\/index.php?rest_route=\/wp\/v2\/types\/post"}],"author":[{"embeddable":true,"href":"https:\/\/acligphoto.fr\/index.php?rest_route=\/wp\/v2\/users\/27"}],"replies":[{"embeddable":true,"href":"https:\/\/acligphoto.fr\/index.php?rest_route=%2Fwp%2Fv2%2Fcomments&post=12185"}],"version-history":[{"count":2,"href":"https:\/\/acligphoto.fr\/index.php?rest_route=\/wp\/v2\/posts\/12185\/revisions"}],"predecessor-version":[{"id":12208,"href":"https:\/\/acligphoto.fr\/index.php?rest_route=\/wp\/v2\/posts\/12185\/revisions\/12208"}],"wp:featuredmedia":[{"embeddable":true,"href":"https:\/\/acligphoto.fr\/index.php?rest_route=\/wp\/v2\/media\/12202"}],"wp:attachment":[{"href":"https:\/\/acligphoto.fr\/index.php?rest_route=%2Fwp%2Fv2%2Fmedia&parent=12185"}],"wp:term":[{"taxonomy":"category","embeddable":true,"href":"https:\/\/acligphoto.fr\/index.php?rest_route=%2Fwp%2Fv2%2Fcategories&post=12185"},{"taxonomy":"post_tag","embeddable":true,"href":"https:\/\/acligphoto.fr\/index.php?rest_route=%2Fwp%2Fv2%2Ftags&post=12185"}],"curies":[{"name":"wp","href":"https:\/\/api.w.org\/{rel}","templated":true}]}}