{"id":11781,"date":"2023-11-28T07:59:55","date_gmt":"2023-11-28T06:59:55","guid":{"rendered":"https:\/\/acligphoto.fr\/?p=11781"},"modified":"2023-11-28T07:59:56","modified_gmt":"2023-11-28T06:59:56","slug":"raconte-ta-photo-episode-61","status":"publish","type":"post","link":"https:\/\/acligphoto.fr\/?p=11781","title":{"rendered":"Raconte ta photo, \u00e9pisode 61"},"content":{"rendered":"\n<p class=\"has-large-font-size\">Rond<\/p>\n\n\n<style type=\"text\/css\">\n#foogallery-gallery-11798 .fg-image { width: 150px; }\n#foogallery-gallery-11798 { --fg-gutter: 10px; }<\/style>\n\t\t\t<div class=\"foogallery foogallery-container foogallery-default foogallery-lightbox-foogallery fg-center fg-default fg-ready fg-light fg-border-thin fg-shadow-outline fg-loading-default fg-loaded-fade-in fg-caption-hover fg-hover-fade fg-hover-zoom\" id=\"foogallery-gallery-11798\" data-foogallery=\"{&quot;item&quot;:{&quot;showCaptionTitle&quot;:true,&quot;showCaptionDescription&quot;:true},&quot;lazy&quot;:true}\" data-foogallery-lightbox=\"{&quot;thumbs&quot;:&quot;bottom&quot;,&quot;thumbsCaptions&quot;:false,&quot;thumbsBestFit&quot;:false,&quot;thumbsSmall&quot;:false,&quot;thumbsCaptionsAlign&quot;:&quot;default&quot;,&quot;info&quot;:&quot;bottom&quot;,&quot;infoVisible&quot;:true,&quot;infoOverlay&quot;:true,&quot;infoAlign&quot;:&quot;default&quot;,&quot;transition&quot;:&quot;fade&quot;,&quot;hoverButtons&quot;:false,&quot;fitMedia&quot;:false,&quot;noScrollbars&quot;:true,&quot;preserveButtonSpace&quot;:true,&quot;buttons&quot;:{&quot;fullscreen&quot;:true,&quot;info&quot;:true,&quot;thumbs&quot;:false},&quot;video&quot;:{&quot;autoPlay&quot;:true}}\" style=\"--fg-title-line-clamp: 0; --fg-description-line-clamp: 0;\" >\n\t<div class=\"fg-item fg-type-image fg-idle\"><figure class=\"fg-item-inner\"><a href=\"https:\/\/acligphoto.fr\/wp-content\/uploads\/2023\/11\/01_rond_JC.jpg\" data-caption-title=\"Photo de Jean-Christophe, Titre : \u00ab Le labyrinthe \u00bb\" data-caption-desc=\"Une installation r\u00e9alis\u00e9e sur la place du ch\u00e2teau \u00e0 Strasbourg en 2022 qui consistait en un labyrinthe de toile avec des fen\u00eatres par lesquelles on pouvait regarder les visiteurs \u00e9gar\u00e9s. Je n\u2019ai pas r\u00e9sist\u00e9 \u00e0 l\u2019envie de photographier les visiteurs pendant leur exploration.\" data-attachment-id=\"11783\" data-type=\"image\" class=\"fg-thumb\"><span class=\"fg-image-wrap\"><img decoding=\"async\" title=\"Photo de Jean-Christophe, Titre : \u00ab Le labyrinthe \u00bb\" width=\"150\" height=\"150\" class=\"skip-lazy fg-image\" data-src-fg=\"https:\/\/acligphoto.fr\/wp-content\/uploads\/cache\/2023\/11\/01_rond_JC\/2517817225.jpg\" src=\"data:image\/svg+xml,%3Csvg%20xmlns%3D%22http%3A%2F%2Fwww.w3.org%2F2000%2Fsvg%22%20width%3D%22150%22%20height%3D%22150%22%20viewBox%3D%220%200%20150%20150%22%3E%3C%2Fsvg%3E\" loading=\"eager\"><\/span><span class=\"fg-image-overlay\"><\/span><\/a><figcaption class=\"fg-caption\"><div class=\"fg-caption-inner\"><div class=\"fg-caption-title\">Photo de Jean-Christophe, Titre : \u00ab Le labyrinthe \u00bb<\/div><div class=\"fg-caption-desc\">Une installation r\u00e9alis\u00e9e sur la place du ch\u00e2teau \u00e0 Strasbourg en 2022 qui consistait en un labyrinthe de toile avec des fen\u00eatres par lesquelles on pouvait regarder les visiteurs \u00e9gar\u00e9s. Je n\u2019ai pas r\u00e9sist\u00e9 \u00e0 l\u2019envie de photographier les visiteurs pendant leur exploration.<\/div><\/div><\/figcaption><\/figure><div class=\"fg-loader\"><\/div><\/div><div class=\"fg-item fg-type-image fg-idle\"><figure class=\"fg-item-inner\"><a href=\"https:\/\/acligphoto.fr\/wp-content\/uploads\/2023\/11\/15_rond_Klaudia-.jpg\" data-caption-title=\"Photo de Klaudia\" data-caption-desc=\"No\u00ebl nous attend avec des cadeaux et des boules de No\u00ebl. \u00c0 Galeries Lafayette on combine les 2 : une demi-boule avec une ouverture tout ronde et un futur cadeau \u00e0 l\u2019int\u00e9rieur.\" data-attachment-id=\"11797\" data-type=\"image\" class=\"fg-thumb\"><span class=\"fg-image-wrap\"><img decoding=\"async\" title=\"Photo de Klaudia\" width=\"150\" height=\"150\" class=\"skip-lazy fg-image\" data-src-fg=\"https:\/\/acligphoto.fr\/wp-content\/uploads\/cache\/2023\/11\/15_rond_Klaudia-\/1326069384.jpg\" src=\"data:image\/svg+xml,%3Csvg%20xmlns%3D%22http%3A%2F%2Fwww.w3.org%2F2000%2Fsvg%22%20width%3D%22150%22%20height%3D%22150%22%20viewBox%3D%220%200%20150%20150%22%3E%3C%2Fsvg%3E\" loading=\"eager\"><\/span><span class=\"fg-image-overlay\"><\/span><\/a><figcaption class=\"fg-caption\"><div class=\"fg-caption-inner\"><div class=\"fg-caption-title\">Photo de Klaudia<\/div><div class=\"fg-caption-desc\">No\u00ebl nous attend avec des cadeaux et des boules de No\u00ebl. \u00c0 Galeries Lafayette on combine les 2 : une demi-boule avec une ouverture tout ronde et un futur cadeau \u00e0 l\u2019int\u00e9rieur.<\/div><\/div><\/figcaption><\/figure><div class=\"fg-loader\"><\/div><\/div><div class=\"fg-item fg-type-image fg-idle\"><figure class=\"fg-item-inner\"><a href=\"https:\/\/acligphoto.fr\/wp-content\/uploads\/2023\/11\/14_rond_Alan.jpg\" data-caption-title=\"Photo d&#039;Alan, Titre : \u00ab Ronds - Avec de l&#039;eau \u00bb\" data-caption-desc=\"L&#039;id\u00e9e de ronds dans l&#039;eau m&#039;a travers\u00e9 l&#039;esprit, et pourquoi ne pas en profiter avec des jets \u00e0 la mani\u00e8re de... si Versailles m&#039;\u00e9tait cont\u00e9. Un grand plouf !\" data-attachment-id=\"11796\" data-type=\"image\" class=\"fg-thumb\"><span class=\"fg-image-wrap\"><img decoding=\"async\" title=\"Photo d&#039;Alan, Titre : \u00ab Ronds - Avec de l&#039;eau \u00bb\" width=\"150\" height=\"150\" class=\"skip-lazy fg-image\" data-src-fg=\"https:\/\/acligphoto.fr\/wp-content\/uploads\/cache\/2023\/11\/14_rond_Alan\/4041261076.jpg\" src=\"data:image\/svg+xml,%3Csvg%20xmlns%3D%22http%3A%2F%2Fwww.w3.org%2F2000%2Fsvg%22%20width%3D%22150%22%20height%3D%22150%22%20viewBox%3D%220%200%20150%20150%22%3E%3C%2Fsvg%3E\" loading=\"eager\"><\/span><span class=\"fg-image-overlay\"><\/span><\/a><figcaption class=\"fg-caption\"><div class=\"fg-caption-inner\"><div class=\"fg-caption-title\">Photo d&rsquo;Alan, Titre : \u00ab Ronds &#8211; Avec de l&rsquo;eau \u00bb<\/div><div class=\"fg-caption-desc\">L&rsquo;id\u00e9e de ronds dans l&rsquo;eau m&rsquo;a travers\u00e9 l&rsquo;esprit, et pourquoi ne pas en profiter avec des jets \u00e0 la mani\u00e8re de&#8230; si Versailles m&rsquo;\u00e9tait cont\u00e9. Un grand plouf !<\/div><\/div><\/figcaption><\/figure><div class=\"fg-loader\"><\/div><\/div><div class=\"fg-item fg-type-image fg-idle\"><figure class=\"fg-item-inner\"><a href=\"https:\/\/acligphoto.fr\/wp-content\/uploads\/2023\/11\/13_rond_Robert.jpg\" data-caption-title=\"Photo de Robert\" data-caption-desc=\"Photo prise avec un m\u00e9lange d&#039;huile et d\u2019eau.\" data-attachment-id=\"11795\" data-type=\"image\" class=\"fg-thumb\"><span class=\"fg-image-wrap\"><img decoding=\"async\" title=\"Photo de Robert\" width=\"150\" height=\"150\" class=\"skip-lazy fg-image\" data-src-fg=\"https:\/\/acligphoto.fr\/wp-content\/uploads\/cache\/2023\/11\/13_rond_Robert\/2353889976.jpg\" src=\"data:image\/svg+xml,%3Csvg%20xmlns%3D%22http%3A%2F%2Fwww.w3.org%2F2000%2Fsvg%22%20width%3D%22150%22%20height%3D%22150%22%20viewBox%3D%220%200%20150%20150%22%3E%3C%2Fsvg%3E\" loading=\"eager\"><\/span><span class=\"fg-image-overlay\"><\/span><\/a><figcaption class=\"fg-caption\"><div class=\"fg-caption-inner\"><div class=\"fg-caption-title\">Photo de Robert<\/div><div class=\"fg-caption-desc\">Photo prise avec un m\u00e9lange d&rsquo;huile et d\u2019eau.<\/div><\/div><\/figcaption><\/figure><div class=\"fg-loader\"><\/div><\/div><div class=\"fg-item fg-type-image fg-idle\"><figure class=\"fg-item-inner\"><a href=\"https:\/\/acligphoto.fr\/wp-content\/uploads\/2023\/11\/12_rond_Didier.jpg\" data-caption-title=\"Photo de Didier, Titre : \u00ab Rond....Point \u00bb\" data-caption-desc=\"Le rond dans la forme ainsi que dans le nom plus un quart de rond dans le haut\" data-attachment-id=\"11794\" data-type=\"image\" class=\"fg-thumb\"><span class=\"fg-image-wrap\"><img decoding=\"async\" title=\"Photo de Didier, Titre : \u00ab Rond....Point \u00bb\" width=\"150\" height=\"150\" class=\"skip-lazy fg-image\" data-src-fg=\"https:\/\/acligphoto.fr\/wp-content\/uploads\/cache\/2023\/11\/12_rond_Didier\/4041027349.jpg\" src=\"data:image\/svg+xml,%3Csvg%20xmlns%3D%22http%3A%2F%2Fwww.w3.org%2F2000%2Fsvg%22%20width%3D%22150%22%20height%3D%22150%22%20viewBox%3D%220%200%20150%20150%22%3E%3C%2Fsvg%3E\" loading=\"eager\"><\/span><span class=\"fg-image-overlay\"><\/span><\/a><figcaption class=\"fg-caption\"><div class=\"fg-caption-inner\"><div class=\"fg-caption-title\">Photo de Didier, Titre : \u00ab Rond&#8230;.Point \u00bb<\/div><div class=\"fg-caption-desc\">Le rond dans la forme ainsi que dans le nom plus un quart de rond dans le haut<\/div><\/div><\/figcaption><\/figure><div class=\"fg-loader\"><\/div><\/div><div class=\"fg-item fg-type-image fg-idle\"><figure class=\"fg-item-inner\"><a href=\"https:\/\/acligphoto.fr\/wp-content\/uploads\/2023\/11\/11_rond_Gerard.jpg\" data-caption-title=\"Photo de G\u00e9rard\" data-caption-desc=\"Photo r\u00e9alis\u00e9e dans une eau sans courant avec l&#039;aide de mon petit-fils de 5 ans qui a accept\u00e9 de m&#039;aider pour r\u00e9aliser cette photo de rond.\" data-attachment-id=\"11793\" data-type=\"image\" class=\"fg-thumb\"><span class=\"fg-image-wrap\"><img decoding=\"async\" title=\"Photo de G\u00e9rard\" width=\"150\" height=\"150\" class=\"skip-lazy fg-image\" data-src-fg=\"https:\/\/acligphoto.fr\/wp-content\/uploads\/cache\/2023\/11\/11_rond_Gerard\/2606352898.jpg\" src=\"data:image\/svg+xml,%3Csvg%20xmlns%3D%22http%3A%2F%2Fwww.w3.org%2F2000%2Fsvg%22%20width%3D%22150%22%20height%3D%22150%22%20viewBox%3D%220%200%20150%20150%22%3E%3C%2Fsvg%3E\" loading=\"eager\"><\/span><span class=\"fg-image-overlay\"><\/span><\/a><figcaption class=\"fg-caption\"><div class=\"fg-caption-inner\"><div class=\"fg-caption-title\">Photo de G\u00e9rard<\/div><div class=\"fg-caption-desc\">Photo r\u00e9alis\u00e9e dans une eau sans courant avec l&rsquo;aide de mon petit-fils de 5 ans qui a accept\u00e9 de m&rsquo;aider pour r\u00e9aliser cette photo de rond.<\/div><\/div><\/figcaption><\/figure><div class=\"fg-loader\"><\/div><\/div><div class=\"fg-item fg-type-image fg-idle\"><figure class=\"fg-item-inner\"><a href=\"https:\/\/acligphoto.fr\/wp-content\/uploads\/2023\/11\/10_rond_Armand.jpg\" data-caption-title=\"Photo d&#039;Armand\" data-caption-desc=\"Un rond vu dans le pavage riche en couleurs et en motifs \u00e0 Freiburg im Breisgau.\" data-attachment-id=\"11792\" data-type=\"image\" class=\"fg-thumb\"><span class=\"fg-image-wrap\"><img decoding=\"async\" title=\"Photo d&#039;Armand\" width=\"150\" height=\"150\" class=\"skip-lazy fg-image\" data-src-fg=\"https:\/\/acligphoto.fr\/wp-content\/uploads\/cache\/2023\/11\/10_rond_Armand\/1338961276.jpg\" src=\"data:image\/svg+xml,%3Csvg%20xmlns%3D%22http%3A%2F%2Fwww.w3.org%2F2000%2Fsvg%22%20width%3D%22150%22%20height%3D%22150%22%20viewBox%3D%220%200%20150%20150%22%3E%3C%2Fsvg%3E\" loading=\"eager\"><\/span><span class=\"fg-image-overlay\"><\/span><\/a><figcaption class=\"fg-caption\"><div class=\"fg-caption-inner\"><div class=\"fg-caption-title\">Photo d&rsquo;Armand<\/div><div class=\"fg-caption-desc\">Un rond vu dans le pavage riche en couleurs et en motifs \u00e0 Freiburg im Breisgau.<\/div><\/div><\/figcaption><\/figure><div class=\"fg-loader\"><\/div><\/div><div class=\"fg-item fg-type-image fg-idle\"><figure class=\"fg-item-inner\"><a href=\"https:\/\/acligphoto.fr\/wp-content\/uploads\/2023\/11\/09_Rond_Remi.jpg\" data-caption-title=\"Photo de R\u00e9mi, Titre : \u00ab Le panneau. \u00bb\" data-caption-desc=\"\u00c7a devait \u00eatre un panneau d\u2019interdiction, mais lequel ? C\u2019est devenu un panneau d\u2019expression libre.\" data-attachment-id=\"11791\" data-type=\"image\" class=\"fg-thumb\"><span class=\"fg-image-wrap\"><img decoding=\"async\" title=\"Photo de R\u00e9mi, Titre : \u00ab Le panneau. \u00bb\" width=\"150\" height=\"150\" class=\"skip-lazy fg-image\" data-src-fg=\"https:\/\/acligphoto.fr\/wp-content\/uploads\/cache\/2023\/11\/09_Rond_Remi\/2533672433.jpg\" src=\"data:image\/svg+xml,%3Csvg%20xmlns%3D%22http%3A%2F%2Fwww.w3.org%2F2000%2Fsvg%22%20width%3D%22150%22%20height%3D%22150%22%20viewBox%3D%220%200%20150%20150%22%3E%3C%2Fsvg%3E\" loading=\"eager\"><\/span><span class=\"fg-image-overlay\"><\/span><\/a><figcaption class=\"fg-caption\"><div class=\"fg-caption-inner\"><div class=\"fg-caption-title\">Photo de R\u00e9mi, Titre : \u00ab Le panneau. \u00bb<\/div><div class=\"fg-caption-desc\">\u00c7a devait \u00eatre un panneau d\u2019interdiction, mais lequel ? C\u2019est devenu un panneau d\u2019expression libre.<\/div><\/div><\/figcaption><\/figure><div class=\"fg-loader\"><\/div><\/div><div class=\"fg-item fg-type-image fg-idle\"><figure class=\"fg-item-inner\"><a href=\"https:\/\/acligphoto.fr\/wp-content\/uploads\/2023\/11\/08_rond_Lisa.jpg\" data-caption-title=\"Photo de Lisa, Titre : \u00ab Photo de groupe \u00bb\" data-caption-desc=\"Quoi de plus naturel que d&#039;essayer de faire des tourbillons avec PS et de faire des ronds.\nPhoto prise lors de notre sortie marathon photo \u00e0 Molsheim. Bien entendu tout le monde se reconna\u00eetra...\" data-attachment-id=\"11790\" data-type=\"image\" class=\"fg-thumb\"><span class=\"fg-image-wrap\"><img decoding=\"async\" title=\"Photo de Lisa, Titre : \u00ab Photo de groupe \u00bb\" width=\"150\" height=\"150\" class=\"skip-lazy fg-image\" data-src-fg=\"https:\/\/acligphoto.fr\/wp-content\/uploads\/cache\/2023\/11\/08_rond_Lisa\/3785552111.jpg\" src=\"data:image\/svg+xml,%3Csvg%20xmlns%3D%22http%3A%2F%2Fwww.w3.org%2F2000%2Fsvg%22%20width%3D%22150%22%20height%3D%22150%22%20viewBox%3D%220%200%20150%20150%22%3E%3C%2Fsvg%3E\" loading=\"eager\"><\/span><span class=\"fg-image-overlay\"><\/span><\/a><figcaption class=\"fg-caption\"><div class=\"fg-caption-inner\"><div class=\"fg-caption-title\">Photo de Lisa, Titre : \u00ab Photo de groupe \u00bb<\/div><div class=\"fg-caption-desc\">Quoi de plus naturel que d&rsquo;essayer de faire des tourbillons avec PS et de faire des ronds.\nPhoto prise lors de notre sortie marathon photo \u00e0 Molsheim. Bien entendu tout le monde se reconna\u00eetra&#8230;<\/div><\/div><\/figcaption><\/figure><div class=\"fg-loader\"><\/div><\/div><div class=\"fg-item fg-type-image fg-idle\"><figure class=\"fg-item-inner\"><a href=\"https:\/\/acligphoto.fr\/wp-content\/uploads\/2023\/11\/07_rond_Florence.jpg\" data-caption-title=\"Photo de Florence, Titre : \u00ab Entr\u00e9e dans le rond \u00bb\" data-caption-desc=\"Photo prise cette ann\u00e9e dans le quartier Rivetoile.\" data-attachment-id=\"11789\" data-type=\"image\" class=\"fg-thumb\"><span class=\"fg-image-wrap\"><img decoding=\"async\" title=\"Photo de Florence, Titre : \u00ab Entr\u00e9e dans le rond \u00bb\" width=\"150\" height=\"150\" class=\"skip-lazy fg-image\" data-src-fg=\"https:\/\/acligphoto.fr\/wp-content\/uploads\/cache\/2023\/11\/07_rond_Florence\/1794145496.jpg\" src=\"data:image\/svg+xml,%3Csvg%20xmlns%3D%22http%3A%2F%2Fwww.w3.org%2F2000%2Fsvg%22%20width%3D%22150%22%20height%3D%22150%22%20viewBox%3D%220%200%20150%20150%22%3E%3C%2Fsvg%3E\" loading=\"eager\"><\/span><span class=\"fg-image-overlay\"><\/span><\/a><figcaption class=\"fg-caption\"><div class=\"fg-caption-inner\"><div class=\"fg-caption-title\">Photo de Florence, Titre : \u00ab Entr\u00e9e dans le rond \u00bb<\/div><div class=\"fg-caption-desc\">Photo prise cette ann\u00e9e dans le quartier Rivetoile.<\/div><\/div><\/figcaption><\/figure><div class=\"fg-loader\"><\/div><\/div><div class=\"fg-item fg-type-image fg-idle\"><figure class=\"fg-item-inner\"><a href=\"https:\/\/acligphoto.fr\/wp-content\/uploads\/2023\/11\/06_Rond_Iza.jpg\" data-caption-title=\"Photo de Iza\" data-caption-desc=\"Une multitude de ronds. Il ne manque qu&#039;une chanson. Pour nous r\u00e9unir bient\u00f4t \u00e0 l&#039;unisson. Et f\u00eater ensemble le R\u00e9veillon.\" data-attachment-id=\"11788\" data-type=\"image\" class=\"fg-thumb\"><span class=\"fg-image-wrap\"><img decoding=\"async\" title=\"Photo de Iza\" width=\"150\" height=\"150\" class=\"skip-lazy fg-image\" data-src-fg=\"https:\/\/acligphoto.fr\/wp-content\/uploads\/cache\/2023\/11\/06_Rond_Iza\/1598814075.jpg\" src=\"data:image\/svg+xml,%3Csvg%20xmlns%3D%22http%3A%2F%2Fwww.w3.org%2F2000%2Fsvg%22%20width%3D%22150%22%20height%3D%22150%22%20viewBox%3D%220%200%20150%20150%22%3E%3C%2Fsvg%3E\" loading=\"eager\"><\/span><span class=\"fg-image-overlay\"><\/span><\/a><figcaption class=\"fg-caption\"><div class=\"fg-caption-inner\"><div class=\"fg-caption-title\">Photo de Iza<\/div><div class=\"fg-caption-desc\">Une multitude de ronds. Il ne manque qu&rsquo;une chanson. Pour nous r\u00e9unir bient\u00f4t \u00e0 l&rsquo;unisson. Et f\u00eater ensemble le R\u00e9veillon.<\/div><\/div><\/figcaption><\/figure><div class=\"fg-loader\"><\/div><\/div><div class=\"fg-item fg-type-image fg-idle\"><figure class=\"fg-item-inner\"><a href=\"https:\/\/acligphoto.fr\/wp-content\/uploads\/2023\/11\/05_rond_Gilbert.jpeg\" data-caption-title=\"Photo de Gilbert\" data-caption-desc=\"Des \u201cronds\u2019\u2019 en voici, en voil\u00e0 ....\nLes tiroirs des photographes en sont plein de ces bouchons d\u2019objectifs et filtres et adapteurs de toutes sortes, tous diam\u00e8tres. Mais est-ce que nous nous servons vraiment de tout cela ???\" data-attachment-id=\"11787\" data-type=\"image\" class=\"fg-thumb\"><span class=\"fg-image-wrap\"><img decoding=\"async\" title=\"Photo de Gilbert\" width=\"150\" height=\"150\" class=\"skip-lazy fg-image\" data-src-fg=\"https:\/\/acligphoto.fr\/wp-content\/uploads\/cache\/2023\/11\/05_rond_Gilbert\/585529393.jpeg\" src=\"data:image\/svg+xml,%3Csvg%20xmlns%3D%22http%3A%2F%2Fwww.w3.org%2F2000%2Fsvg%22%20width%3D%22150%22%20height%3D%22150%22%20viewBox%3D%220%200%20150%20150%22%3E%3C%2Fsvg%3E\" loading=\"eager\"><\/span><span class=\"fg-image-overlay\"><\/span><\/a><figcaption class=\"fg-caption\"><div class=\"fg-caption-inner\"><div class=\"fg-caption-title\">Photo de Gilbert<\/div><div class=\"fg-caption-desc\">Des \u201cronds\u2019\u2019 en voici, en voil\u00e0 &#8230;.\nLes tiroirs des photographes en sont plein de ces bouchons d\u2019objectifs et filtres et adapteurs de toutes sortes, tous diam\u00e8tres. Mais est-ce que nous nous servons vraiment de tout cela ???<\/div><\/div><\/figcaption><\/figure><div class=\"fg-loader\"><\/div><\/div><div class=\"fg-item fg-type-image fg-idle\"><figure class=\"fg-item-inner\"><a href=\"https:\/\/acligphoto.fr\/wp-content\/uploads\/2023\/11\/04_rond_Louis.jpg\" data-caption-title=\"Photo de Louis\" data-caption-desc=\"Photo r\u00e9alis\u00e9e lors d\u2019un carnaval V\u00e9nitien \u00e0 Rosheim.\" data-attachment-id=\"11786\" data-type=\"image\" class=\"fg-thumb\"><span class=\"fg-image-wrap\"><img decoding=\"async\" title=\"Photo de Louis\" width=\"150\" height=\"150\" class=\"skip-lazy fg-image\" data-src-fg=\"https:\/\/acligphoto.fr\/wp-content\/uploads\/cache\/2023\/11\/04_rond_Louis\/115792582.jpg\" src=\"data:image\/svg+xml,%3Csvg%20xmlns%3D%22http%3A%2F%2Fwww.w3.org%2F2000%2Fsvg%22%20width%3D%22150%22%20height%3D%22150%22%20viewBox%3D%220%200%20150%20150%22%3E%3C%2Fsvg%3E\" loading=\"eager\"><\/span><span class=\"fg-image-overlay\"><\/span><\/a><figcaption class=\"fg-caption\"><div class=\"fg-caption-inner\"><div class=\"fg-caption-title\">Photo de Louis<\/div><div class=\"fg-caption-desc\">Photo r\u00e9alis\u00e9e lors d\u2019un carnaval V\u00e9nitien \u00e0 Rosheim.<\/div><\/div><\/figcaption><\/figure><div class=\"fg-loader\"><\/div><\/div><div class=\"fg-item fg-type-image fg-idle\"><figure class=\"fg-item-inner\"><a href=\"https:\/\/acligphoto.fr\/wp-content\/uploads\/2023\/11\/03_Rond_Albert.jpg\" data-caption-title=\"Photo d&#039;Albert\" data-caption-desc=\"Une pleine lune jaune, quoi de mieux pour illustrer le th\u00e8me rond ! Photo prise \u00e0 la Wantzenau un soir de novembre...mais il y a 3 ans.\" data-attachment-id=\"11785\" data-type=\"image\" class=\"fg-thumb\"><span class=\"fg-image-wrap\"><img decoding=\"async\" title=\"Photo d&#039;Albert\" width=\"150\" height=\"150\" class=\"skip-lazy fg-image\" data-src-fg=\"https:\/\/acligphoto.fr\/wp-content\/uploads\/cache\/2023\/11\/03_Rond_Albert\/1788416431.jpg\" src=\"data:image\/svg+xml,%3Csvg%20xmlns%3D%22http%3A%2F%2Fwww.w3.org%2F2000%2Fsvg%22%20width%3D%22150%22%20height%3D%22150%22%20viewBox%3D%220%200%20150%20150%22%3E%3C%2Fsvg%3E\" loading=\"eager\"><\/span><span class=\"fg-image-overlay\"><\/span><\/a><figcaption class=\"fg-caption\"><div class=\"fg-caption-inner\"><div class=\"fg-caption-title\">Photo d&rsquo;Albert<\/div><div class=\"fg-caption-desc\">Une pleine lune jaune, quoi de mieux pour illustrer le th\u00e8me rond ! Photo prise \u00e0 la Wantzenau un soir de novembre&#8230;mais il y a 3 ans.<\/div><\/div><\/figcaption><\/figure><div class=\"fg-loader\"><\/div><\/div><div class=\"fg-item fg-type-image fg-idle\"><figure class=\"fg-item-inner\"><a href=\"https:\/\/acligphoto.fr\/wp-content\/uploads\/2023\/11\/02_rond_Francis.jpg\" data-caption-title=\"Photo de Francis\" data-caption-desc=\"C&#039;est presque un rond. Photo prise au cirque de Cila\u00f6s \u00e0 l&#039;ile de la R\u00e9union\" data-attachment-id=\"11784\" data-type=\"image\" class=\"fg-thumb\"><span class=\"fg-image-wrap\"><img decoding=\"async\" title=\"Photo de Francis\" width=\"150\" height=\"150\" class=\"skip-lazy fg-image\" data-src-fg=\"https:\/\/acligphoto.fr\/wp-content\/uploads\/cache\/2023\/11\/02_rond_Francis\/4019054701.jpg\" src=\"data:image\/svg+xml,%3Csvg%20xmlns%3D%22http%3A%2F%2Fwww.w3.org%2F2000%2Fsvg%22%20width%3D%22150%22%20height%3D%22150%22%20viewBox%3D%220%200%20150%20150%22%3E%3C%2Fsvg%3E\" loading=\"eager\"><\/span><span class=\"fg-image-overlay\"><\/span><\/a><figcaption class=\"fg-caption\"><div class=\"fg-caption-inner\"><div class=\"fg-caption-title\">Photo de Francis<\/div><div class=\"fg-caption-desc\">C&rsquo;est presque un rond. Photo prise au cirque de Cila\u00f6s \u00e0 l&rsquo;ile de la R\u00e9union<\/div><\/div><\/figcaption><\/figure><div class=\"fg-loader\"><\/div><\/div><\/div>\n","protected":false},"excerpt":{"rendered":"<p>Rond<\/p>\n","protected":false},"author":27,"featured_media":11794,"comment_status":"closed","ping_status":"open","sticky":true,"template":"","format":"standard","meta":{"_bbp_topic_count":0,"_bbp_reply_count":0,"_bbp_total_topic_count":0,"_bbp_total_reply_count":0,"_bbp_voice_count":0,"_bbp_anonymous_reply_count":0,"_bbp_topic_count_hidden":0,"_bbp_reply_count_hidden":0,"_bbp_forum_subforum_count":0,"footnotes":""},"categories":[7],"tags":[],"class_list":["post-11781","post","type-post","status-publish","format-standard","has-post-thumbnail","hentry","category-vie-de-latelier"],"_links":{"self":[{"href":"https:\/\/acligphoto.fr\/index.php?rest_route=\/wp\/v2\/posts\/11781","targetHints":{"allow":["GET"]}}],"collection":[{"href":"https:\/\/acligphoto.fr\/index.php?rest_route=\/wp\/v2\/posts"}],"about":[{"href":"https:\/\/acligphoto.fr\/index.php?rest_route=\/wp\/v2\/types\/post"}],"author":[{"embeddable":true,"href":"https:\/\/acligphoto.fr\/index.php?rest_route=\/wp\/v2\/users\/27"}],"replies":[{"embeddable":true,"href":"https:\/\/acligphoto.fr\/index.php?rest_route=%2Fwp%2Fv2%2Fcomments&post=11781"}],"version-history":[{"count":2,"href":"https:\/\/acligphoto.fr\/index.php?rest_route=\/wp\/v2\/posts\/11781\/revisions"}],"predecessor-version":[{"id":11799,"href":"https:\/\/acligphoto.fr\/index.php?rest_route=\/wp\/v2\/posts\/11781\/revisions\/11799"}],"wp:featuredmedia":[{"embeddable":true,"href":"https:\/\/acligphoto.fr\/index.php?rest_route=\/wp\/v2\/media\/11794"}],"wp:attachment":[{"href":"https:\/\/acligphoto.fr\/index.php?rest_route=%2Fwp%2Fv2%2Fmedia&parent=11781"}],"wp:term":[{"taxonomy":"category","embeddable":true,"href":"https:\/\/acligphoto.fr\/index.php?rest_route=%2Fwp%2Fv2%2Fcategories&post=11781"},{"taxonomy":"post_tag","embeddable":true,"href":"https:\/\/acligphoto.fr\/index.php?rest_route=%2Fwp%2Fv2%2Ftags&post=11781"}],"curies":[{"name":"wp","href":"https:\/\/api.w.org\/{rel}","templated":true}]}}