{"id":11285,"date":"2023-10-14T08:56:22","date_gmt":"2023-10-14T06:56:22","guid":{"rendered":"https:\/\/acligphoto.fr\/?p=11285"},"modified":"2023-10-14T08:56:23","modified_gmt":"2023-10-14T06:56:23","slug":"raconte-ta-photo-episode-lviii","status":"publish","type":"post","link":"https:\/\/acligphoto.fr\/?p=11285","title":{"rendered":"Raconte ta photo, \u00e9pisode LVIII"},"content":{"rendered":"\n<p class=\"has-large-font-size\">Lignes<\/p>\n\n\n<style type=\"text\/css\">\n#foogallery-gallery-11308 .fg-image { width: 150px; }\n#foogallery-gallery-11308 { --fg-gutter: 10px; }<\/style>\n\t\t\t<div class=\"foogallery foogallery-container foogallery-default foogallery-lightbox-foogallery fg-center fg-default fg-ready fg-light fg-border-thin fg-shadow-outline fg-loading-default fg-loaded-fade-in fg-caption-hover fg-hover-fade fg-hover-zoom\" id=\"foogallery-gallery-11308\" data-foogallery=\"{&quot;item&quot;:{&quot;showCaptionTitle&quot;:true,&quot;showCaptionDescription&quot;:true},&quot;lazy&quot;:true}\" data-foogallery-lightbox=\"{&quot;thumbs&quot;:&quot;bottom&quot;,&quot;thumbsCaptions&quot;:false,&quot;thumbsBestFit&quot;:false,&quot;thumbsSmall&quot;:false,&quot;thumbsCaptionsAlign&quot;:&quot;default&quot;,&quot;info&quot;:&quot;bottom&quot;,&quot;infoVisible&quot;:true,&quot;infoOverlay&quot;:true,&quot;infoAlign&quot;:&quot;default&quot;,&quot;transition&quot;:&quot;fade&quot;,&quot;hoverButtons&quot;:false,&quot;fitMedia&quot;:false,&quot;noScrollbars&quot;:true,&quot;preserveButtonSpace&quot;:true,&quot;buttons&quot;:{&quot;fullscreen&quot;:true,&quot;info&quot;:true,&quot;thumbs&quot;:false},&quot;video&quot;:{&quot;autoPlay&quot;:true}}\" style=\"--fg-title-line-clamp: 0; --fg-description-line-clamp: 0;\" >\n\t<div class=\"fg-item fg-type-image fg-idle\"><figure class=\"fg-item-inner\"><a href=\"https:\/\/acligphoto.fr\/wp-content\/uploads\/2023\/10\/20_Lignes_JL.jpg\" data-caption-title=\"Photo de Jean-Louis\" data-caption-desc=\"Lignes singuli\u00e8res ET pluriels.\" data-attachment-id=\"11307\" data-type=\"image\" class=\"fg-thumb\"><span class=\"fg-image-wrap\"><img decoding=\"async\" title=\"Photo de Jean-Louis\" width=\"150\" height=\"150\" class=\"skip-lazy fg-image\" data-src-fg=\"https:\/\/acligphoto.fr\/wp-content\/uploads\/cache\/2023\/10\/20_Lignes_JL\/3170527039.jpg\" src=\"data:image\/svg+xml,%3Csvg%20xmlns%3D%22http%3A%2F%2Fwww.w3.org%2F2000%2Fsvg%22%20width%3D%22150%22%20height%3D%22150%22%20viewBox%3D%220%200%20150%20150%22%3E%3C%2Fsvg%3E\" loading=\"eager\"><\/span><span class=\"fg-image-overlay\"><\/span><\/a><figcaption class=\"fg-caption\"><div class=\"fg-caption-inner\"><div class=\"fg-caption-title\">Photo de Jean-Louis<\/div><div class=\"fg-caption-desc\">Lignes singuli\u00e8res ET pluriels.<\/div><\/div><\/figcaption><\/figure><div class=\"fg-loader\"><\/div><\/div><div class=\"fg-item fg-type-image fg-idle\"><figure class=\"fg-item-inner\"><a href=\"https:\/\/acligphoto.fr\/wp-content\/uploads\/2023\/10\/19_lignes_Didier.jpg\" data-caption-title=\"Photo de Didier\" data-caption-desc=\"Photo prise dans une graniti\u00e8re.\" data-attachment-id=\"11306\" data-type=\"image\" class=\"fg-thumb\"><span class=\"fg-image-wrap\"><img decoding=\"async\" title=\"Photo de Didier\" width=\"150\" height=\"150\" class=\"skip-lazy fg-image\" data-src-fg=\"https:\/\/acligphoto.fr\/wp-content\/uploads\/cache\/2023\/10\/19_lignes_Didier\/1325976030.jpg\" src=\"data:image\/svg+xml,%3Csvg%20xmlns%3D%22http%3A%2F%2Fwww.w3.org%2F2000%2Fsvg%22%20width%3D%22150%22%20height%3D%22150%22%20viewBox%3D%220%200%20150%20150%22%3E%3C%2Fsvg%3E\" loading=\"eager\"><\/span><span class=\"fg-image-overlay\"><\/span><\/a><figcaption class=\"fg-caption\"><div class=\"fg-caption-inner\"><div class=\"fg-caption-title\">Photo de Didier<\/div><div class=\"fg-caption-desc\">Photo prise dans une graniti\u00e8re.<\/div><\/div><\/figcaption><\/figure><div class=\"fg-loader\"><\/div><\/div><div class=\"fg-item fg-type-image fg-idle\"><figure class=\"fg-item-inner\"><a href=\"https:\/\/acligphoto.fr\/wp-content\/uploads\/2023\/10\/18_lignes_Armand.jpg\" data-caption-title=\"Photo de Armand\" data-caption-desc=\"Les fines lignes color\u00e9es du cin\u00e9ma VOX \u00e0 Strasbourg et leurs reflets.\" data-attachment-id=\"11305\" data-type=\"image\" class=\"fg-thumb\"><span class=\"fg-image-wrap\"><img decoding=\"async\" title=\"Photo de Armand\" width=\"150\" height=\"150\" class=\"skip-lazy fg-image\" data-src-fg=\"https:\/\/acligphoto.fr\/wp-content\/uploads\/cache\/2023\/10\/18_lignes_Armand\/1444861172.jpg\" src=\"data:image\/svg+xml,%3Csvg%20xmlns%3D%22http%3A%2F%2Fwww.w3.org%2F2000%2Fsvg%22%20width%3D%22150%22%20height%3D%22150%22%20viewBox%3D%220%200%20150%20150%22%3E%3C%2Fsvg%3E\" loading=\"eager\"><\/span><span class=\"fg-image-overlay\"><\/span><\/a><figcaption class=\"fg-caption\"><div class=\"fg-caption-inner\"><div class=\"fg-caption-title\">Photo de Armand<\/div><div class=\"fg-caption-desc\">Les fines lignes color\u00e9es du cin\u00e9ma VOX \u00e0 Strasbourg et leurs reflets.<\/div><\/div><\/figcaption><\/figure><div class=\"fg-loader\"><\/div><\/div><div class=\"fg-item fg-type-image fg-idle\"><figure class=\"fg-item-inner\"><a href=\"https:\/\/acligphoto.fr\/wp-content\/uploads\/2023\/10\/17_Ligne_Michel.jpg\" data-caption-title=\"Photo de Michel\" data-caption-desc=\"Point \u00e0 la ligne\" data-attachment-id=\"11304\" data-type=\"image\" class=\"fg-thumb\"><span class=\"fg-image-wrap\"><img decoding=\"async\" title=\"Photo de Michel\" width=\"150\" height=\"150\" class=\"skip-lazy fg-image\" data-src-fg=\"https:\/\/acligphoto.fr\/wp-content\/uploads\/cache\/2023\/10\/17_Ligne_Michel\/3770875261.jpg\" src=\"data:image\/svg+xml,%3Csvg%20xmlns%3D%22http%3A%2F%2Fwww.w3.org%2F2000%2Fsvg%22%20width%3D%22150%22%20height%3D%22150%22%20viewBox%3D%220%200%20150%20150%22%3E%3C%2Fsvg%3E\" loading=\"eager\"><\/span><span class=\"fg-image-overlay\"><\/span><\/a><figcaption class=\"fg-caption\"><div class=\"fg-caption-inner\"><div class=\"fg-caption-title\">Photo de Michel<\/div><div class=\"fg-caption-desc\">Point \u00e0 la ligne<\/div><\/div><\/figcaption><\/figure><div class=\"fg-loader\"><\/div><\/div><div class=\"fg-item fg-type-image fg-idle\"><figure class=\"fg-item-inner\"><a href=\"https:\/\/acligphoto.fr\/wp-content\/uploads\/2023\/10\/16_Ligne_Alan.jpg\" data-caption-title=\"Photo de Alan - Titre : \u00ab Ligne bleue des Vosges \u00ab\" data-caption-desc=\"J&#039;ai choisi cette photo pour respecter le th\u00e8me la ligne. &quot;bleue pourquoi pas&quot;\n Et pour le pluriel, j&#039;ai \u00e9t\u00e9 survol\u00e9 les sommets avec des lignes comme vous le d\u00e9sirez ! Bon voyage dans les Vosges.\" data-attachment-id=\"11303\" data-type=\"image\" class=\"fg-thumb\"><span class=\"fg-image-wrap\"><img decoding=\"async\" title=\"Photo de Alan - Titre : \u00ab Ligne bleue des Vosges \u00ab\" width=\"150\" height=\"150\" class=\"skip-lazy fg-image\" data-src-fg=\"https:\/\/acligphoto.fr\/wp-content\/uploads\/cache\/2023\/10\/16_Ligne_Alan\/4166598352.jpg\" src=\"data:image\/svg+xml,%3Csvg%20xmlns%3D%22http%3A%2F%2Fwww.w3.org%2F2000%2Fsvg%22%20width%3D%22150%22%20height%3D%22150%22%20viewBox%3D%220%200%20150%20150%22%3E%3C%2Fsvg%3E\" loading=\"eager\"><\/span><span class=\"fg-image-overlay\"><\/span><\/a><figcaption class=\"fg-caption\"><div class=\"fg-caption-inner\"><div class=\"fg-caption-title\">Photo de Alan &#8211; Titre : \u00ab Ligne bleue des Vosges \u00ab<\/div><div class=\"fg-caption-desc\">J&rsquo;ai choisi cette photo pour respecter le th\u00e8me la ligne. \u00ab\u00a0bleue pourquoi pas\u00a0\u00bb\n Et pour le pluriel, j&rsquo;ai \u00e9t\u00e9 survol\u00e9 les sommets avec des lignes comme vous le d\u00e9sirez ! Bon voyage dans les Vosges.<\/div><\/div><\/figcaption><\/figure><div class=\"fg-loader\"><\/div><\/div><div class=\"fg-item fg-type-image fg-idle\"><figure class=\"fg-item-inner\"><a href=\"https:\/\/acligphoto.fr\/wp-content\/uploads\/2023\/10\/15_Lignes_Louis.jpg\" data-caption-title=\"Photo de Louis\" data-caption-desc=\"Photo r\u00e9alis\u00e9e ce week-end \u00e0 Paris. Un des nombreux immeubles de la D\u00e9fense.\" data-attachment-id=\"11302\" data-type=\"image\" class=\"fg-thumb\"><span class=\"fg-image-wrap\"><img decoding=\"async\" title=\"Photo de Louis\" width=\"150\" height=\"150\" class=\"skip-lazy fg-image\" data-src-fg=\"https:\/\/acligphoto.fr\/wp-content\/uploads\/cache\/2023\/10\/15_Lignes_Louis\/731071759.jpg\" src=\"data:image\/svg+xml,%3Csvg%20xmlns%3D%22http%3A%2F%2Fwww.w3.org%2F2000%2Fsvg%22%20width%3D%22150%22%20height%3D%22150%22%20viewBox%3D%220%200%20150%20150%22%3E%3C%2Fsvg%3E\" loading=\"eager\"><\/span><span class=\"fg-image-overlay\"><\/span><\/a><figcaption class=\"fg-caption\"><div class=\"fg-caption-inner\"><div class=\"fg-caption-title\">Photo de Louis<\/div><div class=\"fg-caption-desc\">Photo r\u00e9alis\u00e9e ce week-end \u00e0 Paris. Un des nombreux immeubles de la D\u00e9fense.<\/div><\/div><\/figcaption><\/figure><div class=\"fg-loader\"><\/div><\/div><div class=\"fg-item fg-type-image fg-idle\"><figure class=\"fg-item-inner\"><a href=\"https:\/\/acligphoto.fr\/wp-content\/uploads\/2023\/10\/14_lignes_Gerard.jpg\" data-caption-title=\"Photo de G\u00e9rard\" data-caption-desc=\"Photo prise en Allemagne au cr\u00e9puscule, de cette ligne haute tension qui m&#039;a inspir\u00e9 pour ce th\u00e8me &quot;ligne&quot;\" data-attachment-id=\"11301\" data-type=\"image\" class=\"fg-thumb\"><span class=\"fg-image-wrap\"><img decoding=\"async\" title=\"Photo de G\u00e9rard\" width=\"150\" height=\"150\" class=\"skip-lazy fg-image\" data-src-fg=\"https:\/\/acligphoto.fr\/wp-content\/uploads\/cache\/2023\/10\/14_lignes_Gerard\/1248059606.jpg\" src=\"data:image\/svg+xml,%3Csvg%20xmlns%3D%22http%3A%2F%2Fwww.w3.org%2F2000%2Fsvg%22%20width%3D%22150%22%20height%3D%22150%22%20viewBox%3D%220%200%20150%20150%22%3E%3C%2Fsvg%3E\" loading=\"eager\"><\/span><span class=\"fg-image-overlay\"><\/span><\/a><figcaption class=\"fg-caption\"><div class=\"fg-caption-inner\"><div class=\"fg-caption-title\">Photo de G\u00e9rard<\/div><div class=\"fg-caption-desc\">Photo prise en Allemagne au cr\u00e9puscule, de cette ligne haute tension qui m&rsquo;a inspir\u00e9 pour ce th\u00e8me \u00ab\u00a0ligne\u00a0\u00bb<\/div><\/div><\/figcaption><\/figure><div class=\"fg-loader\"><\/div><\/div><div class=\"fg-item fg-type-image fg-idle\"><figure class=\"fg-item-inner\"><a href=\"https:\/\/acligphoto.fr\/wp-content\/uploads\/2023\/10\/13_Lignes_Sandrine.jpg\" data-caption-title=\"Photo de Sandrine\" data-caption-desc=\"Le patineur va en ligne droite mais ces traces sont des lignes courbes, c&#039;est le myst\u00e8re du patinage. Photo prise \u00e0 Helsinki sur la mer Baltique gel\u00e9e.\" data-attachment-id=\"11300\" data-type=\"image\" class=\"fg-thumb\"><span class=\"fg-image-wrap\"><img decoding=\"async\" title=\"Photo de Sandrine\" width=\"150\" height=\"150\" class=\"skip-lazy fg-image\" data-src-fg=\"https:\/\/acligphoto.fr\/wp-content\/uploads\/cache\/2023\/10\/13_Lignes_Sandrine\/641385027.jpg\" src=\"data:image\/svg+xml,%3Csvg%20xmlns%3D%22http%3A%2F%2Fwww.w3.org%2F2000%2Fsvg%22%20width%3D%22150%22%20height%3D%22150%22%20viewBox%3D%220%200%20150%20150%22%3E%3C%2Fsvg%3E\" loading=\"eager\"><\/span><span class=\"fg-image-overlay\"><\/span><\/a><figcaption class=\"fg-caption\"><div class=\"fg-caption-inner\"><div class=\"fg-caption-title\">Photo de Sandrine<\/div><div class=\"fg-caption-desc\">Le patineur va en ligne droite mais ces traces sont des lignes courbes, c&rsquo;est le myst\u00e8re du patinage. Photo prise \u00e0 Helsinki sur la mer Baltique gel\u00e9e.<\/div><\/div><\/figcaption><\/figure><div class=\"fg-loader\"><\/div><\/div><div class=\"fg-item fg-type-image fg-idle\"><figure class=\"fg-item-inner\"><a href=\"https:\/\/acligphoto.fr\/wp-content\/uploads\/2023\/10\/12_Ligne_Daniel.jpg\" data-caption-title=\"Photo de Daniel - Titre : \u00ab Ligne d\u2019autruches \u00bb\" data-caption-desc=\"Photo prise au Botswana lors d\u2019une r\u00e9union au sommet.\" data-attachment-id=\"11299\" data-type=\"image\" class=\"fg-thumb\"><span class=\"fg-image-wrap\"><img decoding=\"async\" title=\"Photo de Daniel - Titre : \u00ab Ligne d\u2019autruches \u00bb\" width=\"150\" height=\"150\" class=\"skip-lazy fg-image\" data-src-fg=\"https:\/\/acligphoto.fr\/wp-content\/uploads\/cache\/2023\/10\/12_Ligne_Daniel\/3784414347.jpg\" src=\"data:image\/svg+xml,%3Csvg%20xmlns%3D%22http%3A%2F%2Fwww.w3.org%2F2000%2Fsvg%22%20width%3D%22150%22%20height%3D%22150%22%20viewBox%3D%220%200%20150%20150%22%3E%3C%2Fsvg%3E\" loading=\"eager\"><\/span><span class=\"fg-image-overlay\"><\/span><\/a><figcaption class=\"fg-caption\"><div class=\"fg-caption-inner\"><div class=\"fg-caption-title\">Photo de Daniel &#8211; Titre : \u00ab Ligne d\u2019autruches \u00bb<\/div><div class=\"fg-caption-desc\">Photo prise au Botswana lors d\u2019une r\u00e9union au sommet.<\/div><\/div><\/figcaption><\/figure><div class=\"fg-loader\"><\/div><\/div><div class=\"fg-item fg-type-image fg-idle\"><figure class=\"fg-item-inner\"><a href=\"https:\/\/acligphoto.fr\/wp-content\/uploads\/2023\/10\/11_Lignes_Lisa.jpg\" data-caption-title=\"Photo de Lisa - Titre : \u00ab la ligne bleue \u00bb\" data-caption-desc=\"En souvenir de notre p\u00e9riple parisien, sur une colonne d&#039;un artiste dont je n&#039;ai pas relev\u00e9 le nom.\nCette colonne se trouve \u00e0 PARIS la D\u00e9fense.\" data-attachment-id=\"11298\" data-type=\"image\" class=\"fg-thumb\"><span class=\"fg-image-wrap\"><img decoding=\"async\" title=\"Photo de Lisa - Titre : \u00ab la ligne bleue \u00bb\" width=\"150\" height=\"150\" class=\"skip-lazy fg-image\" data-src-fg=\"https:\/\/acligphoto.fr\/wp-content\/uploads\/cache\/2023\/10\/11_Lignes_Lisa\/1209046264.jpg\" src=\"data:image\/svg+xml,%3Csvg%20xmlns%3D%22http%3A%2F%2Fwww.w3.org%2F2000%2Fsvg%22%20width%3D%22150%22%20height%3D%22150%22%20viewBox%3D%220%200%20150%20150%22%3E%3C%2Fsvg%3E\" loading=\"eager\"><\/span><span class=\"fg-image-overlay\"><\/span><\/a><figcaption class=\"fg-caption\"><div class=\"fg-caption-inner\"><div class=\"fg-caption-title\">Photo de Lisa &#8211; Titre : \u00ab la ligne bleue \u00bb<\/div><div class=\"fg-caption-desc\">En souvenir de notre p\u00e9riple parisien, sur une colonne d&rsquo;un artiste dont je n&rsquo;ai pas relev\u00e9 le nom.\nCette colonne se trouve \u00e0 PARIS la D\u00e9fense.<\/div><\/div><\/figcaption><\/figure><div class=\"fg-loader\"><\/div><\/div><div class=\"fg-item fg-type-image fg-idle\"><figure class=\"fg-item-inner\"><a href=\"https:\/\/acligphoto.fr\/wp-content\/uploads\/2023\/10\/10_Lignes_Florence.jpg\" data-caption-title=\"Photo de Florence - Titre : \u00ab Ombres de lignes \u00bb\" data-caption-desc=\"Photo prise en hauteur \u00e0 la Presqu\u2019\u00eele Malraux sous une lumi\u00e8re dure. Cette derni\u00e8re cr\u00e9e des ombres qui multiplient les lignes de l\u2019architecture existante.\" data-attachment-id=\"11297\" data-type=\"image\" class=\"fg-thumb\"><span class=\"fg-image-wrap\"><img decoding=\"async\" title=\"Photo de Florence - Titre : \u00ab Ombres de lignes \u00bb\" width=\"150\" height=\"150\" class=\"skip-lazy fg-image\" data-src-fg=\"https:\/\/acligphoto.fr\/wp-content\/uploads\/cache\/2023\/10\/10_Lignes_Florence\/818981765.jpg\" src=\"data:image\/svg+xml,%3Csvg%20xmlns%3D%22http%3A%2F%2Fwww.w3.org%2F2000%2Fsvg%22%20width%3D%22150%22%20height%3D%22150%22%20viewBox%3D%220%200%20150%20150%22%3E%3C%2Fsvg%3E\" loading=\"eager\"><\/span><span class=\"fg-image-overlay\"><\/span><\/a><figcaption class=\"fg-caption\"><div class=\"fg-caption-inner\"><div class=\"fg-caption-title\">Photo de Florence &#8211; Titre : \u00ab Ombres de lignes \u00bb<\/div><div class=\"fg-caption-desc\">Photo prise en hauteur \u00e0 la Presqu\u2019\u00eele Malraux sous une lumi\u00e8re dure. Cette derni\u00e8re cr\u00e9e des ombres qui multiplient les lignes de l\u2019architecture existante.<\/div><\/div><\/figcaption><\/figure><div class=\"fg-loader\"><\/div><\/div><div class=\"fg-item fg-type-image fg-idle\"><figure class=\"fg-item-inner\"><a href=\"https:\/\/acligphoto.fr\/wp-content\/uploads\/2023\/10\/09_Lignes_Veronique.jpg\" data-caption-title=\"Photo de V\u00e9ronique - Titre : \u00ab Vignes \u00bb\" data-caption-desc=\"Voici des lignes de saison et locales sur les coteaux de Durbach, au t\u00e9l\u00e9objectif sous un chaud soleil.\" data-attachment-id=\"11296\" data-type=\"image\" class=\"fg-thumb\"><span class=\"fg-image-wrap\"><img decoding=\"async\" title=\"Photo de V\u00e9ronique - Titre : \u00ab Vignes \u00bb\" width=\"150\" height=\"150\" class=\"skip-lazy fg-image\" data-src-fg=\"https:\/\/acligphoto.fr\/wp-content\/uploads\/cache\/2023\/10\/09_Lignes_Veronique\/522408513.jpg\" src=\"data:image\/svg+xml,%3Csvg%20xmlns%3D%22http%3A%2F%2Fwww.w3.org%2F2000%2Fsvg%22%20width%3D%22150%22%20height%3D%22150%22%20viewBox%3D%220%200%20150%20150%22%3E%3C%2Fsvg%3E\" loading=\"eager\"><\/span><span class=\"fg-image-overlay\"><\/span><\/a><figcaption class=\"fg-caption\"><div class=\"fg-caption-inner\"><div class=\"fg-caption-title\">Photo de V\u00e9ronique &#8211; Titre : \u00ab Vignes \u00bb<\/div><div class=\"fg-caption-desc\">Voici des lignes de saison et locales sur les coteaux de Durbach, au t\u00e9l\u00e9objectif sous un chaud soleil.<\/div><\/div><\/figcaption><\/figure><div class=\"fg-loader\"><\/div><\/div><div class=\"fg-item fg-type-image fg-idle\"><figure class=\"fg-item-inner\"><a href=\"https:\/\/acligphoto.fr\/wp-content\/uploads\/2023\/10\/08_Lignes_Isabelle.jpg\" data-caption-title=\"Photo de Isabelle\" data-caption-desc=\"Parmi toutes ces lignes ... J&#039;ai choisi les lignes de communication...Car l&#039;important pour moi...\n&quot;Qu&#039;elles soient visuelles, \u00e9crites, verbales .... C&#039;est qu&#039;elles nous permettent toujours d&#039;\u00e9tablir une relation avec l&#039;Autre.&quot;\" data-attachment-id=\"11295\" data-type=\"image\" class=\"fg-thumb\"><span class=\"fg-image-wrap\"><img decoding=\"async\" title=\"Photo de Isabelle\" width=\"150\" height=\"150\" class=\"skip-lazy fg-image\" data-src-fg=\"https:\/\/acligphoto.fr\/wp-content\/uploads\/cache\/2023\/10\/08_Lignes_Isabelle\/465766216.jpg\" src=\"data:image\/svg+xml,%3Csvg%20xmlns%3D%22http%3A%2F%2Fwww.w3.org%2F2000%2Fsvg%22%20width%3D%22150%22%20height%3D%22150%22%20viewBox%3D%220%200%20150%20150%22%3E%3C%2Fsvg%3E\" loading=\"eager\"><\/span><span class=\"fg-image-overlay\"><\/span><\/a><figcaption class=\"fg-caption\"><div class=\"fg-caption-inner\"><div class=\"fg-caption-title\">Photo de Isabelle<\/div><div class=\"fg-caption-desc\">Parmi toutes ces lignes &#8230; J&rsquo;ai choisi les lignes de communication&#8230;Car l&rsquo;important pour moi&#8230;\n\u00ab\u00a0Qu&rsquo;elles soient visuelles, \u00e9crites, verbales &#8230;. C&rsquo;est qu&rsquo;elles nous permettent toujours d&rsquo;\u00e9tablir une relation avec l&rsquo;Autre.\u00a0\u00bb<\/div><\/div><\/figcaption><\/figure><div class=\"fg-loader\"><\/div><\/div><div class=\"fg-item fg-type-image fg-idle\"><figure class=\"fg-item-inner\"><a href=\"https:\/\/acligphoto.fr\/wp-content\/uploads\/2023\/10\/07_Lignes_Remi.jpg\" data-caption-title=\"Photo de R\u00e9mi\" data-caption-desc=\"Suivez la bonne ligne. Le cin\u00e9ma VOX est toujours \u00e9clair\u00e9, et souvent photographi\u00e9. J\u2019ai voulu faire une image plus graphique et diff\u00e9rente de celles que l\u2019on voit souvent.\" data-attachment-id=\"11294\" data-type=\"image\" class=\"fg-thumb\"><span class=\"fg-image-wrap\"><img decoding=\"async\" title=\"Photo de R\u00e9mi\" width=\"150\" height=\"150\" class=\"skip-lazy fg-image\" data-src-fg=\"https:\/\/acligphoto.fr\/wp-content\/uploads\/cache\/2023\/10\/07_Lignes_Remi\/2289380270.jpg\" src=\"data:image\/svg+xml,%3Csvg%20xmlns%3D%22http%3A%2F%2Fwww.w3.org%2F2000%2Fsvg%22%20width%3D%22150%22%20height%3D%22150%22%20viewBox%3D%220%200%20150%20150%22%3E%3C%2Fsvg%3E\" loading=\"eager\"><\/span><span class=\"fg-image-overlay\"><\/span><\/a><figcaption class=\"fg-caption\"><div class=\"fg-caption-inner\"><div class=\"fg-caption-title\">Photo de R\u00e9mi<\/div><div class=\"fg-caption-desc\">Suivez la bonne ligne. Le cin\u00e9ma VOX est toujours \u00e9clair\u00e9, et souvent photographi\u00e9. J\u2019ai voulu faire une image plus graphique et diff\u00e9rente de celles que l\u2019on voit souvent.<\/div><\/div><\/figcaption><\/figure><div class=\"fg-loader\"><\/div><\/div><div class=\"fg-item fg-type-image fg-idle\"><figure class=\"fg-item-inner\"><a href=\"https:\/\/acligphoto.fr\/wp-content\/uploads\/2023\/10\/06_Lignes_Robert.jpg\" data-caption-title=\"Photo de Robert\" data-caption-desc=\"Photo prise en 2016 sur le pont Mimram qui enjambe le Rhin entre Strasbourg et Kehl r\u00e9serv\u00e9 aux pi\u00e9tons et cyclos.\" data-attachment-id=\"11293\" data-type=\"image\" class=\"fg-thumb\"><span class=\"fg-image-wrap\"><img decoding=\"async\" title=\"Photo de Robert\" width=\"150\" height=\"150\" class=\"skip-lazy fg-image\" data-src-fg=\"https:\/\/acligphoto.fr\/wp-content\/uploads\/cache\/2023\/10\/06_Lignes_Robert\/228986143.jpg\" src=\"data:image\/svg+xml,%3Csvg%20xmlns%3D%22http%3A%2F%2Fwww.w3.org%2F2000%2Fsvg%22%20width%3D%22150%22%20height%3D%22150%22%20viewBox%3D%220%200%20150%20150%22%3E%3C%2Fsvg%3E\" loading=\"eager\"><\/span><span class=\"fg-image-overlay\"><\/span><\/a><figcaption class=\"fg-caption\"><div class=\"fg-caption-inner\"><div class=\"fg-caption-title\">Photo de Robert<\/div><div class=\"fg-caption-desc\">Photo prise en 2016 sur le pont Mimram qui enjambe le Rhin entre Strasbourg et Kehl r\u00e9serv\u00e9 aux pi\u00e9tons et cyclos.<\/div><\/div><\/figcaption><\/figure><div class=\"fg-loader\"><\/div><\/div><div class=\"fg-item fg-type-image fg-idle\"><figure class=\"fg-item-inner\"><a href=\"https:\/\/acligphoto.fr\/wp-content\/uploads\/2023\/10\/05_Lignes_JC.jpg\" data-caption-title=\"Photo de Jean-Christophe - Titre : \u00ab La barre \u00bb\" data-caption-desc=\"Un des immeubles du quartier de l\u2019Esplanade \u00e0 Strasbourg.\" data-attachment-id=\"11292\" data-type=\"image\" class=\"fg-thumb\"><span class=\"fg-image-wrap\"><img decoding=\"async\" title=\"Photo de Jean-Christophe - Titre : \u00ab La barre \u00bb\" width=\"150\" height=\"150\" class=\"skip-lazy fg-image\" data-src-fg=\"https:\/\/acligphoto.fr\/wp-content\/uploads\/cache\/2023\/10\/05_Lignes_JC\/1362810290.jpg\" src=\"data:image\/svg+xml,%3Csvg%20xmlns%3D%22http%3A%2F%2Fwww.w3.org%2F2000%2Fsvg%22%20width%3D%22150%22%20height%3D%22150%22%20viewBox%3D%220%200%20150%20150%22%3E%3C%2Fsvg%3E\" loading=\"eager\"><\/span><span class=\"fg-image-overlay\"><\/span><\/a><figcaption class=\"fg-caption\"><div class=\"fg-caption-inner\"><div class=\"fg-caption-title\">Photo de Jean-Christophe &#8211; Titre : \u00ab La barre \u00bb<\/div><div class=\"fg-caption-desc\">Un des immeubles du quartier de l\u2019Esplanade \u00e0 Strasbourg.<\/div><\/div><\/figcaption><\/figure><div class=\"fg-loader\"><\/div><\/div><div class=\"fg-item fg-type-image fg-idle\"><figure class=\"fg-item-inner\"><a href=\"https:\/\/acligphoto.fr\/wp-content\/uploads\/2023\/10\/04_lignes_Francis.jpg\" data-caption-title=\"Photo de Francis\" data-caption-desc=\"Photo prise avant de regagner ma voiture, en levant les yeux au ciel, cela a fait tilt !\" data-attachment-id=\"11291\" data-type=\"image\" class=\"fg-thumb\"><span class=\"fg-image-wrap\"><img decoding=\"async\" title=\"Photo de Francis\" width=\"150\" height=\"150\" class=\"skip-lazy fg-image\" data-src-fg=\"https:\/\/acligphoto.fr\/wp-content\/uploads\/cache\/2023\/10\/04_lignes_Francis\/1864992029.jpg\" src=\"data:image\/svg+xml,%3Csvg%20xmlns%3D%22http%3A%2F%2Fwww.w3.org%2F2000%2Fsvg%22%20width%3D%22150%22%20height%3D%22150%22%20viewBox%3D%220%200%20150%20150%22%3E%3C%2Fsvg%3E\" loading=\"eager\"><\/span><span class=\"fg-image-overlay\"><\/span><\/a><figcaption class=\"fg-caption\"><div class=\"fg-caption-inner\"><div class=\"fg-caption-title\">Photo de Francis<\/div><div class=\"fg-caption-desc\">Photo prise avant de regagner ma voiture, en levant les yeux au ciel, cela a fait tilt !<\/div><\/div><\/figcaption><\/figure><div class=\"fg-loader\"><\/div><\/div><div class=\"fg-item fg-type-image fg-idle\"><figure class=\"fg-item-inner\"><a href=\"https:\/\/acligphoto.fr\/wp-content\/uploads\/2023\/10\/03_ligne_GuyF.jpg\" data-caption-title=\"Photo de Guy F. - Titre : \u00ab Visiblement ils n\u2019ont pas gard\u00e9 leur ligne \u00bb\" data-caption-desc=\"Photo prise au Mexique sur le fabuleux site de CHICHEN \u2013 ITZA. De nombreux touristes Am\u00e9ricain visitent le Mexique avec leur gabarit hors normes. El viva \u00ab Am\u00e9rican First \u00bb !\" data-attachment-id=\"11290\" data-type=\"image\" class=\"fg-thumb\"><span class=\"fg-image-wrap\"><img decoding=\"async\" title=\"Photo de Guy F. - Titre : \u00ab Visiblement ils n\u2019ont pas gard\u00e9 leur ligne \u00bb\" width=\"150\" height=\"150\" class=\"skip-lazy fg-image\" data-src-fg=\"https:\/\/acligphoto.fr\/wp-content\/uploads\/cache\/2023\/10\/03_ligne_GuyF\/2269198808.jpg\" src=\"data:image\/svg+xml,%3Csvg%20xmlns%3D%22http%3A%2F%2Fwww.w3.org%2F2000%2Fsvg%22%20width%3D%22150%22%20height%3D%22150%22%20viewBox%3D%220%200%20150%20150%22%3E%3C%2Fsvg%3E\" loading=\"eager\"><\/span><span class=\"fg-image-overlay\"><\/span><\/a><figcaption class=\"fg-caption\"><div class=\"fg-caption-inner\"><div class=\"fg-caption-title\">Photo de Guy F. &#8211; Titre : \u00ab Visiblement ils n\u2019ont pas gard\u00e9 leur ligne \u00bb<\/div><div class=\"fg-caption-desc\">Photo prise au Mexique sur le fabuleux site de CHICHEN \u2013 ITZA. De nombreux touristes Am\u00e9ricain visitent le Mexique avec leur gabarit hors normes. El viva \u00ab Am\u00e9rican First \u00bb !<\/div><\/div><\/figcaption><\/figure><div class=\"fg-loader\"><\/div><\/div><div class=\"fg-item fg-type-image fg-idle\"><figure class=\"fg-item-inner\"><a href=\"https:\/\/acligphoto.fr\/wp-content\/uploads\/2023\/10\/02_lignes_GuyB.jpg\" data-caption-title=\"Photo de Guy B. - Titre : \u00ab des lignes et des courbes. \u00bb\" data-caption-desc=\"C&#039;est la troisi\u00e8me image d&#039;un diaporama. Celle-ci illustre l\u2019influence des lignes dans notre quotidien, courbes ou rectilignes vous mettrons dans des humeurs diff\u00e9rentes.\" data-attachment-id=\"11289\" data-type=\"image\" class=\"fg-thumb\"><span class=\"fg-image-wrap\"><img decoding=\"async\" title=\"Photo de Guy B. - Titre : \u00ab des lignes et des courbes. \u00bb\" width=\"150\" height=\"150\" class=\"skip-lazy fg-image\" data-src-fg=\"https:\/\/acligphoto.fr\/wp-content\/uploads\/cache\/2023\/10\/02_lignes_GuyB\/2637503798.jpg\" src=\"data:image\/svg+xml,%3Csvg%20xmlns%3D%22http%3A%2F%2Fwww.w3.org%2F2000%2Fsvg%22%20width%3D%22150%22%20height%3D%22150%22%20viewBox%3D%220%200%20150%20150%22%3E%3C%2Fsvg%3E\" loading=\"eager\"><\/span><span class=\"fg-image-overlay\"><\/span><\/a><figcaption class=\"fg-caption\"><div class=\"fg-caption-inner\"><div class=\"fg-caption-title\">Photo de Guy B. &#8211; Titre : \u00ab des lignes et des courbes. \u00bb<\/div><div class=\"fg-caption-desc\">C&rsquo;est la troisi\u00e8me image d&rsquo;un diaporama. Celle-ci illustre l\u2019influence des lignes dans notre quotidien, courbes ou rectilignes vous mettrons dans des humeurs diff\u00e9rentes.<\/div><\/div><\/figcaption><\/figure><div class=\"fg-loader\"><\/div><\/div><div class=\"fg-item fg-type-image fg-idle\"><figure class=\"fg-item-inner\"><a href=\"https:\/\/acligphoto.fr\/wp-content\/uploads\/2023\/10\/01_Lignes_Albert.jpg\" data-caption-title=\"Photo de Albert\" data-caption-desc=\"Les 2 types de lignes sur cette photo sont essentielles, les a\u00e9riennes pour communiquer, les terrestres qui \u00e9taient d\u2019abord bleues puis vertes apr\u00e8s la r\u00e9colte de la lavande pour en faire entre autres de l\u2019huile essentielle.\" data-attachment-id=\"11288\" data-type=\"image\" class=\"fg-thumb\"><span class=\"fg-image-wrap\"><img decoding=\"async\" title=\"Photo de Albert\" width=\"150\" height=\"150\" class=\"skip-lazy fg-image\" data-src-fg=\"https:\/\/acligphoto.fr\/wp-content\/uploads\/cache\/2023\/10\/01_Lignes_Albert\/1087966710.jpg\" src=\"data:image\/svg+xml,%3Csvg%20xmlns%3D%22http%3A%2F%2Fwww.w3.org%2F2000%2Fsvg%22%20width%3D%22150%22%20height%3D%22150%22%20viewBox%3D%220%200%20150%20150%22%3E%3C%2Fsvg%3E\" loading=\"eager\"><\/span><span class=\"fg-image-overlay\"><\/span><\/a><figcaption class=\"fg-caption\"><div class=\"fg-caption-inner\"><div class=\"fg-caption-title\">Photo de Albert<\/div><div class=\"fg-caption-desc\">Les 2 types de lignes sur cette photo sont essentielles, les a\u00e9riennes pour communiquer, les terrestres qui \u00e9taient d\u2019abord bleues puis vertes apr\u00e8s la r\u00e9colte de la lavande pour en faire entre autres de l\u2019huile essentielle.<\/div><\/div><\/figcaption><\/figure><div class=\"fg-loader\"><\/div><\/div><div class=\"fg-item fg-type-image fg-idle\"><figure class=\"fg-item-inner\"><a href=\"https:\/\/acligphoto.fr\/wp-content\/uploads\/2023\/10\/21_Lignes_Klaudia.jpg\" data-caption-title=\"Photo de Klaudia\" data-caption-desc=\"Des Lignes horizontales \u00e0 droite et \u00e0 gauche marquent les murs au centre des visiteurs Lascaux IV. Photo prise au grand angle.\" data-attachment-id=\"11287\" data-type=\"image\" class=\"fg-thumb\"><span class=\"fg-image-wrap\"><img decoding=\"async\" title=\"Photo de Klaudia\" width=\"150\" height=\"150\" class=\"skip-lazy fg-image\" data-src-fg=\"https:\/\/acligphoto.fr\/wp-content\/uploads\/cache\/2023\/10\/21_Lignes_Klaudia\/3960929302.jpg\" src=\"data:image\/svg+xml,%3Csvg%20xmlns%3D%22http%3A%2F%2Fwww.w3.org%2F2000%2Fsvg%22%20width%3D%22150%22%20height%3D%22150%22%20viewBox%3D%220%200%20150%20150%22%3E%3C%2Fsvg%3E\" loading=\"eager\"><\/span><span class=\"fg-image-overlay\"><\/span><\/a><figcaption class=\"fg-caption\"><div class=\"fg-caption-inner\"><div class=\"fg-caption-title\">Photo de Klaudia<\/div><div class=\"fg-caption-desc\">Des Lignes horizontales \u00e0 droite et \u00e0 gauche marquent les murs au centre des visiteurs Lascaux IV. Photo prise au grand angle.<\/div><\/div><\/figcaption><\/figure><div class=\"fg-loader\"><\/div><\/div><div class=\"fg-item fg-type-image fg-idle\"><figure class=\"fg-item-inner\"><a href=\"https:\/\/acligphoto.fr\/wp-content\/uploads\/2023\/10\/Lignes-FSG.jpg\" data-caption-title=\"Photo de Fran\u00e7ois\" data-caption-desc=\"Red fence (hommage \u00e0 Paul Strand)\" data-attachment-id=\"11339\" data-type=\"image\" class=\"fg-thumb\"><span class=\"fg-image-wrap\"><img decoding=\"async\" title=\"Photo de Fran\u00e7ois\" width=\"150\" height=\"150\" class=\"skip-lazy fg-image\" data-src-fg=\"https:\/\/acligphoto.fr\/wp-content\/uploads\/cache\/2023\/10\/Lignes-FSG\/1131128013.jpg\" src=\"data:image\/svg+xml,%3Csvg%20xmlns%3D%22http%3A%2F%2Fwww.w3.org%2F2000%2Fsvg%22%20width%3D%22150%22%20height%3D%22150%22%20viewBox%3D%220%200%20150%20150%22%3E%3C%2Fsvg%3E\" loading=\"eager\"><\/span><span class=\"fg-image-overlay\"><\/span><\/a><figcaption class=\"fg-caption\"><div class=\"fg-caption-inner\"><div class=\"fg-caption-title\">Photo de Fran\u00e7ois<\/div><div class=\"fg-caption-desc\">Red fence (hommage \u00e0 Paul Strand)<\/div><\/div><\/figcaption><\/figure><div class=\"fg-loader\"><\/div><\/div><\/div>\n","protected":false},"excerpt":{"rendered":"<p>Lignes<\/p>\n","protected":false},"author":27,"featured_media":11296,"comment_status":"closed","ping_status":"open","sticky":true,"template":"","format":"standard","meta":{"_bbp_topic_count":0,"_bbp_reply_count":0,"_bbp_total_topic_count":0,"_bbp_total_reply_count":0,"_bbp_voice_count":0,"_bbp_anonymous_reply_count":0,"_bbp_topic_count_hidden":0,"_bbp_reply_count_hidden":0,"_bbp_forum_subforum_count":0,"footnotes":""},"categories":[7],"tags":[],"class_list":["post-11285","post","type-post","status-publish","format-standard","has-post-thumbnail","hentry","category-vie-de-latelier"],"_links":{"self":[{"href":"https:\/\/acligphoto.fr\/index.php?rest_route=\/wp\/v2\/posts\/11285","targetHints":{"allow":["GET"]}}],"collection":[{"href":"https:\/\/acligphoto.fr\/index.php?rest_route=\/wp\/v2\/posts"}],"about":[{"href":"https:\/\/acligphoto.fr\/index.php?rest_route=\/wp\/v2\/types\/post"}],"author":[{"embeddable":true,"href":"https:\/\/acligphoto.fr\/index.php?rest_route=\/wp\/v2\/users\/27"}],"replies":[{"embeddable":true,"href":"https:\/\/acligphoto.fr\/index.php?rest_route=%2Fwp%2Fv2%2Fcomments&post=11285"}],"version-history":[{"count":2,"href":"https:\/\/acligphoto.fr\/index.php?rest_route=\/wp\/v2\/posts\/11285\/revisions"}],"predecessor-version":[{"id":11309,"href":"https:\/\/acligphoto.fr\/index.php?rest_route=\/wp\/v2\/posts\/11285\/revisions\/11309"}],"wp:featuredmedia":[{"embeddable":true,"href":"https:\/\/acligphoto.fr\/index.php?rest_route=\/wp\/v2\/media\/11296"}],"wp:attachment":[{"href":"https:\/\/acligphoto.fr\/index.php?rest_route=%2Fwp%2Fv2%2Fmedia&parent=11285"}],"wp:term":[{"taxonomy":"category","embeddable":true,"href":"https:\/\/acligphoto.fr\/index.php?rest_route=%2Fwp%2Fv2%2Fcategories&post=11285"},{"taxonomy":"post_tag","embeddable":true,"href":"https:\/\/acligphoto.fr\/index.php?rest_route=%2Fwp%2Fv2%2Ftags&post=11285"}],"curies":[{"name":"wp","href":"https:\/\/api.w.org\/{rel}","templated":true}]}}