{"id":1094,"date":"2020-01-30T12:00:10","date_gmt":"2020-01-30T11:00:10","guid":{"rendered":"https:\/\/acligphoto.fr\/?p=1094"},"modified":"2020-01-30T12:00:12","modified_gmt":"2020-01-30T11:00:12","slug":"raconte-ta-photo-acte-iii-une-partie-du-corps","status":"publish","type":"post","link":"https:\/\/acligphoto.fr\/?p=1094","title":{"rendered":"Raconte ta photo ! Acte III, une partie du corps"},"content":{"rendered":"\n<p>Raconte ta photo est une  activit\u00e9 r\u00e9currente destin\u00e9e \u00e0 recentrer le propos  sur la technique et l&rsquo;esth\u00e9tique photographique car nous avions fini par transformer les analyses d&rsquo;images en concours d&rsquo;\u00e9loquence. <\/p>\n\n\n\n<p>S\u00e9ance du vendredi 24 janvier 2020, th\u00e8me impos\u00e9 : une partie du corps (en N&amp;B)<\/p>\n\n\n\n<style type=\"text\/css\">\n#foogallery-gallery-1097 .fg-image { width: 150px; }\n#foogallery-gallery-1097 { --fg-gutter: 10px; }<\/style>\n\t\t\t<div class=\"foogallery foogallery-container foogallery-default foogallery-lightbox-foobox fg-center fg-default fg-ready fg-light fg-border-thin fg-shadow-outline fg-loading-default fg-loaded-fade-in fg-caption-hover fg-hover-fade fg-hover-zoom\" id=\"foogallery-gallery-1097\" data-foogallery=\"{&quot;item&quot;:{&quot;showCaptionTitle&quot;:true,&quot;showCaptionDescription&quot;:true},&quot;lazy&quot;:true}\" style=\"--fg-title-line-clamp: 0; --fg-description-line-clamp: 0;\" >\n\t<div class=\"fg-item fg-type-image fg-idle\"><figure class=\"fg-item-inner\"><a href=\"https:\/\/acligphoto.fr\/wp-content\/uploads\/2020\/01\/1-Ouille...ouille...ouille...jai-mal..RK_.jpg\" data-caption-title=\"Ouille...ouille...ouille...j&#039;ai mal..\" data-caption-desc=\"1\/100s f\/13.0 ISO100 300mm (35mm eq:300mm) lumi\u00e8re naturelle. Ce t\u00e9ton appartient \u00e0 mon pote Luc, photo prise cet \u00e9t\u00e9 sur une plage en Corse.\nRobert Klauth\" data-attachment-id=\"1098\" data-type=\"image\" class=\"fg-thumb\"><span class=\"fg-image-wrap\"><img decoding=\"async\" title=\"Ouille...ouille...ouille...j&#039;ai mal..\" width=\"150\" height=\"150\" class=\"skip-lazy fg-image\" data-src-fg=\"https:\/\/acligphoto.fr\/wp-content\/uploads\/cache\/2020\/01\/1-Ouille___ouille___ouille___jai-mal__RK_\/3425724866.jpg\" src=\"data:image\/svg+xml,%3Csvg%20xmlns%3D%22http%3A%2F%2Fwww.w3.org%2F2000%2Fsvg%22%20width%3D%22150%22%20height%3D%22150%22%20viewBox%3D%220%200%20150%20150%22%3E%3C%2Fsvg%3E\" loading=\"eager\"><\/span><span class=\"fg-image-overlay\"><\/span><\/a><figcaption class=\"fg-caption\"><div class=\"fg-caption-inner\"><div class=\"fg-caption-title\">Ouille...ouille...ouille...j'ai mal..<\/div><div class=\"fg-caption-desc\">1\/100s f\/13.0 ISO100 300mm (35mm eq:300mm) lumi\u00e8re naturelle. Ce t\u00e9ton appartient \u00e0 mon pote Luc, photo prise cet \u00e9t\u00e9 sur une plage en Corse.\nRobert Klauth<\/div><\/div><\/figcaption><\/figure><div class=\"fg-loader\"><\/div><\/div><div class=\"fg-item fg-type-image fg-idle\"><figure class=\"fg-item-inner\"><a href=\"https:\/\/acligphoto.fr\/wp-content\/uploads\/2020\/01\/2-barbichette_DB.jpg\" data-caption-title=\"Barbichette\" data-caption-desc=\"1\/50s f\/5.6 ISO250 80mm, lumi\u00e8re naturelle de une v\u00e9randa. Pour avoir un peu de calme lorsque mes petits enfants Ga\u00e9tan et Gautier s&#039;agitent, je lance le jeu &quot;je te tiens par la barbichette&quot; et cette fois-ci j&#039;avais pr\u00e9par\u00e9 mon appareil pour saisir l&#039;instant o\u00f9 les deux visages se d\u00e9visagent. Dani\u00e8le B\u00e9jean.\" data-attachment-id=\"1099\" data-type=\"image\" class=\"fg-thumb\"><span class=\"fg-image-wrap\"><img decoding=\"async\" title=\"Barbichette\" width=\"150\" height=\"150\" class=\"skip-lazy fg-image\" data-src-fg=\"https:\/\/acligphoto.fr\/wp-content\/uploads\/cache\/2020\/01\/2-barbichette_DB\/645429480.jpg\" src=\"data:image\/svg+xml,%3Csvg%20xmlns%3D%22http%3A%2F%2Fwww.w3.org%2F2000%2Fsvg%22%20width%3D%22150%22%20height%3D%22150%22%20viewBox%3D%220%200%20150%20150%22%3E%3C%2Fsvg%3E\" loading=\"eager\"><\/span><span class=\"fg-image-overlay\"><\/span><\/a><figcaption class=\"fg-caption\"><div class=\"fg-caption-inner\"><div class=\"fg-caption-title\">Barbichette<\/div><div class=\"fg-caption-desc\">1\/50s f\/5.6 ISO250 80mm, lumi\u00e8re naturelle de une v\u00e9randa. Pour avoir un peu de calme lorsque mes petits enfants Ga\u00e9tan et Gautier s'agitent, je lance le jeu \"je te tiens par la barbichette\" et cette fois-ci j'avais pr\u00e9par\u00e9 mon appareil pour saisir l'instant o\u00f9 les deux visages se d\u00e9visagent. Dani\u00e8le B\u00e9jean.<\/div><\/div><\/figcaption><\/figure><div class=\"fg-loader\"><\/div><\/div><div class=\"fg-item fg-type-image fg-idle\"><figure class=\"fg-item-inner\"><a href=\"https:\/\/acligphoto.fr\/wp-content\/uploads\/2020\/01\/3-pas-touche_JR.jpg\" data-caption-title=\"Pas touche !\" data-caption-desc=\"1\/500s f\/5.6 ISO125 11.6mm (35mm eq:31mm) + petits ajouts dans Gimp. Je me suis fais plaisir tout en vous faisant sourire ! Jos\u00e9 Reymann\" data-attachment-id=\"1100\" data-type=\"image\" class=\"fg-thumb\"><span class=\"fg-image-wrap\"><img decoding=\"async\" title=\"Pas touche !\" width=\"150\" height=\"150\" class=\"skip-lazy fg-image\" data-src-fg=\"https:\/\/acligphoto.fr\/wp-content\/uploads\/cache\/2020\/01\/3-pas-touche_JR\/57216017.jpg\" src=\"data:image\/svg+xml,%3Csvg%20xmlns%3D%22http%3A%2F%2Fwww.w3.org%2F2000%2Fsvg%22%20width%3D%22150%22%20height%3D%22150%22%20viewBox%3D%220%200%20150%20150%22%3E%3C%2Fsvg%3E\" loading=\"eager\"><\/span><span class=\"fg-image-overlay\"><\/span><\/a><figcaption class=\"fg-caption\"><div class=\"fg-caption-inner\"><div class=\"fg-caption-title\">Pas touche !<\/div><div class=\"fg-caption-desc\">1\/500s f\/5.6 ISO125 11.6mm (35mm eq:31mm) + petits ajouts dans Gimp. Je me suis fais plaisir tout en vous faisant sourire ! Jos\u00e9 Reymann<\/div><\/div><\/figcaption><\/figure><div class=\"fg-loader\"><\/div><\/div><div class=\"fg-item fg-type-image fg-idle\"><figure class=\"fg-item-inner\"><a href=\"https:\/\/acligphoto.fr\/wp-content\/uploads\/2020\/01\/4-Jeu-de-mains-LM.jpg\" data-caption-title=\"Jeu de mains\" data-caption-desc=\"1\/100s f\/6.3 ISO6400 270mm (35mm eq:270mm) Photo prise \u00e0 l&#039;int\u00e9rieur d&#039;un magasin de musique lors d&#039;un marathon. Marie-Elisabeth Molaro\" data-attachment-id=\"1101\" data-type=\"image\" class=\"fg-thumb\"><span class=\"fg-image-wrap\"><img decoding=\"async\" title=\"Jeu de mains\" width=\"150\" height=\"150\" class=\"skip-lazy fg-image\" data-src-fg=\"https:\/\/acligphoto.fr\/wp-content\/uploads\/cache\/2020\/01\/4-Jeu-de-mains-LM\/4118143931.jpg\" src=\"data:image\/svg+xml,%3Csvg%20xmlns%3D%22http%3A%2F%2Fwww.w3.org%2F2000%2Fsvg%22%20width%3D%22150%22%20height%3D%22150%22%20viewBox%3D%220%200%20150%20150%22%3E%3C%2Fsvg%3E\" loading=\"eager\"><\/span><span class=\"fg-image-overlay\"><\/span><\/a><figcaption class=\"fg-caption\"><div class=\"fg-caption-inner\"><div class=\"fg-caption-title\">Jeu de mains<\/div><div class=\"fg-caption-desc\">1\/100s f\/6.3 ISO6400 270mm (35mm eq:270mm) Photo prise \u00e0 l'int\u00e9rieur d'un magasin de musique lors d'un marathon. Marie-Elisabeth Molaro<\/div><\/div><\/figcaption><\/figure><div class=\"fg-loader\"><\/div><\/div><div class=\"fg-item fg-type-image fg-idle\"><figure class=\"fg-item-inner\"><a href=\"https:\/\/acligphoto.fr\/wp-content\/uploads\/2020\/01\/5-Poil-au-doigt_CH.jpg\" data-caption-title=\"Poil au doigt !\" data-caption-desc=\"1\/100s f\/4.5 ISO200 60mm  Lumi\u00e8re naturelle en fort contre-jour objectif macro pour saisir un petit d\u00e9tail de cet &quot;autoportrait&quot;. Ou comment prendre son pied en prenant sa main ! Christian Heimburger\" data-attachment-id=\"1102\" data-type=\"image\" class=\"fg-thumb\"><span class=\"fg-image-wrap\"><img decoding=\"async\" title=\"Poil au doigt !\" width=\"150\" height=\"150\" class=\"skip-lazy fg-image\" data-src-fg=\"https:\/\/acligphoto.fr\/wp-content\/uploads\/cache\/2020\/01\/5-Poil-au-doigt_CH\/775152288.jpg\" src=\"data:image\/svg+xml,%3Csvg%20xmlns%3D%22http%3A%2F%2Fwww.w3.org%2F2000%2Fsvg%22%20width%3D%22150%22%20height%3D%22150%22%20viewBox%3D%220%200%20150%20150%22%3E%3C%2Fsvg%3E\" loading=\"eager\"><\/span><span class=\"fg-image-overlay\"><\/span><\/a><figcaption class=\"fg-caption\"><div class=\"fg-caption-inner\"><div class=\"fg-caption-title\">Poil au doigt !<\/div><div class=\"fg-caption-desc\">1\/100s f\/4.5 ISO200 60mm  Lumi\u00e8re naturelle en fort contre-jour objectif macro pour saisir un petit d\u00e9tail de cet \"autoportrait\". Ou comment prendre son pied en prenant sa main ! Christian Heimburger<\/div><\/div><\/figcaption><\/figure><div class=\"fg-loader\"><\/div><\/div><div class=\"fg-item fg-type-image fg-idle\"><figure class=\"fg-item-inner\"><a href=\"https:\/\/acligphoto.fr\/wp-content\/uploads\/2020\/01\/6-4e\u0300me-te\u0302te-du-me\u0301tacarpe_BL.jpeg\" data-caption-title=\"4e\u0300me te\u0302te du me\u0301tacarpe\" data-caption-desc=\"1\/50s f\/4.5 ISO320 24mm lumi\u00e8re d&#039;une lampe de bureau. Utilisation de Silver Efex pour la mise en N&amp;amp;B. J&#039;ai choisi de montrer une partie du corps qui travaille sans rel\u00e2che et par le gros plan sugg\u00e9rer la peau d&#039;un reptile mais c&#039;est bien de ma main qu&#039;il s&#039;agit. B\u00e9atrice Lacour\" data-attachment-id=\"1103\" data-type=\"image\" class=\"fg-thumb\"><span class=\"fg-image-wrap\"><img decoding=\"async\" title=\"4e\u0300me te\u0302te du me\u0301tacarpe\" width=\"150\" height=\"150\" class=\"skip-lazy fg-image\" data-src-fg=\"https:\/\/acligphoto.fr\/wp-content\/uploads\/cache\/2020\/01\/6-4e\u0300me-te\u0302te-du-me\u0301tacarpe_BL\/3270589097.jpeg\" src=\"data:image\/svg+xml,%3Csvg%20xmlns%3D%22http%3A%2F%2Fwww.w3.org%2F2000%2Fsvg%22%20width%3D%22150%22%20height%3D%22150%22%20viewBox%3D%220%200%20150%20150%22%3E%3C%2Fsvg%3E\" loading=\"eager\"><\/span><span class=\"fg-image-overlay\"><\/span><\/a><figcaption class=\"fg-caption\"><div class=\"fg-caption-inner\"><div class=\"fg-caption-title\">4e\u0300me te\u0302te du me\u0301tacarpe<\/div><div class=\"fg-caption-desc\">1\/50s f\/4.5 ISO320 24mm lumi\u00e8re d'une lampe de bureau. Utilisation de Silver Efex pour la mise en N&amp;B. J'ai choisi de montrer une partie du corps qui travaille sans rel\u00e2che et par le gros plan sugg\u00e9rer la peau d'un reptile mais c'est bien de ma main qu'il s'agit. B\u00e9atrice Lacour<\/div><\/div><\/figcaption><\/figure><div class=\"fg-loader\"><\/div><\/div><div class=\"fg-item fg-type-image fg-idle\"><figure class=\"fg-item-inner\"><a href=\"https:\/\/acligphoto.fr\/wp-content\/uploads\/2020\/01\/7-Squelette-et-muscle-GF.jpg\" data-caption-title=\"Squelette et muscle\" data-caption-desc=\"1\/60s f\/5.6 ISO500 35mm en int\u00e9rieur sans flash lors d&#039;une expo &quot;Body Worlds&quot; \u00e0 Fribourg en ao\u00fbt 2019. Exposition de l&#039;anatomiste Gunther von Hagens inventeur de la plastination. Les corps et organes sont authentiques. Du squelette humain au d\u00e9veloppement de l&#039;embryon dans l&#039;ut\u00e9rus en passant par les interactions musculaires on d\u00e9couvre en d\u00e9tail le corps et ses organes. 200 pi\u00e8ces \u00e9taient pr\u00e9sent\u00e9es \u00e0 l&#039;expo. La plastination est une technique visant \u00e0 pr\u00e9server les tissus en rempla\u00e7ant les liquides organiques par du silicone. Elle n\u00e9cessite entre 500 et 1000 heures de travail en plusieurs \u00e9tapes. Le corps humain est ainsi mis en lumi\u00e8re dans ses d\u00e9tails les plus intimes de mani\u00e8re franche et brute en les mettant \u00e0 nu. Les sensations et le ressenti oscillent entre fascination d\u00e9concertation et rejet. Reste l&#039;ind\u00e9niable int\u00e9r\u00eat p\u00e9dagogique et scientifique. Tous les plastinats pr\u00e9sent\u00e9s proviennent de personnes ayant donn\u00e9 l&#039;autorisation de leur vivant pour que leur corps soit montr\u00e9 apr\u00e8s leur d\u00e9c\u00e8s, 18 000 &quot;donneurs&quot; sont recens\u00e9s \u00e0 ce jour. C&#039;est passionnat et d\u00e9rangeant et quand cela d\u00e9range on adore !  Guy Feltz\" data-attachment-id=\"1104\" data-type=\"image\" class=\"fg-thumb\"><span class=\"fg-image-wrap\"><img decoding=\"async\" title=\"Squelette et muscle\" width=\"150\" height=\"150\" class=\"skip-lazy fg-image\" data-src-fg=\"https:\/\/acligphoto.fr\/wp-content\/uploads\/cache\/2020\/01\/7-Squelette-et-muscle-GF\/4143415355.jpg\" src=\"data:image\/svg+xml,%3Csvg%20xmlns%3D%22http%3A%2F%2Fwww.w3.org%2F2000%2Fsvg%22%20width%3D%22150%22%20height%3D%22150%22%20viewBox%3D%220%200%20150%20150%22%3E%3C%2Fsvg%3E\" loading=\"eager\"><\/span><span class=\"fg-image-overlay\"><\/span><\/a><figcaption class=\"fg-caption\"><div class=\"fg-caption-inner\"><div class=\"fg-caption-title\">Squelette et muscle<\/div><div class=\"fg-caption-desc\">1\/60s f\/5.6 ISO500 35mm en int\u00e9rieur sans flash lors d'une expo \"Body Worlds\" \u00e0 Fribourg en ao\u00fbt 2019. Exposition de l'anatomiste Gunther von Hagens inventeur de la plastination. Les corps et organes sont authentiques. Du squelette humain au d\u00e9veloppement de l'embryon dans l'ut\u00e9rus en passant par les interactions musculaires on d\u00e9couvre en d\u00e9tail le corps et ses organes. 200 pi\u00e8ces \u00e9taient pr\u00e9sent\u00e9es \u00e0 l'expo. La plastination est une technique visant \u00e0 pr\u00e9server les tissus en rempla\u00e7ant les liquides organiques par du silicone. Elle n\u00e9cessite entre 500 et 1000 heures de travail en plusieurs \u00e9tapes. Le corps humain est ainsi mis en lumi\u00e8re dans ses d\u00e9tails les plus intimes de mani\u00e8re franche et brute en les mettant \u00e0 nu. Les sensations et le ressenti oscillent entre fascination d\u00e9concertation et rejet. Reste l'ind\u00e9niable int\u00e9r\u00eat p\u00e9dagogique et scientifique. Tous les plastinats pr\u00e9sent\u00e9s proviennent de personnes ayant donn\u00e9 l'autorisation de leur vivant pour que leur corps soit montr\u00e9 apr\u00e8s leur d\u00e9c\u00e8s, 18 000 \"donneurs\" sont recens\u00e9s \u00e0 ce jour. C'est passionnat et d\u00e9rangeant et quand cela d\u00e9range on adore !  Guy Feltz<\/div><\/div><\/figcaption><\/figure><div class=\"fg-loader\"><\/div><\/div><div class=\"fg-item fg-type-image fg-idle\"><figure class=\"fg-item-inner\"><a href=\"https:\/\/acligphoto.fr\/wp-content\/uploads\/2020\/01\/8-lignes-corporelles-DR.jpg\" data-caption-title=\"Lignes corporelles\" data-caption-desc=\"1\/60s f\/2.8 ISO800 200mm (35mm eq:200mm) Phot prise sur tr\u00e9pied avec un flash d\u00e9port\u00e9 en contre-jour. Tous r\u00e9glages manuels dans l&#039;obscurit\u00e9 pour ne pas avoir d&#039;\u00e9clairage parasite. Post-traitement dans photoshop et Lightroom l\u00e9ger virage de la teinte. Didier Roehri\" data-attachment-id=\"1105\" data-type=\"image\" class=\"fg-thumb\"><span class=\"fg-image-wrap\"><img decoding=\"async\" title=\"Lignes corporelles\" width=\"150\" height=\"150\" class=\"skip-lazy fg-image\" data-src-fg=\"https:\/\/acligphoto.fr\/wp-content\/uploads\/cache\/2020\/01\/8-lignes-corporelles-DR\/2523395253.jpg\" src=\"data:image\/svg+xml,%3Csvg%20xmlns%3D%22http%3A%2F%2Fwww.w3.org%2F2000%2Fsvg%22%20width%3D%22150%22%20height%3D%22150%22%20viewBox%3D%220%200%20150%20150%22%3E%3C%2Fsvg%3E\" loading=\"eager\"><\/span><span class=\"fg-image-overlay\"><\/span><\/a><figcaption class=\"fg-caption\"><div class=\"fg-caption-inner\"><div class=\"fg-caption-title\">Lignes corporelles<\/div><div class=\"fg-caption-desc\">1\/60s f\/2.8 ISO800 200mm (35mm eq:200mm) Phot prise sur tr\u00e9pied avec un flash d\u00e9port\u00e9 en contre-jour. Tous r\u00e9glages manuels dans l'obscurit\u00e9 pour ne pas avoir d'\u00e9clairage parasite. Post-traitement dans photoshop et Lightroom l\u00e9ger virage de la teinte. Didier Roehri<\/div><\/div><\/figcaption><\/figure><div class=\"fg-loader\"><\/div><\/div><div class=\"fg-item fg-type-image fg-idle\"><figure class=\"fg-item-inner\"><a href=\"https:\/\/acligphoto.fr\/wp-content\/uploads\/2020\/01\/9-Fossette-dange_AT.jpg\" data-caption-title=\"Fossette d&#039;ange\" data-caption-desc=\"1\/33s f\/2.2 ISO64 4.15mm (35mm eq:29mm)\nPrise au t\u00e9l\u00e9phone portable. Vignettage blanc pour fair ressortir le d\u00e9tail sur le visage. Alain Th\u00e9bault\" data-attachment-id=\"1106\" data-type=\"image\" class=\"fg-thumb\"><span class=\"fg-image-wrap\"><img decoding=\"async\" title=\"Fossette d&#039;ange\" width=\"150\" height=\"150\" class=\"skip-lazy fg-image\" data-src-fg=\"https:\/\/acligphoto.fr\/wp-content\/uploads\/cache\/2020\/01\/9-Fossette-dange_AT\/37478492.jpg\" src=\"data:image\/svg+xml,%3Csvg%20xmlns%3D%22http%3A%2F%2Fwww.w3.org%2F2000%2Fsvg%22%20width%3D%22150%22%20height%3D%22150%22%20viewBox%3D%220%200%20150%20150%22%3E%3C%2Fsvg%3E\" loading=\"eager\"><\/span><span class=\"fg-image-overlay\"><\/span><\/a><figcaption class=\"fg-caption\"><div class=\"fg-caption-inner\"><div class=\"fg-caption-title\">Fossette d'ange<\/div><div class=\"fg-caption-desc\">1\/33s f\/2.2 ISO64 4.15mm (35mm eq:29mm)\nPrise au t\u00e9l\u00e9phone portable. Vignettage blanc pour fair ressortir le d\u00e9tail sur le visage. Alain Th\u00e9bault<\/div><\/div><\/figcaption><\/figure><div class=\"fg-loader\"><\/div><\/div><div class=\"fg-item fg-type-image fg-idle\"><figure class=\"fg-item-inner\"><a href=\"https:\/\/acligphoto.fr\/wp-content\/uploads\/2020\/01\/10-Webmestre-GW.jpg\" data-caption-title=\"Webmestre\" data-caption-desc=\"1\/200s f\/5.3 ISO400 120mm \nPrise lors d&#039;une soir\u00e9e atelier d\u00e9di\u00e9e au flash (Club Photograff&#039;) Flash d\u00e9port\u00e9 mesure spot. Gilbert Woerth\" data-attachment-id=\"1107\" data-type=\"image\" class=\"fg-thumb\"><span class=\"fg-image-wrap\"><img decoding=\"async\" title=\"Webmestre\" width=\"150\" height=\"150\" class=\"skip-lazy fg-image\" data-src-fg=\"https:\/\/acligphoto.fr\/wp-content\/uploads\/cache\/2020\/01\/10-Webmestre-GW\/632777618.jpg\" src=\"data:image\/svg+xml,%3Csvg%20xmlns%3D%22http%3A%2F%2Fwww.w3.org%2F2000%2Fsvg%22%20width%3D%22150%22%20height%3D%22150%22%20viewBox%3D%220%200%20150%20150%22%3E%3C%2Fsvg%3E\" loading=\"eager\"><\/span><span class=\"fg-image-overlay\"><\/span><\/a><figcaption class=\"fg-caption\"><div class=\"fg-caption-inner\"><div class=\"fg-caption-title\">Webmestre<\/div><div class=\"fg-caption-desc\">1\/200s f\/5.3 ISO400 120mm \nPrise lors d'une soir\u00e9e atelier d\u00e9di\u00e9e au flash (Club Photograff') Flash d\u00e9port\u00e9 mesure spot. Gilbert Woerth<\/div><\/div><\/figcaption><\/figure><div class=\"fg-loader\"><\/div><\/div><div class=\"fg-item fg-type-image fg-idle\"><figure class=\"fg-item-inner\"><a href=\"https:\/\/acligphoto.fr\/wp-content\/uploads\/2020\/01\/11-partie-du-corps-nb-CM.jpeg\" data-caption-title=\"Iris\" data-caption-desc=\"1\/80s f\/8.0 ISO3200 8.8mm (35mm eq:24mm) \nChristophe Mougenot\" data-attachment-id=\"1108\" data-type=\"image\" class=\"fg-thumb\"><span class=\"fg-image-wrap\"><img decoding=\"async\" title=\"Iris\" width=\"150\" height=\"150\" class=\"skip-lazy fg-image\" data-src-fg=\"https:\/\/acligphoto.fr\/wp-content\/uploads\/cache\/2020\/01\/11-partie-du-corps-nb-CM\/1949991729.jpeg\" src=\"data:image\/svg+xml,%3Csvg%20xmlns%3D%22http%3A%2F%2Fwww.w3.org%2F2000%2Fsvg%22%20width%3D%22150%22%20height%3D%22150%22%20viewBox%3D%220%200%20150%20150%22%3E%3C%2Fsvg%3E\" loading=\"eager\"><\/span><span class=\"fg-image-overlay\"><\/span><\/a><figcaption class=\"fg-caption\"><div class=\"fg-caption-inner\"><div class=\"fg-caption-title\">Iris<\/div><div class=\"fg-caption-desc\">1\/80s f\/8.0 ISO3200 8.8mm (35mm eq:24mm) \nChristophe Mougenot<\/div><\/div><\/figcaption><\/figure><div class=\"fg-loader\"><\/div><\/div><div class=\"fg-item fg-type-image fg-idle\"><figure class=\"fg-item-inner\"><a href=\"https:\/\/acligphoto.fr\/wp-content\/uploads\/2020\/01\/12-des-mains-noires-lui-donnaient-le-jour_GDM.jpg\" data-caption-title=\"Des mains noires lui donnaient le jour\" data-caption-desc=\"1\/60s f\/2.8 ISO1600 29mm Mode ART &quot;noir et blanc, grain noir&quot; Traitement du raw par DXO puis utilisation de silver effex pro2\nL&#039;id\u00e9e \u00e9tait d&#039;associer ici l&#039;exercice photo impos\u00e9 et la musique d&#039;o\u00f9 le choix des mains de ce jazzman de couleur\" data-attachment-id=\"1109\" data-type=\"image\" class=\"fg-thumb\"><span class=\"fg-image-wrap\"><img decoding=\"async\" title=\"Des mains noires lui donnaient le jour\" width=\"150\" height=\"150\" class=\"skip-lazy fg-image\" data-src-fg=\"https:\/\/acligphoto.fr\/wp-content\/uploads\/cache\/2020\/01\/12-des-mains-noires-lui-donnaient-le-jour_GDM\/2235875070.jpg\" src=\"data:image\/svg+xml,%3Csvg%20xmlns%3D%22http%3A%2F%2Fwww.w3.org%2F2000%2Fsvg%22%20width%3D%22150%22%20height%3D%22150%22%20viewBox%3D%220%200%20150%20150%22%3E%3C%2Fsvg%3E\" loading=\"eager\"><\/span><span class=\"fg-image-overlay\"><\/span><\/a><figcaption class=\"fg-caption\"><div class=\"fg-caption-inner\"><div class=\"fg-caption-title\">Des mains noires lui donnaient le jour<\/div><div class=\"fg-caption-desc\">1\/60s f\/2.8 ISO1600 29mm Mode ART \"noir et blanc, grain noir\" Traitement du raw par DXO puis utilisation de silver effex pro2\nL'id\u00e9e \u00e9tait d'associer ici l'exercice photo impos\u00e9 et la musique d'o\u00f9 le choix des mains de ce jazzman de couleur<\/div><\/div><\/figcaption><\/figure><div class=\"fg-loader\"><\/div><\/div><div class=\"fg-item fg-type-image fg-idle\"><figure class=\"fg-item-inner\"><a href=\"https:\/\/acligphoto.fr\/wp-content\/uploads\/2020\/01\/13-Elle-FR.jpg\" data-caption-title=\"Elle\" data-caption-desc=\"F\/5,6 \u00e0 58mm 1\/125s zoom 24-120 2 bo\u00eetes \u00e0 lumi\u00e8re de studio, tr\u00e9pied, et bien s\u00fbr un mod\u00e8le ! \nApr\u00e8s plusieurs prises mon choix s&#039;est tourn\u00e9 vers cette image pour sa sensualit\u00e9 et puis parce que l&#039;\u00e9paule est une partie du corps sur laquelle on peut se reposer ;-) Florence R\u00e9mi\" data-attachment-id=\"1110\" data-type=\"image\" class=\"fg-thumb\"><span class=\"fg-image-wrap\"><img decoding=\"async\" title=\"Elle\" width=\"150\" height=\"150\" class=\"skip-lazy fg-image\" data-src-fg=\"https:\/\/acligphoto.fr\/wp-content\/uploads\/cache\/2020\/01\/13-Elle-FR\/1771616500.jpg\" src=\"data:image\/svg+xml,%3Csvg%20xmlns%3D%22http%3A%2F%2Fwww.w3.org%2F2000%2Fsvg%22%20width%3D%22150%22%20height%3D%22150%22%20viewBox%3D%220%200%20150%20150%22%3E%3C%2Fsvg%3E\" loading=\"eager\"><\/span><span class=\"fg-image-overlay\"><\/span><\/a><figcaption class=\"fg-caption\"><div class=\"fg-caption-inner\"><div class=\"fg-caption-title\">Elle<\/div><div class=\"fg-caption-desc\">F\/5,6 \u00e0 58mm 1\/125s zoom 24-120 2 bo\u00eetes \u00e0 lumi\u00e8re de studio, tr\u00e9pied, et bien s\u00fbr un mod\u00e8le ! \nApr\u00e8s plusieurs prises mon choix s'est tourn\u00e9 vers cette image pour sa sensualit\u00e9 et puis parce que l'\u00e9paule est une partie du corps sur laquelle on peut se reposer \ud83d\ude09 Florence R\u00e9mi<\/div><\/div><\/figcaption><\/figure><div class=\"fg-loader\"><\/div><\/div><div class=\"fg-item fg-type-image fg-idle\"><figure class=\"fg-item-inner\"><a href=\"https:\/\/acligphoto.fr\/wp-content\/uploads\/2020\/01\/14-Loeil-LD.jpg\" data-caption-title=\"L&#039;\u0153il\" data-caption-desc=\"1\/6s f\/11.0 ISO640 43mm (35mm eq:86mm) traitement dans Lr avec ajout de grain. Louis Doerr\" data-attachment-id=\"1111\" data-type=\"image\" class=\"fg-thumb\"><span class=\"fg-image-wrap\"><img decoding=\"async\" title=\"L&#039;\u0153il\" width=\"150\" height=\"150\" class=\"skip-lazy fg-image\" data-src-fg=\"https:\/\/acligphoto.fr\/wp-content\/uploads\/cache\/2020\/01\/14-Loeil-LD\/1169659236.jpg\" src=\"data:image\/svg+xml,%3Csvg%20xmlns%3D%22http%3A%2F%2Fwww.w3.org%2F2000%2Fsvg%22%20width%3D%22150%22%20height%3D%22150%22%20viewBox%3D%220%200%20150%20150%22%3E%3C%2Fsvg%3E\" loading=\"eager\"><\/span><span class=\"fg-image-overlay\"><\/span><\/a><figcaption class=\"fg-caption\"><div class=\"fg-caption-inner\"><div class=\"fg-caption-title\">L'\u0153il<\/div><div class=\"fg-caption-desc\">1\/6s f\/11.0 ISO640 43mm (35mm eq:86mm) traitement dans Lr avec ajout de grain. Louis Doerr<\/div><\/div><\/figcaption><\/figure><div class=\"fg-loader\"><\/div><\/div><div class=\"fg-item fg-type-image fg-idle\"><figure class=\"fg-item-inner\"><a href=\"https:\/\/acligphoto.fr\/wp-content\/uploads\/2020\/01\/15-Regard-GG.jpg\" data-caption-title=\"Regard\" data-caption-desc=\"1\/125s f\/2.8 ISO2000 12.48mm prise de vue en int\u00e9rieur \u00e9clairage par spots \u00e0 led. G\u00e9rard Geyer\" data-attachment-id=\"1112\" data-type=\"image\" class=\"fg-thumb\"><span class=\"fg-image-wrap\"><img decoding=\"async\" title=\"Regard\" width=\"150\" height=\"150\" class=\"skip-lazy fg-image\" data-src-fg=\"https:\/\/acligphoto.fr\/wp-content\/uploads\/cache\/2020\/01\/15-Regard-GG\/906985432.jpg\" src=\"data:image\/svg+xml,%3Csvg%20xmlns%3D%22http%3A%2F%2Fwww.w3.org%2F2000%2Fsvg%22%20width%3D%22150%22%20height%3D%22150%22%20viewBox%3D%220%200%20150%20150%22%3E%3C%2Fsvg%3E\" loading=\"eager\"><\/span><span class=\"fg-image-overlay\"><\/span><\/a><figcaption class=\"fg-caption\"><div class=\"fg-caption-inner\"><div class=\"fg-caption-title\">Regard<\/div><div class=\"fg-caption-desc\">1\/125s f\/2.8 ISO2000 12.48mm prise de vue en int\u00e9rieur \u00e9clairage par spots \u00e0 led. G\u00e9rard Geyer<\/div><\/div><\/figcaption><\/figure><div class=\"fg-loader\"><\/div><\/div><div class=\"fg-item fg-type-image fg-idle\"><figure class=\"fg-item-inner\"><a href=\"https:\/\/acligphoto.fr\/wp-content\/uploads\/2020\/01\/16-La-bague-au-doigt-FS.jpg\" data-caption-title=\"La bague au doigt\" data-caption-desc=\"1\/200s f\/4.0 ISO800 90mm (35mm eq:135mm) Une liseuse \u00e0 diode proche du sujet + lumi\u00e8re d&#039;ambiance : \u00e0 faible distance la surface lumineuse de l&#039;ordre de la dizaine de cm2 fournit un \u00e9clairage ni trop contrast\u00e9 ni trop doux avec un bon model\u00e9. Boitier tenu dans l&#039;autre main mode diaphragme et auto-iso. Passage en N&amp;amp;B : r\u00e9glage personnel dans Lr mis au point pour mes photos de Venise et que j&#039;utilise r\u00e9guli\u00e8rement avec de petits ajustements. Pas vraiment de mod\u00e8le sous la main donc la mienne !\" data-attachment-id=\"1113\" data-type=\"image\" class=\"fg-thumb\"><span class=\"fg-image-wrap\"><img decoding=\"async\" title=\"La bague au doigt\" width=\"150\" height=\"150\" class=\"skip-lazy fg-image\" data-src-fg=\"https:\/\/acligphoto.fr\/wp-content\/uploads\/cache\/2020\/01\/16-La-bague-au-doigt-FS\/3090585825.jpg\" src=\"data:image\/svg+xml,%3Csvg%20xmlns%3D%22http%3A%2F%2Fwww.w3.org%2F2000%2Fsvg%22%20width%3D%22150%22%20height%3D%22150%22%20viewBox%3D%220%200%20150%20150%22%3E%3C%2Fsvg%3E\" loading=\"eager\"><\/span><span class=\"fg-image-overlay\"><\/span><\/a><figcaption class=\"fg-caption\"><div class=\"fg-caption-inner\"><div class=\"fg-caption-title\">La bague au doigt<\/div><div class=\"fg-caption-desc\">1\/200s f\/4.0 ISO800 90mm (35mm eq:135mm) Une liseuse \u00e0 diode proche du sujet + lumi\u00e8re d'ambiance : \u00e0 faible distance la surface lumineuse de l'ordre de la dizaine de cm2 fournit un \u00e9clairage ni trop contrast\u00e9 ni trop doux avec un bon model\u00e9. Boitier tenu dans l'autre main mode diaphragme et auto-iso. Passage en N&amp;B : r\u00e9glage personnel dans Lr mis au point pour mes photos de Venise et que j'utilise r\u00e9guli\u00e8rement avec de petits ajustements. Pas vraiment de mod\u00e8le sous la main donc la mienne !<\/div><\/div><\/figcaption><\/figure><div class=\"fg-loader\"><\/div><\/div><\/div>\n\n","protected":false},"excerpt":{"rendered":"<p>Raconte ta photo est une activit\u00e9 r\u00e9currente destin\u00e9e \u00e0 recentrer le propos sur la technique et l&rsquo;esth\u00e9tique photographique car nous avions fini par transformer les analyses d&rsquo;images en concours d&rsquo;\u00e9loquence. S\u00e9ance du vendredi 24 janvier 2020, th\u00e8me impos\u00e9 : une partie du corps (en N&amp;B)<\/p>\n","protected":false},"author":1,"featured_media":1108,"comment_status":"closed","ping_status":"open","sticky":false,"template":"","format":"standard","meta":{"_bbp_topic_count":0,"_bbp_reply_count":0,"_bbp_total_topic_count":0,"_bbp_total_reply_count":0,"_bbp_voice_count":0,"_bbp_anonymous_reply_count":0,"_bbp_topic_count_hidden":0,"_bbp_reply_count_hidden":0,"_bbp_forum_subforum_count":0,"footnotes":""},"categories":[7],"tags":[],"class_list":["post-1094","post","type-post","status-publish","format-standard","has-post-thumbnail","hentry","category-vie-de-latelier"],"_links":{"self":[{"href":"https:\/\/acligphoto.fr\/index.php?rest_route=\/wp\/v2\/posts\/1094","targetHints":{"allow":["GET"]}}],"collection":[{"href":"https:\/\/acligphoto.fr\/index.php?rest_route=\/wp\/v2\/posts"}],"about":[{"href":"https:\/\/acligphoto.fr\/index.php?rest_route=\/wp\/v2\/types\/post"}],"author":[{"embeddable":true,"href":"https:\/\/acligphoto.fr\/index.php?rest_route=\/wp\/v2\/users\/1"}],"replies":[{"embeddable":true,"href":"https:\/\/acligphoto.fr\/index.php?rest_route=%2Fwp%2Fv2%2Fcomments&post=1094"}],"version-history":[{"count":3,"href":"https:\/\/acligphoto.fr\/index.php?rest_route=\/wp\/v2\/posts\/1094\/revisions"}],"predecessor-version":[{"id":1114,"href":"https:\/\/acligphoto.fr\/index.php?rest_route=\/wp\/v2\/posts\/1094\/revisions\/1114"}],"wp:featuredmedia":[{"embeddable":true,"href":"https:\/\/acligphoto.fr\/index.php?rest_route=\/wp\/v2\/media\/1108"}],"wp:attachment":[{"href":"https:\/\/acligphoto.fr\/index.php?rest_route=%2Fwp%2Fv2%2Fmedia&parent=1094"}],"wp:term":[{"taxonomy":"category","embeddable":true,"href":"https:\/\/acligphoto.fr\/index.php?rest_route=%2Fwp%2Fv2%2Fcategories&post=1094"},{"taxonomy":"post_tag","embeddable":true,"href":"https:\/\/acligphoto.fr\/index.php?rest_route=%2Fwp%2Fv2%2Ftags&post=1094"}],"curies":[{"name":"wp","href":"https:\/\/api.w.org\/{rel}","templated":true}]}}