{"id":10240,"date":"2023-04-15T19:35:00","date_gmt":"2023-04-15T17:35:00","guid":{"rendered":"https:\/\/acligphoto.fr\/?p=10240"},"modified":"2023-04-15T19:35:01","modified_gmt":"2023-04-15T17:35:01","slug":"raconte-ta-photo-episode-li","status":"publish","type":"post","link":"https:\/\/acligphoto.fr\/?p=10240","title":{"rendered":"Raconte ta photo, \u00e9pisode LI"},"content":{"rendered":"\n<p class=\"has-large-font-size\">En opposition<\/p>\n\n\n<style type=\"text\/css\">\n#foogallery-gallery-10260 .fg-image { width: 150px; }\n#foogallery-gallery-10260 { --fg-gutter: 10px; }<\/style>\n\t\t\t<div class=\"foogallery foogallery-container foogallery-default foogallery-lightbox-foobox fg-center fg-default fg-ready fg-light fg-border-thin fg-shadow-outline fg-loading-default fg-loaded-fade-in fg-caption-hover fg-hover-fade fg-hover-zoom\" id=\"foogallery-gallery-10260\" data-foogallery=\"{&quot;item&quot;:{&quot;showCaptionTitle&quot;:true,&quot;showCaptionDescription&quot;:true},&quot;lazy&quot;:true}\" style=\"--fg-title-line-clamp: 0; --fg-description-line-clamp: 0;\" >\n\t<div class=\"fg-item fg-type-image fg-idle\"><figure class=\"fg-item-inner\"><a href=\"https:\/\/acligphoto.fr\/wp-content\/uploads\/2023\/04\/18_Enopposition_Klaudia.jpg\" data-caption-title=\"Photo de Klaudia\" data-caption-desc=\"Les statues en gr\u00e8s, les veilleurs des \u00e2mes des morts du crash de l\u2019Airbus au Mont Sainte Odile sont plac\u00e9s en opposition l\u2019un vers l\u2019autre.\" data-attachment-id=\"10259\" data-type=\"image\" class=\"fg-thumb\"><span class=\"fg-image-wrap\"><img decoding=\"async\" title=\"Photo de Klaudia\" width=\"150\" height=\"150\" class=\"skip-lazy fg-image\" data-src-fg=\"https:\/\/acligphoto.fr\/wp-content\/uploads\/cache\/2023\/04\/18_Enopposition_Klaudia\/892722993.jpg\" src=\"data:image\/svg+xml,%3Csvg%20xmlns%3D%22http%3A%2F%2Fwww.w3.org%2F2000%2Fsvg%22%20width%3D%22150%22%20height%3D%22150%22%20viewBox%3D%220%200%20150%20150%22%3E%3C%2Fsvg%3E\" loading=\"eager\"><\/span><span class=\"fg-image-overlay\"><\/span><\/a><figcaption class=\"fg-caption\"><div class=\"fg-caption-inner\"><div class=\"fg-caption-title\">Photo de Klaudia<\/div><div class=\"fg-caption-desc\">Les statues en gr\u00e8s, les veilleurs des \u00e2mes des morts du crash de l\u2019Airbus au Mont Sainte Odile sont plac\u00e9s en opposition l\u2019un vers l\u2019autre.<\/div><\/div><\/figcaption><\/figure><div class=\"fg-loader\"><\/div><\/div><div class=\"fg-item fg-type-image fg-idle\"><figure class=\"fg-item-inner\"><a href=\"https:\/\/acligphoto.fr\/wp-content\/uploads\/2023\/04\/17_Enopposition_Beatrice.jpg\" data-caption-title=\"Photo de B\u00e9atrice\" data-caption-desc=\"L\u2019escargot ne peut pas atteindre l\u2019herbe ....\" data-attachment-id=\"10258\" data-type=\"image\" class=\"fg-thumb\"><span class=\"fg-image-wrap\"><img decoding=\"async\" title=\"Photo de B\u00e9atrice\" width=\"150\" height=\"150\" class=\"skip-lazy fg-image\" data-src-fg=\"https:\/\/acligphoto.fr\/wp-content\/uploads\/cache\/2023\/04\/17_Enopposition_Beatrice\/3279262811.jpg\" src=\"data:image\/svg+xml,%3Csvg%20xmlns%3D%22http%3A%2F%2Fwww.w3.org%2F2000%2Fsvg%22%20width%3D%22150%22%20height%3D%22150%22%20viewBox%3D%220%200%20150%20150%22%3E%3C%2Fsvg%3E\" loading=\"eager\"><\/span><span class=\"fg-image-overlay\"><\/span><\/a><figcaption class=\"fg-caption\"><div class=\"fg-caption-inner\"><div class=\"fg-caption-title\">Photo de B\u00e9atrice<\/div><div class=\"fg-caption-desc\">L\u2019escargot ne peut pas atteindre l\u2019herbe &#8230;.<\/div><\/div><\/figcaption><\/figure><div class=\"fg-loader\"><\/div><\/div><div class=\"fg-item fg-type-image fg-idle\"><figure class=\"fg-item-inner\"><a href=\"https:\/\/acligphoto.fr\/wp-content\/uploads\/2023\/04\/16_Enopposition_Didier.jpg\" data-caption-title=\"Photo de Didier\" data-caption-desc=\"En opposition \u00e0 la proue se trouve la poupe de cet ancien voilier que j&#039;ai pris en photo \u00e0 partir de mon cano\u00eb.\" data-attachment-id=\"10257\" data-type=\"image\" class=\"fg-thumb\"><span class=\"fg-image-wrap\"><img decoding=\"async\" title=\"Photo de Didier\" width=\"150\" height=\"150\" class=\"skip-lazy fg-image\" data-src-fg=\"https:\/\/acligphoto.fr\/wp-content\/uploads\/cache\/2023\/04\/16_Enopposition_Didier\/1247804020.jpg\" src=\"data:image\/svg+xml,%3Csvg%20xmlns%3D%22http%3A%2F%2Fwww.w3.org%2F2000%2Fsvg%22%20width%3D%22150%22%20height%3D%22150%22%20viewBox%3D%220%200%20150%20150%22%3E%3C%2Fsvg%3E\" loading=\"eager\"><\/span><span class=\"fg-image-overlay\"><\/span><\/a><figcaption class=\"fg-caption\"><div class=\"fg-caption-inner\"><div class=\"fg-caption-title\">Photo de Didier<\/div><div class=\"fg-caption-desc\">En opposition \u00e0 la proue se trouve la poupe de cet ancien voilier que j&rsquo;ai pris en photo \u00e0 partir de mon cano\u00eb.<\/div><\/div><\/figcaption><\/figure><div class=\"fg-loader\"><\/div><\/div><div class=\"fg-item fg-type-image fg-idle\"><figure class=\"fg-item-inner\"><a href=\"https:\/\/acligphoto.fr\/wp-content\/uploads\/2023\/04\/15_Enopposition_Gerard.jpg\" data-caption-title=\"Photo de G\u00e9rard\" data-caption-desc=\"P\u00e2ques m\u2019a inspir\u00e9 avec le montage de ces moulages en chocolat noir et blanc en opposition de couleur.\" data-attachment-id=\"10256\" data-type=\"image\" class=\"fg-thumb\"><span class=\"fg-image-wrap\"><img decoding=\"async\" title=\"Photo de G\u00e9rard\" width=\"150\" height=\"150\" class=\"skip-lazy fg-image\" data-src-fg=\"https:\/\/acligphoto.fr\/wp-content\/uploads\/cache\/2023\/04\/15_Enopposition_Gerard\/1021859619.jpg\" src=\"data:image\/svg+xml,%3Csvg%20xmlns%3D%22http%3A%2F%2Fwww.w3.org%2F2000%2Fsvg%22%20width%3D%22150%22%20height%3D%22150%22%20viewBox%3D%220%200%20150%20150%22%3E%3C%2Fsvg%3E\" loading=\"eager\"><\/span><span class=\"fg-image-overlay\"><\/span><\/a><figcaption class=\"fg-caption\"><div class=\"fg-caption-inner\"><div class=\"fg-caption-title\">Photo de G\u00e9rard<\/div><div class=\"fg-caption-desc\">P\u00e2ques m\u2019a inspir\u00e9 avec le montage de ces moulages en chocolat noir et blanc en opposition de couleur.<\/div><\/div><\/figcaption><\/figure><div class=\"fg-loader\"><\/div><\/div><div class=\"fg-item fg-type-image fg-idle\"><figure class=\"fg-item-inner\"><a href=\"https:\/\/acligphoto.fr\/wp-content\/uploads\/2023\/04\/14_Enopposition_Robert.jpg\" data-caption-title=\"Photo de Robert\" data-caption-desc=\"Photo de tr\u00e8s mauvaise qualit\u00e9 faite lors de mes premier essais et tests pour la r\u00e9fraction\" data-attachment-id=\"10255\" data-type=\"image\" class=\"fg-thumb\"><span class=\"fg-image-wrap\"><img decoding=\"async\" title=\"Photo de Robert\" width=\"150\" height=\"150\" class=\"skip-lazy fg-image\" data-src-fg=\"https:\/\/acligphoto.fr\/wp-content\/uploads\/cache\/2023\/04\/14_Enopposition_Robert\/1129083572.jpg\" src=\"data:image\/svg+xml,%3Csvg%20xmlns%3D%22http%3A%2F%2Fwww.w3.org%2F2000%2Fsvg%22%20width%3D%22150%22%20height%3D%22150%22%20viewBox%3D%220%200%20150%20150%22%3E%3C%2Fsvg%3E\" loading=\"eager\"><\/span><span class=\"fg-image-overlay\"><\/span><\/a><figcaption class=\"fg-caption\"><div class=\"fg-caption-inner\"><div class=\"fg-caption-title\">Photo de Robert<\/div><div class=\"fg-caption-desc\">Photo de tr\u00e8s mauvaise qualit\u00e9 faite lors de mes premier essais et tests pour la r\u00e9fraction<\/div><\/div><\/figcaption><\/figure><div class=\"fg-loader\"><\/div><\/div><div class=\"fg-item fg-type-image fg-idle\"><figure class=\"fg-item-inner\"><a href=\"https:\/\/acligphoto.fr\/wp-content\/uploads\/2023\/04\/13_Enopposition_GuyF.jpg\" data-caption-title=\"Photo de Guy F. : Titre : \u00ab Course de Strasbourg \u00bb\" data-caption-desc=\"Photo prise derri\u00e8re la cath\u00e9drale lors des courses de Strasbourg en 2018. Avec ou sans jambes ils vont franchir la ligne d\u2019arriv\u00e9e tous les deux\ncomme beaucoup d\u2019autres, chacun avec ses propres motivations.... N\u2019est-ce pas ceci qui est le principal, non ?\" data-attachment-id=\"10254\" data-type=\"image\" class=\"fg-thumb\"><span class=\"fg-image-wrap\"><img decoding=\"async\" title=\"Photo de Guy F. : Titre : \u00ab Course de Strasbourg \u00bb\" width=\"150\" height=\"150\" class=\"skip-lazy fg-image\" data-src-fg=\"https:\/\/acligphoto.fr\/wp-content\/uploads\/cache\/2023\/04\/13_Enopposition_GuyF\/2344403542.jpg\" src=\"data:image\/svg+xml,%3Csvg%20xmlns%3D%22http%3A%2F%2Fwww.w3.org%2F2000%2Fsvg%22%20width%3D%22150%22%20height%3D%22150%22%20viewBox%3D%220%200%20150%20150%22%3E%3C%2Fsvg%3E\" loading=\"eager\"><\/span><span class=\"fg-image-overlay\"><\/span><\/a><figcaption class=\"fg-caption\"><div class=\"fg-caption-inner\"><div class=\"fg-caption-title\">Photo de Guy F. : Titre : \u00ab Course de Strasbourg \u00bb<\/div><div class=\"fg-caption-desc\">Photo prise derri\u00e8re la cath\u00e9drale lors des courses de Strasbourg en 2018. Avec ou sans jambes ils vont franchir la ligne d\u2019arriv\u00e9e tous les deux\ncomme beaucoup d\u2019autres, chacun avec ses propres motivations&#8230;. N\u2019est-ce pas ceci qui est le principal, non ?<\/div><\/div><\/figcaption><\/figure><div class=\"fg-loader\"><\/div><\/div><div class=\"fg-item fg-type-image fg-idle\"><figure class=\"fg-item-inner\"><a href=\"https:\/\/acligphoto.fr\/wp-content\/uploads\/2023\/04\/12-Enopposition_Armand.jpg\" data-caption-title=\"Photo de Armand : Titre : &quot;Double opposition&quot;\" data-attachment-id=\"10253\" data-type=\"image\" class=\"fg-thumb\"><span class=\"fg-image-wrap\"><img decoding=\"async\" title=\"Photo de Armand : Titre : &quot;Double opposition&quot;\" width=\"150\" height=\"150\" class=\"skip-lazy fg-image\" data-src-fg=\"https:\/\/acligphoto.fr\/wp-content\/uploads\/cache\/2023\/04\/12-Enopposition_Armand\/4208003415.jpg\" src=\"data:image\/svg+xml,%3Csvg%20xmlns%3D%22http%3A%2F%2Fwww.w3.org%2F2000%2Fsvg%22%20width%3D%22150%22%20height%3D%22150%22%20viewBox%3D%220%200%20150%20150%22%3E%3C%2Fsvg%3E\" loading=\"eager\"><\/span><span class=\"fg-image-overlay\"><\/span><\/a><figcaption class=\"fg-caption\"><div class=\"fg-caption-inner\"><div class=\"fg-caption-title\">Photo de Armand : Titre : \u00ab\u00a0Double opposition\u00a0\u00bb<\/div><\/div><\/figcaption><\/figure><div class=\"fg-loader\"><\/div><\/div><div class=\"fg-item fg-type-image fg-idle\"><figure class=\"fg-item-inner\"><a href=\"https:\/\/acligphoto.fr\/wp-content\/uploads\/2023\/04\/11_Enopposition_Albert.jpg\" data-caption-title=\"Photo de Albert\" data-caption-desc=\"2 col\u00e9opt\u00e8res m\u00e2les de l\u2019esp\u00e8ce Pyrochroa Serraticornis (le cardinal rouge), se font face et s\u2019opposent sur un brin d\u2019herbe\" data-attachment-id=\"10252\" data-type=\"image\" class=\"fg-thumb\"><span class=\"fg-image-wrap\"><img decoding=\"async\" title=\"Photo de Albert\" width=\"150\" height=\"150\" class=\"skip-lazy fg-image\" data-src-fg=\"https:\/\/acligphoto.fr\/wp-content\/uploads\/cache\/2023\/04\/11_Enopposition_Albert\/3339998815.jpg\" src=\"data:image\/svg+xml,%3Csvg%20xmlns%3D%22http%3A%2F%2Fwww.w3.org%2F2000%2Fsvg%22%20width%3D%22150%22%20height%3D%22150%22%20viewBox%3D%220%200%20150%20150%22%3E%3C%2Fsvg%3E\" loading=\"eager\"><\/span><span class=\"fg-image-overlay\"><\/span><\/a><figcaption class=\"fg-caption\"><div class=\"fg-caption-inner\"><div class=\"fg-caption-title\">Photo de Albert<\/div><div class=\"fg-caption-desc\">2 col\u00e9opt\u00e8res m\u00e2les de l\u2019esp\u00e8ce Pyrochroa Serraticornis (le cardinal rouge), se font face et s\u2019opposent sur un brin d\u2019herbe<\/div><\/div><\/figcaption><\/figure><div class=\"fg-loader\"><\/div><\/div><div class=\"fg-item fg-type-image fg-idle\"><figure class=\"fg-item-inner\"><a href=\"https:\/\/acligphoto.fr\/wp-content\/uploads\/2023\/04\/10_Enopposition_Francis.jpg\" data-caption-title=\"Photo de Francis : Titre: \u00ab Sillage \u00bb\" data-caption-desc=\"Photo prise pr\u00e8s du pont Pflimlin au cr\u00e9puscule lors d&#039;un passage d&#039;un bateau.\" data-attachment-id=\"10251\" data-type=\"image\" class=\"fg-thumb\"><span class=\"fg-image-wrap\"><img decoding=\"async\" title=\"Photo de Francis : Titre: \u00ab Sillage \u00bb\" width=\"150\" height=\"150\" class=\"skip-lazy fg-image\" data-src-fg=\"https:\/\/acligphoto.fr\/wp-content\/uploads\/cache\/2023\/04\/10_Enopposition_Francis\/4052210478.jpg\" src=\"data:image\/svg+xml,%3Csvg%20xmlns%3D%22http%3A%2F%2Fwww.w3.org%2F2000%2Fsvg%22%20width%3D%22150%22%20height%3D%22150%22%20viewBox%3D%220%200%20150%20150%22%3E%3C%2Fsvg%3E\" loading=\"eager\"><\/span><span class=\"fg-image-overlay\"><\/span><\/a><figcaption class=\"fg-caption\"><div class=\"fg-caption-inner\"><div class=\"fg-caption-title\">Photo de Francis : Titre: \u00ab Sillage \u00bb<\/div><div class=\"fg-caption-desc\">Photo prise pr\u00e8s du pont Pflimlin au cr\u00e9puscule lors d&rsquo;un passage d&rsquo;un bateau.<\/div><\/div><\/figcaption><\/figure><div class=\"fg-loader\"><\/div><\/div><div class=\"fg-item fg-type-image fg-idle\"><figure class=\"fg-item-inner\"><a href=\"https:\/\/acligphoto.fr\/wp-content\/uploads\/2023\/04\/09_Enopposition_Sandrine.jpg\" data-caption-title=\"Photo de Sandrine\" data-caption-desc=\"Il s&#039;agit d&#039;une photographie prise il y a 2 ans du ch\u00e2teau de Fayrac vu depuis les berges de la Dordogne. A ce moment, il y avait un projet de voie rapide qui devait longer la vall\u00e9e et \u00e9viter tous les villages. La vall\u00e9e \u00e9tant \u00e9troite, il aurait \u00e9t\u00e9 difficile de cacher une telle route, sans compter le bruit des voitures roulant vite... Tous les villages et ch\u00e2teaux de la vall\u00e9e se sont alors par\u00e9s de banderoles, certaines immenses de plusieurs dizaines de m\u00e8tres de long ! Le ch\u00e2telain de Fayrac a \u00e9t\u00e9 beaucoup plus discret avec sa toute petite banderole rouge. Depuis, le projet est arr\u00eat\u00e9 apr\u00e8s un jugement du tribunal administratif. Il reste des piliers construits mais inutiles car destin\u00e9s aux multiples ponts qui auraient d\u00fb chevaucher la Dordogne.\" data-attachment-id=\"10250\" data-type=\"image\" class=\"fg-thumb\"><span class=\"fg-image-wrap\"><img decoding=\"async\" title=\"Photo de Sandrine\" width=\"150\" height=\"150\" class=\"skip-lazy fg-image\" data-src-fg=\"https:\/\/acligphoto.fr\/wp-content\/uploads\/cache\/2023\/04\/09_Enopposition_Sandrine\/1890496519.jpg\" src=\"data:image\/svg+xml,%3Csvg%20xmlns%3D%22http%3A%2F%2Fwww.w3.org%2F2000%2Fsvg%22%20width%3D%22150%22%20height%3D%22150%22%20viewBox%3D%220%200%20150%20150%22%3E%3C%2Fsvg%3E\" loading=\"eager\"><\/span><span class=\"fg-image-overlay\"><\/span><\/a><figcaption class=\"fg-caption\"><div class=\"fg-caption-inner\"><div class=\"fg-caption-title\">Photo de Sandrine<\/div><div class=\"fg-caption-desc\">Il s&rsquo;agit d&rsquo;une photographie prise il y a 2 ans du ch\u00e2teau de Fayrac vu depuis les berges de la Dordogne. A ce moment, il y avait un projet de voie rapide qui devait longer la vall\u00e9e et \u00e9viter tous les villages. La vall\u00e9e \u00e9tant \u00e9troite, il aurait \u00e9t\u00e9 difficile de cacher une telle route, sans compter le bruit des voitures roulant vite&#8230; Tous les villages et ch\u00e2teaux de la vall\u00e9e se sont alors par\u00e9s de banderoles, certaines immenses de plusieurs dizaines de m\u00e8tres de long ! Le ch\u00e2telain de Fayrac a \u00e9t\u00e9 beaucoup plus discret avec sa toute petite banderole rouge. Depuis, le projet est arr\u00eat\u00e9 apr\u00e8s un jugement du tribunal administratif. Il reste des piliers construits mais inutiles car destin\u00e9s aux multiples ponts qui auraient d\u00fb chevaucher la Dordogne.<\/div><\/div><\/figcaption><\/figure><div class=\"fg-loader\"><\/div><\/div><div class=\"fg-item fg-type-image fg-idle\"><figure class=\"fg-item-inner\"><a href=\"https:\/\/acligphoto.fr\/wp-content\/uploads\/2023\/04\/08_Enopposition_Christian.jpg\" data-caption-title=\"Photo de Christian : Titre : \u00ab Les mari\u00e9s \u00bb\" data-caption-desc=\"Inspir\u00e9e du travail de Gilbert Garcin, cette mise en sc\u00e8ne joue sur l&#039;opposition naturelle de deux couleurs, le noir et le blanc. Figurines de mari\u00e9s et rouleaux d&#039;adh\u00e9sif m&#039;ont servi \u00e0 composer cette situation totalement absurde d&#039;une union impossible.\" data-attachment-id=\"10249\" data-type=\"image\" class=\"fg-thumb\"><span class=\"fg-image-wrap\"><img decoding=\"async\" title=\"Photo de Christian : Titre : \u00ab Les mari\u00e9s \u00bb\" width=\"150\" height=\"150\" class=\"skip-lazy fg-image\" data-src-fg=\"https:\/\/acligphoto.fr\/wp-content\/uploads\/cache\/2023\/04\/08_Enopposition_Christian\/1076546643.jpg\" src=\"data:image\/svg+xml,%3Csvg%20xmlns%3D%22http%3A%2F%2Fwww.w3.org%2F2000%2Fsvg%22%20width%3D%22150%22%20height%3D%22150%22%20viewBox%3D%220%200%20150%20150%22%3E%3C%2Fsvg%3E\" loading=\"eager\"><\/span><span class=\"fg-image-overlay\"><\/span><\/a><figcaption class=\"fg-caption\"><div class=\"fg-caption-inner\"><div class=\"fg-caption-title\">Photo de Christian : Titre : \u00ab Les mari\u00e9s \u00bb<\/div><div class=\"fg-caption-desc\">Inspir\u00e9e du travail de Gilbert Garcin, cette mise en sc\u00e8ne joue sur l&rsquo;opposition naturelle de deux couleurs, le noir et le blanc. Figurines de mari\u00e9s et rouleaux d&rsquo;adh\u00e9sif m&rsquo;ont servi \u00e0 composer cette situation totalement absurde d&rsquo;une union impossible.<\/div><\/div><\/figcaption><\/figure><div class=\"fg-loader\"><\/div><\/div><div class=\"fg-item fg-type-image fg-idle\"><figure class=\"fg-item-inner\"><a href=\"https:\/\/acligphoto.fr\/wp-content\/uploads\/2023\/04\/07_Enopposition_Gilbert.jpeg\" data-caption-title=\"Photo de Gilbert : Titre : \u00ab Tu me cherches ? \u00bb\" data-caption-desc=\"J\u2019observais les gens attabl\u00e9s \u00e0 ce caf\u00e9 en attendant le bateau qui devait me ramener des \u00eeles de Gl\u00e9nan \u00e0 Fouesnant (Finist\u00e8re). C\u2019est le hasard comme souvent, qui m\u2019a mis au coeur de cette rencontre et de cette opposition \u00e9tonnante entre ce colosse et ce petit chien. Le maitre avait l\u2019air ravi, j\u2019ai alors d\u00e9clench\u00e9 pour fixer cet instant.\" data-attachment-id=\"10248\" data-type=\"image\" class=\"fg-thumb\"><span class=\"fg-image-wrap\"><img decoding=\"async\" title=\"Photo de Gilbert : Titre : \u00ab Tu me cherches ? \u00bb\" width=\"150\" height=\"150\" class=\"skip-lazy fg-image\" data-src-fg=\"https:\/\/acligphoto.fr\/wp-content\/uploads\/cache\/2023\/04\/07_Enopposition_Gilbert\/2362384286.jpeg\" src=\"data:image\/svg+xml,%3Csvg%20xmlns%3D%22http%3A%2F%2Fwww.w3.org%2F2000%2Fsvg%22%20width%3D%22150%22%20height%3D%22150%22%20viewBox%3D%220%200%20150%20150%22%3E%3C%2Fsvg%3E\" loading=\"eager\"><\/span><span class=\"fg-image-overlay\"><\/span><\/a><figcaption class=\"fg-caption\"><div class=\"fg-caption-inner\"><div class=\"fg-caption-title\">Photo de Gilbert : Titre : \u00ab Tu me cherches ? \u00bb<\/div><div class=\"fg-caption-desc\">J\u2019observais les gens attabl\u00e9s \u00e0 ce caf\u00e9 en attendant le bateau qui devait me ramener des \u00eeles de Gl\u00e9nan \u00e0 Fouesnant (Finist\u00e8re). C\u2019est le hasard comme souvent, qui m\u2019a mis au coeur de cette rencontre et de cette opposition \u00e9tonnante entre ce colosse et ce petit chien. Le maitre avait l\u2019air ravi, j\u2019ai alors d\u00e9clench\u00e9 pour fixer cet instant.<\/div><\/div><\/figcaption><\/figure><div class=\"fg-loader\"><\/div><\/div><div class=\"fg-item fg-type-image fg-idle\"><figure class=\"fg-item-inner\"><a href=\"https:\/\/acligphoto.fr\/wp-content\/uploads\/2023\/04\/06_Enopposition_Louis.jpg\" data-caption-title=\"Photo de Louis : Titre : \u00ab Les 2 portes \u00bb\" data-caption-desc=\"Prise \u00e0 Lanzarote, petite b\u00e2tisse avec 2 entr\u00e9es s\u00e9par\u00e9es et une parfaite opposition de ces 2 portes..\" data-attachment-id=\"10247\" data-type=\"image\" class=\"fg-thumb\"><span class=\"fg-image-wrap\"><img decoding=\"async\" title=\"Photo de Louis : Titre : \u00ab Les 2 portes \u00bb\" width=\"150\" height=\"150\" class=\"skip-lazy fg-image\" data-src-fg=\"https:\/\/acligphoto.fr\/wp-content\/uploads\/cache\/2023\/04\/06_Enopposition_Louis\/920846419.jpg\" src=\"data:image\/svg+xml,%3Csvg%20xmlns%3D%22http%3A%2F%2Fwww.w3.org%2F2000%2Fsvg%22%20width%3D%22150%22%20height%3D%22150%22%20viewBox%3D%220%200%20150%20150%22%3E%3C%2Fsvg%3E\" loading=\"eager\"><\/span><span class=\"fg-image-overlay\"><\/span><\/a><figcaption class=\"fg-caption\"><div class=\"fg-caption-inner\"><div class=\"fg-caption-title\">Photo de Louis : Titre : \u00ab Les 2 portes \u00bb<\/div><div class=\"fg-caption-desc\">Prise \u00e0 Lanzarote, petite b\u00e2tisse avec 2 entr\u00e9es s\u00e9par\u00e9es et une parfaite opposition de ces 2 portes..<\/div><\/div><\/figcaption><\/figure><div class=\"fg-loader\"><\/div><\/div><div class=\"fg-item fg-type-image fg-idle\"><figure class=\"fg-item-inner\"><a href=\"https:\/\/acligphoto.fr\/wp-content\/uploads\/2023\/04\/05_Enopposition_Alan.jpg\" data-caption-title=\"Photo de Alan : Titre : \u00ab Afficher son opposition \u00bb\" data-caption-desc=\"Photo prise en juin 2017 \u00e0 Strasbourg Impasse du Tiroir ....\nJ&#039;ai choisi cette photo afin d&#039;illustrer pleinement l&#039;opposition avec le risque majeur dans ce cas se sera l&#039;enl\u00e8vement !\" data-attachment-id=\"10246\" data-type=\"image\" class=\"fg-thumb\"><span class=\"fg-image-wrap\"><img decoding=\"async\" title=\"Photo de Alan : Titre : \u00ab Afficher son opposition \u00bb\" width=\"150\" height=\"150\" class=\"skip-lazy fg-image\" data-src-fg=\"https:\/\/acligphoto.fr\/wp-content\/uploads\/cache\/2023\/04\/05_Enopposition_Alan\/1381231255.jpg\" src=\"data:image\/svg+xml,%3Csvg%20xmlns%3D%22http%3A%2F%2Fwww.w3.org%2F2000%2Fsvg%22%20width%3D%22150%22%20height%3D%22150%22%20viewBox%3D%220%200%20150%20150%22%3E%3C%2Fsvg%3E\" loading=\"eager\"><\/span><span class=\"fg-image-overlay\"><\/span><\/a><figcaption class=\"fg-caption\"><div class=\"fg-caption-inner\"><div class=\"fg-caption-title\">Photo de Alan : Titre : \u00ab Afficher son opposition \u00bb<\/div><div class=\"fg-caption-desc\">Photo prise en juin 2017 \u00e0 Strasbourg Impasse du Tiroir &#8230;.\nJ&rsquo;ai choisi cette photo afin d&rsquo;illustrer pleinement l&rsquo;opposition avec le risque majeur dans ce cas se sera l&rsquo;enl\u00e8vement !<\/div><\/div><\/figcaption><\/figure><div class=\"fg-loader\"><\/div><\/div><div class=\"fg-item fg-type-image fg-idle\"><figure class=\"fg-item-inner\"><a href=\"https:\/\/acligphoto.fr\/wp-content\/uploads\/2023\/04\/04-Enopposition_Remi.jpg\" data-caption-title=\"Photo de R\u00e9mi\" data-caption-desc=\"Opposition de styles architecturaux rue de la Haute Mont\u00e9e :\n- L\u2019ancien : b\u00e2timent tout en pierres du 19\u00e8me Si\u00e8cle (1885), r\u00e9nov\u00e9 en 2012. Seule la fa\u00e7ade a \u00e9t\u00e9 conserv\u00e9e. Tout l\u2019int\u00e9rieur a \u00e9t\u00e9 cass\u00e9 et refait \u00e0 neuf\n- Et le moderne : la fa\u00e7ade de l\u2019ancien Printemps construite entre 2011 et 2013 en t\u00f4le d&#039;aluminium l\u00e9g\u00e8rement granuleuse de couleur champagne. Ce b\u00e2timent est compos\u00e9 de plusieurs immeubles qui ont \u00e9t\u00e9 soit d\u00e9truits, soit r\u00e9habilit\u00e9s pour ne former plus qu\u2019un ensemble. (Source archi-wiki.org)\" data-attachment-id=\"10245\" data-type=\"image\" class=\"fg-thumb\"><span class=\"fg-image-wrap\"><img decoding=\"async\" title=\"Photo de R\u00e9mi\" width=\"150\" height=\"150\" class=\"skip-lazy fg-image\" data-src-fg=\"https:\/\/acligphoto.fr\/wp-content\/uploads\/cache\/2023\/04\/04-Enopposition_Remi\/482748587.jpg\" src=\"data:image\/svg+xml,%3Csvg%20xmlns%3D%22http%3A%2F%2Fwww.w3.org%2F2000%2Fsvg%22%20width%3D%22150%22%20height%3D%22150%22%20viewBox%3D%220%200%20150%20150%22%3E%3C%2Fsvg%3E\" loading=\"eager\"><\/span><span class=\"fg-image-overlay\"><\/span><\/a><figcaption class=\"fg-caption\"><div class=\"fg-caption-inner\"><div class=\"fg-caption-title\">Photo de R\u00e9mi<\/div><div class=\"fg-caption-desc\">Opposition de styles architecturaux rue de la Haute Mont\u00e9e :\n&#8211; L\u2019ancien : b\u00e2timent tout en pierres du 19\u00e8me Si\u00e8cle (1885), r\u00e9nov\u00e9 en 2012. Seule la fa\u00e7ade a \u00e9t\u00e9 conserv\u00e9e. Tout l\u2019int\u00e9rieur a \u00e9t\u00e9 cass\u00e9 et refait \u00e0 neuf\n&#8211; Et le moderne : la fa\u00e7ade de l\u2019ancien Printemps construite entre 2011 et 2013 en t\u00f4le d&rsquo;aluminium l\u00e9g\u00e8rement granuleuse de couleur champagne. Ce b\u00e2timent est compos\u00e9 de plusieurs immeubles qui ont \u00e9t\u00e9 soit d\u00e9truits, soit r\u00e9habilit\u00e9s pour ne former plus qu\u2019un ensemble. (Source archi-wiki.org)<\/div><\/div><\/figcaption><\/figure><div class=\"fg-loader\"><\/div><\/div><div class=\"fg-item fg-type-image fg-idle\"><figure class=\"fg-item-inner\"><a href=\"https:\/\/acligphoto.fr\/wp-content\/uploads\/2023\/04\/03-Enopposition_JC.jpg\" data-caption-title=\"Photo de Jean-Christophe\" data-caption-desc=\"L\u2019image a \u00e9t\u00e9 prise lors d\u2019une promenade dans les champs au printemps et qui au d\u00e9but du conflit en Ukraine a trouv\u00e9 tout son sens.\" data-attachment-id=\"10244\" data-type=\"image\" class=\"fg-thumb\"><span class=\"fg-image-wrap\"><img decoding=\"async\" title=\"Photo de Jean-Christophe\" width=\"150\" height=\"150\" class=\"skip-lazy fg-image\" data-src-fg=\"https:\/\/acligphoto.fr\/wp-content\/uploads\/cache\/2023\/04\/03-Enopposition_JC\/369770486.jpg\" src=\"data:image\/svg+xml,%3Csvg%20xmlns%3D%22http%3A%2F%2Fwww.w3.org%2F2000%2Fsvg%22%20width%3D%22150%22%20height%3D%22150%22%20viewBox%3D%220%200%20150%20150%22%3E%3C%2Fsvg%3E\" loading=\"eager\"><\/span><span class=\"fg-image-overlay\"><\/span><\/a><figcaption class=\"fg-caption\"><div class=\"fg-caption-inner\"><div class=\"fg-caption-title\">Photo de Jean-Christophe<\/div><div class=\"fg-caption-desc\">L\u2019image a \u00e9t\u00e9 prise lors d\u2019une promenade dans les champs au printemps et qui au d\u00e9but du conflit en Ukraine a trouv\u00e9 tout son sens.<\/div><\/div><\/figcaption><\/figure><div class=\"fg-loader\"><\/div><\/div><div class=\"fg-item fg-type-image fg-idle\"><figure class=\"fg-item-inner\"><a href=\"https:\/\/acligphoto.fr\/wp-content\/uploads\/2023\/04\/02-Enopposition_Florence.jpg\" data-caption-title=\"Photo de Florence : Titre : \u00ab Murs en 4 mati\u00e8res et couleurs \u00bb\" data-caption-desc=\"Photo prise l\u2019ann\u00e9e derni\u00e8re dans une ruelle en Espagne. J\u2019ai bien aim\u00e9 cette s\u00e9rie de murs ! Tous oppos\u00e9s tant par leurs textures que par leurs couleurs.\" data-attachment-id=\"10243\" data-type=\"image\" class=\"fg-thumb\"><span class=\"fg-image-wrap\"><img decoding=\"async\" title=\"Photo de Florence : Titre : \u00ab Murs en 4 mati\u00e8res et couleurs \u00bb\" width=\"150\" height=\"150\" class=\"skip-lazy fg-image\" data-src-fg=\"https:\/\/acligphoto.fr\/wp-content\/uploads\/cache\/2023\/04\/02-Enopposition_Florence\/1493081706.jpg\" src=\"data:image\/svg+xml,%3Csvg%20xmlns%3D%22http%3A%2F%2Fwww.w3.org%2F2000%2Fsvg%22%20width%3D%22150%22%20height%3D%22150%22%20viewBox%3D%220%200%20150%20150%22%3E%3C%2Fsvg%3E\" loading=\"eager\"><\/span><span class=\"fg-image-overlay\"><\/span><\/a><figcaption class=\"fg-caption\"><div class=\"fg-caption-inner\"><div class=\"fg-caption-title\">Photo de Florence : Titre : \u00ab Murs en 4 mati\u00e8res et couleurs \u00bb<\/div><div class=\"fg-caption-desc\">Photo prise l\u2019ann\u00e9e derni\u00e8re dans une ruelle en Espagne. J\u2019ai bien aim\u00e9 cette s\u00e9rie de murs ! Tous oppos\u00e9s tant par leurs textures que par leurs couleurs.<\/div><\/div><\/figcaption><\/figure><div class=\"fg-loader\"><\/div><\/div><div class=\"fg-item fg-type-image fg-idle\"><figure class=\"fg-item-inner\"><a href=\"https:\/\/acligphoto.fr\/wp-content\/uploads\/2023\/04\/01-Enopposition_GuyB.jpg\" data-caption-title=\"Photo de Guy B.\" data-caption-desc=\"D&#039;un simple regard tout peut nous \u00eatre oppos\u00e9, libre court \u00e0 chacun des choses de la vie. Une certitude, les ensembles architecturaux de La Grande Motte communiquent entre eux...et nous?\" data-attachment-id=\"10242\" data-type=\"image\" class=\"fg-thumb\"><span class=\"fg-image-wrap\"><img decoding=\"async\" title=\"Photo de Guy B.\" width=\"150\" height=\"150\" class=\"skip-lazy fg-image\" data-src-fg=\"https:\/\/acligphoto.fr\/wp-content\/uploads\/cache\/2023\/04\/01-Enopposition_GuyB\/1806935857.jpg\" src=\"data:image\/svg+xml,%3Csvg%20xmlns%3D%22http%3A%2F%2Fwww.w3.org%2F2000%2Fsvg%22%20width%3D%22150%22%20height%3D%22150%22%20viewBox%3D%220%200%20150%20150%22%3E%3C%2Fsvg%3E\" loading=\"eager\"><\/span><span class=\"fg-image-overlay\"><\/span><\/a><figcaption class=\"fg-caption\"><div class=\"fg-caption-inner\"><div class=\"fg-caption-title\">Photo de Guy B.<\/div><div class=\"fg-caption-desc\">D&rsquo;un simple regard tout peut nous \u00eatre oppos\u00e9, libre court \u00e0 chacun des choses de la vie. Une certitude, les ensembles architecturaux de La Grande Motte communiquent entre eux&#8230;et nous?<\/div><\/div><\/figcaption><\/figure><div class=\"fg-loader\"><\/div><\/div><\/div>\n","protected":false},"excerpt":{"rendered":"<p>En opposition<\/p>\n","protected":false},"author":27,"featured_media":10247,"comment_status":"closed","ping_status":"open","sticky":true,"template":"","format":"standard","meta":{"_bbp_topic_count":0,"_bbp_reply_count":0,"_bbp_total_topic_count":0,"_bbp_total_reply_count":0,"_bbp_voice_count":0,"_bbp_anonymous_reply_count":0,"_bbp_topic_count_hidden":0,"_bbp_reply_count_hidden":0,"_bbp_forum_subforum_count":0,"footnotes":""},"categories":[7],"tags":[],"class_list":["post-10240","post","type-post","status-publish","format-standard","has-post-thumbnail","hentry","category-vie-de-latelier"],"_links":{"self":[{"href":"https:\/\/acligphoto.fr\/index.php?rest_route=\/wp\/v2\/posts\/10240","targetHints":{"allow":["GET"]}}],"collection":[{"href":"https:\/\/acligphoto.fr\/index.php?rest_route=\/wp\/v2\/posts"}],"about":[{"href":"https:\/\/acligphoto.fr\/index.php?rest_route=\/wp\/v2\/types\/post"}],"author":[{"embeddable":true,"href":"https:\/\/acligphoto.fr\/index.php?rest_route=\/wp\/v2\/users\/27"}],"replies":[{"embeddable":true,"href":"https:\/\/acligphoto.fr\/index.php?rest_route=%2Fwp%2Fv2%2Fcomments&post=10240"}],"version-history":[{"count":2,"href":"https:\/\/acligphoto.fr\/index.php?rest_route=\/wp\/v2\/posts\/10240\/revisions"}],"predecessor-version":[{"id":10261,"href":"https:\/\/acligphoto.fr\/index.php?rest_route=\/wp\/v2\/posts\/10240\/revisions\/10261"}],"wp:featuredmedia":[{"embeddable":true,"href":"https:\/\/acligphoto.fr\/index.php?rest_route=\/wp\/v2\/media\/10247"}],"wp:attachment":[{"href":"https:\/\/acligphoto.fr\/index.php?rest_route=%2Fwp%2Fv2%2Fmedia&parent=10240"}],"wp:term":[{"taxonomy":"category","embeddable":true,"href":"https:\/\/acligphoto.fr\/index.php?rest_route=%2Fwp%2Fv2%2Fcategories&post=10240"},{"taxonomy":"post_tag","embeddable":true,"href":"https:\/\/acligphoto.fr\/index.php?rest_route=%2Fwp%2Fv2%2Ftags&post=10240"}],"curies":[{"name":"wp","href":"https:\/\/api.w.org\/{rel}","templated":true}]}}